{"id":77425,"date":"2024-04-24T23:19:16","date_gmt":"2024-04-24T21:19:16","guid":{"rendered":"https:\/\/puntohabitat.es\/regulacio-lloguer-temporal-barcelona\/"},"modified":"2024-04-25T17:07:06","modified_gmt":"2024-04-25T15:07:06","slug":"regulacio-lloguer-temporal-barcelona","status":"publish","type":"post","link":"https:\/\/puntohabitat.es\/ca\/regulacio-lloguer-temporal-barcelona\/","title":{"rendered":"Regulaci\u00f3 Lloguer Temporal Barcelona"},"content":{"rendered":"\t\t<div data-elementor-type=\"wp-post\" data-elementor-id=\"77425\" class=\"elementor elementor-77425 elementor-77376\" data-elementor-post-type=\"post\">\n\t\t\t\t\t\t<section data-particle_enable=\"false\" data-particle-mobile-disabled=\"false\" class=\"elementor-section elementor-top-section elementor-element elementor-element-5c24fbc elementor-section-boxed elementor-section-height-default elementor-section-height-default\" data-id=\"5c24fbc\" data-element_type=\"section\" data-e-type=\"section\">\n\t\t\t\t\t\t<div class=\"elementor-container elementor-column-gap-default\">\n\t\t\t\t\t<div class=\"elementor-column elementor-col-100 elementor-top-column elementor-element elementor-element-5593b13\" data-id=\"5593b13\" data-element_type=\"column\" data-e-type=\"column\">\n\t\t\t<div class=\"elementor-widget-wrap elementor-element-populated\">\n\t\t\t\t\t\t<div class=\"elementor-element elementor-element-f698575 elementor-widget elementor-widget-heading\" data-id=\"f698575\" data-element_type=\"widget\" data-e-type=\"widget\" data-widget_type=\"heading.default\">\n\t\t\t\t<div class=\"elementor-widget-container\">\n\t\t\t\t\t<h2 class=\"elementor-heading-title elementor-size-default\">Lloguer Temporal a Barcelona: Canvis Legals i Obligacions<\/h2>\t\t\t\t<\/div>\n\t\t\t\t<\/div>\n\t\t\t\t<div class=\"elementor-element elementor-element-7990472 elementor-widget elementor-widget-text-editor\" data-id=\"7990472\" data-element_type=\"widget\" data-e-type=\"widget\" data-widget_type=\"text-editor.default\">\n\t\t\t\t<div class=\"elementor-widget-container\">\n\t\t\t\t\t\t\t\t\t<p><strong>Regulaci\u00f3 Lloguer Temporal Barcelona: Decret-llei sorpresa.<\/strong><\/p><p>Avui, 24 d&#8217;abril del 2024, el <strong>Govern de la Generalitat<\/strong> ha anunciat, per sorpresa, l&#8217;<strong>aprovaci\u00f3 d&#8217;un Decret-llei amb l&#8217;objectiu de regular el Lloguer Temporal.<\/strong><\/p><p>Aquest Decret-llei modifica parcialment la Llei d&#8217;Habitatge Catalana de 2007.<\/p><p>A continuaci\u00f3, us exposem una a una les principals novetats.<\/p>\t\t\t\t\t\t\t\t<\/div>\n\t\t\t\t<\/div>\n\t\t\t\t<div class=\"elementor-element elementor-element-1c7ed56 elementor-widget elementor-widget-text-editor\" data-id=\"1c7ed56\" data-element_type=\"widget\" data-e-type=\"widget\" data-widget_type=\"text-editor.default\">\n\t\t\t\t<div class=\"elementor-widget-container\">\n\t\t\t\t\t\t\t\t\t<p>Para ver la versi\u00f3n en CASTELLANO, haz<a href=\"https:\/\/puntohabitat.es\/ca\/regulacio-lloguer-temporal-barcelona\/\">\u00a0click<\/a>\u00a0aqu\u00ed<\/p>\t\t\t\t\t\t\t\t<\/div>\n\t\t\t\t<\/div>\n\t\t\t\t\t<\/div>\n\t\t<\/div>\n\t\t\t\t\t<\/div>\n\t\t<\/section>\n\t\t\t\t<section data-particle_enable=\"false\" data-particle-mobile-disabled=\"false\" class=\"elementor-section elementor-top-section elementor-element elementor-element-95f494a elementor-section-boxed elementor-section-height-default elementor-section-height-default\" data-id=\"95f494a\" data-element_type=\"section\" data-e-type=\"section\">\n\t\t\t\t\t\t<div class=\"elementor-container elementor-column-gap-default\">\n\t\t\t\t\t<div class=\"elementor-column elementor-col-100 elementor-top-column elementor-element elementor-element-5388a90\" data-id=\"5388a90\" data-element_type=\"column\" data-e-type=\"column\">\n\t\t\t<div class=\"elementor-widget-wrap elementor-element-populated\">\n\t\t\t\t\t\t<div class=\"elementor-element elementor-element-fa1556a elementor-widget elementor-widget-image\" data-id=\"fa1556a\" data-element_type=\"widget\" data-e-type=\"widget\" data-widget_type=\"image.default\">\n\t\t\t\t<div class=\"elementor-widget-container\">\n\t\t\t\t\t\t\t\t\t\t\t\t\t\t\t<img fetchpriority=\"high\" decoding=\"async\" width=\"1000\" height=\"711\" src=\"https:\/\/puntohabitat.es\/wp-content\/uploads\/2024\/04\/AdobeStock_376535436.jpeg\" class=\"attachment-large size-large wp-image-77380\" alt=\"Regulaci\u00f3n Alquiler Temporal Barcelona\" srcset=\"https:\/\/puntohabitat.es\/wp-content\/uploads\/2024\/04\/AdobeStock_376535436.jpeg 1000w, https:\/\/puntohabitat.es\/wp-content\/uploads\/2024\/04\/AdobeStock_376535436-300x213.jpeg 300w, https:\/\/puntohabitat.es\/wp-content\/uploads\/2024\/04\/AdobeStock_376535436-768x546.jpeg 768w, https:\/\/puntohabitat.es\/wp-content\/uploads\/2024\/04\/AdobeStock_376535436-844x600.jpeg 844w, https:\/\/puntohabitat.es\/wp-content\/uploads\/2024\/04\/AdobeStock_376535436-496x353.jpeg 496w\" sizes=\"(max-width: 1000px) 100vw, 1000px\" \/>\t\t\t\t\t\t\t\t\t\t\t\t\t\t\t<\/div>\n\t\t\t\t<\/div>\n\t\t\t\t\t<\/div>\n\t\t<\/div>\n\t\t\t\t\t<\/div>\n\t\t<\/section>\n\t\t\t\t<section data-particle_enable=\"false\" data-particle-mobile-disabled=\"false\" class=\"elementor-section elementor-top-section elementor-element elementor-element-83178a8 elementor-section-boxed elementor-section-height-default elementor-section-height-default\" data-id=\"83178a8\" data-element_type=\"section\" data-e-type=\"section\">\n\t\t\t\t\t\t<div class=\"elementor-container elementor-column-gap-default\">\n\t\t\t\t\t<div class=\"elementor-column elementor-col-100 elementor-top-column elementor-element elementor-element-25f88b3\" data-id=\"25f88b3\" data-element_type=\"column\" data-e-type=\"column\">\n\t\t\t<div class=\"elementor-widget-wrap elementor-element-populated\">\n\t\t\t\t\t\t<div class=\"elementor-element elementor-element-f517673 elementor-widget elementor-widget-heading\" data-id=\"f517673\" data-element_type=\"widget\" data-e-type=\"widget\" data-widget_type=\"heading.default\">\n\t\t\t\t<div class=\"elementor-widget-container\">\n\t\t\t\t\t<h2 class=\"elementor-heading-title elementor-size-default\">Quan entra en vigor la nova regulaci\u00f3 del Lloguer Temporal a Barcelona?<\/h2>\t\t\t\t<\/div>\n\t\t\t\t<\/div>\n\t\t\t\t<div class=\"elementor-element elementor-element-332c2f4 elementor-widget elementor-widget-text-editor\" data-id=\"332c2f4\" data-element_type=\"widget\" data-e-type=\"widget\" data-widget_type=\"text-editor.default\">\n\t\t\t\t<div class=\"elementor-widget-container\">\n\t\t\t\t\t\t\t\t\t<p>La normativa <strong>entrar\u00e0 en vigor el dia 26 d&#8217;abril, un cop publicat el Decret-llei al Diari Oficial de la Generalitat de Catalunya<\/strong>&nbsp;(DOGC).<\/p>\n<p>Al tractar-se d&#8217;un Decret-llei, aquest hauria de ser <strong>convalidat o derogat al Parlament de Catalunya dins dels seg\u00fcents 30 dies h\u00e0bils<\/strong> per\u00f2, al celebrar-se eleccions el proper 12 de maig i estar disolta la Cambra, \u00e9s molt probable que sigui la <strong>Diputaci\u00f3 Permanent del Parlament&nbsp;<\/strong>qui s&#8217;encarregui d&#8217;aquest tr\u00e0mit.<\/p>\t\t\t\t\t\t\t\t<\/div>\n\t\t\t\t<\/div>\n\t\t\t\t\t<\/div>\n\t\t<\/div>\n\t\t\t\t\t<\/div>\n\t\t<\/section>\n\t\t\t\t<section data-particle_enable=\"false\" data-particle-mobile-disabled=\"false\" class=\"elementor-section elementor-top-section elementor-element elementor-element-76e05b3 elementor-section-boxed elementor-section-height-default elementor-section-height-default\" data-id=\"76e05b3\" data-element_type=\"section\" data-e-type=\"section\">\n\t\t\t\t\t\t<div class=\"elementor-container elementor-column-gap-default\">\n\t\t\t\t\t<div class=\"elementor-column elementor-col-100 elementor-top-column elementor-element elementor-element-150844b\" data-id=\"150844b\" data-element_type=\"column\" data-e-type=\"column\">\n\t\t\t<div class=\"elementor-widget-wrap elementor-element-populated\">\n\t\t\t\t\t\t<div class=\"elementor-element elementor-element-5908ead elementor-widget elementor-widget-heading\" data-id=\"5908ead\" data-element_type=\"widget\" data-e-type=\"widget\" data-widget_type=\"heading.default\">\n\t\t\t\t<div class=\"elementor-widget-container\">\n\t\t\t\t\t<h2 class=\"elementor-heading-title elementor-size-default\">Quin tipus de lloguer ser\u00e0 considerat temporal?<\/h2>\t\t\t\t<\/div>\n\t\t\t\t<\/div>\n\t\t\t\t<div class=\"elementor-element elementor-element-a7e1a0f elementor-widget elementor-widget-text-editor\" data-id=\"a7e1a0f\" data-element_type=\"widget\" data-e-type=\"widget\" data-widget_type=\"text-editor.default\">\n\t\t\t\t<div class=\"elementor-widget-container\">\n\t\t\t\t\t\t\t\t\t<p><strong>Sols l&#8217;\u00fas tur\u00edstic o recreatiu podr\u00e0 ser considerat con a lloguer temporal.<\/strong><\/p>\n<p>Un l<strong>loguer amb una est\u00e0ncia limitada per motius d&#8217;estudis, treball o est\u00e0ncia per raons m\u00e8diques NO ser\u00e0 considerat com a lloguer de temporad<\/strong>a sino com un lloguer que cobreix la necessitat d&#8217;habitatge permanent de manera que estaran subjectes a la regulaci\u00f3 de la LAU y la Ley de Vivienda.<\/p>\n\t\t\t\t\t\t\t\t<\/div>\n\t\t\t\t<\/div>\n\t\t\t\t\t<\/div>\n\t\t<\/div>\n\t\t\t\t\t<\/div>\n\t\t<\/section>\n\t\t\t\t<section data-particle_enable=\"false\" data-particle-mobile-disabled=\"false\" class=\"elementor-section elementor-top-section elementor-element elementor-element-08a8ada elementor-section-boxed elementor-section-height-default elementor-section-height-default\" data-id=\"08a8ada\" data-element_type=\"section\" data-e-type=\"section\">\n\t\t\t\t\t\t<div class=\"elementor-container elementor-column-gap-default\">\n\t\t\t\t\t<div class=\"elementor-column elementor-col-100 elementor-top-column elementor-element elementor-element-9717ce8\" data-id=\"9717ce8\" data-element_type=\"column\" data-e-type=\"column\">\n\t\t\t<div class=\"elementor-widget-wrap elementor-element-populated\">\n\t\t\t\t\t\t<div class=\"elementor-element elementor-element-4064875 elementor-widget elementor-widget-image\" data-id=\"4064875\" data-element_type=\"widget\" data-e-type=\"widget\" data-widget_type=\"image.default\">\n\t\t\t\t<div class=\"elementor-widget-container\">\n\t\t\t\t\t\t\t\t\t\t\t\t\t\t\t<img decoding=\"async\" width=\"1000\" height=\"667\" src=\"https:\/\/puntohabitat.es\/wp-content\/uploads\/2024\/04\/Regulacion-Alquiler-Temporal-Barcelona.jpeg\" class=\"attachment-large size-large wp-image-77395\" alt=\"Regulaci\u00f3n Alquiler Temporal Barcelona\" srcset=\"https:\/\/puntohabitat.es\/wp-content\/uploads\/2024\/04\/Regulacion-Alquiler-Temporal-Barcelona.jpeg 1000w, https:\/\/puntohabitat.es\/wp-content\/uploads\/2024\/04\/Regulacion-Alquiler-Temporal-Barcelona-300x200.jpeg 300w, https:\/\/puntohabitat.es\/wp-content\/uploads\/2024\/04\/Regulacion-Alquiler-Temporal-Barcelona-768x512.jpeg 768w, https:\/\/puntohabitat.es\/wp-content\/uploads\/2024\/04\/Regulacion-Alquiler-Temporal-Barcelona-900x600.jpeg 900w, https:\/\/puntohabitat.es\/wp-content\/uploads\/2024\/04\/Regulacion-Alquiler-Temporal-Barcelona-496x331.jpeg 496w\" sizes=\"(max-width: 1000px) 100vw, 1000px\" \/>\t\t\t\t\t\t\t\t\t\t\t\t\t\t\t<\/div>\n\t\t\t\t<\/div>\n\t\t\t\t\t<\/div>\n\t\t<\/div>\n\t\t\t\t\t<\/div>\n\t\t<\/section>\n\t\t\t\t<section data-particle_enable=\"false\" data-particle-mobile-disabled=\"false\" class=\"elementor-section elementor-top-section elementor-element elementor-element-600ec03 elementor-section-boxed elementor-section-height-default elementor-section-height-default\" data-id=\"600ec03\" data-element_type=\"section\" data-e-type=\"section\">\n\t\t\t\t\t\t<div class=\"elementor-container elementor-column-gap-default\">\n\t\t\t\t\t<div class=\"elementor-column elementor-col-100 elementor-top-column elementor-element elementor-element-dd28829\" data-id=\"dd28829\" data-element_type=\"column\" data-e-type=\"column\">\n\t\t\t<div class=\"elementor-widget-wrap elementor-element-populated\">\n\t\t\t\t\t\t<div class=\"elementor-element elementor-element-c010f9e elementor-widget elementor-widget-heading\" data-id=\"c010f9e\" data-element_type=\"widget\" data-e-type=\"widget\" data-widget_type=\"heading.default\">\n\t\t\t\t<div class=\"elementor-widget-container\">\n\t\t\t\t\t<h2 class=\"elementor-heading-title elementor-size-default\">Conseq\u00fc\u00e8ncies de l'inclusi\u00f3 del lloguer temporal en la regulaci\u00f3 LAU<\/h2>\t\t\t\t<\/div>\n\t\t\t\t<\/div>\n\t\t\t\t<div class=\"elementor-element elementor-element-6787b5b elementor-widget elementor-widget-text-editor\" data-id=\"6787b5b\" data-element_type=\"widget\" data-e-type=\"widget\" data-widget_type=\"text-editor.default\">\n\t\t\t\t<div class=\"elementor-widget-container\">\n\t\t\t\t\t\t\t\t\t<ol><li>L&#8217;arrendador haur\u00e0 de documentar el motiu de la temporalitat en dipositar la fian\u00e7a a l&#8217;INCASOL (Institut Catal\u00e0 del S\u00f2l).<\/li><li>Si l&#8217;immoble es troba en zona tensionada, la renda a sol.licitar es trobar\u00e0 subjecta a la regulaci\u00f3 de preus que estableix l&#8217;Index del Ministerio de Vivienda.<\/li><li>Els honoraris de l&#8217;immobili\u00e0ria, cas que existeixin, hauran de ser abonats per l&#8217;arrendador.<\/li><\/ol>\t\t\t\t\t\t\t\t<\/div>\n\t\t\t\t<\/div>\n\t\t\t\t\t<\/div>\n\t\t<\/div>\n\t\t\t\t\t<\/div>\n\t\t<\/section>\n\t\t\t\t<section data-particle_enable=\"false\" data-particle-mobile-disabled=\"false\" class=\"elementor-section elementor-top-section elementor-element elementor-element-4430820 elementor-section-boxed elementor-section-height-default elementor-section-height-default\" data-id=\"4430820\" data-element_type=\"section\" data-e-type=\"section\">\n\t\t\t\t\t\t<div class=\"elementor-container elementor-column-gap-default\">\n\t\t\t\t\t<div class=\"elementor-column elementor-col-100 elementor-top-column elementor-element elementor-element-2b7229f\" data-id=\"2b7229f\" data-element_type=\"column\" data-e-type=\"column\">\n\t\t\t<div class=\"elementor-widget-wrap elementor-element-populated\">\n\t\t\t\t\t\t<div class=\"elementor-element elementor-element-ec0cdbe elementor-widget elementor-widget-heading\" data-id=\"ec0cdbe\" data-element_type=\"widget\" data-e-type=\"widget\" data-widget_type=\"heading.default\">\n\t\t\t\t<div class=\"elementor-widget-container\">\n\t\t\t\t\t<h2 class=\"elementor-heading-title elementor-size-default\">R\u00e8gim sancionador per incompliment del Decret-llei de regulaci\u00f3 del Lloguer Temporal<\/h2>\t\t\t\t<\/div>\n\t\t\t\t<\/div>\n\t\t\t\t<div class=\"elementor-element elementor-element-b41f636 elementor-widget elementor-widget-text-editor\" data-id=\"b41f636\" data-element_type=\"widget\" data-e-type=\"widget\" data-widget_type=\"text-editor.default\">\n\t\t\t\t<div class=\"elementor-widget-container\">\n\t\t\t\t\t\t\t\t\t<p>Els propietaris que incompleixin el l\u00edmit de rendes s&#8217;enfrontaran a <strong>sancions que oscil.len entre els 3.000 i els 90.000 Euros.<\/strong><\/p>\n<ul>\n<li><strong>Infracci\u00f3 molt greu:\u00a0<\/strong>si es realitza un lloguer temporal per un import que superi en un 30% el l\u00edmit establert per la Ley de Vivienda o fa constar una causa falsa de temporalitat, el propietari podr\u00e0 rebre una sanci\u00f3 que oscil.lar\u00e0 entre els 90.001 i els 900.000 Euros.<\/li>\n<li><strong>Infracci\u00f3 greu<\/strong>: si la renda percebuda supera entre un 10 i un 20% l&#8217;establerta pel Ministerio de Vivienda, no s&#8217;especifica la finalitat del lloguer o es repercuteixen a l&#8217;arrendatari les despeses d&#8217;ag\u00e8ncia, el propietari podr\u00e0 ser sancionat amb una multa que oscil.lar\u00e0 entre els 3.000 i els 9.000 Euros.<\/li>\n<li><strong>Infracci\u00f3 lleu<\/strong>: si en un contracte, ja sigui temporal o de llarga durada, no hi consta el preu de refer\u00e8ncia, el de la darrera renda o la condici\u00f3 de gran tenidor en el sup\u00f2sit que l&#8217;arrendador ho sigui, la propietat podr\u00e0 rebre una multa d&#8217;entre 3.000 i 9.000 Euros.<\/li>\n<\/ul>\n\t\t\t\t\t\t\t\t<\/div>\n\t\t\t\t<\/div>\n\t\t\t\t\t<\/div>\n\t\t<\/div>\n\t\t\t\t\t<\/div>\n\t\t<\/section>\n\t\t\t\t<section data-particle_enable=\"false\" data-particle-mobile-disabled=\"false\" class=\"elementor-section elementor-top-section elementor-element elementor-element-22e1c84 elementor-section-boxed elementor-section-height-default elementor-section-height-default\" data-id=\"22e1c84\" data-element_type=\"section\" data-e-type=\"section\">\n\t\t\t\t\t\t<div class=\"elementor-container elementor-column-gap-default\">\n\t\t\t\t\t<div class=\"elementor-column elementor-col-100 elementor-top-column elementor-element elementor-element-10c96b5\" data-id=\"10c96b5\" data-element_type=\"column\" data-e-type=\"column\">\n\t\t\t<div class=\"elementor-widget-wrap elementor-element-populated\">\n\t\t\t\t\t\t<div class=\"elementor-element elementor-element-202c758 elementor-widget elementor-widget-text-editor\" data-id=\"202c758\" data-element_type=\"widget\" data-e-type=\"widget\" data-widget_type=\"text-editor.default\">\n\t\t\t\t<div class=\"elementor-widget-container\">\n\t\t\t\t\t\t\t\t\t<p>En les properes hores realitzarem una <strong>reuni\u00f3 informativa al Col.legi d&#8217;APIs de Barcelona<\/strong> i us <strong>mantindrem informats puntualment<\/strong> sobre les conseq\u00fc\u00e8ncies inmediates que comportar\u00e0 la publicaci\u00f3 i entrada en vigor d&#8217;aquest Decret-llei.<\/p><p>Com hem comentat en l&#8217;introducci\u00f3, hi quep la possibilitat que la regulaci\u00f3 continguda en aquest Decret-llei sols estigui vigent durant uns dies en el sup\u00f2sit que no sigui validada pel Parlament o la Diputaci\u00f3 Permanent.<\/p><p>En qualsevol cas, entenem que la seva aplicaci\u00f3 ja sigui temporal (mai millor dit) o indefinida, pot generar molts dubtes i inseguretat jur\u00eddica. \u00c9s per aix\u00f2 que<strong> restem a la vostra disposici\u00f3 per a que contacteu amb nosaltres si voleu realitzar qualsevol consulta.<\/strong><\/p>\t\t\t\t\t\t\t\t<\/div>\n\t\t\t\t<\/div>\n\t\t\t\t\t<\/div>\n\t\t<\/div>\n\t\t\t\t\t<\/div>\n\t\t<\/section>\n\t\t\t\t<section data-particle_enable=\"false\" data-particle-mobile-disabled=\"false\" class=\"elementor-section elementor-top-section elementor-element elementor-element-48def930 elementor-section-boxed elementor-section-height-default elementor-section-height-default\" data-id=\"48def930\" data-element_type=\"section\" data-e-type=\"section\">\n\t\t\t\t\t\t<div class=\"elementor-container elementor-column-gap-default\">\n\t\t\t\t\t<div class=\"elementor-column elementor-col-100 elementor-top-column elementor-element elementor-element-4e832def\" data-id=\"4e832def\" data-element_type=\"column\" data-e-type=\"column\">\n\t\t\t<div class=\"elementor-widget-wrap elementor-element-populated\">\n\t\t\t\t\t\t<div class=\"elementor-element elementor-element-108e0627 elementor-widget elementor-widget-global elementor-global-70640 elementor-widget-text-editor\" data-id=\"108e0627\" data-element_type=\"widget\" data-e-type=\"widget\" data-widget_type=\"text-editor.default\">\n\t\t\t\t<div class=\"elementor-widget-container\">\n\t\t\t\t\t\t\t\t\t<p style=\"text-align: center;\">Inmobiliaria en Barcelona desde 1995<\/p>\t\t\t\t\t\t\t\t<\/div>\n\t\t\t\t<\/div>\n\t\t\t\t<div class=\"elementor-element elementor-element-4052137a elementor-widget elementor-widget-image\" data-id=\"4052137a\" data-element_type=\"widget\" data-e-type=\"widget\" data-widget_type=\"image.default\">\n\t\t\t\t<div class=\"elementor-widget-container\">\n\t\t\t\t\t\t\t\t\t\t\t\t\t\t\t<img decoding=\"async\" width=\"1024\" height=\"768\" src=\"https:\/\/puntohabitat.es\/wp-content\/uploads\/2023\/10\/IMG_0694-1024x768.jpeg\" class=\"attachment-large size-large wp-image-70603\" alt=\"PUNTO HABITAT Sant Joan\" srcset=\"https:\/\/puntohabitat.es\/wp-content\/uploads\/2023\/10\/IMG_0694-1024x768.jpeg 1024w, https:\/\/puntohabitat.es\/wp-content\/uploads\/2023\/10\/IMG_0694-300x225.jpeg 300w, https:\/\/puntohabitat.es\/wp-content\/uploads\/2023\/10\/IMG_0694-768x576.jpeg 768w, https:\/\/puntohabitat.es\/wp-content\/uploads\/2023\/10\/IMG_0694-1536x1152.jpeg 1536w, https:\/\/puntohabitat.es\/wp-content\/uploads\/2023\/10\/IMG_0694-2048x1536.jpeg 2048w, https:\/\/puntohabitat.es\/wp-content\/uploads\/2023\/10\/IMG_0694-592x444.jpeg 592w, https:\/\/puntohabitat.es\/wp-content\/uploads\/2023\/10\/IMG_0694-584x438.jpeg 584w, https:\/\/puntohabitat.es\/wp-content\/uploads\/2023\/10\/IMG_0694-800x600.jpeg 800w, https:\/\/puntohabitat.es\/wp-content\/uploads\/2023\/10\/IMG_0694-120x90.jpeg 120w, https:\/\/puntohabitat.es\/wp-content\/uploads\/2023\/10\/IMG_0694-496x372.jpeg 496w\" sizes=\"(max-width: 1024px) 100vw, 1024px\" \/>\t\t\t\t\t\t\t\t\t\t\t\t\t\t\t<\/div>\n\t\t\t\t<\/div>\n\t\t\t\t<div class=\"elementor-element elementor-element-5f11c8db elementor-widget elementor-widget-heading\" data-id=\"5f11c8db\" data-element_type=\"widget\" data-e-type=\"widget\" data-widget_type=\"heading.default\">\n\t\t\t\t<div class=\"elementor-widget-container\">\n\t\t\t\t\t<h2 class=\"elementor-heading-title elementor-size-default\">M\u00e9s informaci\u00f3 sobre la situaci\u00f3 del <br> mercat immobiliari a Barcelona<\/h2>\t\t\t\t<\/div>\n\t\t\t\t<\/div>\n\t\t\t\t<div class=\"elementor-element elementor-element-5b3d75a9 elementor-widget elementor-widget-text-editor\" data-id=\"5b3d75a9\" data-element_type=\"widget\" data-e-type=\"widget\" data-widget_type=\"text-editor.default\">\n\t\t\t\t<div class=\"elementor-widget-container\">\n\t\t\t\t\t\t\t\t\t<p style=\"text-align: center;\">Contacta amb nosaltres per a resoldre qualsevol dubte sobre el mercat immobiliari a Barcelona.<\/p>\n<p style=\"text-align: center;\">Si prefereixes un assessorament personalitzat, acudeix a les nostres oficines: t&#8217;hi esperem.<\/p>\n\t\t\t\t\t\t\t\t<\/div>\n\t\t\t\t<\/div>\n\t\t\t\t\t<\/div>\n\t\t<\/div>\n\t\t\t\t\t<\/div>\n\t\t<\/section>\n\t\t\t\t<section data-particle_enable=\"false\" data-particle-mobile-disabled=\"false\" class=\"elementor-section elementor-top-section elementor-element elementor-element-6e6aa827 elementor-section-content-middle elementor-section-boxed elementor-section-height-default elementor-section-height-default\" data-id=\"6e6aa827\" data-element_type=\"section\" data-e-type=\"section\">\n\t\t\t\t\t\t\t<div class=\"elementor-background-overlay\"><\/div>\n\t\t\t\t\t\t\t<div class=\"elementor-container elementor-column-gap-default\">\n\t\t\t\t\t<div class=\"elementor-column elementor-col-33 elementor-top-column elementor-element elementor-element-52842e24\" data-id=\"52842e24\" data-element_type=\"column\" data-e-type=\"column\">\n\t\t\t<div class=\"elementor-widget-wrap elementor-element-populated\">\n\t\t\t\t\t\t<div class=\"elementor-element elementor-element-e782a3a elementor-widget elementor-widget-eael-creative-button\" data-id=\"e782a3a\" data-element_type=\"widget\" data-e-type=\"widget\" data-widget_type=\"eael-creative-button.default\">\n\t\t\t\t<div class=\"elementor-widget-container\">\n\t\t\t\t\t        <div class=\"eael-creative-button-wrapper\">\n\n            <a class=\"eael-creative-button eael-creative-button--wayra eael-cb-icon-position-left\" href=\"https:\/\/puntohabitat.es\/ca\/vendre-el-teu-pis-a-barcelona\/\" data-text=\"Anar\">\n            \t    \n                <div class=\"creative-button-inner\">\n\n                                            <span class=\"eael-creative-button-icon-left\"><i aria-hidden=\"true\" class=\"icon icon-home-house-streamline\"><\/i><\/span>                    \n                    <span class=\"cretive-button-text\">Vendre el meu Pis<\/span>\n\n                                    <\/div>\n\t                        <\/a>\n        <\/div>\n        \t\t\t\t<\/div>\n\t\t\t\t<\/div>\n\t\t\t\t\t<\/div>\n\t\t<\/div>\n\t\t\t\t<div class=\"elementor-column elementor-col-33 elementor-top-column elementor-element elementor-element-20f3b9af\" data-id=\"20f3b9af\" data-element_type=\"column\" data-e-type=\"column\">\n\t\t\t<div class=\"elementor-widget-wrap elementor-element-populated\">\n\t\t\t\t\t\t<div class=\"elementor-element elementor-element-263ed767 elementor-widget elementor-widget-eael-creative-button\" data-id=\"263ed767\" data-element_type=\"widget\" data-e-type=\"widget\" data-widget_type=\"eael-creative-button.default\">\n\t\t\t\t<div class=\"elementor-widget-container\">\n\t\t\t\t\t        <div class=\"eael-creative-button-wrapper\">\n\n            <a class=\"eael-creative-button eael-creative-button--wayra eael-cb-icon-position-left\" href=\"https:\/\/puntohabitat.es\/ca\/llogar-el-teu-pis-a-barcelona\/\" data-text=\"Anar\">\n            \t    \n                <div class=\"creative-button-inner\">\n\n                                            <span class=\"eael-creative-button-icon-left\"><i aria-hidden=\"true\" class=\"icon icon-key\"><\/i><\/span>                    \n                    <span class=\"cretive-button-text\">Llogar el meu Pis<\/span>\n\n                                    <\/div>\n\t                        <\/a>\n        <\/div>\n        \t\t\t\t<\/div>\n\t\t\t\t<\/div>\n\t\t\t\t\t<\/div>\n\t\t<\/div>\n\t\t\t\t<div class=\"elementor-column elementor-col-33 elementor-top-column elementor-element elementor-element-536e77e7\" data-id=\"536e77e7\" data-element_type=\"column\" data-e-type=\"column\">\n\t\t\t<div class=\"elementor-widget-wrap elementor-element-populated\">\n\t\t\t\t\t\t<div class=\"elementor-element elementor-element-3e23fba8 elementor-widget elementor-widget-eael-creative-button\" data-id=\"3e23fba8\" data-element_type=\"widget\" data-e-type=\"widget\" data-widget_type=\"eael-creative-button.default\">\n\t\t\t\t<div class=\"elementor-widget-container\">\n\t\t\t\t\t        <div class=\"eael-creative-button-wrapper\">\n\n            <a class=\"eael-creative-button eael-creative-button--wayra eael-cb-icon-position-left\" href=\"https:\/\/puntohabitat.es\/ca\/gestio-de-lloguer\/\" data-text=\"Anar\">\n            \t    \n                <div class=\"creative-button-inner\">\n\n                                            <span class=\"eael-creative-button-icon-left\"><i aria-hidden=\"true\" class=\"icon icon-settings-streamline-2\"><\/i><\/span>                    \n                    <span class=\"cretive-button-text\">Gesti\u00f3 de Lloguer<\/span>\n\n                                    <\/div>\n\t                        <\/a>\n        <\/div>\n        \t\t\t\t<\/div>\n\t\t\t\t<\/div>\n\t\t\t\t\t<\/div>\n\t\t<\/div>\n\t\t\t\t\t<\/div>\n\t\t<\/section>\n\t\t\t\t<section data-particle_enable=\"false\" data-particle-mobile-disabled=\"false\" class=\"elementor-section elementor-top-section elementor-element elementor-element-78b5175a elementor-section-content-middle elementor-section-boxed elementor-section-height-default elementor-section-height-default\" data-id=\"78b5175a\" data-element_type=\"section\" data-e-type=\"section\">\n\t\t\t\t\t\t\t<div class=\"elementor-background-overlay\"><\/div>\n\t\t\t\t\t\t\t<div class=\"elementor-container elementor-column-gap-default\">\n\t\t\t\t\t<div class=\"elementor-column elementor-col-50 elementor-top-column elementor-element elementor-element-78232853\" data-id=\"78232853\" data-element_type=\"column\" data-e-type=\"column\">\n\t\t\t<div class=\"elementor-widget-wrap elementor-element-populated\">\n\t\t\t\t\t\t<div class=\"elementor-element elementor-element-e1ea04e elementor-widget elementor-widget-eael-creative-button\" data-id=\"e1ea04e\" data-element_type=\"widget\" data-e-type=\"widget\" data-widget_type=\"eael-creative-button.default\">\n\t\t\t\t<div class=\"elementor-widget-container\">\n\t\t\t\t\t        <div class=\"eael-creative-button-wrapper\">\n\n            <a class=\"eael-creative-button eael-creative-button--wayra eael-cb-icon-position-left\" href=\"https:\/\/puntohabitat.es\/ca\/valoracio-online\/\" data-text=\"Anar\">\n            \t    \n                <div class=\"creative-button-inner\">\n\n                                            <span class=\"eael-creative-button-icon-left\"><i aria-hidden=\"true\" class=\"icon icon-euro\"><\/i><\/span>                    \n                    <span class=\"cretive-button-text\">Valoraci\u00f3 Online<\/span>\n\n                                    <\/div>\n\t                        <\/a>\n        <\/div>\n        \t\t\t\t<\/div>\n\t\t\t\t<\/div>\n\t\t\t\t\t<\/div>\n\t\t<\/div>\n\t\t\t\t<div class=\"elementor-column elementor-col-50 elementor-top-column elementor-element elementor-element-10e3e9e2\" data-id=\"10e3e9e2\" data-element_type=\"column\" data-e-type=\"column\">\n\t\t\t<div class=\"elementor-widget-wrap elementor-element-populated\">\n\t\t\t\t\t\t<div class=\"elementor-element elementor-element-57bc6a95 elementor-widget elementor-widget-eael-creative-button\" data-id=\"57bc6a95\" data-element_type=\"widget\" data-e-type=\"widget\" data-widget_type=\"eael-creative-button.default\">\n\t\t\t\t<div class=\"elementor-widget-container\">\n\t\t\t\t\t        <div class=\"eael-creative-button-wrapper\">\n\n            <a class=\"eael-creative-button eael-creative-button--wayra eael-cb-icon-position-left\" href=\"https:\/\/puntohabitat.es\/ca\/contacte\/\" data-text=\"Anar\">\n            \t    \n                <div class=\"creative-button-inner\">\n\n                                            <span class=\"eael-creative-button-icon-left\"><i aria-hidden=\"true\" class=\"icon icon-speech-streamline-talk-user\"><\/i><\/span>                    \n                    <span class=\"cretive-button-text\">Contactar Ara<\/span>\n\n                                    <\/div>\n\t                        <\/a>\n        <\/div>\n        \t\t\t\t<\/div>\n\t\t\t\t<\/div>\n\t\t\t\t\t<\/div>\n\t\t<\/div>\n\t\t\t\t\t<\/div>\n\t\t<\/section>\n\t\t\t\t<section data-particle_enable=\"false\" data-particle-mobile-disabled=\"false\" class=\"elementor-section elementor-top-section elementor-element elementor-element-9f8b49f elementor-section-boxed elementor-section-height-default elementor-section-height-default\" data-id=\"9f8b49f\" data-element_type=\"section\" data-e-type=\"section\">\n\t\t\t\t\t\t<div class=\"elementor-container elementor-column-gap-default\">\n\t\t\t\t\t<div class=\"elementor-column elementor-col-50 elementor-top-column elementor-element elementor-element-4c3672f\" data-id=\"4c3672f\" data-element_type=\"column\" data-e-type=\"column\">\n\t\t\t<div class=\"elementor-widget-wrap elementor-element-populated\">\n\t\t\t\t\t\t<div class=\"elementor-element elementor-element-615fa297 elementor-widget elementor-widget-eael-creative-button\" data-id=\"615fa297\" data-element_type=\"widget\" data-e-type=\"widget\" data-widget_type=\"eael-creative-button.default\">\n\t\t\t\t<div class=\"elementor-widget-container\">\n\t\t\t\t\t        <div class=\"eael-creative-button-wrapper\">\n\n            <a class=\"eael-creative-button eael-creative-button--wayra eael-cb-icon-position-left\" href=\"https:\/\/puntohabitat.es\/ca\/propietats-en-lloguer\/\" data-text=\"Anar\">\n            \t    \n                <div class=\"creative-button-inner\">\n\n                                            <span class=\"eael-creative-button-icon-left\"><i aria-hidden=\"true\" class=\"fas fa-laptop-house\"><\/i><\/span>                    \n                    <span class=\"cretive-button-text\">Oferta de Pisos en Lloguer<\/span>\n\n                                    <\/div>\n\t                        <\/a>\n        <\/div>\n        \t\t\t\t<\/div>\n\t\t\t\t<\/div>\n\t\t\t\t\t<\/div>\n\t\t<\/div>\n\t\t\t\t<div class=\"elementor-column elementor-col-50 elementor-top-column elementor-element elementor-element-455433f\" data-id=\"455433f\" data-element_type=\"column\" data-e-type=\"column\">\n\t\t\t<div class=\"elementor-widget-wrap elementor-element-populated\">\n\t\t\t\t\t\t<div class=\"elementor-element elementor-element-f6da032 elementor-widget elementor-widget-eael-creative-button\" data-id=\"f6da032\" data-element_type=\"widget\" data-e-type=\"widget\" data-widget_type=\"eael-creative-button.default\">\n\t\t\t\t<div class=\"elementor-widget-container\">\n\t\t\t\t\t        <div class=\"eael-creative-button-wrapper\">\n\n            <a class=\"eael-creative-button eael-creative-button--wayra eael-cb-icon-position-left\" href=\"https:\/\/puntohabitat.es\/ca\/pisos-venda-barcelona\/\" data-text=\"Anar\">\n            \t    \n                <div class=\"creative-button-inner\">\n\n                                            <span class=\"eael-creative-button-icon-left\"><i aria-hidden=\"true\" class=\"icon icon-building-o\"><\/i><\/span>                    \n                    <span class=\"cretive-button-text\">Oferta de Pisos en Venda<\/span>\n\n                                    <\/div>\n\t                        <\/a>\n        <\/div>\n        \t\t\t\t<\/div>\n\t\t\t\t<\/div>\n\t\t\t\t\t<\/div>\n\t\t<\/div>\n\t\t\t\t\t<\/div>\n\t\t<\/section>\n\t\t\t\t<\/div>\n\t\t","protected":false},"excerpt":{"rendered":"<p>Lloguer Temporal a Barcelona: Canvis Legals i Obligacions Regulaci\u00f3 Lloguer Temporal Barcelona: Decret-llei sorpresa. Avui, 24 d&#8217;abril del 2024, el Govern de la Generalitat ha anunciat, per sorpresa, l&#8217;aprovaci\u00f3 d&#8217;un Decret-llei amb l&#8217;objectiu de regular el Lloguer Temporal. Aquest Decret-llei modifica parcialment la Llei d&#8217;Habitatge Catalana de 2007. A continuaci\u00f3, us exposem una a una [&hellip;]<\/p>\n","protected":false},"author":2,"featured_media":77379,"comment_status":"closed","ping_status":"closed","sticky":false,"template":"","format":"standard","meta":{"footnotes":""},"categories":[105,1],"tags":[],"class_list":["post-77425","post","type-post","status-publish","format-standard","has-post-thumbnail","hentry","category-alquiler","category-sin-categorizar"],"yoast_head":"<!-- This site is optimized with the Yoast SEO plugin v27.5 - https:\/\/yoast.com\/product\/yoast-seo-wordpress\/ -->\n<title>Regulaci\u00f3 Lloguer Temporal Barcelona | Tota l&#039;informaci\u00f3<\/title>\n<meta name=\"description\" content=\"Regulaci\u00f3 Lloguer Temporal Barcelona. Informa&#039;t ara de tots els canvis normatius introdu\u00efts pel Decret-llei de la Generalitat\" \/>\n<meta name=\"robots\" content=\"index, follow, max-snippet:-1, max-image-preview:large, max-video-preview:-1\" \/>\n<link rel=\"canonical\" href=\"https:\/\/puntohabitat.es\/ca\/regulacio-lloguer-temporal-barcelona\/\" \/>\n<meta property=\"og:locale\" content=\"ca_ES\" \/>\n<meta property=\"og:type\" content=\"article\" \/>\n<meta property=\"og:title\" content=\"Regulaci\u00f3 Lloguer Temporal Barcelona | Tota l&#039;informaci\u00f3\" \/>\n<meta property=\"og:description\" content=\"Regulaci\u00f3 Lloguer Temporal Barcelona. Informa&#039;t ara de tots els canvis normatius introdu\u00efts pel Decret-llei de la Generalitat\" \/>\n<meta property=\"og:url\" content=\"https:\/\/puntohabitat.es\/ca\/regulacio-lloguer-temporal-barcelona\/\" \/>\n<meta property=\"og:site_name\" content=\"PUNTO HABITAT\" \/>\n<meta property=\"article:publisher\" content=\"https:\/\/www.facebook.com\/puntohabitat\" \/>\n<meta property=\"article:author\" content=\"https:\/\/www.facebook.com\/puntohabitat\/\" \/>\n<meta property=\"article:published_time\" content=\"2024-04-24T21:19:16+00:00\" \/>\n<meta property=\"article:modified_time\" content=\"2024-04-25T15:07:06+00:00\" \/>\n<meta property=\"og:image\" content=\"https:\/\/puntohabitat.es\/wp-content\/uploads\/2024\/04\/AdobeStock_376535436.jpeg\" \/>\n\t<meta property=\"og:image:width\" content=\"1000\" \/>\n\t<meta property=\"og:image:height\" content=\"711\" \/>\n\t<meta property=\"og:image:type\" content=\"image\/jpeg\" \/>\n<meta name=\"author\" content=\"PUNTO HABITAT\" \/>\n<meta name=\"twitter:card\" content=\"summary_large_image\" \/>\n<meta name=\"twitter:creator\" content=\"@https:\/\/twitter.com\/puntohabitat\" \/>\n<meta name=\"twitter:site\" content=\"@puntohabitat\" \/>\n<meta name=\"twitter:label1\" content=\"Escrit per\" \/>\n\t<meta name=\"twitter:data1\" content=\"PUNTO HABITAT\" \/>\n\t<meta name=\"twitter:label2\" content=\"Temps estimat de lectura\" \/>\n\t<meta name=\"twitter:data2\" content=\"5 minuts\" \/>\n<script type=\"application\/ld+json\" class=\"yoast-schema-graph\">{\"@context\":\"https:\\\/\\\/schema.org\",\"@graph\":[{\"@type\":\"Article\",\"@id\":\"https:\\\/\\\/puntohabitat.es\\\/ca\\\/regulacio-lloguer-temporal-barcelona\\\/#article\",\"isPartOf\":{\"@id\":\"https:\\\/\\\/puntohabitat.es\\\/ca\\\/regulacio-lloguer-temporal-barcelona\\\/\"},\"author\":{\"name\":\"PUNTO HABITAT\",\"@id\":\"https:\\\/\\\/puntohabitat.es\\\/ca\\\/#\\\/schema\\\/person\\\/940c5335a3c27822cf280cc5edbe208f\"},\"headline\":\"Regulaci\u00f3 Lloguer Temporal Barcelona\",\"datePublished\":\"2024-04-24T21:19:16+00:00\",\"dateModified\":\"2024-04-25T15:07:06+00:00\",\"mainEntityOfPage\":{\"@id\":\"https:\\\/\\\/puntohabitat.es\\\/ca\\\/regulacio-lloguer-temporal-barcelona\\\/\"},\"wordCount\":687,\"publisher\":{\"@id\":\"https:\\\/\\\/puntohabitat.es\\\/ca\\\/#organization\"},\"image\":{\"@id\":\"https:\\\/\\\/puntohabitat.es\\\/ca\\\/regulacio-lloguer-temporal-barcelona\\\/#primaryimage\"},\"thumbnailUrl\":\"https:\\\/\\\/puntohabitat.es\\\/wp-content\\\/uploads\\\/2024\\\/04\\\/AdobeStock_376535436.jpeg\",\"articleSection\":[\"Alquiler\",\"Sin categorizar\"],\"inLanguage\":\"ca\"},{\"@type\":\"WebPage\",\"@id\":\"https:\\\/\\\/puntohabitat.es\\\/ca\\\/regulacio-lloguer-temporal-barcelona\\\/\",\"url\":\"https:\\\/\\\/puntohabitat.es\\\/ca\\\/regulacio-lloguer-temporal-barcelona\\\/\",\"name\":\"Regulaci\u00f3 Lloguer Temporal Barcelona | Tota l'informaci\u00f3\",\"isPartOf\":{\"@id\":\"https:\\\/\\\/puntohabitat.es\\\/ca\\\/#website\"},\"primaryImageOfPage\":{\"@id\":\"https:\\\/\\\/puntohabitat.es\\\/ca\\\/regulacio-lloguer-temporal-barcelona\\\/#primaryimage\"},\"image\":{\"@id\":\"https:\\\/\\\/puntohabitat.es\\\/ca\\\/regulacio-lloguer-temporal-barcelona\\\/#primaryimage\"},\"thumbnailUrl\":\"https:\\\/\\\/puntohabitat.es\\\/wp-content\\\/uploads\\\/2024\\\/04\\\/AdobeStock_376535436.jpeg\",\"datePublished\":\"2024-04-24T21:19:16+00:00\",\"dateModified\":\"2024-04-25T15:07:06+00:00\",\"description\":\"Regulaci\u00f3 Lloguer Temporal Barcelona. Informa't ara de tots els canvis normatius introdu\u00efts pel Decret-llei de la Generalitat\",\"breadcrumb\":{\"@id\":\"https:\\\/\\\/puntohabitat.es\\\/ca\\\/regulacio-lloguer-temporal-barcelona\\\/#breadcrumb\"},\"inLanguage\":\"ca\",\"potentialAction\":[{\"@type\":\"ReadAction\",\"target\":[\"https:\\\/\\\/puntohabitat.es\\\/ca\\\/regulacio-lloguer-temporal-barcelona\\\/\"]}]},{\"@type\":\"ImageObject\",\"inLanguage\":\"ca\",\"@id\":\"https:\\\/\\\/puntohabitat.es\\\/ca\\\/regulacio-lloguer-temporal-barcelona\\\/#primaryimage\",\"url\":\"https:\\\/\\\/puntohabitat.es\\\/wp-content\\\/uploads\\\/2024\\\/04\\\/AdobeStock_376535436.jpeg\",\"contentUrl\":\"https:\\\/\\\/puntohabitat.es\\\/wp-content\\\/uploads\\\/2024\\\/04\\\/AdobeStock_376535436.jpeg\",\"width\":1000,\"height\":711,\"caption\":\"Wooden figures of houses and sand hourglass. Mortgage and loan concept. Temporary rental housing and residence permit. Time to pay taxes and bills. Realtor services for a quick search for options.\"},{\"@type\":\"BreadcrumbList\",\"@id\":\"https:\\\/\\\/puntohabitat.es\\\/ca\\\/regulacio-lloguer-temporal-barcelona\\\/#breadcrumb\",\"itemListElement\":[{\"@type\":\"ListItem\",\"position\":1,\"name\":\"Inicio\",\"item\":\"https:\\\/\\\/puntohabitat.es\\\/ca\\\/\"},{\"@type\":\"ListItem\",\"position\":2,\"name\":\"Regulaci\u00f3 Lloguer Temporal Barcelona\"}]},{\"@type\":\"WebSite\",\"@id\":\"https:\\\/\\\/puntohabitat.es\\\/ca\\\/#website\",\"url\":\"https:\\\/\\\/puntohabitat.es\\\/ca\\\/\",\"name\":\"PUNTO HABITAT\",\"description\":\"Inmobiliaria Barcelona | Venta y alquiler de pisos Barcelona | Gesti\u00f3n de alquiler\",\"publisher\":{\"@id\":\"https:\\\/\\\/puntohabitat.es\\\/ca\\\/#organization\"},\"potentialAction\":[{\"@type\":\"SearchAction\",\"target\":{\"@type\":\"EntryPoint\",\"urlTemplate\":\"https:\\\/\\\/puntohabitat.es\\\/ca\\\/?s={search_term_string}\"},\"query-input\":{\"@type\":\"PropertyValueSpecification\",\"valueRequired\":true,\"valueName\":\"search_term_string\"}}],\"inLanguage\":\"ca\"},{\"@type\":\"Organization\",\"@id\":\"https:\\\/\\\/puntohabitat.es\\\/ca\\\/#organization\",\"name\":\"PUNTO HABITAT\",\"url\":\"https:\\\/\\\/puntohabitat.es\\\/ca\\\/\",\"logo\":{\"@type\":\"ImageObject\",\"inLanguage\":\"ca\",\"@id\":\"https:\\\/\\\/puntohabitat.es\\\/ca\\\/#\\\/schema\\\/logo\\\/image\\\/\",\"url\":\"https:\\\/\\\/puntohabitat.es\\\/wp-content\\\/uploads\\\/2022\\\/06\\\/icono-apple-ipad-retina.jpg\",\"contentUrl\":\"https:\\\/\\\/puntohabitat.es\\\/wp-content\\\/uploads\\\/2022\\\/06\\\/icono-apple-ipad-retina.jpg\",\"width\":145,\"height\":145,\"caption\":\"PUNTO HABITAT\"},\"image\":{\"@id\":\"https:\\\/\\\/puntohabitat.es\\\/ca\\\/#\\\/schema\\\/logo\\\/image\\\/\"},\"sameAs\":[\"https:\\\/\\\/www.facebook.com\\\/puntohabitat\",\"https:\\\/\\\/x.com\\\/puntohabitat\",\"https:\\\/\\\/www.instagram.com\\\/puntohabitat\\\/\",\"https:\\\/\\\/www.linkedin.com\\\/in\\\/puntohabitat\\\/\",\"https:\\\/\\\/www.youtube.com\\\/c\\\/puntohabitatinmobiliariaBarcelona\",\"https:\\\/\\\/www.tiktok.com\\\/@puntohabitat\"]},{\"@type\":\"Person\",\"@id\":\"https:\\\/\\\/puntohabitat.es\\\/ca\\\/#\\\/schema\\\/person\\\/940c5335a3c27822cf280cc5edbe208f\",\"name\":\"PUNTO HABITAT\",\"description\":\"PUNTO HABITAT | Inmobiliaria Barcelona | 1995 Servicio personalizado en la gesti\u00f3n de venta y alquiler de inmuebles.\",\"sameAs\":[\"https:\\\/\\\/puntohabitat.es\",\"https:\\\/\\\/www.facebook.com\\\/puntohabitat\\\/\",\"https:\\\/\\\/www.instagram.com\\\/puntohabitat\\\/\",\"https:\\\/\\\/es.linkedin.com\\\/in\\\/puntohabitat\",\"https:\\\/\\\/www.pinterest.es\\\/puntohabitat\\\/\",\"https:\\\/\\\/x.com\\\/https:\\\/\\\/twitter.com\\\/puntohabitat\",\"https:\\\/\\\/www.youtube.com\\\/c\\\/puntohabitatinmobiliariaBarcelona\"]}]}<\/script>\n<!-- \/ Yoast SEO plugin. -->","yoast_head_json":{"title":"Regulaci\u00f3 Lloguer Temporal Barcelona | Tota l'informaci\u00f3","description":"Regulaci\u00f3 Lloguer Temporal Barcelona. Informa't ara de tots els canvis normatius introdu\u00efts pel Decret-llei de la Generalitat","robots":{"index":"index","follow":"follow","max-snippet":"max-snippet:-1","max-image-preview":"max-image-preview:large","max-video-preview":"max-video-preview:-1"},"canonical":"https:\/\/puntohabitat.es\/ca\/regulacio-lloguer-temporal-barcelona\/","og_locale":"ca_ES","og_type":"article","og_title":"Regulaci\u00f3 Lloguer Temporal Barcelona | Tota l'informaci\u00f3","og_description":"Regulaci\u00f3 Lloguer Temporal Barcelona. Informa't ara de tots els canvis normatius introdu\u00efts pel Decret-llei de la Generalitat","og_url":"https:\/\/puntohabitat.es\/ca\/regulacio-lloguer-temporal-barcelona\/","og_site_name":"PUNTO HABITAT","article_publisher":"https:\/\/www.facebook.com\/puntohabitat","article_author":"https:\/\/www.facebook.com\/puntohabitat\/","article_published_time":"2024-04-24T21:19:16+00:00","article_modified_time":"2024-04-25T15:07:06+00:00","og_image":[{"width":1000,"height":711,"url":"https:\/\/puntohabitat.es\/wp-content\/uploads\/2024\/04\/AdobeStock_376535436.jpeg","type":"image\/jpeg"}],"author":"PUNTO HABITAT","twitter_card":"summary_large_image","twitter_creator":"@https:\/\/twitter.com\/puntohabitat","twitter_site":"@puntohabitat","twitter_misc":{"Escrit per":"PUNTO HABITAT","Temps estimat de lectura":"5 minuts"},"schema":{"@context":"https:\/\/schema.org","@graph":[{"@type":"Article","@id":"https:\/\/puntohabitat.es\/ca\/regulacio-lloguer-temporal-barcelona\/#article","isPartOf":{"@id":"https:\/\/puntohabitat.es\/ca\/regulacio-lloguer-temporal-barcelona\/"},"author":{"name":"PUNTO HABITAT","@id":"https:\/\/puntohabitat.es\/ca\/#\/schema\/person\/940c5335a3c27822cf280cc5edbe208f"},"headline":"Regulaci\u00f3 Lloguer Temporal Barcelona","datePublished":"2024-04-24T21:19:16+00:00","dateModified":"2024-04-25T15:07:06+00:00","mainEntityOfPage":{"@id":"https:\/\/puntohabitat.es\/ca\/regulacio-lloguer-temporal-barcelona\/"},"wordCount":687,"publisher":{"@id":"https:\/\/puntohabitat.es\/ca\/#organization"},"image":{"@id":"https:\/\/puntohabitat.es\/ca\/regulacio-lloguer-temporal-barcelona\/#primaryimage"},"thumbnailUrl":"https:\/\/puntohabitat.es\/wp-content\/uploads\/2024\/04\/AdobeStock_376535436.jpeg","articleSection":["Alquiler","Sin categorizar"],"inLanguage":"ca"},{"@type":"WebPage","@id":"https:\/\/puntohabitat.es\/ca\/regulacio-lloguer-temporal-barcelona\/","url":"https:\/\/puntohabitat.es\/ca\/regulacio-lloguer-temporal-barcelona\/","name":"Regulaci\u00f3 Lloguer Temporal Barcelona | Tota l'informaci\u00f3","isPartOf":{"@id":"https:\/\/puntohabitat.es\/ca\/#website"},"primaryImageOfPage":{"@id":"https:\/\/puntohabitat.es\/ca\/regulacio-lloguer-temporal-barcelona\/#primaryimage"},"image":{"@id":"https:\/\/puntohabitat.es\/ca\/regulacio-lloguer-temporal-barcelona\/#primaryimage"},"thumbnailUrl":"https:\/\/puntohabitat.es\/wp-content\/uploads\/2024\/04\/AdobeStock_376535436.jpeg","datePublished":"2024-04-24T21:19:16+00:00","dateModified":"2024-04-25T15:07:06+00:00","description":"Regulaci\u00f3 Lloguer Temporal Barcelona. Informa't ara de tots els canvis normatius introdu\u00efts pel Decret-llei de la Generalitat","breadcrumb":{"@id":"https:\/\/puntohabitat.es\/ca\/regulacio-lloguer-temporal-barcelona\/#breadcrumb"},"inLanguage":"ca","potentialAction":[{"@type":"ReadAction","target":["https:\/\/puntohabitat.es\/ca\/regulacio-lloguer-temporal-barcelona\/"]}]},{"@type":"ImageObject","inLanguage":"ca","@id":"https:\/\/puntohabitat.es\/ca\/regulacio-lloguer-temporal-barcelona\/#primaryimage","url":"https:\/\/puntohabitat.es\/wp-content\/uploads\/2024\/04\/AdobeStock_376535436.jpeg","contentUrl":"https:\/\/puntohabitat.es\/wp-content\/uploads\/2024\/04\/AdobeStock_376535436.jpeg","width":1000,"height":711,"caption":"Wooden figures of houses and sand hourglass. Mortgage and loan concept. Temporary rental housing and residence permit. Time to pay taxes and bills. Realtor services for a quick search for options."},{"@type":"BreadcrumbList","@id":"https:\/\/puntohabitat.es\/ca\/regulacio-lloguer-temporal-barcelona\/#breadcrumb","itemListElement":[{"@type":"ListItem","position":1,"name":"Inicio","item":"https:\/\/puntohabitat.es\/ca\/"},{"@type":"ListItem","position":2,"name":"Regulaci\u00f3 Lloguer Temporal Barcelona"}]},{"@type":"WebSite","@id":"https:\/\/puntohabitat.es\/ca\/#website","url":"https:\/\/puntohabitat.es\/ca\/","name":"PUNTO HABITAT","description":"Inmobiliaria Barcelona | Venta y alquiler de pisos Barcelona | Gesti\u00f3n de alquiler","publisher":{"@id":"https:\/\/puntohabitat.es\/ca\/#organization"},"potentialAction":[{"@type":"SearchAction","target":{"@type":"EntryPoint","urlTemplate":"https:\/\/puntohabitat.es\/ca\/?s={search_term_string}"},"query-input":{"@type":"PropertyValueSpecification","valueRequired":true,"valueName":"search_term_string"}}],"inLanguage":"ca"},{"@type":"Organization","@id":"https:\/\/puntohabitat.es\/ca\/#organization","name":"PUNTO HABITAT","url":"https:\/\/puntohabitat.es\/ca\/","logo":{"@type":"ImageObject","inLanguage":"ca","@id":"https:\/\/puntohabitat.es\/ca\/#\/schema\/logo\/image\/","url":"https:\/\/puntohabitat.es\/wp-content\/uploads\/2022\/06\/icono-apple-ipad-retina.jpg","contentUrl":"https:\/\/puntohabitat.es\/wp-content\/uploads\/2022\/06\/icono-apple-ipad-retina.jpg","width":145,"height":145,"caption":"PUNTO HABITAT"},"image":{"@id":"https:\/\/puntohabitat.es\/ca\/#\/schema\/logo\/image\/"},"sameAs":["https:\/\/www.facebook.com\/puntohabitat","https:\/\/x.com\/puntohabitat","https:\/\/www.instagram.com\/puntohabitat\/","https:\/\/www.linkedin.com\/in\/puntohabitat\/","https:\/\/www.youtube.com\/c\/puntohabitatinmobiliariaBarcelona","https:\/\/www.tiktok.com\/@puntohabitat"]},{"@type":"Person","@id":"https:\/\/puntohabitat.es\/ca\/#\/schema\/person\/940c5335a3c27822cf280cc5edbe208f","name":"PUNTO HABITAT","description":"PUNTO HABITAT | Inmobiliaria Barcelona | 1995 Servicio personalizado en la gesti\u00f3n de venta y alquiler de inmuebles.","sameAs":["https:\/\/puntohabitat.es","https:\/\/www.facebook.com\/puntohabitat\/","https:\/\/www.instagram.com\/puntohabitat\/","https:\/\/es.linkedin.com\/in\/puntohabitat","https:\/\/www.pinterest.es\/puntohabitat\/","https:\/\/x.com\/https:\/\/twitter.com\/puntohabitat","https:\/\/www.youtube.com\/c\/puntohabitatinmobiliariaBarcelona"]}]}},"_links":{"self":[{"href":"https:\/\/puntohabitat.es\/ca\/wp-json\/wp\/v2\/posts\/77425","targetHints":{"allow":["GET"]}}],"collection":[{"href":"https:\/\/puntohabitat.es\/ca\/wp-json\/wp\/v2\/posts"}],"about":[{"href":"https:\/\/puntohabitat.es\/ca\/wp-json\/wp\/v2\/types\/post"}],"author":[{"embeddable":true,"href":"https:\/\/puntohabitat.es\/ca\/wp-json\/wp\/v2\/users\/2"}],"replies":[{"embeddable":true,"href":"https:\/\/puntohabitat.es\/ca\/wp-json\/wp\/v2\/comments?post=77425"}],"version-history":[{"count":0,"href":"https:\/\/puntohabitat.es\/ca\/wp-json\/wp\/v2\/posts\/77425\/revisions"}],"wp:featuredmedia":[{"embeddable":true,"href":"https:\/\/puntohabitat.es\/ca\/wp-json\/wp\/v2\/media\/77379"}],"wp:attachment":[{"href":"https:\/\/puntohabitat.es\/ca\/wp-json\/wp\/v2\/media?parent=77425"}],"wp:term":[{"taxonomy":"category","embeddable":true,"href":"https:\/\/puntohabitat.es\/ca\/wp-json\/wp\/v2\/categories?post=77425"},{"taxonomy":"post_tag","embeddable":true,"href":"https:\/\/puntohabitat.es\/ca\/wp-json\/wp\/v2\/tags?post=77425"}],"curies":[{"name":"wp","href":"https:\/\/api.w.org\/{rel}","templated":true}]}}