{"id":77797,"date":"2024-06-01T08:36:25","date_gmt":"2024-06-01T06:36:25","guid":{"rendered":"https:\/\/puntohabitat.es\/calcular-la-plusvalua-municipal-a-barcelona\/"},"modified":"2025-04-02T10:21:55","modified_gmt":"2025-04-02T08:21:55","slug":"calcular-la-plusvalua-municipal-a-barcelona","status":"publish","type":"post","link":"https:\/\/puntohabitat.es\/ca\/calcular-la-plusvalua-municipal-a-barcelona\/","title":{"rendered":"Calcular la Plusv\u00e0lua Municipal a Barcelona"},"content":{"rendered":"\t\t<div data-elementor-type=\"wp-post\" data-elementor-id=\"77797\" class=\"elementor elementor-77797 elementor-77730\" data-elementor-post-type=\"post\">\n\t\t\t\t\t\t<section data-particle_enable=\"false\" data-particle-mobile-disabled=\"false\" class=\"elementor-section elementor-top-section elementor-element elementor-element-64c87090 elementor-section-full_width elementor-section-height-min-height elementor-section-height-default elementor-section-items-middle\" data-id=\"64c87090\" data-element_type=\"section\" data-e-type=\"section\" data-settings=\"{&quot;background_background&quot;:&quot;classic&quot;}\">\n\t\t\t\t\t\t\t<div class=\"elementor-background-overlay\"><\/div>\n\t\t\t\t\t\t\t<div class=\"elementor-container elementor-column-gap-default\">\n\t\t\t\t\t<div class=\"elementor-column elementor-col-100 elementor-top-column elementor-element elementor-element-55e87673\" data-id=\"55e87673\" data-element_type=\"column\" data-e-type=\"column\">\n\t\t\t<div class=\"elementor-widget-wrap elementor-element-populated\">\n\t\t\t\t\t\t<section data-particle_enable=\"false\" data-particle-mobile-disabled=\"false\" class=\"elementor-section elementor-inner-section elementor-element elementor-element-5927936e elementor-section-content-middle elementor-section-boxed elementor-section-height-default elementor-section-height-default\" data-id=\"5927936e\" data-element_type=\"section\" data-e-type=\"section\" data-settings=\"{&quot;background_background&quot;:&quot;classic&quot;}\">\n\t\t\t\t\t\t<div class=\"elementor-container elementor-column-gap-default\">\n\t\t\t\t\t<div class=\"elementor-column elementor-col-50 elementor-inner-column elementor-element elementor-element-6379a4b9\" data-id=\"6379a4b9\" data-element_type=\"column\" data-e-type=\"column\">\n\t\t\t<div class=\"elementor-widget-wrap elementor-element-populated\">\n\t\t\t\t\t\t<div class=\"elementor-element elementor-element-4a998c95 elementor-widget elementor-widget-heading\" data-id=\"4a998c95\" data-element_type=\"widget\" data-e-type=\"widget\" data-widget_type=\"heading.default\">\n\t\t\t\t<div class=\"elementor-widget-container\">\n\t\t\t\t\t<h1 class=\"elementor-heading-title elementor-size-default\">Calcular la Plusv\u00e0lua Municipal a Barcelona<\/h1>\t\t\t\t<\/div>\n\t\t\t\t<\/div>\n\t\t\t\t\t<\/div>\n\t\t<\/div>\n\t\t\t\t<div class=\"elementor-column elementor-col-50 elementor-inner-column elementor-element elementor-element-268b2f68\" data-id=\"268b2f68\" data-element_type=\"column\" data-e-type=\"column\">\n\t\t\t<div class=\"elementor-widget-wrap\">\n\t\t\t\t\t\t\t<\/div>\n\t\t<\/div>\n\t\t\t\t\t<\/div>\n\t\t<\/section>\n\t\t\t\t\t<\/div>\n\t\t<\/div>\n\t\t\t\t\t<\/div>\n\t\t<\/section>\n\t\t\t\t<section data-particle_enable=\"false\" data-particle-mobile-disabled=\"false\" class=\"elementor-section elementor-top-section elementor-element elementor-element-1088ccac elementor-section-full_width elementor-section-height-default elementor-section-height-default\" data-id=\"1088ccac\" data-element_type=\"section\" data-e-type=\"section\">\n\t\t\t\t\t\t<div class=\"elementor-container elementor-column-gap-no\">\n\t\t\t\t\t<div class=\"elementor-column elementor-col-100 elementor-top-column elementor-element elementor-element-75894d61\" data-id=\"75894d61\" data-element_type=\"column\" data-e-type=\"column\">\n\t\t\t<div class=\"elementor-widget-wrap elementor-element-populated\">\n\t\t\t\t\t\t<div class=\"elementor-element elementor-element-673e1b12 elementor-widget elementor-widget-text-editor\" data-id=\"673e1b12\" data-element_type=\"widget\" data-e-type=\"widget\" data-widget_type=\"text-editor.default\">\n\t\t\t\t<div class=\"elementor-widget-container\">\n\t\t\t\t\t\t\t\t\t1 de juny de 2024\t\t\t\t\t\t\t\t<\/div>\n\t\t\t\t<\/div>\n\t\t\t\t<div class=\"elementor-element elementor-element-3c22020c elementor-author-box--image-valign-middle elementor-author-box--avatar-yes elementor-author-box--name-yes elementor-author-box--biography-yes elementor-author-box--link-no elementor-widget elementor-widget-author-box\" data-id=\"3c22020c\" data-element_type=\"widget\" data-e-type=\"widget\" data-widget_type=\"author-box.default\">\n\t\t\t\t<div class=\"elementor-widget-container\">\n\t\t\t\t\t\t\t<div class=\"elementor-author-box\">\n\t\t\t\t\t\t\t<div  class=\"elementor-author-box__avatar\">\n\t\t\t\t\t<img decoding=\"async\" src=\"https:\/\/secure.gravatar.com\/avatar\/2773bca6c07e7af4bf869eb5d10584666289bf322520dcdbd0c35dfa92289cd2?s=300&#038;d=mm&#038;r=g\" alt=\"Picture of PUNTO HABITAT\" loading=\"lazy\">\n\t\t\t\t<\/div>\n\t\t\t\n\t\t\t<div class=\"elementor-author-box__text\">\n\t\t\t\t\t\t\t\t\t<div >\n\t\t\t\t\t\t<h6 class=\"elementor-author-box__name\">\n\t\t\t\t\t\t\tPUNTO HABITAT\t\t\t\t\t\t<\/h6>\n\t\t\t\t\t<\/div>\n\t\t\t\t\n\t\t\t\t\t\t\t\t\t<div class=\"elementor-author-box__bio\">\n\t\t\t\t\t\tPUNTO HABITAT | Inmobiliaria Barcelona | 1995 \r\nServicio personalizado en la gesti\u00f3n de venta y alquiler de inmuebles.\t\t\t\t\t<\/div>\n\t\t\t\t\n\t\t\t\t\t\t\t<\/div>\n\t\t<\/div>\n\t\t\t\t\t\t<\/div>\n\t\t\t\t<\/div>\n\t\t\t\t\t<\/div>\n\t\t<\/div>\n\t\t\t\t\t<\/div>\n\t\t<\/section>\n\t\t\t\t<section data-particle_enable=\"false\" data-particle-mobile-disabled=\"false\" class=\"elementor-section elementor-top-section elementor-element elementor-element-6a52827 elementor-section-full_width elementor-section-height-default elementor-section-height-default\" data-id=\"6a52827\" data-element_type=\"section\" data-e-type=\"section\">\n\t\t\t\t\t\t<div class=\"elementor-container elementor-column-gap-no\">\n\t\t\t\t\t<div class=\"elementor-column elementor-col-100 elementor-top-column elementor-element elementor-element-be4d0c4\" data-id=\"be4d0c4\" data-element_type=\"column\" data-e-type=\"column\">\n\t\t\t<div class=\"elementor-widget-wrap elementor-element-populated\">\n\t\t\t\t\t\t<div class=\"elementor-element elementor-element-5651677 elementor-widget elementor-widget-heading\" data-id=\"5651677\" data-element_type=\"widget\" data-e-type=\"widget\" data-widget_type=\"heading.default\">\n\t\t\t\t<div class=\"elementor-widget-container\">\n\t\t\t\t\t<h2 class=\"elementor-heading-title elementor-size-default\">Com calcular la plusv\u00e0lua si vens el teu pis a Barcelona?<\/h2>\t\t\t\t<\/div>\n\t\t\t\t<\/div>\n\t\t\t\t<div class=\"elementor-element elementor-element-968f082 elementor-widget elementor-widget-text-editor\" data-id=\"968f082\" data-element_type=\"widget\" data-e-type=\"widget\" data-widget_type=\"text-editor.default\">\n\t\t\t\t<div class=\"elementor-widget-container\">\n\t\t\t\t\t\t\t\t\t<p>Mitjan\u00e7ant el <strong>Decret llei del 10 de novembre de 2021<\/strong> es va aprovar la modificaci\u00f3 sobre la <strong>regulaci\u00f3 de l&#8217;impost sobre l&#8217;increment del valor dels terrenys de naturalesa urbana<\/strong>.<\/p>\n<p>Destaquem <strong>tres aspectes b\u00e0sics<\/strong> d&#8217;aquesta reforma:<\/p>\n<ul>\n<li>Es <strong>modifica<\/strong> la manera com es determina la base imposable del tribut.<\/li>\n<li>D\u00f3na opci\u00f3 al contribuent perqu\u00e8 esculli entre <strong>dos m\u00e8todes de c\u00e0lcul de la base imposable<\/strong>.<\/li>\n<li>Introdueix un nou sup\u00f2sit de <strong>NO subjecci\u00f3 a l&#8217;impost<\/strong> en els casos en qu\u00e8 la transmissi\u00f3 no comporti un increment de valor.<\/li>\n<\/ul>\n\t\t\t\t\t\t\t\t<\/div>\n\t\t\t\t<\/div>\n\t\t\t\t\t<\/div>\n\t\t<\/div>\n\t\t\t\t\t<\/div>\n\t\t<\/section>\n\t\t\t\t<section data-particle_enable=\"false\" data-particle-mobile-disabled=\"false\" class=\"elementor-section elementor-top-section elementor-element elementor-element-71807d9 elementor-section-full_width elementor-section-height-default elementor-section-height-default\" data-id=\"71807d9\" data-element_type=\"section\" data-e-type=\"section\">\n\t\t\t\t\t\t<div class=\"elementor-container elementor-column-gap-no\">\n\t\t\t\t\t<div class=\"elementor-column elementor-col-100 elementor-top-column elementor-element elementor-element-d42bbf1\" data-id=\"d42bbf1\" data-element_type=\"column\" data-e-type=\"column\">\n\t\t\t<div class=\"elementor-widget-wrap elementor-element-populated\">\n\t\t\t\t\t\t<div class=\"elementor-element elementor-element-417b5af elementor-widget elementor-widget-heading\" data-id=\"417b5af\" data-element_type=\"widget\" data-e-type=\"widget\" data-widget_type=\"heading.default\">\n\t\t\t\t<div class=\"elementor-widget-container\">\n\t\t\t\t\t<h2 class=\"elementor-heading-title elementor-size-default\">Quines dades necessites per calcular la plusv\u00e0lua municipal per transmetre un pis a Barcelona?<\/h2>\t\t\t\t<\/div>\n\t\t\t\t<\/div>\n\t\t\t\t<div class=\"elementor-element elementor-element-eb86df4 elementor-widget elementor-widget-heading\" data-id=\"eb86df4\" data-element_type=\"widget\" data-e-type=\"widget\" data-widget_type=\"heading.default\">\n\t\t\t\t<div class=\"elementor-widget-container\">\n\t\t\t\t\t<h3 class=\"elementor-heading-title elementor-size-default\">El percentatge del valor cadastral<\/h3>\t\t\t\t<\/div>\n\t\t\t\t<\/div>\n\t\t\t\t<div class=\"elementor-element elementor-element-3833a8e elementor-widget elementor-widget-text-editor\" data-id=\"3833a8e\" data-element_type=\"widget\" data-e-type=\"widget\" data-widget_type=\"text-editor.default\">\n\t\t\t\t<div class=\"elementor-widget-container\">\n\t\t\t\t\t\t\t\t\t<p>Podem obtenir aquesta dada al rebut de l&#8217;Impost sobre B\u00e9ns Immobles (IBI) o a la seu online del Cadastre, exactament a l&#8217;apartat <strong>&#8220;Valor de Refer\u00e8ncia&#8221;<\/strong> Aquest percentatge ens aportar\u00e0 el valor objectiu d&#8217;un habitatge, tenint en compte la seva ubicaci\u00f3 i metres quadrats.<\/p>\n\t\t\t\t\t\t\t\t<\/div>\n\t\t\t\t<\/div>\n\t\t\t\t<div class=\"elementor-element elementor-element-32ca027 elementor-widget elementor-widget-image\" data-id=\"32ca027\" data-element_type=\"widget\" data-e-type=\"widget\" data-widget_type=\"image.default\">\n\t\t\t\t<div class=\"elementor-widget-container\">\n\t\t\t\t\t\t\t\t\t\t\t\t\t\t\t<img fetchpriority=\"high\" decoding=\"async\" width=\"1024\" height=\"712\" src=\"https:\/\/puntohabitat.es\/wp-content\/uploads\/2024\/05\/Calcular-la-Plusvalia-Municipal-en-Barcelona--1024x712.png\" class=\"attachment-large size-large wp-image-77748\" alt=\"Calcular la Plusval\u00eda Municipal en Barcelona\" srcset=\"https:\/\/puntohabitat.es\/wp-content\/uploads\/2024\/05\/Calcular-la-Plusvalia-Municipal-en-Barcelona--1024x712.png 1024w, https:\/\/puntohabitat.es\/wp-content\/uploads\/2024\/05\/Calcular-la-Plusvalia-Municipal-en-Barcelona--300x208.png 300w, https:\/\/puntohabitat.es\/wp-content\/uploads\/2024\/05\/Calcular-la-Plusvalia-Municipal-en-Barcelona--768x534.png 768w, https:\/\/puntohabitat.es\/wp-content\/uploads\/2024\/05\/Calcular-la-Plusvalia-Municipal-en-Barcelona--1536x1068.png 1536w, https:\/\/puntohabitat.es\/wp-content\/uploads\/2024\/05\/Calcular-la-Plusvalia-Municipal-en-Barcelona--2048x1423.png 2048w, https:\/\/puntohabitat.es\/wp-content\/uploads\/2024\/05\/Calcular-la-Plusvalia-Municipal-en-Barcelona--863x600.png 863w, https:\/\/puntohabitat.es\/wp-content\/uploads\/2024\/05\/Calcular-la-Plusvalia-Municipal-en-Barcelona--496x345.png 496w\" sizes=\"(max-width: 1024px) 100vw, 1024px\" \/>\t\t\t\t\t\t\t\t\t\t\t\t\t\t\t<\/div>\n\t\t\t\t<\/div>\n\t\t\t\t<div class=\"elementor-element elementor-element-0fd54fc elementor-widget elementor-widget-heading\" data-id=\"0fd54fc\" data-element_type=\"widget\" data-e-type=\"widget\" data-widget_type=\"heading.default\">\n\t\t\t\t<div class=\"elementor-widget-container\">\n\t\t\t\t\t<h3 class=\"elementor-heading-title elementor-size-default\">Els valors d'adquisici\u00f3 i transmissi\u00f3 de l'habitatge<\/h3>\t\t\t\t<\/div>\n\t\t\t\t<\/div>\n\t\t\t\t<div class=\"elementor-element elementor-element-aeaac7c elementor-widget elementor-widget-text-editor\" data-id=\"aeaac7c\" data-element_type=\"widget\" data-e-type=\"widget\" data-widget_type=\"text-editor.default\">\n\t\t\t\t<div class=\"elementor-widget-container\">\n\t\t\t\t\t\t\t\t\t<ul>\n<li><strong>Valor d&#8217;adquisici\u00f3<\/strong>: \u00e9s el preu pel qual es va comprar, heretar o rebre en donaci\u00f3 la propietat.<\/li>\n<li><strong>Valor de transmissi\u00f3<\/strong>: \u00e9s el preu pel qual s&#8217;ha venut la propietat.<\/li>\n<\/ul>\n\t\t\t\t\t\t\t\t<\/div>\n\t\t\t\t<\/div>\n\t\t\t\t<div class=\"elementor-element elementor-element-89d1d94 elementor-widget elementor-widget-heading\" data-id=\"89d1d94\" data-element_type=\"widget\" data-e-type=\"widget\" data-widget_type=\"heading.default\">\n\t\t\t\t<div class=\"elementor-widget-container\">\n\t\t\t\t\t<h3 class=\"elementor-heading-title elementor-size-default\">El valor cadastral del s\u00f2l en el moment de la venda, her\u00e8ncia o donaci\u00f3<\/h3>\t\t\t\t<\/div>\n\t\t\t\t<\/div>\n\t\t\t\t<div class=\"elementor-element elementor-element-c9be4d1 elementor-widget elementor-widget-text-editor\" data-id=\"c9be4d1\" data-element_type=\"widget\" data-e-type=\"widget\" data-widget_type=\"text-editor.default\">\n\t\t\t\t<div class=\"elementor-widget-container\">\n\t\t\t\t\t\t\t\t\t<p>El valor cadastral del s\u00f2l tamb\u00e9 es troba al rebut de l&#8217;IBI o a la seu del Cadastre online. Es tracta del valor del terreny sobre el qual es va edificar l&#8217;habitatge.<\/p>\n\t\t\t\t\t\t\t\t<\/div>\n\t\t\t\t<\/div>\n\t\t\t\t\t<\/div>\n\t\t<\/div>\n\t\t\t\t\t<\/div>\n\t\t<\/section>\n\t\t\t\t<section data-particle_enable=\"false\" data-particle-mobile-disabled=\"false\" class=\"elementor-section elementor-top-section elementor-element elementor-element-25c1a7e elementor-section-full_width elementor-section-height-default elementor-section-height-default\" data-id=\"25c1a7e\" data-element_type=\"section\" data-e-type=\"section\">\n\t\t\t\t\t\t<div class=\"elementor-container elementor-column-gap-no\">\n\t\t\t\t\t<div class=\"elementor-column elementor-col-100 elementor-top-column elementor-element elementor-element-bb26670\" data-id=\"bb26670\" data-element_type=\"column\" data-e-type=\"column\">\n\t\t\t<div class=\"elementor-widget-wrap elementor-element-populated\">\n\t\t\t\t\t\t<div class=\"elementor-element elementor-element-bc0acfa elementor-widget elementor-widget-heading\" data-id=\"bc0acfa\" data-element_type=\"widget\" data-e-type=\"widget\" data-widget_type=\"heading.default\">\n\t\t\t\t<div class=\"elementor-widget-container\">\n\t\t\t\t\t<h2 class=\"elementor-heading-title elementor-size-default\">M\u00e8todes per calcular la plusv\u00e0lua: plusv\u00e0lua real o m\u00e8tode objectiu<\/h2>\t\t\t\t<\/div>\n\t\t\t\t<\/div>\n\t\t\t\t<div class=\"elementor-element elementor-element-fae0421 elementor-widget elementor-widget-text-editor\" data-id=\"fae0421\" data-element_type=\"widget\" data-e-type=\"widget\" data-widget_type=\"text-editor.default\">\n\t\t\t\t<div class=\"elementor-widget-container\">\n\t\t\t\t\t\t\t\t\t<p>Com ja hem comentat, l&#8217;obligat tributari podr\u00e0 escollir entre dos m\u00e8todes per determinar la base imposable que cal tenir en compte per obtenir la quantia de la plusv\u00e0lua.<\/p>\n\t\t\t\t\t\t\t\t<\/div>\n\t\t\t\t<\/div>\n\t\t\t\t<div class=\"elementor-element elementor-element-5bee5bb elementor-widget elementor-widget-heading\" data-id=\"5bee5bb\" data-element_type=\"widget\" data-e-type=\"widget\" data-widget_type=\"heading.default\">\n\t\t\t\t<div class=\"elementor-widget-container\">\n\t\t\t\t\t<h3 class=\"elementor-heading-title elementor-size-default\">Plusv\u00e0lua Real<\/h3>\t\t\t\t<\/div>\n\t\t\t\t<\/div>\n\t\t\t\t<div class=\"elementor-element elementor-element-67d883a elementor-widget elementor-widget-text-editor\" data-id=\"67d883a\" data-element_type=\"widget\" data-e-type=\"widget\" data-widget_type=\"text-editor.default\">\n\t\t\t\t<div class=\"elementor-widget-container\">\n\t\t\t\t\t\t\t\t\t<p>En aquest cas, utilitzarem la f\u00f3rmula seg\u00fcent:<\/p>\n<p style=\"text-align: center;\"><strong>Valor de Transmissi\u00f3 &#8211; Valor d&#8217;adquisici\u00f3<\/strong><\/p>\n<p style=\"text-align: center;\"><strong>x<\/strong><\/p>\n<p style=\"text-align: center;\"><strong>Percentatge del Valor Cadastral del Terreny<\/strong><\/p>\n<p style=\"text-align: center;\"><strong>=<\/strong><\/p>\n<p style=\"text-align: center;\"><strong>Base Imposable<\/strong><\/p>\n\t\t\t\t\t\t\t\t<\/div>\n\t\t\t\t<\/div>\n\t\t\t\t<div class=\"elementor-element elementor-element-7ecdff6 elementor-widget elementor-widget-heading\" data-id=\"7ecdff6\" data-element_type=\"widget\" data-e-type=\"widget\" data-widget_type=\"heading.default\">\n\t\t\t\t<div class=\"elementor-widget-container\">\n\t\t\t\t\t<h3 class=\"elementor-heading-title elementor-size-default\">M\u00e8tode Objectiu<\/h3>\t\t\t\t<\/div>\n\t\t\t\t<\/div>\n\t\t\t\t<div class=\"elementor-element elementor-element-9a34ae3 elementor-widget elementor-widget-text-editor\" data-id=\"9a34ae3\" data-element_type=\"widget\" data-e-type=\"widget\" data-widget_type=\"text-editor.default\">\n\t\t\t\t<div class=\"elementor-widget-container\">\n\t\t\t\t\t\t\t\t\t<p>Per calcular quina \u00e9s la base imposable amb el m\u00e8tode objectiu, utilitzarem la f\u00f3rmula seg\u00fcent:<\/p>\n<p style=\"text-align: center;\"><strong>Valor Cadastral del Terreny<\/strong><\/p>\n<p style=\"text-align: center;\"><strong>x<\/strong><\/p>\n<p style=\"text-align: center;\"><strong>Coeficient que determini l&#8217;Ajuntament de Barcelona<\/strong><\/p>\n<p style=\"text-align: center;\"><strong>=<\/strong><\/p>\n<p style=\"text-align: center;\"><strong>Base Imposable<\/strong><\/p>\n\t\t\t\t\t\t\t\t<\/div>\n\t\t\t\t<\/div>\n\t\t\t\t<div class=\"elementor-element elementor-element-f38fe4a elementor-widget elementor-widget-heading\" data-id=\"f38fe4a\" data-element_type=\"widget\" data-e-type=\"widget\" data-widget_type=\"heading.default\">\n\t\t\t\t<div class=\"elementor-widget-container\">\n\t\t\t\t\t<h2 class=\"elementor-heading-title elementor-size-default\">Coeficients Plusv\u00e0lua Municipal 2024<\/h2>\t\t\t\t<\/div>\n\t\t\t\t<\/div>\n\t\t\t\t<div class=\"elementor-element elementor-element-9737e3a elementor-widget elementor-widget-text-editor\" data-id=\"9737e3a\" data-element_type=\"widget\" data-e-type=\"widget\" data-widget_type=\"text-editor.default\">\n\t\t\t\t<div class=\"elementor-widget-container\">\n\t\t\t\t\t\t\t\t\t<p>Els coeficients tenen en compte el per\u00edode de temps que transcorre des que s&#8217;adquireix l&#8217;immoble fins que es transmet.<\/p>\n<p><strong>Els coeficients per al c\u00e0lcul de la Plusv\u00e0lua Municipal el 2024 s\u00f3n els seg\u00fcents:<\/strong><\/p>\n<p>Per\u00edode de generaci\u00f3 Coeficient<br \/>\nInferior a 1 any 0,15<br \/>\n1 any 0,15<br \/>\n2 anys 0,14<br \/>\n3 anys 0,14<br \/>\n4 anys 0,16<br \/>\n5 anys 0,18<br \/>\n6 anys 0,19<br \/>\n7 anys 0,2<br \/>\n8 anys 0,19<br \/>\n9 anys 0,15<br \/>\n10 anys 0,12<br \/>\n11 anys 0,1<br \/>\n12 anys 0,09<br \/>\n13 anys 0,09<br \/>\n14 anys 0,09<br \/>\n15 anys 0,09<br \/>\n16 anys 0,1<br \/>\n17 anys 0,13<br \/>\n18 anys 0,17<br \/>\n19 anys 0,23<br \/>\nIgual o superior a 20 anys 0,4<\/p>\n\t\t\t\t\t\t\t\t<\/div>\n\t\t\t\t<\/div>\n\t\t\t\t<div class=\"elementor-element elementor-element-7a0842a elementor-widget elementor-widget-heading\" data-id=\"7a0842a\" data-element_type=\"widget\" data-e-type=\"widget\" data-widget_type=\"heading.default\">\n\t\t\t\t<div class=\"elementor-widget-container\">\n\t\t\t\t\t<h3 class=\"elementor-heading-title elementor-size-default\">C\u00e0lcul de la quota tribut\u00e0ria que es merita per la liquidaci\u00f3 de la Plusv\u00e0lua a Barcelona<\/h3>\t\t\t\t<\/div>\n\t\t\t\t<\/div>\n\t\t\t\t<div class=\"elementor-element elementor-element-0219a62 elementor-widget elementor-widget-text-editor\" data-id=\"0219a62\" data-element_type=\"widget\" data-e-type=\"widget\" data-widget_type=\"text-editor.default\">\n\t\t\t\t<div class=\"elementor-widget-container\">\n\t\t\t\t\t\t\t\t\t<p>Un cop haguem obtingut la base imposable, ja sigui a trav\u00e9s del m\u00e8tode objectiu o la plusv\u00e0lua real, haurem d&#8217;aplicar a la base imposable el <strong>tipus impositiu del 30%,<\/strong> que \u00e9s el que aplica l&#8217;Ajuntament de Barcelona als immobles situats a la ciutat Comtal.<\/p>\n\t\t\t\t\t\t\t\t<\/div>\n\t\t\t\t<\/div>\n\t\t\t\t<div class=\"elementor-element elementor-element-ad9827a elementor-widget elementor-widget-heading\" data-id=\"ad9827a\" data-element_type=\"widget\" data-e-type=\"widget\" data-widget_type=\"heading.default\">\n\t\t\t\t<div class=\"elementor-widget-container\">\n\t\t\t\t\t<h2 class=\"elementor-heading-title elementor-size-default\">No subjecci\u00f3 al pagament de la Plusv\u00e0lua a Barcelona<\/h2>\t\t\t\t<\/div>\n\t\t\t\t<\/div>\n\t\t\t\t<div class=\"elementor-element elementor-element-3821560 elementor-widget elementor-widget-text-editor\" data-id=\"3821560\" data-element_type=\"widget\" data-e-type=\"widget\" data-widget_type=\"text-editor.default\">\n\t\t\t\t<div class=\"elementor-widget-container\">\n\t\t\t\t\t\t\t\t\t<p>En cas que <strong>no hi hagi un increment del valor<\/strong> una vegada realitzada la transmissi\u00f3 del pis, <strong>NO estarem subjectes<\/strong> a l&#8217;impost sobre l&#8217;increment de valor dels terrenys de naturalesa urbana.<\/p>\n<p><strong>Igualment, haurem de fer la sol\u00b7licitud i el tr\u00e0mit de la NO subjecci\u00f3<\/strong> per a que quedi acreditada davant l&#8217;Ajuntament de Barcelona.<\/p>\n\t\t\t\t\t\t\t\t<\/div>\n\t\t\t\t<\/div>\n\t\t\t\t<div class=\"elementor-element elementor-element-759c135 elementor-widget elementor-widget-image\" data-id=\"759c135\" data-element_type=\"widget\" data-e-type=\"widget\" data-widget_type=\"image.default\">\n\t\t\t\t<div class=\"elementor-widget-container\">\n\t\t\t\t\t\t\t\t\t\t\t\t\t\t\t<img decoding=\"async\" width=\"1024\" height=\"581\" src=\"https:\/\/puntohabitat.es\/wp-content\/uploads\/2024\/06\/Calcular-la-Plusvalia-Municipal-en-Barcelona.-1-1-1024x581.png\" class=\"attachment-large size-large wp-image-77781\" alt=\"Calcular la Plusvali\u0301a Municipal en Barcelona\" srcset=\"https:\/\/puntohabitat.es\/wp-content\/uploads\/2024\/06\/Calcular-la-Plusvalia-Municipal-en-Barcelona.-1-1-1024x581.png 1024w, https:\/\/puntohabitat.es\/wp-content\/uploads\/2024\/06\/Calcular-la-Plusvalia-Municipal-en-Barcelona.-1-1-300x170.png 300w, https:\/\/puntohabitat.es\/wp-content\/uploads\/2024\/06\/Calcular-la-Plusvalia-Municipal-en-Barcelona.-1-1-768x436.png 768w, https:\/\/puntohabitat.es\/wp-content\/uploads\/2024\/06\/Calcular-la-Plusvalia-Municipal-en-Barcelona.-1-1-1536x872.png 1536w, https:\/\/puntohabitat.es\/wp-content\/uploads\/2024\/06\/Calcular-la-Plusvalia-Municipal-en-Barcelona.-1-1-2048x1163.png 2048w, https:\/\/puntohabitat.es\/wp-content\/uploads\/2024\/06\/Calcular-la-Plusvalia-Municipal-en-Barcelona.-1-1-1057x600.png 1057w, https:\/\/puntohabitat.es\/wp-content\/uploads\/2024\/06\/Calcular-la-Plusvalia-Municipal-en-Barcelona.-1-1-496x282.png 496w\" sizes=\"(max-width: 1024px) 100vw, 1024px\" \/>\t\t\t\t\t\t\t\t\t\t\t\t\t\t\t<\/div>\n\t\t\t\t<\/div>\n\t\t\t\t<div class=\"elementor-element elementor-element-5dfc743 elementor-widget elementor-widget-heading\" data-id=\"5dfc743\" data-element_type=\"widget\" data-e-type=\"widget\" data-widget_type=\"heading.default\">\n\t\t\t\t<div class=\"elementor-widget-container\">\n\t\t\t\t\t<h2 class=\"elementor-heading-title elementor-size-default\">Exempci\u00f3 al pagament de la Plusv\u00e0lua a Barcelona<\/h2>\t\t\t\t<\/div>\n\t\t\t\t<\/div>\n\t\t\t\t<div class=\"elementor-element elementor-element-c87b2bb elementor-widget elementor-widget-text-editor\" data-id=\"c87b2bb\" data-element_type=\"widget\" data-e-type=\"widget\" data-widget_type=\"text-editor.default\">\n\t\t\t\t<div class=\"elementor-widget-container\">\n\t\t\t\t\t\t\t\t\t<p>Estarem <strong>exempts<\/strong> del pagament de la plusv\u00e0lua en cas que l&#8217;increment del valor provingui d&#8217;un <strong>b\u00e9 immoble<\/strong> que hagi estat objecte <strong>d&#8217;execuci\u00f3 hipotec\u00e0ria<\/strong> com a conseq\u00fc\u00e8ncia d&#8217;una daci\u00f3 en pagament de l&#8217;habitatge habitual mitjan\u00e7ant el qual s&#8217;hagi cancel\u00b7lat el deute inherent al pr\u00e9stec sempre que aquest hagi estat contret amb una entitat de cr\u00e8dit que realitzi l&#8217;activitat de concessi\u00f3 de cr\u00e8dits hipotecaris de manera professional.<\/p>\n<p>En aquest cas <strong>tamb\u00e9 haurem de fer la sol\u00b7licitud<\/strong> i el tr\u00e0mit per justificar l&#8217;exempci\u00f3 davant l&#8217;Ajuntament de Barcelona.<\/p>\n\t\t\t\t\t\t\t\t<\/div>\n\t\t\t\t<\/div>\n\t\t\t\t<div class=\"elementor-element elementor-element-c9a712e elementor-widget elementor-widget-heading\" data-id=\"c9a712e\" data-element_type=\"widget\" data-e-type=\"widget\" data-widget_type=\"heading.default\">\n\t\t\t\t<div class=\"elementor-widget-container\">\n\t\t\t\t\t<h2 class=\"elementor-heading-title elementor-size-default\">Dubtes sobre el c\u00e0lcul, tramitaci\u00f3 i liquidaci\u00f3 de la Plusv\u00e0lua a Barcelona<\/h2>\t\t\t\t<\/div>\n\t\t\t\t<\/div>\n\t\t\t\t<div class=\"elementor-element elementor-element-85feb55 elementor-widget elementor-widget-text-editor\" data-id=\"85feb55\" data-element_type=\"widget\" data-e-type=\"widget\" data-widget_type=\"text-editor.default\">\n\t\t\t\t<div class=\"elementor-widget-container\">\n\t\t\t\t\t\t\t\t\t<p>Calcular la Plusv\u00e0lua municipal a Barcelona \u00e9s un proc\u00e9s senzill per\u00f2 si tens algun dubte sobre com has de fer algun d&#8217;aquestes passes, contacta amb nosaltres i t&#8217;assessorarem durant el proc\u00e9s.<\/p>\n\t\t\t\t\t\t\t\t<\/div>\n\t\t\t\t<\/div>\n\t\t\t\t\t<\/div>\n\t\t<\/div>\n\t\t\t\t\t<\/div>\n\t\t<\/section>\n\t\t\t\t<section data-particle_enable=\"false\" data-particle-mobile-disabled=\"false\" class=\"elementor-section elementor-top-section elementor-element elementor-element-47c93d4 elementor-section-boxed elementor-section-height-default elementor-section-height-default\" data-id=\"47c93d4\" data-element_type=\"section\" data-e-type=\"section\">\n\t\t\t\t\t\t<div class=\"elementor-container elementor-column-gap-default\">\n\t\t\t\t\t<div class=\"elementor-column elementor-col-100 elementor-top-column elementor-element elementor-element-f9b7f63\" data-id=\"f9b7f63\" data-element_type=\"column\" data-e-type=\"column\">\n\t\t\t<div class=\"elementor-widget-wrap elementor-element-populated\">\n\t\t\t\t\t\t<div class=\"elementor-element elementor-element-90aef75 elementor-widget elementor-widget-html\" data-id=\"90aef75\" data-element_type=\"widget\" data-e-type=\"widget\" data-widget_type=\"html.default\">\n\t\t\t\t<div class=\"elementor-widget-container\">\n\t\t\t\t\t<div class=\"cta-valoracion\">\r\n  <div class=\"cta-contenido\">\r\n    <h2>\u00bfQuieres saber cu\u00e1nto vale tu piso?<\/h2>\r\n    <p>Calcula el valor de tu vivienda en menos de 2 minutos con nuestra\u00a0herramienta\u00a0online\u00a0gratuita.<\/p>\r\n    <a href=\"https:\/\/puntohabitat.es\/ca\/valoracio-online\/\" target=\"_blank\" class=\"cta-boton\">Valorar mi vivienda<\/a>\r\n  <\/div>\r\n<\/div>\r\n\r\n<style>\r\n  @import url('https:\/\/fonts.googleapis.com\/css2?family=Inter:wght@400;500&family=Playfair+Display:wght@500;700&display=swap');\r\n\r\n  .cta-valoracion {\r\n    background-color: #f9f7f4;\r\n    border-radius: 24px;\r\n    padding: 60px 40px;\r\n    text-align: center;\r\n    max-width: 900px;\r\n    margin: 80px auto;\r\n    font-family: 'Inter', sans-serif;\r\n  }\r\n\r\n  .cta-valoracion h2 {\r\n    font-family: 'Playfair Display', serif;\r\n    font-size: 34px;\r\n    font-weight: 700;\r\n    color: #2e2b28;\r\n    margin-bottom: 20px;\r\n  }\r\n\r\n  .cta-valoracion p {\r\n    font-size: 18px;\r\n    color: #4e453e;\r\n    margin-bottom: 32px;\r\n    line-height: 1.5;\r\n  }\r\n\r\n  .cta-boton {\r\n    display: inline-block;\r\n    color: #6e5c50;\r\n    border: 2px solid #6e5c50;\r\n    padding: 12px 24px;\r\n    border-radius: 8px;\r\n    font-weight: 500;\r\n    text-decoration: none;\r\n    font-size: 16px;\r\n    transition: all 0.3s ease;\r\n  }\r\n\r\n  .cta-boton:hover {\r\n    background-color: #6e5c50;\r\n    color: #fff;\r\n  }\r\n\r\n  @media (max-width: 768px) {\r\n    .cta-valoracion {\r\n      padding: 40px 20px;\r\n    }\r\n\r\n    .cta-valoracion h2 {\r\n      font-size: 26px;\r\n    }\r\n\r\n    .cta-valoracion p {\r\n      font-size: 16px;\r\n    }\r\n  }\r\n<\/style>\r\n\r\n\r\n\r\n\r\n   \t\t\t\t<\/div>\n\t\t\t\t<\/div>\n\t\t\t\t<div class=\"elementor-element elementor-element-be4ae20 elementor-widget elementor-widget-heading\" data-id=\"be4ae20\" data-element_type=\"widget\" data-e-type=\"widget\" data-widget_type=\"heading.default\">\n\t\t\t\t<div class=\"elementor-widget-container\">\n\t\t\t\t\t<h2 class=\"elementor-heading-title elementor-size-default\">Tamb\u00e9 et pot interessar<\/h2>\t\t\t\t<\/div>\n\t\t\t\t<\/div>\n\t\t\t\t<div class=\"elementor-element elementor-element-824b018 elementor-grid-1 elementor-posts--thumbnail-left elementor-grid-tablet-1 elementor-grid-mobile-1 elementor-widget elementor-widget-posts\" data-id=\"824b018\" data-element_type=\"widget\" data-e-type=\"widget\" data-settings=\"{&quot;classic_row_gap&quot;:{&quot;unit&quot;:&quot;px&quot;,&quot;size&quot;:&quot;20&quot;,&quot;sizes&quot;:[]},&quot;classic_columns&quot;:&quot;1&quot;,&quot;classic_columns_tablet&quot;:&quot;1&quot;,&quot;classic_columns_mobile&quot;:&quot;1&quot;,&quot;classic_row_gap_tablet&quot;:{&quot;unit&quot;:&quot;px&quot;,&quot;size&quot;:&quot;&quot;,&quot;sizes&quot;:[]},&quot;classic_row_gap_mobile&quot;:{&quot;unit&quot;:&quot;px&quot;,&quot;size&quot;:&quot;&quot;,&quot;sizes&quot;:[]}}\" data-widget_type=\"posts.classic\">\n\t\t\t\t<div class=\"elementor-widget-container\">\n\t\t\t\t\t\t\t<div class=\"elementor-posts-container elementor-posts elementor-posts--skin-classic elementor-grid\" role=\"list\">\n\t\t\t\t<article class=\"elementor-post elementor-grid-item post-91653 post type-post status-publish format-standard has-post-thumbnail hentry category-alquiler category-legal tag-immobiliaria-lloguer-barcelona tag-lloguer-barcelona\" role=\"listitem\">\n\t\t\t\t<a class=\"elementor-post__thumbnail__link\" href=\"https:\/\/puntohabitat.es\/ca\/llei-lloguer-temporal\/\" tabindex=\"-1\" target=&quot;_blank&quot;>\n\t\t\t<div class=\"elementor-post__thumbnail\"><img decoding=\"async\" width=\"300\" height=\"200\" src=\"https:\/\/puntohabitat.es\/wp-content\/uploads\/2025\/12\/Nueva-Ley-Alquiler-Temporal-Catalunya--300x200.webp\" class=\"attachment-medium size-medium wp-image-91483\" alt=\"Nueva Ley Alquiler Temporal Catalunya\" srcset=\"https:\/\/puntohabitat.es\/wp-content\/uploads\/2025\/12\/Nueva-Ley-Alquiler-Temporal-Catalunya--300x200.webp 300w, https:\/\/puntohabitat.es\/wp-content\/uploads\/2025\/12\/Nueva-Ley-Alquiler-Temporal-Catalunya--1024x683.webp 1024w, https:\/\/puntohabitat.es\/wp-content\/uploads\/2025\/12\/Nueva-Ley-Alquiler-Temporal-Catalunya--768x512.webp 768w, https:\/\/puntohabitat.es\/wp-content\/uploads\/2025\/12\/Nueva-Ley-Alquiler-Temporal-Catalunya--1170x785.webp 1170w, https:\/\/puntohabitat.es\/wp-content\/uploads\/2025\/12\/Nueva-Ley-Alquiler-Temporal-Catalunya--900x600.webp 900w, https:\/\/puntohabitat.es\/wp-content\/uploads\/2025\/12\/Nueva-Ley-Alquiler-Temporal-Catalunya--496x331.webp 496w, https:\/\/puntohabitat.es\/wp-content\/uploads\/2025\/12\/Nueva-Ley-Alquiler-Temporal-Catalunya-.webp 1200w\" sizes=\"(max-width: 300px) 100vw, 300px\" \/><\/div>\n\t\t<\/a>\n\t\t\t\t<div class=\"elementor-post__text\">\n\t\t\t\t<h5 class=\"elementor-post__title\">\n\t\t\t<a href=\"https:\/\/puntohabitat.es\/ca\/llei-lloguer-temporal\/\" target=&quot;_blank&quot;>\n\t\t\t\tLLei del lloguer temporal a Barcelona y Catalunya\t\t\t<\/a>\n\t\t<\/h5>\n\t\t\t\t<\/div>\n\t\t\t\t<\/article>\n\t\t\t\t<article class=\"elementor-post elementor-grid-item post-90481 post type-post status-publish format-standard has-post-thumbnail hentry category-venda category-viure-a-barcelona tag-barcelona-ca tag-valoracio-pis tag-vendre-pis tag-viure-a-barcelona\" role=\"listitem\">\n\t\t\t\t<a class=\"elementor-post__thumbnail__link\" href=\"https:\/\/puntohabitat.es\/ca\/bombolla-immobiliaria-barcelona-2025\/\" tabindex=\"-1\" target=&quot;_blank&quot;>\n\t\t\t<div class=\"elementor-post__thumbnail\"><img loading=\"lazy\" decoding=\"async\" width=\"300\" height=\"200\" src=\"https:\/\/puntohabitat.es\/wp-content\/uploads\/2025\/08\/20250822_1633_Barcelona-y-Burbuja-Inmobiliaria_simple_compose_01k3932jjyf0xvg8rnd9ck452r-300x200.webp\" class=\"attachment-medium size-medium wp-image-90357\" alt=\"Tr\u00e1mites vender piso Barcelona\" srcset=\"https:\/\/puntohabitat.es\/wp-content\/uploads\/2025\/08\/20250822_1633_Barcelona-y-Burbuja-Inmobiliaria_simple_compose_01k3932jjyf0xvg8rnd9ck452r-300x200.webp 300w, https:\/\/puntohabitat.es\/wp-content\/uploads\/2025\/08\/20250822_1633_Barcelona-y-Burbuja-Inmobiliaria_simple_compose_01k3932jjyf0xvg8rnd9ck452r-768x512.webp 768w, https:\/\/puntohabitat.es\/wp-content\/uploads\/2025\/08\/20250822_1633_Barcelona-y-Burbuja-Inmobiliaria_simple_compose_01k3932jjyf0xvg8rnd9ck452r-1024x683.webp 1024w, https:\/\/puntohabitat.es\/wp-content\/uploads\/2025\/08\/20250822_1633_Barcelona-y-Burbuja-Inmobiliaria_simple_compose_01k3932jjyf0xvg8rnd9ck452r-1170x785.webp 1170w, https:\/\/puntohabitat.es\/wp-content\/uploads\/2025\/08\/20250822_1633_Barcelona-y-Burbuja-Inmobiliaria_simple_compose_01k3932jjyf0xvg8rnd9ck452r-900x600.webp 900w, https:\/\/puntohabitat.es\/wp-content\/uploads\/2025\/08\/20250822_1633_Barcelona-y-Burbuja-Inmobiliaria_simple_compose_01k3932jjyf0xvg8rnd9ck452r-496x331.webp 496w, https:\/\/puntohabitat.es\/wp-content\/uploads\/2025\/08\/20250822_1633_Barcelona-y-Burbuja-Inmobiliaria_simple_compose_01k3932jjyf0xvg8rnd9ck452r.webp 1200w\" sizes=\"(max-width: 300px) 100vw, 300px\" \/><\/div>\n\t\t<\/a>\n\t\t\t\t<div class=\"elementor-post__text\">\n\t\t\t\t<h5 class=\"elementor-post__title\">\n\t\t\t<a href=\"https:\/\/puntohabitat.es\/ca\/bombolla-immobiliaria-barcelona-2025\/\" target=&quot;_blank&quot;>\n\t\t\t\tBarcelona viu una nova bombolla immobili\u00e0ria?\t\t\t<\/a>\n\t\t<\/h5>\n\t\t\t\t<\/div>\n\t\t\t\t<\/article>\n\t\t\t\t<article class=\"elementor-post elementor-grid-item post-89553 post type-post status-publish format-standard has-post-thumbnail hentry category-lloguer tag-immobiliaria-lloguer-barcelona tag-lloguer-barcelona\" role=\"listitem\">\n\t\t\t\t<a class=\"elementor-post__thumbnail__link\" href=\"https:\/\/puntohabitat.es\/ca\/com-actualitzar-la-renda-del-lloguer-el-2025\/\" tabindex=\"-1\" target=&quot;_blank&quot;>\n\t\t\t<div class=\"elementor-post__thumbnail\"><img loading=\"lazy\" decoding=\"async\" width=\"300\" height=\"200\" src=\"https:\/\/puntohabitat.es\/wp-content\/uploads\/2025\/08\/AdobeStock_325588734-300x200.webp\" class=\"attachment-medium size-medium wp-image-89525\" alt=\"\" srcset=\"https:\/\/puntohabitat.es\/wp-content\/uploads\/2025\/08\/AdobeStock_325588734-300x200.webp 300w, https:\/\/puntohabitat.es\/wp-content\/uploads\/2025\/08\/AdobeStock_325588734-768x512.webp 768w, https:\/\/puntohabitat.es\/wp-content\/uploads\/2025\/08\/AdobeStock_325588734-1024x683.webp 1024w, https:\/\/puntohabitat.es\/wp-content\/uploads\/2025\/08\/AdobeStock_325588734-1170x785.webp 1170w, https:\/\/puntohabitat.es\/wp-content\/uploads\/2025\/08\/AdobeStock_325588734-900x600.webp 900w, https:\/\/puntohabitat.es\/wp-content\/uploads\/2025\/08\/AdobeStock_325588734-496x331.webp 496w, https:\/\/puntohabitat.es\/wp-content\/uploads\/2025\/08\/AdobeStock_325588734.webp 1200w\" sizes=\"(max-width: 300px) 100vw, 300px\" \/><\/div>\n\t\t<\/a>\n\t\t\t\t<div class=\"elementor-post__text\">\n\t\t\t\t<h5 class=\"elementor-post__title\">\n\t\t\t<a href=\"https:\/\/puntohabitat.es\/ca\/com-actualitzar-la-renda-del-lloguer-el-2025\/\" target=&quot;_blank&quot;>\n\t\t\t\tCom actualitzar la renda del lloguer el 2025\t\t\t<\/a>\n\t\t<\/h5>\n\t\t\t\t<\/div>\n\t\t\t\t<\/article>\n\t\t\t\t<\/div>\n\t\t\n\t\t\t\t\t\t<\/div>\n\t\t\t\t<\/div>\n\t\t\t\t\t<\/div>\n\t\t<\/div>\n\t\t\t\t\t<\/div>\n\t\t<\/section>\n\t\t\t\t<section data-particle_enable=\"false\" data-particle-mobile-disabled=\"false\" class=\"elementor-section elementor-top-section elementor-element elementor-element-3542eda elementor-section-boxed elementor-section-height-default elementor-section-height-default\" data-id=\"3542eda\" data-element_type=\"section\" data-e-type=\"section\">\n\t\t\t\t\t\t<div class=\"elementor-container elementor-column-gap-default\">\n\t\t\t\t\t<div class=\"elementor-column elementor-col-50 elementor-top-column elementor-element elementor-element-6b2ffe5\" data-id=\"6b2ffe5\" data-element_type=\"column\" data-e-type=\"column\">\n\t\t\t<div class=\"elementor-widget-wrap elementor-element-populated\">\n\t\t\t\t\t\t<div class=\"elementor-element elementor-element-4e3b2e2 elementor-widget elementor-widget-image\" data-id=\"4e3b2e2\" data-element_type=\"widget\" data-e-type=\"widget\" data-widget_type=\"image.default\">\n\t\t\t\t<div class=\"elementor-widget-container\">\n\t\t\t\t\t\t\t\t\t\t\t\t\t\t\t<img loading=\"lazy\" decoding=\"async\" width=\"1024\" height=\"768\" src=\"https:\/\/puntohabitat.es\/wp-content\/uploads\/2025\/03\/Inmobiliaria-Barcelona-PUNTO-HABITAT-1024x768.jpg\" class=\"attachment-large size-large wp-image-85868\" alt=\"Inmobiliaria-Barcelona-PUNTO-HABITAT\" srcset=\"https:\/\/puntohabitat.es\/wp-content\/uploads\/2025\/03\/Inmobiliaria-Barcelona-PUNTO-HABITAT-1024x768.jpg 1024w, https:\/\/puntohabitat.es\/wp-content\/uploads\/2025\/03\/Inmobiliaria-Barcelona-PUNTO-HABITAT-300x225.jpg 300w, https:\/\/puntohabitat.es\/wp-content\/uploads\/2025\/03\/Inmobiliaria-Barcelona-PUNTO-HABITAT-768x576.jpg 768w, https:\/\/puntohabitat.es\/wp-content\/uploads\/2025\/03\/Inmobiliaria-Barcelona-PUNTO-HABITAT-592x444.jpg 592w, https:\/\/puntohabitat.es\/wp-content\/uploads\/2025\/03\/Inmobiliaria-Barcelona-PUNTO-HABITAT-584x438.jpg 584w, https:\/\/puntohabitat.es\/wp-content\/uploads\/2025\/03\/Inmobiliaria-Barcelona-PUNTO-HABITAT-800x600.jpg 800w, https:\/\/puntohabitat.es\/wp-content\/uploads\/2025\/03\/Inmobiliaria-Barcelona-PUNTO-HABITAT-120x90.jpg 120w, https:\/\/puntohabitat.es\/wp-content\/uploads\/2025\/03\/Inmobiliaria-Barcelona-PUNTO-HABITAT-496x372.jpg 496w, https:\/\/puntohabitat.es\/wp-content\/uploads\/2025\/03\/Inmobiliaria-Barcelona-PUNTO-HABITAT.jpg 1200w\" sizes=\"(max-width: 1024px) 100vw, 1024px\" \/>\t\t\t\t\t\t\t\t\t\t\t\t\t\t\t<\/div>\n\t\t\t\t<\/div>\n\t\t\t\t\t<\/div>\n\t\t<\/div>\n\t\t\t\t<div class=\"elementor-column elementor-col-50 elementor-top-column elementor-element elementor-element-b46fc12\" data-id=\"b46fc12\" data-element_type=\"column\" data-e-type=\"column\">\n\t\t\t<div class=\"elementor-widget-wrap elementor-element-populated\">\n\t\t\t\t\t\t<div class=\"elementor-element elementor-element-ffa08a3 elementor-widget elementor-widget-image\" data-id=\"ffa08a3\" data-element_type=\"widget\" data-e-type=\"widget\" data-widget_type=\"image.default\">\n\t\t\t\t<div class=\"elementor-widget-container\">\n\t\t\t\t\t\t\t\t\t\t\t\t\t\t\t\t<a href=\"https:\/\/puntohabitat.es\/\">\n\t\t\t\t\t\t\t<img loading=\"lazy\" decoding=\"async\" width=\"300\" height=\"20\" src=\"https:\/\/puntohabitat.es\/wp-content\/uploads\/2022\/05\/logo-web-transparente-e1662796605608-300x20.png\" class=\"attachment-medium size-medium wp-image-67886\" alt=\"\" srcset=\"https:\/\/puntohabitat.es\/wp-content\/uploads\/2022\/05\/logo-web-transparente-e1662796605608-300x20.png 300w, https:\/\/puntohabitat.es\/wp-content\/uploads\/2022\/05\/logo-web-transparente-e1662796605608-1024x70.png 1024w, https:\/\/puntohabitat.es\/wp-content\/uploads\/2022\/05\/logo-web-transparente-e1662796605608-768x52.png 768w, https:\/\/puntohabitat.es\/wp-content\/uploads\/2022\/05\/logo-web-transparente-e1662796605608-1536x104.png 1536w, https:\/\/puntohabitat.es\/wp-content\/uploads\/2022\/05\/logo-web-transparente-e1662796605608-2048x139.png 2048w, https:\/\/puntohabitat.es\/wp-content\/uploads\/2022\/05\/logo-web-transparente-e1662796605608-150x10.png 150w, https:\/\/puntohabitat.es\/wp-content\/uploads\/2022\/05\/logo-web-transparente-e1662796605608-350x24.png 350w, https:\/\/puntohabitat.es\/wp-content\/uploads\/2022\/05\/logo-web-transparente-e1662796605608-320x22.png 320w, https:\/\/puntohabitat.es\/wp-content\/uploads\/2022\/05\/logo-web-transparente-e1662796605608-480x33.png 480w, https:\/\/puntohabitat.es\/wp-content\/uploads\/2022\/05\/logo-web-transparente-e1662796605608-800x54.png 800w\" sizes=\"(max-width: 300px) 100vw, 300px\" \/>\t\t\t\t\t\t\t\t<\/a>\n\t\t\t\t\t\t\t\t\t\t\t\t\t\t\t<\/div>\n\t\t\t\t<\/div>\n\t\t\t\t<div class=\"elementor-element elementor-element-d6033a5 elementor-widget elementor-widget-text-editor\" data-id=\"d6033a5\" data-element_type=\"widget\" data-e-type=\"widget\" data-widget_type=\"text-editor.default\">\n\t\t\t\t<div class=\"elementor-widget-container\">\n\t\t\t\t\t\t\t\t\t<p><strong>Confian\u00e7a, experi\u00e8ncia i proximitat al mercat immobiliari de Barcelona.<\/strong><br \/>\nA \u00a0<a href=\"https:\/\/puntohabitat.es\/ca\">PUNTO HABITAT<\/a> fa m\u00e9s de 30 anys que ajudem propietaris com tu a vendre o llogar el seu habitatge amb seguretat i resultats. T&#8217;acompanyem durant tot el proc\u00e9s amb un servei transparent i adaptat a les teves necessitats.<\/p>\n\t\t\t\t\t\t\t\t<\/div>\n\t\t\t\t<\/div>\n\t\t\t\t\t<\/div>\n\t\t<\/div>\n\t\t\t\t\t<\/div>\n\t\t<\/section>\n\t\t\t\t<section data-particle_enable=\"false\" data-particle-mobile-disabled=\"false\" class=\"elementor-section elementor-top-section elementor-element elementor-element-5681f0b elementor-reverse-tablet elementor-reverse-mobile elementor-section-boxed elementor-section-height-default elementor-section-height-default\" data-id=\"5681f0b\" data-element_type=\"section\" data-e-type=\"section\">\n\t\t\t\t\t\t<div class=\"elementor-container elementor-column-gap-default\">\n\t\t\t\t\t<div class=\"elementor-column elementor-col-33 elementor-top-column elementor-element elementor-element-e50e901\" data-id=\"e50e901\" data-element_type=\"column\" data-e-type=\"column\">\n\t\t\t<div class=\"elementor-widget-wrap elementor-element-populated\">\n\t\t\t\t\t\t<div class=\"elementor-element elementor-element-6b040bb elementor-align-center elementor-widget elementor-widget-button\" data-id=\"6b040bb\" data-element_type=\"widget\" data-e-type=\"widget\" data-widget_type=\"button.default\">\n\t\t\t\t<div class=\"elementor-widget-container\">\n\t\t\t\t\t\t\t\t\t<div class=\"elementor-button-wrapper\">\n\t\t\t\t\t<a class=\"elementor-button elementor-button-link elementor-size-sm elementor-animation-grow\" href=\"https:\/\/puntohabitat.es\/ca\/vendre-el-teu-pis-a-barcelona\/\">\n\t\t\t\t\t\t<span class=\"elementor-button-content-wrapper\">\n\t\t\t\t\t\t\t\t\t<span class=\"elementor-button-text\">Vendre Pis<\/span>\n\t\t\t\t\t<\/span>\n\t\t\t\t\t<\/a>\n\t\t\t\t<\/div>\n\t\t\t\t\t\t\t\t<\/div>\n\t\t\t\t<\/div>\n\t\t\t\t\t<\/div>\n\t\t<\/div>\n\t\t\t\t<div class=\"elementor-column elementor-col-33 elementor-top-column elementor-element elementor-element-37bd8f7\" data-id=\"37bd8f7\" data-element_type=\"column\" data-e-type=\"column\">\n\t\t\t<div class=\"elementor-widget-wrap elementor-element-populated\">\n\t\t\t\t\t\t<div class=\"elementor-element elementor-element-1de89e8 elementor-align-center elementor-widget elementor-widget-button\" data-id=\"1de89e8\" data-element_type=\"widget\" data-e-type=\"widget\" data-widget_type=\"button.default\">\n\t\t\t\t<div class=\"elementor-widget-container\">\n\t\t\t\t\t\t\t\t\t<div class=\"elementor-button-wrapper\">\n\t\t\t\t\t<a class=\"elementor-button elementor-button-link elementor-size-sm elementor-animation-grow\" href=\"https:\/\/puntohabitat.es\/ca\/llogar-el-teu-pis-a-barcelona\/\">\n\t\t\t\t\t\t<span class=\"elementor-button-content-wrapper\">\n\t\t\t\t\t\t\t\t\t<span class=\"elementor-button-text\">Llogar el meu Pis<\/span>\n\t\t\t\t\t<\/span>\n\t\t\t\t\t<\/a>\n\t\t\t\t<\/div>\n\t\t\t\t\t\t\t\t<\/div>\n\t\t\t\t<\/div>\n\t\t\t\t\t<\/div>\n\t\t<\/div>\n\t\t\t\t<div class=\"elementor-column elementor-col-33 elementor-top-column elementor-element elementor-element-c4eb07d\" data-id=\"c4eb07d\" data-element_type=\"column\" data-e-type=\"column\">\n\t\t\t<div class=\"elementor-widget-wrap elementor-element-populated\">\n\t\t\t\t\t\t<div class=\"elementor-element elementor-element-38c419c elementor-align-center elementor-widget elementor-widget-button\" data-id=\"38c419c\" data-element_type=\"widget\" data-e-type=\"widget\" data-widget_type=\"button.default\">\n\t\t\t\t<div class=\"elementor-widget-container\">\n\t\t\t\t\t\t\t\t\t<div class=\"elementor-button-wrapper\">\n\t\t\t\t\t<a class=\"elementor-button elementor-button-link elementor-size-sm elementor-animation-grow\" href=\"https:\/\/puntohabitat.es\/ca\/gestio-de-lloguer\/\">\n\t\t\t\t\t\t<span class=\"elementor-button-content-wrapper\">\n\t\t\t\t\t\t\t\t\t<span class=\"elementor-button-text\">Gesti\u00f3 de Lloguer<\/span>\n\t\t\t\t\t<\/span>\n\t\t\t\t\t<\/a>\n\t\t\t\t<\/div>\n\t\t\t\t\t\t\t\t<\/div>\n\t\t\t\t<\/div>\n\t\t\t\t\t<\/div>\n\t\t<\/div>\n\t\t\t\t\t<\/div>\n\t\t<\/section>\n\t\t\t\t<section data-particle_enable=\"false\" data-particle-mobile-disabled=\"false\" class=\"elementor-section elementor-top-section elementor-element elementor-element-4bd99cd elementor-section-boxed elementor-section-height-default elementor-section-height-default\" data-id=\"4bd99cd\" data-element_type=\"section\" data-e-type=\"section\">\n\t\t\t\t\t\t<div class=\"elementor-container elementor-column-gap-default\">\n\t\t\t\t\t<div class=\"elementor-column elementor-col-33 elementor-top-column elementor-element elementor-element-cc18e53\" data-id=\"cc18e53\" data-element_type=\"column\" data-e-type=\"column\">\n\t\t\t<div class=\"elementor-widget-wrap elementor-element-populated\">\n\t\t\t\t\t\t<div class=\"elementor-element elementor-element-3d762d7 elementor-align-center elementor-widget elementor-widget-button\" data-id=\"3d762d7\" data-element_type=\"widget\" data-e-type=\"widget\" data-widget_type=\"button.default\">\n\t\t\t\t<div class=\"elementor-widget-container\">\n\t\t\t\t\t\t\t\t\t<div class=\"elementor-button-wrapper\">\n\t\t\t\t\t<a class=\"elementor-button elementor-button-link elementor-size-sm elementor-animation-grow\" href=\"https:\/\/puntohabitat.es\/ca\/pisos-venda-barcelona\/\">\n\t\t\t\t\t\t<span class=\"elementor-button-content-wrapper\">\n\t\t\t\t\t\t\t\t\t<span class=\"elementor-button-text\">Pisos Venda<\/span>\n\t\t\t\t\t<\/span>\n\t\t\t\t\t<\/a>\n\t\t\t\t<\/div>\n\t\t\t\t\t\t\t\t<\/div>\n\t\t\t\t<\/div>\n\t\t\t\t\t<\/div>\n\t\t<\/div>\n\t\t\t\t<div class=\"elementor-column elementor-col-33 elementor-top-column elementor-element elementor-element-4a20837\" data-id=\"4a20837\" data-element_type=\"column\" data-e-type=\"column\">\n\t\t\t<div class=\"elementor-widget-wrap elementor-element-populated\">\n\t\t\t\t\t\t<div class=\"elementor-element elementor-element-bdb44f9 elementor-align-center elementor-widget elementor-widget-button\" data-id=\"bdb44f9\" data-element_type=\"widget\" data-e-type=\"widget\" data-widget_type=\"button.default\">\n\t\t\t\t<div class=\"elementor-widget-container\">\n\t\t\t\t\t\t\t\t\t<div class=\"elementor-button-wrapper\">\n\t\t\t\t\t<a class=\"elementor-button elementor-button-link elementor-size-sm elementor-animation-grow\" href=\"https:\/\/puntohabitat.es\/ca\/propietats-en-lloguer\/\">\n\t\t\t\t\t\t<span class=\"elementor-button-content-wrapper\">\n\t\t\t\t\t\t\t\t\t<span class=\"elementor-button-text\">Pisos Lloguer<\/span>\n\t\t\t\t\t<\/span>\n\t\t\t\t\t<\/a>\n\t\t\t\t<\/div>\n\t\t\t\t\t\t\t\t<\/div>\n\t\t\t\t<\/div>\n\t\t\t\t\t<\/div>\n\t\t<\/div>\n\t\t\t\t<div class=\"elementor-column elementor-col-33 elementor-top-column elementor-element elementor-element-96ce16c\" data-id=\"96ce16c\" data-element_type=\"column\" data-e-type=\"column\">\n\t\t\t<div class=\"elementor-widget-wrap elementor-element-populated\">\n\t\t\t\t\t\t<div class=\"elementor-element elementor-element-2996860 elementor-align-center elementor-widget elementor-widget-button\" data-id=\"2996860\" data-element_type=\"widget\" data-e-type=\"widget\" data-widget_type=\"button.default\">\n\t\t\t\t<div class=\"elementor-widget-container\">\n\t\t\t\t\t\t\t\t\t<div class=\"elementor-button-wrapper\">\n\t\t\t\t\t<a class=\"elementor-button elementor-button-link elementor-size-sm elementor-animation-grow\" href=\"https:\/\/puntohabitat.es\/ca\/contacte\/\">\n\t\t\t\t\t\t<span class=\"elementor-button-content-wrapper\">\n\t\t\t\t\t\t\t\t\t<span class=\"elementor-button-text\">Contacte<\/span>\n\t\t\t\t\t<\/span>\n\t\t\t\t\t<\/a>\n\t\t\t\t<\/div>\n\t\t\t\t\t\t\t\t<\/div>\n\t\t\t\t<\/div>\n\t\t\t\t\t<\/div>\n\t\t<\/div>\n\t\t\t\t\t<\/div>\n\t\t<\/section>\n\t\t\t\t<\/div>\n\t\t","protected":false},"excerpt":{"rendered":"<p>Com calcular la plusv\u00e0lua si vens el teu pis a<\/p>\n","protected":false},"author":2,"featured_media":77774,"comment_status":"closed","ping_status":"closed","sticky":false,"template":"","format":"standard","meta":{"footnotes":""},"categories":[180],"tags":[190,195],"class_list":["post-77797","post","type-post","status-publish","format-standard","has-post-thumbnail","hentry","category-venda","tag-barcelona-ca","tag-viure-a-barcelona"],"yoast_head":"<!-- This site is optimized with the Yoast SEO plugin v27.5 - https:\/\/yoast.com\/product\/yoast-seo-wordpress\/ -->\n<title>Calcular la Plusv\u00e0lua Municipal a Barcelona | PUNTO HABITAT<\/title>\n<meta name=\"description\" content=\"Calcular la Plusv\u00e0lua Municipal a Barcelona. Vens el teu pis? Aqu\u00ed tens tota la informaci\u00f3 sobre els tr\u00e0mits per a liquidar la Plusv\u00e0lua.\" \/>\n<meta name=\"robots\" content=\"index, follow, max-snippet:-1, max-image-preview:large, max-video-preview:-1\" \/>\n<link rel=\"canonical\" href=\"https:\/\/puntohabitat.es\/ca\/calcular-la-plusvalua-municipal-a-barcelona\/\" \/>\n<meta property=\"og:locale\" content=\"ca_ES\" \/>\n<meta property=\"og:type\" content=\"article\" \/>\n<meta property=\"og:title\" content=\"Calcular la Plusv\u00e0lua Municipal a Barcelona | PUNTO HABITAT\" \/>\n<meta property=\"og:description\" content=\"Calcular la Plusv\u00e0lua Municipal a Barcelona. Vens el teu pis? Aqu\u00ed tens tota la informaci\u00f3 sobre els tr\u00e0mits per a liquidar la Plusv\u00e0lua.\" \/>\n<meta property=\"og:url\" content=\"https:\/\/puntohabitat.es\/ca\/calcular-la-plusvalua-municipal-a-barcelona\/\" \/>\n<meta property=\"og:site_name\" content=\"PUNTO HABITAT\" \/>\n<meta property=\"article:publisher\" content=\"https:\/\/www.facebook.com\/puntohabitat\" \/>\n<meta property=\"article:author\" content=\"https:\/\/www.facebook.com\/puntohabitat\/\" \/>\n<meta property=\"article:published_time\" content=\"2024-06-01T06:36:25+00:00\" \/>\n<meta property=\"article:modified_time\" content=\"2025-04-02T08:21:55+00:00\" \/>\n<meta property=\"og:image\" content=\"https:\/\/puntohabitat.es\/wp-content\/uploads\/2024\/06\/Calcular-la-Plusvalia-Municipal-en-Barcelona.-.png\" \/>\n\t<meta property=\"og:image:width\" content=\"894\" \/>\n\t<meta property=\"og:image:height\" content=\"504\" \/>\n\t<meta property=\"og:image:type\" content=\"image\/png\" \/>\n<meta name=\"author\" content=\"PUNTO HABITAT\" \/>\n<meta name=\"twitter:card\" content=\"summary_large_image\" \/>\n<meta name=\"twitter:creator\" content=\"@https:\/\/twitter.com\/puntohabitat\" \/>\n<meta name=\"twitter:site\" content=\"@puntohabitat\" \/>\n<meta name=\"twitter:label1\" content=\"Escrit per\" \/>\n\t<meta name=\"twitter:data1\" content=\"PUNTO HABITAT\" \/>\n\t<meta name=\"twitter:label2\" content=\"Temps estimat de lectura\" \/>\n\t<meta name=\"twitter:data2\" content=\"4 minuts\" \/>\n<script type=\"application\/ld+json\" class=\"yoast-schema-graph\">{\"@context\":\"https:\\\/\\\/schema.org\",\"@graph\":[{\"@type\":\"Article\",\"@id\":\"https:\\\/\\\/puntohabitat.es\\\/ca\\\/calcular-la-plusvalua-municipal-a-barcelona\\\/#article\",\"isPartOf\":{\"@id\":\"https:\\\/\\\/puntohabitat.es\\\/ca\\\/calcular-la-plusvalua-municipal-a-barcelona\\\/\"},\"author\":{\"name\":\"PUNTO HABITAT\",\"@id\":\"https:\\\/\\\/puntohabitat.es\\\/ca\\\/#\\\/schema\\\/person\\\/940c5335a3c27822cf280cc5edbe208f\"},\"headline\":\"Calcular la Plusv\u00e0lua Municipal a Barcelona\",\"datePublished\":\"2024-06-01T06:36:25+00:00\",\"dateModified\":\"2025-04-02T08:21:55+00:00\",\"mainEntityOfPage\":{\"@id\":\"https:\\\/\\\/puntohabitat.es\\\/ca\\\/calcular-la-plusvalua-municipal-a-barcelona\\\/\"},\"wordCount\":845,\"publisher\":{\"@id\":\"https:\\\/\\\/puntohabitat.es\\\/ca\\\/#organization\"},\"image\":{\"@id\":\"https:\\\/\\\/puntohabitat.es\\\/ca\\\/calcular-la-plusvalua-municipal-a-barcelona\\\/#primaryimage\"},\"thumbnailUrl\":\"https:\\\/\\\/puntohabitat.es\\\/wp-content\\\/uploads\\\/2024\\\/06\\\/Calcular-la-Plusvalia-Municipal-en-Barcelona.-.png\",\"keywords\":[\"Barcelona\",\"Viure a Barcelona\"],\"articleSection\":[\"Venda\"],\"inLanguage\":\"ca\"},{\"@type\":\"WebPage\",\"@id\":\"https:\\\/\\\/puntohabitat.es\\\/ca\\\/calcular-la-plusvalua-municipal-a-barcelona\\\/\",\"url\":\"https:\\\/\\\/puntohabitat.es\\\/ca\\\/calcular-la-plusvalua-municipal-a-barcelona\\\/\",\"name\":\"Calcular la Plusv\u00e0lua Municipal a Barcelona | PUNTO HABITAT\",\"isPartOf\":{\"@id\":\"https:\\\/\\\/puntohabitat.es\\\/ca\\\/#website\"},\"primaryImageOfPage\":{\"@id\":\"https:\\\/\\\/puntohabitat.es\\\/ca\\\/calcular-la-plusvalua-municipal-a-barcelona\\\/#primaryimage\"},\"image\":{\"@id\":\"https:\\\/\\\/puntohabitat.es\\\/ca\\\/calcular-la-plusvalua-municipal-a-barcelona\\\/#primaryimage\"},\"thumbnailUrl\":\"https:\\\/\\\/puntohabitat.es\\\/wp-content\\\/uploads\\\/2024\\\/06\\\/Calcular-la-Plusvalia-Municipal-en-Barcelona.-.png\",\"datePublished\":\"2024-06-01T06:36:25+00:00\",\"dateModified\":\"2025-04-02T08:21:55+00:00\",\"description\":\"Calcular la Plusv\u00e0lua Municipal a Barcelona. Vens el teu pis? Aqu\u00ed tens tota la informaci\u00f3 sobre els tr\u00e0mits per a liquidar la Plusv\u00e0lua.\",\"breadcrumb\":{\"@id\":\"https:\\\/\\\/puntohabitat.es\\\/ca\\\/calcular-la-plusvalua-municipal-a-barcelona\\\/#breadcrumb\"},\"inLanguage\":\"ca\",\"potentialAction\":[{\"@type\":\"ReadAction\",\"target\":[\"https:\\\/\\\/puntohabitat.es\\\/ca\\\/calcular-la-plusvalua-municipal-a-barcelona\\\/\"]}]},{\"@type\":\"ImageObject\",\"inLanguage\":\"ca\",\"@id\":\"https:\\\/\\\/puntohabitat.es\\\/ca\\\/calcular-la-plusvalua-municipal-a-barcelona\\\/#primaryimage\",\"url\":\"https:\\\/\\\/puntohabitat.es\\\/wp-content\\\/uploads\\\/2024\\\/06\\\/Calcular-la-Plusvalia-Municipal-en-Barcelona.-.png\",\"contentUrl\":\"https:\\\/\\\/puntohabitat.es\\\/wp-content\\\/uploads\\\/2024\\\/06\\\/Calcular-la-Plusvalia-Municipal-en-Barcelona.-.png\",\"width\":894,\"height\":504,\"caption\":\"Calcular la Plusvali\u0301a Municipal en Barcelona.\"},{\"@type\":\"BreadcrumbList\",\"@id\":\"https:\\\/\\\/puntohabitat.es\\\/ca\\\/calcular-la-plusvalua-municipal-a-barcelona\\\/#breadcrumb\",\"itemListElement\":[{\"@type\":\"ListItem\",\"position\":1,\"name\":\"Inicio\",\"item\":\"https:\\\/\\\/puntohabitat.es\\\/ca\\\/\"},{\"@type\":\"ListItem\",\"position\":2,\"name\":\"Calcular la Plusv\u00e0lua Municipal a Barcelona\"}]},{\"@type\":\"WebSite\",\"@id\":\"https:\\\/\\\/puntohabitat.es\\\/ca\\\/#website\",\"url\":\"https:\\\/\\\/puntohabitat.es\\\/ca\\\/\",\"name\":\"PUNTO HABITAT\",\"description\":\"Inmobiliaria Barcelona | Venta y alquiler de pisos Barcelona | Gesti\u00f3n de alquiler\",\"publisher\":{\"@id\":\"https:\\\/\\\/puntohabitat.es\\\/ca\\\/#organization\"},\"potentialAction\":[{\"@type\":\"SearchAction\",\"target\":{\"@type\":\"EntryPoint\",\"urlTemplate\":\"https:\\\/\\\/puntohabitat.es\\\/ca\\\/?s={search_term_string}\"},\"query-input\":{\"@type\":\"PropertyValueSpecification\",\"valueRequired\":true,\"valueName\":\"search_term_string\"}}],\"inLanguage\":\"ca\"},{\"@type\":\"Organization\",\"@id\":\"https:\\\/\\\/puntohabitat.es\\\/ca\\\/#organization\",\"name\":\"PUNTO HABITAT\",\"url\":\"https:\\\/\\\/puntohabitat.es\\\/ca\\\/\",\"logo\":{\"@type\":\"ImageObject\",\"inLanguage\":\"ca\",\"@id\":\"https:\\\/\\\/puntohabitat.es\\\/ca\\\/#\\\/schema\\\/logo\\\/image\\\/\",\"url\":\"https:\\\/\\\/puntohabitat.es\\\/wp-content\\\/uploads\\\/2022\\\/06\\\/icono-apple-ipad-retina.jpg\",\"contentUrl\":\"https:\\\/\\\/puntohabitat.es\\\/wp-content\\\/uploads\\\/2022\\\/06\\\/icono-apple-ipad-retina.jpg\",\"width\":145,\"height\":145,\"caption\":\"PUNTO HABITAT\"},\"image\":{\"@id\":\"https:\\\/\\\/puntohabitat.es\\\/ca\\\/#\\\/schema\\\/logo\\\/image\\\/\"},\"sameAs\":[\"https:\\\/\\\/www.facebook.com\\\/puntohabitat\",\"https:\\\/\\\/x.com\\\/puntohabitat\",\"https:\\\/\\\/www.instagram.com\\\/puntohabitat\\\/\",\"https:\\\/\\\/www.linkedin.com\\\/in\\\/puntohabitat\\\/\",\"https:\\\/\\\/www.youtube.com\\\/c\\\/puntohabitatinmobiliariaBarcelona\",\"https:\\\/\\\/www.tiktok.com\\\/@puntohabitat\"]},{\"@type\":\"Person\",\"@id\":\"https:\\\/\\\/puntohabitat.es\\\/ca\\\/#\\\/schema\\\/person\\\/940c5335a3c27822cf280cc5edbe208f\",\"name\":\"PUNTO HABITAT\",\"description\":\"PUNTO HABITAT | Inmobiliaria Barcelona | 1995 Servicio personalizado en la gesti\u00f3n de venta y alquiler de inmuebles.\",\"sameAs\":[\"https:\\\/\\\/puntohabitat.es\",\"https:\\\/\\\/www.facebook.com\\\/puntohabitat\\\/\",\"https:\\\/\\\/www.instagram.com\\\/puntohabitat\\\/\",\"https:\\\/\\\/es.linkedin.com\\\/in\\\/puntohabitat\",\"https:\\\/\\\/www.pinterest.es\\\/puntohabitat\\\/\",\"https:\\\/\\\/x.com\\\/https:\\\/\\\/twitter.com\\\/puntohabitat\",\"https:\\\/\\\/www.youtube.com\\\/c\\\/puntohabitatinmobiliariaBarcelona\"]}]}<\/script>\n<!-- \/ Yoast SEO plugin. -->","yoast_head_json":{"title":"Calcular la Plusv\u00e0lua Municipal a Barcelona | PUNTO HABITAT","description":"Calcular la Plusv\u00e0lua Municipal a Barcelona. Vens el teu pis? Aqu\u00ed tens tota la informaci\u00f3 sobre els tr\u00e0mits per a liquidar la Plusv\u00e0lua.","robots":{"index":"index","follow":"follow","max-snippet":"max-snippet:-1","max-image-preview":"max-image-preview:large","max-video-preview":"max-video-preview:-1"},"canonical":"https:\/\/puntohabitat.es\/ca\/calcular-la-plusvalua-municipal-a-barcelona\/","og_locale":"ca_ES","og_type":"article","og_title":"Calcular la Plusv\u00e0lua Municipal a Barcelona | PUNTO HABITAT","og_description":"Calcular la Plusv\u00e0lua Municipal a Barcelona. Vens el teu pis? Aqu\u00ed tens tota la informaci\u00f3 sobre els tr\u00e0mits per a liquidar la Plusv\u00e0lua.","og_url":"https:\/\/puntohabitat.es\/ca\/calcular-la-plusvalua-municipal-a-barcelona\/","og_site_name":"PUNTO HABITAT","article_publisher":"https:\/\/www.facebook.com\/puntohabitat","article_author":"https:\/\/www.facebook.com\/puntohabitat\/","article_published_time":"2024-06-01T06:36:25+00:00","article_modified_time":"2025-04-02T08:21:55+00:00","og_image":[{"width":894,"height":504,"url":"https:\/\/puntohabitat.es\/wp-content\/uploads\/2024\/06\/Calcular-la-Plusvalia-Municipal-en-Barcelona.-.png","type":"image\/png"}],"author":"PUNTO HABITAT","twitter_card":"summary_large_image","twitter_creator":"@https:\/\/twitter.com\/puntohabitat","twitter_site":"@puntohabitat","twitter_misc":{"Escrit per":"PUNTO HABITAT","Temps estimat de lectura":"4 minuts"},"schema":{"@context":"https:\/\/schema.org","@graph":[{"@type":"Article","@id":"https:\/\/puntohabitat.es\/ca\/calcular-la-plusvalua-municipal-a-barcelona\/#article","isPartOf":{"@id":"https:\/\/puntohabitat.es\/ca\/calcular-la-plusvalua-municipal-a-barcelona\/"},"author":{"name":"PUNTO HABITAT","@id":"https:\/\/puntohabitat.es\/ca\/#\/schema\/person\/940c5335a3c27822cf280cc5edbe208f"},"headline":"Calcular la Plusv\u00e0lua Municipal a Barcelona","datePublished":"2024-06-01T06:36:25+00:00","dateModified":"2025-04-02T08:21:55+00:00","mainEntityOfPage":{"@id":"https:\/\/puntohabitat.es\/ca\/calcular-la-plusvalua-municipal-a-barcelona\/"},"wordCount":845,"publisher":{"@id":"https:\/\/puntohabitat.es\/ca\/#organization"},"image":{"@id":"https:\/\/puntohabitat.es\/ca\/calcular-la-plusvalua-municipal-a-barcelona\/#primaryimage"},"thumbnailUrl":"https:\/\/puntohabitat.es\/wp-content\/uploads\/2024\/06\/Calcular-la-Plusvalia-Municipal-en-Barcelona.-.png","keywords":["Barcelona","Viure a Barcelona"],"articleSection":["Venda"],"inLanguage":"ca"},{"@type":"WebPage","@id":"https:\/\/puntohabitat.es\/ca\/calcular-la-plusvalua-municipal-a-barcelona\/","url":"https:\/\/puntohabitat.es\/ca\/calcular-la-plusvalua-municipal-a-barcelona\/","name":"Calcular la Plusv\u00e0lua Municipal a Barcelona | PUNTO HABITAT","isPartOf":{"@id":"https:\/\/puntohabitat.es\/ca\/#website"},"primaryImageOfPage":{"@id":"https:\/\/puntohabitat.es\/ca\/calcular-la-plusvalua-municipal-a-barcelona\/#primaryimage"},"image":{"@id":"https:\/\/puntohabitat.es\/ca\/calcular-la-plusvalua-municipal-a-barcelona\/#primaryimage"},"thumbnailUrl":"https:\/\/puntohabitat.es\/wp-content\/uploads\/2024\/06\/Calcular-la-Plusvalia-Municipal-en-Barcelona.-.png","datePublished":"2024-06-01T06:36:25+00:00","dateModified":"2025-04-02T08:21:55+00:00","description":"Calcular la Plusv\u00e0lua Municipal a Barcelona. Vens el teu pis? Aqu\u00ed tens tota la informaci\u00f3 sobre els tr\u00e0mits per a liquidar la Plusv\u00e0lua.","breadcrumb":{"@id":"https:\/\/puntohabitat.es\/ca\/calcular-la-plusvalua-municipal-a-barcelona\/#breadcrumb"},"inLanguage":"ca","potentialAction":[{"@type":"ReadAction","target":["https:\/\/puntohabitat.es\/ca\/calcular-la-plusvalua-municipal-a-barcelona\/"]}]},{"@type":"ImageObject","inLanguage":"ca","@id":"https:\/\/puntohabitat.es\/ca\/calcular-la-plusvalua-municipal-a-barcelona\/#primaryimage","url":"https:\/\/puntohabitat.es\/wp-content\/uploads\/2024\/06\/Calcular-la-Plusvalia-Municipal-en-Barcelona.-.png","contentUrl":"https:\/\/puntohabitat.es\/wp-content\/uploads\/2024\/06\/Calcular-la-Plusvalia-Municipal-en-Barcelona.-.png","width":894,"height":504,"caption":"Calcular la Plusvali\u0301a Municipal en Barcelona."},{"@type":"BreadcrumbList","@id":"https:\/\/puntohabitat.es\/ca\/calcular-la-plusvalua-municipal-a-barcelona\/#breadcrumb","itemListElement":[{"@type":"ListItem","position":1,"name":"Inicio","item":"https:\/\/puntohabitat.es\/ca\/"},{"@type":"ListItem","position":2,"name":"Calcular la Plusv\u00e0lua Municipal a Barcelona"}]},{"@type":"WebSite","@id":"https:\/\/puntohabitat.es\/ca\/#website","url":"https:\/\/puntohabitat.es\/ca\/","name":"PUNTO HABITAT","description":"Inmobiliaria Barcelona | Venta y alquiler de pisos Barcelona | Gesti\u00f3n de alquiler","publisher":{"@id":"https:\/\/puntohabitat.es\/ca\/#organization"},"potentialAction":[{"@type":"SearchAction","target":{"@type":"EntryPoint","urlTemplate":"https:\/\/puntohabitat.es\/ca\/?s={search_term_string}"},"query-input":{"@type":"PropertyValueSpecification","valueRequired":true,"valueName":"search_term_string"}}],"inLanguage":"ca"},{"@type":"Organization","@id":"https:\/\/puntohabitat.es\/ca\/#organization","name":"PUNTO HABITAT","url":"https:\/\/puntohabitat.es\/ca\/","logo":{"@type":"ImageObject","inLanguage":"ca","@id":"https:\/\/puntohabitat.es\/ca\/#\/schema\/logo\/image\/","url":"https:\/\/puntohabitat.es\/wp-content\/uploads\/2022\/06\/icono-apple-ipad-retina.jpg","contentUrl":"https:\/\/puntohabitat.es\/wp-content\/uploads\/2022\/06\/icono-apple-ipad-retina.jpg","width":145,"height":145,"caption":"PUNTO HABITAT"},"image":{"@id":"https:\/\/puntohabitat.es\/ca\/#\/schema\/logo\/image\/"},"sameAs":["https:\/\/www.facebook.com\/puntohabitat","https:\/\/x.com\/puntohabitat","https:\/\/www.instagram.com\/puntohabitat\/","https:\/\/www.linkedin.com\/in\/puntohabitat\/","https:\/\/www.youtube.com\/c\/puntohabitatinmobiliariaBarcelona","https:\/\/www.tiktok.com\/@puntohabitat"]},{"@type":"Person","@id":"https:\/\/puntohabitat.es\/ca\/#\/schema\/person\/940c5335a3c27822cf280cc5edbe208f","name":"PUNTO HABITAT","description":"PUNTO HABITAT | Inmobiliaria Barcelona | 1995 Servicio personalizado en la gesti\u00f3n de venta y alquiler de inmuebles.","sameAs":["https:\/\/puntohabitat.es","https:\/\/www.facebook.com\/puntohabitat\/","https:\/\/www.instagram.com\/puntohabitat\/","https:\/\/es.linkedin.com\/in\/puntohabitat","https:\/\/www.pinterest.es\/puntohabitat\/","https:\/\/x.com\/https:\/\/twitter.com\/puntohabitat","https:\/\/www.youtube.com\/c\/puntohabitatinmobiliariaBarcelona"]}]}},"_links":{"self":[{"href":"https:\/\/puntohabitat.es\/ca\/wp-json\/wp\/v2\/posts\/77797","targetHints":{"allow":["GET"]}}],"collection":[{"href":"https:\/\/puntohabitat.es\/ca\/wp-json\/wp\/v2\/posts"}],"about":[{"href":"https:\/\/puntohabitat.es\/ca\/wp-json\/wp\/v2\/types\/post"}],"author":[{"embeddable":true,"href":"https:\/\/puntohabitat.es\/ca\/wp-json\/wp\/v2\/users\/2"}],"replies":[{"embeddable":true,"href":"https:\/\/puntohabitat.es\/ca\/wp-json\/wp\/v2\/comments?post=77797"}],"version-history":[{"count":0,"href":"https:\/\/puntohabitat.es\/ca\/wp-json\/wp\/v2\/posts\/77797\/revisions"}],"wp:featuredmedia":[{"embeddable":true,"href":"https:\/\/puntohabitat.es\/ca\/wp-json\/wp\/v2\/media\/77774"}],"wp:attachment":[{"href":"https:\/\/puntohabitat.es\/ca\/wp-json\/wp\/v2\/media?parent=77797"}],"wp:term":[{"taxonomy":"category","embeddable":true,"href":"https:\/\/puntohabitat.es\/ca\/wp-json\/wp\/v2\/categories?post=77797"},{"taxonomy":"post_tag","embeddable":true,"href":"https:\/\/puntohabitat.es\/ca\/wp-json\/wp\/v2\/tags?post=77797"}],"curies":[{"name":"wp","href":"https:\/\/api.w.org\/{rel}","templated":true}]}}