{"id":81640,"date":"2024-12-20T12:13:29","date_gmt":"2024-12-20T11:13:29","guid":{"rendered":"https:\/\/puntohabitat.es\/nou-index-actualitzacio-lloguer-2025\/"},"modified":"2024-12-22T08:39:50","modified_gmt":"2024-12-22T07:39:50","slug":"nou-index-actualitzacio-lloguer-2025","status":"publish","type":"post","link":"https:\/\/puntohabitat.es\/ca\/nou-index-actualitzacio-lloguer-2025\/","title":{"rendered":"Nou Index Actualitzaci\u00f3 Lloguer 2025"},"content":{"rendered":"\t\t<div data-elementor-type=\"wp-post\" data-elementor-id=\"81640\" class=\"elementor elementor-81640 elementor-81607\" data-elementor-post-type=\"post\">\n\t\t\t\t\t\t<section data-particle_enable=\"false\" data-particle-mobile-disabled=\"false\" class=\"elementor-section elementor-top-section elementor-element elementor-element-8c51f67 elementor-section-boxed elementor-section-height-default elementor-section-height-default\" data-id=\"8c51f67\" data-element_type=\"section\" data-e-type=\"section\">\n\t\t\t\t\t\t<div class=\"elementor-container elementor-column-gap-default\">\n\t\t\t\t\t<div class=\"elementor-column elementor-col-100 elementor-top-column elementor-element elementor-element-a6654bc\" data-id=\"a6654bc\" data-element_type=\"column\" data-e-type=\"column\">\n\t\t\t<div class=\"elementor-widget-wrap elementor-element-populated\">\n\t\t\t\t\t\t<div class=\"elementor-element elementor-element-6c32e25 elementor-widget elementor-widget-heading\" data-id=\"6c32e25\" data-element_type=\"widget\" data-e-type=\"widget\" data-widget_type=\"heading.default\">\n\t\t\t\t<div class=\"elementor-widget-container\">\n\t\t\t\t\t<h2 class=\"elementor-heading-title elementor-size-default\">Publicaci\u00f3 de l'\u00cdndex d'Actualitzaci\u00f3 de Lloguers pel 2025<\/h2>\t\t\t\t<\/div>\n\t\t\t\t<\/div>\n\t\t\t\t<div class=\"elementor-element elementor-element-a0ab7e5 elementor-widget elementor-widget-text-editor\" data-id=\"a0ab7e5\" data-element_type=\"widget\" data-e-type=\"widget\" data-widget_type=\"text-editor.default\">\n\t\t\t\t<div class=\"elementor-widget-container\">\n\t\t\t\t\t\t\t\t\t<p>Nou Index Actualitzaci\u00f3 Lloguer 2025: avui \u00e9s un dia clau per al sector immobiliari a Espanya.<\/p>\n<p>L&#8217;Institut Nacional d&#8217;Estad\u00edstica ha publicat avui 20 de desembre l&#8217;esperat \u00edndex d&#8217;actualitzaci\u00f3 dels lloguers per al 2025, una not\u00edcia que impactar\u00e0 directament a propietaris i llogaters, especialment en mercats tan din\u00e0mics com el de Barcelona.<\/p>\n<p>A PUNTO HABITAT, com experts en el mercat immobiliari barcelon\u00ed, t&#8217;oferim un an\u00e0lisi detallat i professional sobre aquest nou \u00edndex, explicant les seves implicacions i com afectar\u00e0 a les rendes del lloguer de la ciutat Comtal i la resta del pa\u00eds.<\/p>\n\t\t\t\t\t\t\t\t<\/div>\n\t\t\t\t<\/div>\n\t\t\t\t<div class=\"elementor-element elementor-element-c3ad71e elementor-widget elementor-widget-heading\" data-id=\"c3ad71e\" data-element_type=\"widget\" data-e-type=\"widget\" data-widget_type=\"heading.default\">\n\t\t\t\t<div class=\"elementor-widget-container\">\n\t\t\t\t\t<h2 class=\"elementor-heading-title elementor-size-default\">Index del Lloguer 2025: precedents<\/h2>\t\t\t\t<\/div>\n\t\t\t\t<\/div>\n\t\t\t\t<div class=\"elementor-element elementor-element-8b39d32 elementor-widget elementor-widget-text-editor\" data-id=\"8b39d32\" data-element_type=\"widget\" data-e-type=\"widget\" data-widget_type=\"text-editor.default\">\n\t\t\t\t<div class=\"elementor-widget-container\">\n\t\t\t\t\t\t\t\t\t<p>Durant els darrers anys, l&#8217;actualitzaci\u00f3 de les rendes del lloguer ha estat un tema de debat constant. La utilitzaci\u00f3 de l&#8217;Index de Preus al Consum (IPC) com a principal refer\u00e8ncia ha estat objecte de debat, especialment a partir de la situaci\u00f3 geopol\u00edtica generada a partir de la guerra a Ucra\u00efna. Aquest augment exponencial sumat a la volabilitat de l&#8217;IPC ha generat incertesa per a propietaris i llogaters. Amb la publicaci\u00f3 d&#8217;aquest nou \u00edndex, el legislador busca proporcionar major estabilitat i predictibilitat a les rendes del mercat del lloguer.<\/p>\n<p>En aquest article, t&#8217;oferim tota l&#8217;informaci\u00f3, tant per a propietaris com per a llogaters, per a que realitzis correctament la revisi\u00f3 de la renda durant l&#8217;any 2025.<\/p>\n\t\t\t\t\t\t\t\t<\/div>\n\t\t\t\t<\/div>\n\t\t\t\t<div class=\"elementor-element elementor-element-af31f16 elementor-widget elementor-widget-image\" data-id=\"af31f16\" data-element_type=\"widget\" data-e-type=\"widget\" data-widget_type=\"image.default\">\n\t\t\t\t<div class=\"elementor-widget-container\">\n\t\t\t\t\t\t\t\t\t\t\t\t\t\t\t<img fetchpriority=\"high\" decoding=\"async\" width=\"1000\" height=\"667\" src=\"https:\/\/puntohabitat.es\/wp-content\/uploads\/2024\/12\/Nuevo-Indice-Actualizacion-Alquiler-2025-.jpeg\" class=\"attachment-large size-large wp-image-81613\" alt=\"Nuevo Indice Actualizaci\u00f3n Alquiler 2025\" srcset=\"https:\/\/puntohabitat.es\/wp-content\/uploads\/2024\/12\/Nuevo-Indice-Actualizacion-Alquiler-2025-.jpeg 1000w, https:\/\/puntohabitat.es\/wp-content\/uploads\/2024\/12\/Nuevo-Indice-Actualizacion-Alquiler-2025--300x200.jpeg 300w, https:\/\/puntohabitat.es\/wp-content\/uploads\/2024\/12\/Nuevo-Indice-Actualizacion-Alquiler-2025--768x512.jpeg 768w, https:\/\/puntohabitat.es\/wp-content\/uploads\/2024\/12\/Nuevo-Indice-Actualizacion-Alquiler-2025--900x600.jpeg 900w, https:\/\/puntohabitat.es\/wp-content\/uploads\/2024\/12\/Nuevo-Indice-Actualizacion-Alquiler-2025--496x331.jpeg 496w\" sizes=\"(max-width: 1000px) 100vw, 1000px\" \/>\t\t\t\t\t\t\t\t\t\t\t\t\t\t\t<\/div>\n\t\t\t\t<\/div>\n\t\t\t\t\t<\/div>\n\t\t<\/div>\n\t\t\t\t\t<\/div>\n\t\t<\/section>\n\t\t\t\t<section data-particle_enable=\"false\" data-particle-mobile-disabled=\"false\" class=\"elementor-section elementor-top-section elementor-element elementor-element-e7fd906 elementor-section-boxed elementor-section-height-default elementor-section-height-default\" data-id=\"e7fd906\" data-element_type=\"section\" data-e-type=\"section\">\n\t\t\t\t\t\t<div class=\"elementor-container elementor-column-gap-default\">\n\t\t\t\t\t<div class=\"elementor-column elementor-col-100 elementor-top-column elementor-element elementor-element-9ea9af3\" data-id=\"9ea9af3\" data-element_type=\"column\" data-e-type=\"column\">\n\t\t\t<div class=\"elementor-widget-wrap elementor-element-populated\">\n\t\t\t\t\t\t<div class=\"elementor-element elementor-element-f4e47da elementor-widget elementor-widget-heading\" data-id=\"f4e47da\" data-element_type=\"widget\" data-e-type=\"widget\" data-widget_type=\"heading.default\">\n\t\t\t\t<div class=\"elementor-widget-container\">\n\t\t\t\t\t<h2 class=\"elementor-heading-title elementor-size-default\">En qu\u00e8 consisteix el nou \u00edndex d'Actualitzaci\u00f3 de Lloguers?<\/h2>\t\t\t\t<\/div>\n\t\t\t\t<\/div>\n\t\t\t\t<div class=\"elementor-element elementor-element-4fe359d elementor-widget elementor-widget-text-editor\" data-id=\"4fe359d\" data-element_type=\"widget\" data-e-type=\"widget\" data-widget_type=\"text-editor.default\">\n\t\t\t\t<div class=\"elementor-widget-container\">\n\t\t\t\t\t\t\t\t\t<p>El nou Index d&#8217;Actualitzaci\u00f3 dels Lloguers, publicat avui al BOE, representa un canvi significatiu en la forma en qu\u00e8 s&#8217;ajustaran les rendes a partir del proper any. A difer\u00e8ncia del sistema anterior, que es basava en l&#8217;IPC, aquest nou index busca reflectir de manera m\u00e9s precisa l&#8217;evoluci\u00f3 del mercat del lloguer, evitant l&#8217;influ\u00e8ncia de factors externs que l&#8217;afecten.<\/p>\n\t\t\t\t\t\t\t\t<\/div>\n\t\t\t\t<\/div>\n\t\t\t\t<div class=\"elementor-element elementor-element-160622c elementor-widget elementor-widget-heading\" data-id=\"160622c\" data-element_type=\"widget\" data-e-type=\"widget\" data-widget_type=\"heading.default\">\n\t\t\t\t<div class=\"elementor-widget-container\">\n\t\t\t\t\t<h3 class=\"elementor-heading-title elementor-size-default\">Metodologia per a calcular l'Actualitzaci\u00f3 de les Rendes del Lloguer el 2025: puntualitzacions pr\u00e8vies<\/h3>\t\t\t\t<\/div>\n\t\t\t\t<\/div>\n\t\t\t\t<div class=\"elementor-element elementor-element-142ee5c elementor-widget elementor-widget-text-editor\" data-id=\"142ee5c\" data-element_type=\"widget\" data-e-type=\"widget\" data-widget_type=\"text-editor.default\">\n\t\t\t\t<div class=\"elementor-widget-container\">\n\t\t\t\t\t\t\t\t\t<p>El primer lloc, \u00e9s important puntualitzar que el nou \u00edndex d&#8217;actualitzaci\u00f3 del lloguer <strong>NO aplicar\u00e0 als contractes signats ABANS del 25 de maig del 2023.\u00a0<\/strong>Aix\u00ed, els lloguers signats amb anterioritat a aquesta data es continuaran actualitzant segons el previst a les cl\u00e0usules recollides en els contractes que els regulen.<\/p>\n<p>Segona puntualitzaci\u00f3: el nou \u00edndex d&#8217;actualitzaci\u00f3 de rendes <strong>tampoc aplica als contractes temporals<\/strong> pel fet de trobar-se exclosos, fins a la present data, de la regulaci\u00f3 de la LAU.<\/p>\n\t\t\t\t\t\t\t\t<\/div>\n\t\t\t\t<\/div>\n\t\t\t\t<div class=\"elementor-element elementor-element-1a3c621 elementor-widget elementor-widget-heading\" data-id=\"1a3c621\" data-element_type=\"widget\" data-e-type=\"widget\" data-widget_type=\"heading.default\">\n\t\t\t\t<div class=\"elementor-widget-container\">\n\t\t\t\t\t<h4 class=\"elementor-heading-title elementor-size-default\">Com s'Actualitzaran les Rendes del Lloguer el 2025?<\/h4>\t\t\t\t<\/div>\n\t\t\t\t<\/div>\n\t\t\t\t<div class=\"elementor-element elementor-element-c7c9ea1 elementor-widget elementor-widget-text-editor\" data-id=\"c7c9ea1\" data-element_type=\"widget\" data-e-type=\"widget\" data-widget_type=\"text-editor.default\">\n\t\t\t\t<div class=\"elementor-widget-container\">\n\t\t\t\t\t\t\t\t\t<p>Aix\u00ed, a tots els contractes de lloguer signats <strong>a partir<\/strong> del 25 de maig del 2023, les rendes s&#8217;actualitzaran de la seg\u00fcent manera:<\/p>\n<ol>\n<li>L&#8217;Institut Nacional d&#8217;Estad\u00edstica publicar\u00e0 <strong>MENSUALMENT<\/strong> l&#8217;\u00edndex que servir\u00e0 de refer\u00e8ncia per a l&#8217;actualitzaci\u00f3 de la renda. De moment, no est\u00e0 publicat l&#8217;index que haurem d&#8217;aplicar per a les rendes dels contractes que s&#8217;hagin de revisar\u00a0 al gener del 2025 (es preveu la publicaci\u00f3 per al 2 de gener).<\/li>\n<li>El nou Index d&#8217;Actualitzaci\u00f3 del Lloguer ser\u00e0 el <strong>M\u00cdNIM<\/strong> valor entre la taxa de variaci\u00f3 interanual de l&#8217;IPC, la variaci\u00f3 anual de l&#8217;inflaci\u00f3 subjacent i la taxa de variaci\u00f3 mitja ajustada.<\/li>\n<li>A aquest valor li ser\u00e0 d&#8217;aplicaci\u00f3 un\u00a0<strong>coeficient moderador\u00a0<\/strong>atenent a les circumst\u00e0ncies del mercat del lloguer de cada moment.<\/li>\n<\/ol>\n\t\t\t\t\t\t\t\t<\/div>\n\t\t\t\t<\/div>\n\t\t\t\t<div class=\"elementor-element elementor-element-aa86a74 elementor-widget elementor-widget-image\" data-id=\"aa86a74\" data-element_type=\"widget\" data-e-type=\"widget\" data-widget_type=\"image.default\">\n\t\t\t\t<div class=\"elementor-widget-container\">\n\t\t\t\t\t\t\t\t\t\t\t\t\t\t\t<img decoding=\"async\" width=\"1000\" height=\"408\" src=\"https:\/\/puntohabitat.es\/wp-content\/uploads\/2024\/12\/Nuevo-Indice-Actualizacion-Alquiler-2025.-.webp\" class=\"attachment-large size-large wp-image-81619\" alt=\"Nuevo Indice Actualizacio\u0301n Alquiler 2025\" srcset=\"https:\/\/puntohabitat.es\/wp-content\/uploads\/2024\/12\/Nuevo-Indice-Actualizacion-Alquiler-2025.-.webp 1000w, https:\/\/puntohabitat.es\/wp-content\/uploads\/2024\/12\/Nuevo-Indice-Actualizacion-Alquiler-2025.--300x122.webp 300w, https:\/\/puntohabitat.es\/wp-content\/uploads\/2024\/12\/Nuevo-Indice-Actualizacion-Alquiler-2025.--768x313.webp 768w, https:\/\/puntohabitat.es\/wp-content\/uploads\/2024\/12\/Nuevo-Indice-Actualizacion-Alquiler-2025.--496x202.webp 496w\" sizes=\"(max-width: 1000px) 100vw, 1000px\" \/>\t\t\t\t\t\t\t\t\t\t\t\t\t\t\t<\/div>\n\t\t\t\t<\/div>\n\t\t\t\t<div class=\"elementor-element elementor-element-3731793 elementor-widget elementor-widget-heading\" data-id=\"3731793\" data-element_type=\"widget\" data-e-type=\"widget\" data-widget_type=\"heading.default\">\n\t\t\t\t<div class=\"elementor-widget-container\">\n\t\t\t\t\t<h4 class=\"elementor-heading-title elementor-size-default\">Com s'actualitzaran les rendes del lloguer a Barcelona?<\/h4>\t\t\t\t<\/div>\n\t\t\t\t<\/div>\n\t\t\t\t<div class=\"elementor-element elementor-element-4a71d53 elementor-widget elementor-widget-heading\" data-id=\"4a71d53\" data-element_type=\"widget\" data-e-type=\"widget\" data-widget_type=\"heading.default\">\n\t\t\t\t<div class=\"elementor-widget-container\">\n\t\t\t\t\t<h4 class=\"elementor-heading-title elementor-size-default\">S'aplicar\u00e0 el Nou Index d'Actualitzaci\u00f3 a les zones tensionades?<\/h4>\t\t\t\t<\/div>\n\t\t\t\t<\/div>\n\t\t\t\t<div class=\"elementor-element elementor-element-1928dc3 elementor-widget elementor-widget-text-editor\" data-id=\"1928dc3\" data-element_type=\"widget\" data-e-type=\"widget\" data-widget_type=\"text-editor.default\">\n\t\t\t\t<div class=\"elementor-widget-container\">\n\t\t\t\t\t\t\t\t\t<p>S\u00ed, S&#8217;aplicar\u00e0 tant a les zones tensionades com a aquelles que no han estat declarades com a tal. Aquest Index ser\u00e0 d&#8217;aplicaci\u00f3 imperativa de manera indistinta.<\/p>\n\t\t\t\t\t\t\t\t<\/div>\n\t\t\t\t<\/div>\n\t\t\t\t\t<\/div>\n\t\t<\/div>\n\t\t\t\t\t<\/div>\n\t\t<\/section>\n\t\t\t\t<section data-particle_enable=\"false\" data-particle-mobile-disabled=\"false\" class=\"elementor-section elementor-top-section elementor-element elementor-element-a73b91b elementor-section-boxed elementor-section-height-default elementor-section-height-default\" data-id=\"a73b91b\" data-element_type=\"section\" data-e-type=\"section\">\n\t\t\t\t\t\t<div class=\"elementor-container elementor-column-gap-default\">\n\t\t\t\t\t<div class=\"elementor-column elementor-col-100 elementor-top-column elementor-element elementor-element-2e2159b\" data-id=\"2e2159b\" data-element_type=\"column\" data-e-type=\"column\">\n\t\t\t<div class=\"elementor-widget-wrap elementor-element-populated\">\n\t\t\t\t\t\t<div class=\"elementor-element elementor-element-394d0ee elementor-widget elementor-widget-heading\" data-id=\"394d0ee\" data-element_type=\"widget\" data-e-type=\"widget\" data-widget_type=\"heading.default\">\n\t\t\t\t<div class=\"elementor-widget-container\">\n\t\t\t\t\t<h2 class=\"elementor-heading-title elementor-size-default\">Nou Index Actualitzaci\u00f3 Lloguer 2025<\/h2>\t\t\t\t<\/div>\n\t\t\t\t<\/div>\n\t\t\t\t<div class=\"elementor-element elementor-element-d7a8706 elementor-widget elementor-widget-text-editor\" data-id=\"d7a8706\" data-element_type=\"widget\" data-e-type=\"widget\" data-widget_type=\"text-editor.default\">\n\t\t\t\t<div class=\"elementor-widget-container\">\n\t\t\t\t\t\t\t\t\t<p>A les properes entrades us mantindrem informats sobre qualsevol novetat respecte a l&#8217;Actualitzaci\u00f3 de Rendes del Lloguer durant el 2025 i sobre els seg\u00fcents temes a debatre en seu parlament\u00e0ria: nova regulaci\u00f3 del lloguer temporal i registre estatatl dels mateixos.<\/p>\n\t\t\t\t\t\t\t\t<\/div>\n\t\t\t\t<\/div>\n\t\t\t\t\t<\/div>\n\t\t<\/div>\n\t\t\t\t\t<\/div>\n\t\t<\/section>\n\t\t\t\t<section data-particle_enable=\"false\" data-particle-mobile-disabled=\"false\" class=\"elementor-section elementor-top-section elementor-element elementor-element-1b389aea elementor-section-boxed elementor-section-height-default elementor-section-height-default\" data-id=\"1b389aea\" data-element_type=\"section\" data-e-type=\"section\">\n\t\t\t\t\t\t<div class=\"elementor-container elementor-column-gap-default\">\n\t\t\t\t\t<div class=\"elementor-column elementor-col-100 elementor-top-column elementor-element elementor-element-51c7659d\" data-id=\"51c7659d\" data-element_type=\"column\" data-e-type=\"column\">\n\t\t\t<div class=\"elementor-widget-wrap elementor-element-populated\">\n\t\t\t\t\t\t<div class=\"elementor-element elementor-element-064d4ca elementor-widget elementor-widget-image\" data-id=\"064d4ca\" data-element_type=\"widget\" data-e-type=\"widget\" data-widget_type=\"image.default\">\n\t\t\t\t<div class=\"elementor-widget-container\">\n\t\t\t\t\t\t\t\t\t\t\t\t\t\t\t\t<a href=\"https:\/\/puntohabitat.es\/ca\/\">\n\t\t\t\t\t\t\t<img decoding=\"async\" width=\"300\" height=\"36\" src=\"https:\/\/puntohabitat.es\/wp-content\/uploads\/2022\/05\/logo-png-e1652722025791-300x36.png\" class=\"attachment-medium size-medium wp-image-67876\" alt=\"\" srcset=\"https:\/\/puntohabitat.es\/wp-content\/uploads\/2022\/05\/logo-png-e1652722025791-300x36.png 300w, https:\/\/puntohabitat.es\/wp-content\/uploads\/2022\/05\/logo-png-e1652722025791-768x92.png 768w, https:\/\/puntohabitat.es\/wp-content\/uploads\/2022\/05\/logo-png-e1652722025791-150x18.png 150w, https:\/\/puntohabitat.es\/wp-content\/uploads\/2022\/05\/logo-png-e1652722025791-350x42.png 350w, https:\/\/puntohabitat.es\/wp-content\/uploads\/2022\/05\/logo-png-e1652722025791.png 1016w\" sizes=\"(max-width: 300px) 100vw, 300px\" \/>\t\t\t\t\t\t\t\t<\/a>\n\t\t\t\t\t\t\t\t\t\t\t\t\t\t\t<\/div>\n\t\t\t\t<\/div>\n\t\t\t\t<div class=\"elementor-element elementor-element-8b87888 elementor-widget elementor-widget-text-editor\" data-id=\"8b87888\" data-element_type=\"widget\" data-e-type=\"widget\" data-widget_type=\"text-editor.default\">\n\t\t\t\t<div class=\"elementor-widget-container\">\n\t\t\t\t\t\t\t\t\t<p style=\"text-align: center;\">Immobili\u00e0ria a Barcelona des del 1995<\/p>\t\t\t\t\t\t\t\t<\/div>\n\t\t\t\t<\/div>\n\t\t\t\t<div class=\"elementor-element elementor-element-49abae22 elementor-widget elementor-widget-image\" data-id=\"49abae22\" data-element_type=\"widget\" data-e-type=\"widget\" data-widget_type=\"image.default\">\n\t\t\t\t<div class=\"elementor-widget-container\">\n\t\t\t\t\t\t\t\t\t\t\t\t\t\t\t<img loading=\"lazy\" decoding=\"async\" width=\"1024\" height=\"768\" src=\"https:\/\/puntohabitat.es\/wp-content\/uploads\/2023\/10\/IMG_0694-1024x768.jpeg\" class=\"attachment-large size-large wp-image-70603\" alt=\"PUNTO HABITAT Sant Joan\" srcset=\"https:\/\/puntohabitat.es\/wp-content\/uploads\/2023\/10\/IMG_0694-1024x768.jpeg 1024w, https:\/\/puntohabitat.es\/wp-content\/uploads\/2023\/10\/IMG_0694-300x225.jpeg 300w, https:\/\/puntohabitat.es\/wp-content\/uploads\/2023\/10\/IMG_0694-768x576.jpeg 768w, https:\/\/puntohabitat.es\/wp-content\/uploads\/2023\/10\/IMG_0694-1536x1152.jpeg 1536w, https:\/\/puntohabitat.es\/wp-content\/uploads\/2023\/10\/IMG_0694-2048x1536.jpeg 2048w, https:\/\/puntohabitat.es\/wp-content\/uploads\/2023\/10\/IMG_0694-592x444.jpeg 592w, https:\/\/puntohabitat.es\/wp-content\/uploads\/2023\/10\/IMG_0694-584x438.jpeg 584w, https:\/\/puntohabitat.es\/wp-content\/uploads\/2023\/10\/IMG_0694-800x600.jpeg 800w, https:\/\/puntohabitat.es\/wp-content\/uploads\/2023\/10\/IMG_0694-120x90.jpeg 120w, https:\/\/puntohabitat.es\/wp-content\/uploads\/2023\/10\/IMG_0694-496x372.jpeg 496w\" sizes=\"(max-width: 1024px) 100vw, 1024px\" \/>\t\t\t\t\t\t\t\t\t\t\t\t\t\t\t<\/div>\n\t\t\t\t<\/div>\n\t\t\t\t<div class=\"elementor-element elementor-element-23a57bdc elementor-widget elementor-widget-heading\" data-id=\"23a57bdc\" data-element_type=\"widget\" data-e-type=\"widget\" data-widget_type=\"heading.default\">\n\t\t\t\t<div class=\"elementor-widget-container\">\n\t\t\t\t\t<h2 class=\"elementor-heading-title elementor-size-default\">M\u00e9s informaci\u00f3 sobre la situaci\u00f3 del <br> mercat immobiliari a Barcelona<\/h2>\t\t\t\t<\/div>\n\t\t\t\t<\/div>\n\t\t\t\t<div class=\"elementor-element elementor-element-59ee2a80 elementor-widget elementor-widget-text-editor\" data-id=\"59ee2a80\" data-element_type=\"widget\" data-e-type=\"widget\" data-widget_type=\"text-editor.default\">\n\t\t\t\t<div class=\"elementor-widget-container\">\n\t\t\t\t\t\t\t\t\t<p style=\"text-align: center;\">Contacta amb nosaltres per a resoldre qualsevol dubte sobre el mercat immobiliari a Barcelona.<\/p><p style=\"text-align: center;\">Si et cal un assessorament personalitzat, vine a les nostres oficines: t&#8217;hi esperem.<\/p><p style=\"text-align: center;\"><strong><a href=\"https:\/\/goo.gl\/maps\/9AmaF68C5Ys9imkr5\">OFICINA PUNTO HABITAT SANT JOAN<\/a><\/strong><\/p><p style=\"text-align: center;\"><strong><a href=\"https:\/\/goo.gl\/maps\/QtN46yjZxVexqGKQ9\">OFICINA PUNTO HABITAT GAUD\u00cd<\/a><\/strong><\/p>\t\t\t\t\t\t\t\t<\/div>\n\t\t\t\t<\/div>\n\t\t\t\t\t<\/div>\n\t\t<\/div>\n\t\t\t\t\t<\/div>\n\t\t<\/section>\n\t\t\t\t<section data-particle_enable=\"false\" data-particle-mobile-disabled=\"false\" class=\"elementor-section elementor-top-section elementor-element elementor-element-2ed508d0 elementor-section-content-middle elementor-section-boxed elementor-section-height-default elementor-section-height-default\" data-id=\"2ed508d0\" data-element_type=\"section\" data-e-type=\"section\">\n\t\t\t\t\t\t\t<div class=\"elementor-background-overlay\"><\/div>\n\t\t\t\t\t\t\t<div class=\"elementor-container elementor-column-gap-default\">\n\t\t\t\t\t<div class=\"elementor-column elementor-col-33 elementor-top-column elementor-element elementor-element-1616f113\" data-id=\"1616f113\" data-element_type=\"column\" data-e-type=\"column\">\n\t\t\t<div class=\"elementor-widget-wrap elementor-element-populated\">\n\t\t\t\t\t\t<div class=\"elementor-element elementor-element-b47342c elementor-widget elementor-widget-eael-creative-button\" data-id=\"b47342c\" data-element_type=\"widget\" data-e-type=\"widget\" data-widget_type=\"eael-creative-button.default\">\n\t\t\t\t<div class=\"elementor-widget-container\">\n\t\t\t\t\t        <div class=\"eael-creative-button-wrapper\">\n\n            <a class=\"eael-creative-button eael-creative-button--wayra eael-cb-icon-position-\" href=\"https:\/\/puntohabitat.es\/ca\/vendre-el-teu-pis-a-barcelona\/\" data-text=\"Go!\">\n            \t    \n                <div class=\"creative-button-inner\">\n\n                    \n                    <span class=\"cretive-button-text\">Vendre<\/span>\n\n                                    <\/div>\n\t                        <\/a>\n        <\/div>\n        \t\t\t\t<\/div>\n\t\t\t\t<\/div>\n\t\t\t\t\t<\/div>\n\t\t<\/div>\n\t\t\t\t<div class=\"elementor-column elementor-col-33 elementor-top-column elementor-element elementor-element-1e0843e4\" data-id=\"1e0843e4\" data-element_type=\"column\" data-e-type=\"column\">\n\t\t\t<div class=\"elementor-widget-wrap elementor-element-populated\">\n\t\t\t\t\t\t<div class=\"elementor-element elementor-element-1f5c6134 elementor-widget elementor-widget-eael-creative-button\" data-id=\"1f5c6134\" data-element_type=\"widget\" data-e-type=\"widget\" data-widget_type=\"eael-creative-button.default\">\n\t\t\t\t<div class=\"elementor-widget-container\">\n\t\t\t\t\t        <div class=\"eael-creative-button-wrapper\">\n\n            <a class=\"eael-creative-button eael-creative-button--wayra eael-cb-icon-position-\" href=\"https:\/\/puntohabitat.es\/ca\/llogar-el-teu-pis-a-barcelona\/\" data-text=\"Go!\">\n            \t    \n                <div class=\"creative-button-inner\">\n\n                    \n                    <span class=\"cretive-button-text\">Llogar el meu pis<\/span>\n\n                                    <\/div>\n\t                        <\/a>\n        <\/div>\n        \t\t\t\t<\/div>\n\t\t\t\t<\/div>\n\t\t\t\t\t<\/div>\n\t\t<\/div>\n\t\t\t\t<div class=\"elementor-column elementor-col-33 elementor-top-column elementor-element elementor-element-6db145e3\" data-id=\"6db145e3\" data-element_type=\"column\" data-e-type=\"column\">\n\t\t\t<div class=\"elementor-widget-wrap elementor-element-populated\">\n\t\t\t\t\t\t<div class=\"elementor-element elementor-element-49ea0e66 elementor-widget elementor-widget-eael-creative-button\" data-id=\"49ea0e66\" data-element_type=\"widget\" data-e-type=\"widget\" data-widget_type=\"eael-creative-button.default\">\n\t\t\t\t<div class=\"elementor-widget-container\">\n\t\t\t\t\t        <div class=\"eael-creative-button-wrapper\">\n\n            <a class=\"eael-creative-button eael-creative-button--wayra eael-cb-icon-position-\" href=\"https:\/\/puntohabitat.es\/ca\/gestio-de-lloguer\/\" data-text=\"Go!\">\n            \t    \n                <div class=\"creative-button-inner\">\n\n                    \n                    <span class=\"cretive-button-text\">Gesti\u00f3 Lloguer<\/span>\n\n                                    <\/div>\n\t                        <\/a>\n        <\/div>\n        \t\t\t\t<\/div>\n\t\t\t\t<\/div>\n\t\t\t\t\t<\/div>\n\t\t<\/div>\n\t\t\t\t\t<\/div>\n\t\t<\/section>\n\t\t\t\t<section data-particle_enable=\"false\" data-particle-mobile-disabled=\"false\" class=\"elementor-section elementor-top-section elementor-element elementor-element-18af2650 elementor-section-content-middle elementor-section-boxed elementor-section-height-default elementor-section-height-default\" data-id=\"18af2650\" data-element_type=\"section\" data-e-type=\"section\">\n\t\t\t\t\t\t\t<div class=\"elementor-background-overlay\"><\/div>\n\t\t\t\t\t\t\t<div class=\"elementor-container elementor-column-gap-default\">\n\t\t\t\t\t<div class=\"elementor-column elementor-col-25 elementor-top-column elementor-element elementor-element-105d95ed\" data-id=\"105d95ed\" data-element_type=\"column\" data-e-type=\"column\">\n\t\t\t<div class=\"elementor-widget-wrap elementor-element-populated\">\n\t\t\t\t\t\t<div class=\"elementor-element elementor-element-5b2e60be elementor-widget elementor-widget-eael-creative-button\" data-id=\"5b2e60be\" data-element_type=\"widget\" data-e-type=\"widget\" data-widget_type=\"eael-creative-button.default\">\n\t\t\t\t<div class=\"elementor-widget-container\">\n\t\t\t\t\t        <div class=\"eael-creative-button-wrapper\">\n\n            <a class=\"eael-creative-button eael-creative-button--wayra eael-cb-icon-position-\" href=\"https:\/\/puntohabitat.es\/ca\/valoracio-online\/\" data-text=\"Go!\">\n            \t    \n                <div class=\"creative-button-inner\">\n\n                    \n                    <span class=\"cretive-button-text\">Valoraci\u00f3 Online<\/span>\n\n                                    <\/div>\n\t                        <\/a>\n        <\/div>\n        \t\t\t\t<\/div>\n\t\t\t\t<\/div>\n\t\t\t\t\t<\/div>\n\t\t<\/div>\n\t\t\t\t<div class=\"elementor-column elementor-col-25 elementor-top-column elementor-element elementor-element-6348831d\" data-id=\"6348831d\" data-element_type=\"column\" data-e-type=\"column\">\n\t\t\t<div class=\"elementor-widget-wrap elementor-element-populated\">\n\t\t\t\t\t\t<div class=\"elementor-element elementor-element-13ba3de9 elementor-widget elementor-widget-eael-creative-button\" data-id=\"13ba3de9\" data-element_type=\"widget\" data-e-type=\"widget\" data-widget_type=\"eael-creative-button.default\">\n\t\t\t\t<div class=\"elementor-widget-container\">\n\t\t\t\t\t        <div class=\"eael-creative-button-wrapper\">\n\n            <a class=\"eael-creative-button eael-creative-button--wayra eael-cb-icon-position-\" href=\"https:\/\/puntohabitat.es\/pisosventabarcelona\/\" data-text=\"Go!\">\n            \t    \n                <div class=\"creative-button-inner\">\n\n                    \n                    <span class=\"cretive-button-text\">Pisos Venda<\/span>\n\n                                    <\/div>\n\t                        <\/a>\n        <\/div>\n        \t\t\t\t<\/div>\n\t\t\t\t<\/div>\n\t\t\t\t\t<\/div>\n\t\t<\/div>\n\t\t\t\t<div class=\"elementor-column elementor-col-25 elementor-top-column elementor-element elementor-element-685dce45\" data-id=\"685dce45\" data-element_type=\"column\" data-e-type=\"column\">\n\t\t\t<div class=\"elementor-widget-wrap elementor-element-populated\">\n\t\t\t\t\t\t<div class=\"elementor-element elementor-element-48644c0 elementor-widget elementor-widget-eael-creative-button\" data-id=\"48644c0\" data-element_type=\"widget\" data-e-type=\"widget\" data-widget_type=\"eael-creative-button.default\">\n\t\t\t\t<div class=\"elementor-widget-container\">\n\t\t\t\t\t        <div class=\"eael-creative-button-wrapper\">\n\n            <a class=\"eael-creative-button eael-creative-button--wayra eael-cb-icon-position-\" href=\"https:\/\/puntohabitat.es\/pisosalquilerbarcelona\/\" data-text=\"Go!\">\n            \t    \n                <div class=\"creative-button-inner\">\n\n                    \n                    <span class=\"cretive-button-text\">Pisos Lloguer<\/span>\n\n                                    <\/div>\n\t                        <\/a>\n        <\/div>\n        \t\t\t\t<\/div>\n\t\t\t\t<\/div>\n\t\t\t\t\t<\/div>\n\t\t<\/div>\n\t\t\t\t<div class=\"elementor-column elementor-col-25 elementor-top-column elementor-element elementor-element-7f51fe3f\" data-id=\"7f51fe3f\" data-element_type=\"column\" data-e-type=\"column\">\n\t\t\t<div class=\"elementor-widget-wrap elementor-element-populated\">\n\t\t\t\t\t\t<div class=\"elementor-element elementor-element-62ffd71f elementor-widget elementor-widget-eael-creative-button\" data-id=\"62ffd71f\" data-element_type=\"widget\" data-e-type=\"widget\" data-widget_type=\"eael-creative-button.default\">\n\t\t\t\t<div class=\"elementor-widget-container\">\n\t\t\t\t\t        <div class=\"eael-creative-button-wrapper\">\n\n            <a class=\"eael-creative-button eael-creative-button--wayra eael-cb-icon-position-\" href=\"https:\/\/puntohabitat.es\/ca\/contacte\/\" data-text=\"Go!\">\n            \t    \n                <div class=\"creative-button-inner\">\n\n                    \n                    <span class=\"cretive-button-text\">Contactar<\/span>\n\n                                    <\/div>\n\t                        <\/a>\n        <\/div>\n        \t\t\t\t<\/div>\n\t\t\t\t<\/div>\n\t\t\t\t\t<\/div>\n\t\t<\/div>\n\t\t\t\t\t<\/div>\n\t\t<\/section>\n\t\t\t\t<\/div>\n\t\t","protected":false},"excerpt":{"rendered":"<p>Publicaci\u00f3 de l&#8217;\u00cdndex d&#8217;Actualitzaci\u00f3 de Lloguers pel 2025 Nou Index Actualitzaci\u00f3 Lloguer 2025: avui \u00e9s un dia clau per al sector immobiliari a Espanya. L&#8217;Institut Nacional d&#8217;Estad\u00edstica ha publicat avui 20 de desembre l&#8217;esperat \u00edndex d&#8217;actualitzaci\u00f3 dels lloguers per al 2025, una not\u00edcia que impactar\u00e0 directament a propietaris i llogaters, especialment en mercats tan din\u00e0mics [&hellip;]<\/p>\n","protected":false},"author":2,"featured_media":81612,"comment_status":"closed","ping_status":"closed","sticky":false,"template":"","format":"standard","meta":{"footnotes":""},"categories":[105],"tags":[178,177],"class_list":["post-81640","post","type-post","status-publish","format-standard","has-post-thumbnail","hentry","category-alquiler","tag-immobiliaria-lloguer-barcelona","tag-lloguer-barcelona"],"yoast_head":"<!-- This site is optimized with the Yoast SEO plugin v27.5 - https:\/\/yoast.com\/product\/yoast-seo-wordpress\/ -->\n<title>Nou Index Actualitzaci\u00f3 Lloguer 2025. Com t&#039;afecta?<\/title>\n<meta name=\"description\" content=\"Nou Index Actualitzaci\u00f3 Lloguer 2025. Tens un Pis Llogat o ets Arrendatari? Informa&#039;t sobre com s&#039;Actualitzar\u00e0 la Renda l&#039;any 2025\" \/>\n<meta name=\"robots\" content=\"index, follow, max-snippet:-1, max-image-preview:large, max-video-preview:-1\" \/>\n<link rel=\"canonical\" href=\"https:\/\/puntohabitat.es\/ca\/nou-index-actualitzacio-lloguer-2025\/\" \/>\n<meta property=\"og:locale\" content=\"ca_ES\" \/>\n<meta property=\"og:type\" content=\"article\" \/>\n<meta property=\"og:title\" content=\"Nou Index Actualitzaci\u00f3 Lloguer 2025. Com t&#039;afecta?\" \/>\n<meta property=\"og:description\" content=\"Nou Index Actualitzaci\u00f3 Lloguer 2025. Tens un Pis Llogat o ets Arrendatari? Informa&#039;t sobre com s&#039;Actualitzar\u00e0 la Renda l&#039;any 2025\" \/>\n<meta property=\"og:url\" content=\"https:\/\/puntohabitat.es\/ca\/nou-index-actualitzacio-lloguer-2025\/\" \/>\n<meta property=\"og:site_name\" content=\"PUNTO HABITAT\" \/>\n<meta property=\"article:publisher\" content=\"https:\/\/www.facebook.com\/puntohabitat\" \/>\n<meta property=\"article:author\" content=\"https:\/\/www.facebook.com\/puntohabitat\/\" \/>\n<meta property=\"article:published_time\" content=\"2024-12-20T11:13:29+00:00\" \/>\n<meta property=\"article:modified_time\" content=\"2024-12-22T07:39:50+00:00\" \/>\n<meta property=\"og:image\" content=\"https:\/\/puntohabitat.es\/wp-content\/uploads\/2024\/12\/Nuevo-Indice-Actualizacion-Alquiler-2025-.jpeg\" \/>\n\t<meta property=\"og:image:width\" content=\"1000\" \/>\n\t<meta property=\"og:image:height\" content=\"667\" \/>\n\t<meta property=\"og:image:type\" content=\"image\/jpeg\" \/>\n<meta name=\"author\" content=\"PUNTO HABITAT\" \/>\n<meta name=\"twitter:card\" content=\"summary_large_image\" \/>\n<meta name=\"twitter:creator\" content=\"@https:\/\/twitter.com\/puntohabitat\" \/>\n<meta name=\"twitter:site\" content=\"@puntohabitat\" \/>\n<meta name=\"twitter:label1\" content=\"Escrit per\" \/>\n\t<meta name=\"twitter:data1\" content=\"PUNTO HABITAT\" \/>\n\t<meta name=\"twitter:label2\" content=\"Temps estimat de lectura\" \/>\n\t<meta name=\"twitter:data2\" content=\"5 minuts\" \/>\n<script type=\"application\/ld+json\" class=\"yoast-schema-graph\">{\"@context\":\"https:\\\/\\\/schema.org\",\"@graph\":[{\"@type\":\"Article\",\"@id\":\"https:\\\/\\\/puntohabitat.es\\\/ca\\\/nou-index-actualitzacio-lloguer-2025\\\/#article\",\"isPartOf\":{\"@id\":\"https:\\\/\\\/puntohabitat.es\\\/ca\\\/nou-index-actualitzacio-lloguer-2025\\\/\"},\"author\":{\"name\":\"PUNTO HABITAT\",\"@id\":\"https:\\\/\\\/puntohabitat.es\\\/ca\\\/#\\\/schema\\\/person\\\/940c5335a3c27822cf280cc5edbe208f\"},\"headline\":\"Nou Index Actualitzaci\u00f3 Lloguer 2025\",\"datePublished\":\"2024-12-20T11:13:29+00:00\",\"dateModified\":\"2024-12-22T07:39:50+00:00\",\"mainEntityOfPage\":{\"@id\":\"https:\\\/\\\/puntohabitat.es\\\/ca\\\/nou-index-actualitzacio-lloguer-2025\\\/\"},\"wordCount\":717,\"publisher\":{\"@id\":\"https:\\\/\\\/puntohabitat.es\\\/ca\\\/#organization\"},\"image\":{\"@id\":\"https:\\\/\\\/puntohabitat.es\\\/ca\\\/nou-index-actualitzacio-lloguer-2025\\\/#primaryimage\"},\"thumbnailUrl\":\"https:\\\/\\\/puntohabitat.es\\\/wp-content\\\/uploads\\\/2024\\\/12\\\/Nuevo-Indice-Actualizacion-Alquiler-2025-.jpeg\",\"keywords\":[\"immobili\u00e0ria lloguer Barcelona\",\"lloguer Barcelona\"],\"articleSection\":[\"Alquiler\"],\"inLanguage\":\"ca\"},{\"@type\":\"WebPage\",\"@id\":\"https:\\\/\\\/puntohabitat.es\\\/ca\\\/nou-index-actualitzacio-lloguer-2025\\\/\",\"url\":\"https:\\\/\\\/puntohabitat.es\\\/ca\\\/nou-index-actualitzacio-lloguer-2025\\\/\",\"name\":\"Nou Index Actualitzaci\u00f3 Lloguer 2025. Com t'afecta?\",\"isPartOf\":{\"@id\":\"https:\\\/\\\/puntohabitat.es\\\/ca\\\/#website\"},\"primaryImageOfPage\":{\"@id\":\"https:\\\/\\\/puntohabitat.es\\\/ca\\\/nou-index-actualitzacio-lloguer-2025\\\/#primaryimage\"},\"image\":{\"@id\":\"https:\\\/\\\/puntohabitat.es\\\/ca\\\/nou-index-actualitzacio-lloguer-2025\\\/#primaryimage\"},\"thumbnailUrl\":\"https:\\\/\\\/puntohabitat.es\\\/wp-content\\\/uploads\\\/2024\\\/12\\\/Nuevo-Indice-Actualizacion-Alquiler-2025-.jpeg\",\"datePublished\":\"2024-12-20T11:13:29+00:00\",\"dateModified\":\"2024-12-22T07:39:50+00:00\",\"description\":\"Nou Index Actualitzaci\u00f3 Lloguer 2025. Tens un Pis Llogat o ets Arrendatari? Informa't sobre com s'Actualitzar\u00e0 la Renda l'any 2025\",\"breadcrumb\":{\"@id\":\"https:\\\/\\\/puntohabitat.es\\\/ca\\\/nou-index-actualitzacio-lloguer-2025\\\/#breadcrumb\"},\"inLanguage\":\"ca\",\"potentialAction\":[{\"@type\":\"ReadAction\",\"target\":[\"https:\\\/\\\/puntohabitat.es\\\/ca\\\/nou-index-actualitzacio-lloguer-2025\\\/\"]}]},{\"@type\":\"ImageObject\",\"inLanguage\":\"ca\",\"@id\":\"https:\\\/\\\/puntohabitat.es\\\/ca\\\/nou-index-actualitzacio-lloguer-2025\\\/#primaryimage\",\"url\":\"https:\\\/\\\/puntohabitat.es\\\/wp-content\\\/uploads\\\/2024\\\/12\\\/Nuevo-Indice-Actualizacion-Alquiler-2025-.jpeg\",\"contentUrl\":\"https:\\\/\\\/puntohabitat.es\\\/wp-content\\\/uploads\\\/2024\\\/12\\\/Nuevo-Indice-Actualizacion-Alquiler-2025-.jpeg\",\"width\":1000,\"height\":667,\"caption\":\"Nuevo Indice Actualizaci\u00f3n Alquiler 2025\"},{\"@type\":\"BreadcrumbList\",\"@id\":\"https:\\\/\\\/puntohabitat.es\\\/ca\\\/nou-index-actualitzacio-lloguer-2025\\\/#breadcrumb\",\"itemListElement\":[{\"@type\":\"ListItem\",\"position\":1,\"name\":\"Inicio\",\"item\":\"https:\\\/\\\/puntohabitat.es\\\/ca\\\/\"},{\"@type\":\"ListItem\",\"position\":2,\"name\":\"Nou Index Actualitzaci\u00f3 Lloguer 2025\"}]},{\"@type\":\"WebSite\",\"@id\":\"https:\\\/\\\/puntohabitat.es\\\/ca\\\/#website\",\"url\":\"https:\\\/\\\/puntohabitat.es\\\/ca\\\/\",\"name\":\"PUNTO HABITAT\",\"description\":\"Inmobiliaria Barcelona | Venta y alquiler de pisos Barcelona | Gesti\u00f3n de alquiler\",\"publisher\":{\"@id\":\"https:\\\/\\\/puntohabitat.es\\\/ca\\\/#organization\"},\"potentialAction\":[{\"@type\":\"SearchAction\",\"target\":{\"@type\":\"EntryPoint\",\"urlTemplate\":\"https:\\\/\\\/puntohabitat.es\\\/ca\\\/?s={search_term_string}\"},\"query-input\":{\"@type\":\"PropertyValueSpecification\",\"valueRequired\":true,\"valueName\":\"search_term_string\"}}],\"inLanguage\":\"ca\"},{\"@type\":\"Organization\",\"@id\":\"https:\\\/\\\/puntohabitat.es\\\/ca\\\/#organization\",\"name\":\"PUNTO HABITAT\",\"url\":\"https:\\\/\\\/puntohabitat.es\\\/ca\\\/\",\"logo\":{\"@type\":\"ImageObject\",\"inLanguage\":\"ca\",\"@id\":\"https:\\\/\\\/puntohabitat.es\\\/ca\\\/#\\\/schema\\\/logo\\\/image\\\/\",\"url\":\"https:\\\/\\\/puntohabitat.es\\\/wp-content\\\/uploads\\\/2022\\\/06\\\/icono-apple-ipad-retina.jpg\",\"contentUrl\":\"https:\\\/\\\/puntohabitat.es\\\/wp-content\\\/uploads\\\/2022\\\/06\\\/icono-apple-ipad-retina.jpg\",\"width\":145,\"height\":145,\"caption\":\"PUNTO HABITAT\"},\"image\":{\"@id\":\"https:\\\/\\\/puntohabitat.es\\\/ca\\\/#\\\/schema\\\/logo\\\/image\\\/\"},\"sameAs\":[\"https:\\\/\\\/www.facebook.com\\\/puntohabitat\",\"https:\\\/\\\/x.com\\\/puntohabitat\",\"https:\\\/\\\/www.instagram.com\\\/puntohabitat\\\/\",\"https:\\\/\\\/www.linkedin.com\\\/in\\\/puntohabitat\\\/\",\"https:\\\/\\\/www.youtube.com\\\/c\\\/puntohabitatinmobiliariaBarcelona\",\"https:\\\/\\\/www.tiktok.com\\\/@puntohabitat\"]},{\"@type\":\"Person\",\"@id\":\"https:\\\/\\\/puntohabitat.es\\\/ca\\\/#\\\/schema\\\/person\\\/940c5335a3c27822cf280cc5edbe208f\",\"name\":\"PUNTO HABITAT\",\"description\":\"PUNTO HABITAT | Inmobiliaria Barcelona | 1995 Servicio personalizado en la gesti\u00f3n de venta y alquiler de inmuebles.\",\"sameAs\":[\"https:\\\/\\\/puntohabitat.es\",\"https:\\\/\\\/www.facebook.com\\\/puntohabitat\\\/\",\"https:\\\/\\\/www.instagram.com\\\/puntohabitat\\\/\",\"https:\\\/\\\/es.linkedin.com\\\/in\\\/puntohabitat\",\"https:\\\/\\\/www.pinterest.es\\\/puntohabitat\\\/\",\"https:\\\/\\\/x.com\\\/https:\\\/\\\/twitter.com\\\/puntohabitat\",\"https:\\\/\\\/www.youtube.com\\\/c\\\/puntohabitatinmobiliariaBarcelona\"]}]}<\/script>\n<!-- \/ Yoast SEO plugin. -->","yoast_head_json":{"title":"Nou Index Actualitzaci\u00f3 Lloguer 2025. Com t'afecta?","description":"Nou Index Actualitzaci\u00f3 Lloguer 2025. Tens un Pis Llogat o ets Arrendatari? Informa't sobre com s'Actualitzar\u00e0 la Renda l'any 2025","robots":{"index":"index","follow":"follow","max-snippet":"max-snippet:-1","max-image-preview":"max-image-preview:large","max-video-preview":"max-video-preview:-1"},"canonical":"https:\/\/puntohabitat.es\/ca\/nou-index-actualitzacio-lloguer-2025\/","og_locale":"ca_ES","og_type":"article","og_title":"Nou Index Actualitzaci\u00f3 Lloguer 2025. Com t'afecta?","og_description":"Nou Index Actualitzaci\u00f3 Lloguer 2025. Tens un Pis Llogat o ets Arrendatari? Informa't sobre com s'Actualitzar\u00e0 la Renda l'any 2025","og_url":"https:\/\/puntohabitat.es\/ca\/nou-index-actualitzacio-lloguer-2025\/","og_site_name":"PUNTO HABITAT","article_publisher":"https:\/\/www.facebook.com\/puntohabitat","article_author":"https:\/\/www.facebook.com\/puntohabitat\/","article_published_time":"2024-12-20T11:13:29+00:00","article_modified_time":"2024-12-22T07:39:50+00:00","og_image":[{"width":1000,"height":667,"url":"https:\/\/puntohabitat.es\/wp-content\/uploads\/2024\/12\/Nuevo-Indice-Actualizacion-Alquiler-2025-.jpeg","type":"image\/jpeg"}],"author":"PUNTO HABITAT","twitter_card":"summary_large_image","twitter_creator":"@https:\/\/twitter.com\/puntohabitat","twitter_site":"@puntohabitat","twitter_misc":{"Escrit per":"PUNTO HABITAT","Temps estimat de lectura":"5 minuts"},"schema":{"@context":"https:\/\/schema.org","@graph":[{"@type":"Article","@id":"https:\/\/puntohabitat.es\/ca\/nou-index-actualitzacio-lloguer-2025\/#article","isPartOf":{"@id":"https:\/\/puntohabitat.es\/ca\/nou-index-actualitzacio-lloguer-2025\/"},"author":{"name":"PUNTO HABITAT","@id":"https:\/\/puntohabitat.es\/ca\/#\/schema\/person\/940c5335a3c27822cf280cc5edbe208f"},"headline":"Nou Index Actualitzaci\u00f3 Lloguer 2025","datePublished":"2024-12-20T11:13:29+00:00","dateModified":"2024-12-22T07:39:50+00:00","mainEntityOfPage":{"@id":"https:\/\/puntohabitat.es\/ca\/nou-index-actualitzacio-lloguer-2025\/"},"wordCount":717,"publisher":{"@id":"https:\/\/puntohabitat.es\/ca\/#organization"},"image":{"@id":"https:\/\/puntohabitat.es\/ca\/nou-index-actualitzacio-lloguer-2025\/#primaryimage"},"thumbnailUrl":"https:\/\/puntohabitat.es\/wp-content\/uploads\/2024\/12\/Nuevo-Indice-Actualizacion-Alquiler-2025-.jpeg","keywords":["immobili\u00e0ria lloguer Barcelona","lloguer Barcelona"],"articleSection":["Alquiler"],"inLanguage":"ca"},{"@type":"WebPage","@id":"https:\/\/puntohabitat.es\/ca\/nou-index-actualitzacio-lloguer-2025\/","url":"https:\/\/puntohabitat.es\/ca\/nou-index-actualitzacio-lloguer-2025\/","name":"Nou Index Actualitzaci\u00f3 Lloguer 2025. Com t'afecta?","isPartOf":{"@id":"https:\/\/puntohabitat.es\/ca\/#website"},"primaryImageOfPage":{"@id":"https:\/\/puntohabitat.es\/ca\/nou-index-actualitzacio-lloguer-2025\/#primaryimage"},"image":{"@id":"https:\/\/puntohabitat.es\/ca\/nou-index-actualitzacio-lloguer-2025\/#primaryimage"},"thumbnailUrl":"https:\/\/puntohabitat.es\/wp-content\/uploads\/2024\/12\/Nuevo-Indice-Actualizacion-Alquiler-2025-.jpeg","datePublished":"2024-12-20T11:13:29+00:00","dateModified":"2024-12-22T07:39:50+00:00","description":"Nou Index Actualitzaci\u00f3 Lloguer 2025. Tens un Pis Llogat o ets Arrendatari? Informa't sobre com s'Actualitzar\u00e0 la Renda l'any 2025","breadcrumb":{"@id":"https:\/\/puntohabitat.es\/ca\/nou-index-actualitzacio-lloguer-2025\/#breadcrumb"},"inLanguage":"ca","potentialAction":[{"@type":"ReadAction","target":["https:\/\/puntohabitat.es\/ca\/nou-index-actualitzacio-lloguer-2025\/"]}]},{"@type":"ImageObject","inLanguage":"ca","@id":"https:\/\/puntohabitat.es\/ca\/nou-index-actualitzacio-lloguer-2025\/#primaryimage","url":"https:\/\/puntohabitat.es\/wp-content\/uploads\/2024\/12\/Nuevo-Indice-Actualizacion-Alquiler-2025-.jpeg","contentUrl":"https:\/\/puntohabitat.es\/wp-content\/uploads\/2024\/12\/Nuevo-Indice-Actualizacion-Alquiler-2025-.jpeg","width":1000,"height":667,"caption":"Nuevo Indice Actualizaci\u00f3n Alquiler 2025"},{"@type":"BreadcrumbList","@id":"https:\/\/puntohabitat.es\/ca\/nou-index-actualitzacio-lloguer-2025\/#breadcrumb","itemListElement":[{"@type":"ListItem","position":1,"name":"Inicio","item":"https:\/\/puntohabitat.es\/ca\/"},{"@type":"ListItem","position":2,"name":"Nou Index Actualitzaci\u00f3 Lloguer 2025"}]},{"@type":"WebSite","@id":"https:\/\/puntohabitat.es\/ca\/#website","url":"https:\/\/puntohabitat.es\/ca\/","name":"PUNTO HABITAT","description":"Inmobiliaria Barcelona | Venta y alquiler de pisos Barcelona | Gesti\u00f3n de alquiler","publisher":{"@id":"https:\/\/puntohabitat.es\/ca\/#organization"},"potentialAction":[{"@type":"SearchAction","target":{"@type":"EntryPoint","urlTemplate":"https:\/\/puntohabitat.es\/ca\/?s={search_term_string}"},"query-input":{"@type":"PropertyValueSpecification","valueRequired":true,"valueName":"search_term_string"}}],"inLanguage":"ca"},{"@type":"Organization","@id":"https:\/\/puntohabitat.es\/ca\/#organization","name":"PUNTO HABITAT","url":"https:\/\/puntohabitat.es\/ca\/","logo":{"@type":"ImageObject","inLanguage":"ca","@id":"https:\/\/puntohabitat.es\/ca\/#\/schema\/logo\/image\/","url":"https:\/\/puntohabitat.es\/wp-content\/uploads\/2022\/06\/icono-apple-ipad-retina.jpg","contentUrl":"https:\/\/puntohabitat.es\/wp-content\/uploads\/2022\/06\/icono-apple-ipad-retina.jpg","width":145,"height":145,"caption":"PUNTO HABITAT"},"image":{"@id":"https:\/\/puntohabitat.es\/ca\/#\/schema\/logo\/image\/"},"sameAs":["https:\/\/www.facebook.com\/puntohabitat","https:\/\/x.com\/puntohabitat","https:\/\/www.instagram.com\/puntohabitat\/","https:\/\/www.linkedin.com\/in\/puntohabitat\/","https:\/\/www.youtube.com\/c\/puntohabitatinmobiliariaBarcelona","https:\/\/www.tiktok.com\/@puntohabitat"]},{"@type":"Person","@id":"https:\/\/puntohabitat.es\/ca\/#\/schema\/person\/940c5335a3c27822cf280cc5edbe208f","name":"PUNTO HABITAT","description":"PUNTO HABITAT | Inmobiliaria Barcelona | 1995 Servicio personalizado en la gesti\u00f3n de venta y alquiler de inmuebles.","sameAs":["https:\/\/puntohabitat.es","https:\/\/www.facebook.com\/puntohabitat\/","https:\/\/www.instagram.com\/puntohabitat\/","https:\/\/es.linkedin.com\/in\/puntohabitat","https:\/\/www.pinterest.es\/puntohabitat\/","https:\/\/x.com\/https:\/\/twitter.com\/puntohabitat","https:\/\/www.youtube.com\/c\/puntohabitatinmobiliariaBarcelona"]}]}},"_links":{"self":[{"href":"https:\/\/puntohabitat.es\/ca\/wp-json\/wp\/v2\/posts\/81640","targetHints":{"allow":["GET"]}}],"collection":[{"href":"https:\/\/puntohabitat.es\/ca\/wp-json\/wp\/v2\/posts"}],"about":[{"href":"https:\/\/puntohabitat.es\/ca\/wp-json\/wp\/v2\/types\/post"}],"author":[{"embeddable":true,"href":"https:\/\/puntohabitat.es\/ca\/wp-json\/wp\/v2\/users\/2"}],"replies":[{"embeddable":true,"href":"https:\/\/puntohabitat.es\/ca\/wp-json\/wp\/v2\/comments?post=81640"}],"version-history":[{"count":0,"href":"https:\/\/puntohabitat.es\/ca\/wp-json\/wp\/v2\/posts\/81640\/revisions"}],"wp:featuredmedia":[{"embeddable":true,"href":"https:\/\/puntohabitat.es\/ca\/wp-json\/wp\/v2\/media\/81612"}],"wp:attachment":[{"href":"https:\/\/puntohabitat.es\/ca\/wp-json\/wp\/v2\/media?parent=81640"}],"wp:term":[{"taxonomy":"category","embeddable":true,"href":"https:\/\/puntohabitat.es\/ca\/wp-json\/wp\/v2\/categories?post=81640"},{"taxonomy":"post_tag","embeddable":true,"href":"https:\/\/puntohabitat.es\/ca\/wp-json\/wp\/v2\/tags?post=81640"}],"curies":[{"name":"wp","href":"https:\/\/api.w.org\/{rel}","templated":true}]}}