{"id":82252,"date":"2025-02-08T09:19:07","date_gmt":"2025-02-08T08:19:07","guid":{"rendered":"https:\/\/puntohabitat.es\/?p=82252"},"modified":"2025-08-07T18:15:24","modified_gmt":"2025-08-07T16:15:24","slug":"preu-pisos-eixample-barcelona-8","status":"publish","type":"post","link":"https:\/\/puntohabitat.es\/ca\/preu-pisos-eixample-barcelona-8\/","title":{"rendered":"Preu Pisos Gr\u00e0cia Barcelona"},"content":{"rendered":"\t\t<div data-elementor-type=\"wp-post\" data-elementor-id=\"82252\" class=\"elementor elementor-82252 elementor-82251\" data-elementor-post-type=\"post\">\n\t\t\t\t\t\t<section data-particle_enable=\"false\" data-particle-mobile-disabled=\"false\" class=\"elementor-section elementor-top-section elementor-element elementor-element-0b6397f elementor-section-full_width elementor-section-height-min-height elementor-section-height-default elementor-section-items-middle\" data-id=\"0b6397f\" data-element_type=\"section\" data-e-type=\"section\" data-settings=\"{&quot;background_background&quot;:&quot;classic&quot;}\">\n\t\t\t\t\t\t\t<div class=\"elementor-background-overlay\"><\/div>\n\t\t\t\t\t\t\t<div class=\"elementor-container elementor-column-gap-default\">\n\t\t\t\t\t<div class=\"elementor-column elementor-col-100 elementor-top-column elementor-element elementor-element-e21a604\" data-id=\"e21a604\" data-element_type=\"column\" data-e-type=\"column\">\n\t\t\t<div class=\"elementor-widget-wrap elementor-element-populated\">\n\t\t\t\t\t\t<section data-particle_enable=\"false\" data-particle-mobile-disabled=\"false\" class=\"elementor-section elementor-inner-section elementor-element elementor-element-f6c8003 elementor-section-content-middle elementor-section-boxed elementor-section-height-default elementor-section-height-default\" data-id=\"f6c8003\" data-element_type=\"section\" data-e-type=\"section\" data-settings=\"{&quot;background_background&quot;:&quot;classic&quot;}\">\n\t\t\t\t\t\t<div class=\"elementor-container elementor-column-gap-default\">\n\t\t\t\t\t<div class=\"elementor-column elementor-col-50 elementor-inner-column elementor-element elementor-element-98f8ed1\" data-id=\"98f8ed1\" data-element_type=\"column\" data-e-type=\"column\">\n\t\t\t<div class=\"elementor-widget-wrap\">\n\t\t\t\t\t\t\t<\/div>\n\t\t<\/div>\n\t\t\t\t<div class=\"elementor-column elementor-col-50 elementor-inner-column elementor-element elementor-element-81dd85d\" data-id=\"81dd85d\" data-element_type=\"column\" data-e-type=\"column\">\n\t\t\t<div class=\"elementor-widget-wrap elementor-element-populated\">\n\t\t\t\t\t\t<div class=\"elementor-element elementor-element-ae42516 elementor-widget elementor-widget-heading\" data-id=\"ae42516\" data-element_type=\"widget\" data-e-type=\"widget\" data-widget_type=\"heading.default\">\n\t\t\t\t<div class=\"elementor-widget-container\">\n\t\t\t\t\t<h1 class=\"elementor-heading-title elementor-size-default\">Preu Pisos Gr\u00e0cia Barcelona<\/h1>\t\t\t\t<\/div>\n\t\t\t\t<\/div>\n\t\t\t\t\t<\/div>\n\t\t<\/div>\n\t\t\t\t\t<\/div>\n\t\t<\/section>\n\t\t\t\t\t<\/div>\n\t\t<\/div>\n\t\t\t\t\t<\/div>\n\t\t<\/section>\n\t\t\t\t<section data-particle_enable=\"false\" data-particle-mobile-disabled=\"false\" class=\"elementor-section elementor-top-section elementor-element elementor-element-329c38f elementor-section-boxed elementor-section-height-default elementor-section-height-default\" data-id=\"329c38f\" data-element_type=\"section\" data-e-type=\"section\">\n\t\t\t\t\t\t<div class=\"elementor-container elementor-column-gap-default\">\n\t\t\t\t\t<div class=\"elementor-column elementor-col-100 elementor-top-column elementor-element elementor-element-c8c192a\" data-id=\"c8c192a\" data-element_type=\"column\" data-e-type=\"column\">\n\t\t\t<div class=\"elementor-widget-wrap elementor-element-populated\">\n\t\t\t\t\t\t<div class=\"elementor-element elementor-element-56d96f5 elementor-widget elementor-widget-text-editor\" data-id=\"56d96f5\" data-element_type=\"widget\" data-e-type=\"widget\" data-widget_type=\"text-editor.default\">\n\t\t\t\t<div class=\"elementor-widget-container\">\n\t\t\t\t\t\t\t\t\t8 de febrer de 2025\t\t\t\t\t\t\t\t<\/div>\n\t\t\t\t<\/div>\n\t\t\t\t<div class=\"elementor-element elementor-element-b0ffc85 elementor-author-box--image-valign-middle elementor-author-box--avatar-yes elementor-author-box--name-yes elementor-author-box--biography-yes elementor-author-box--link-no elementor-widget elementor-widget-author-box\" data-id=\"b0ffc85\" data-element_type=\"widget\" data-e-type=\"widget\" data-widget_type=\"author-box.default\">\n\t\t\t\t<div class=\"elementor-widget-container\">\n\t\t\t\t\t\t\t<div class=\"elementor-author-box\">\n\t\t\t\t\t\t\t<div  class=\"elementor-author-box__avatar\">\n\t\t\t\t\t<img decoding=\"async\" src=\"https:\/\/secure.gravatar.com\/avatar\/2773bca6c07e7af4bf869eb5d10584666289bf322520dcdbd0c35dfa92289cd2?s=300&#038;d=mm&#038;r=g\" alt=\"Picture of PUNTO HABITAT\" loading=\"lazy\">\n\t\t\t\t<\/div>\n\t\t\t\n\t\t\t<div class=\"elementor-author-box__text\">\n\t\t\t\t\t\t\t\t\t<div >\n\t\t\t\t\t\t<h6 class=\"elementor-author-box__name\">\n\t\t\t\t\t\t\tPUNTO HABITAT\t\t\t\t\t\t<\/h6>\n\t\t\t\t\t<\/div>\n\t\t\t\t\n\t\t\t\t\t\t\t\t\t<div class=\"elementor-author-box__bio\">\n\t\t\t\t\t\tPUNTO HABITAT | Inmobiliaria Barcelona | 1995 \r\nServicio personalizado en la gesti\u00f3n de venta y alquiler de inmuebles.\t\t\t\t\t<\/div>\n\t\t\t\t\n\t\t\t\t\t\t\t<\/div>\n\t\t<\/div>\n\t\t\t\t\t\t<\/div>\n\t\t\t\t<\/div>\n\t\t\t\t\t<\/div>\n\t\t<\/div>\n\t\t\t\t\t<\/div>\n\t\t<\/section>\n\t\t\t\t<section data-particle_enable=\"false\" data-particle-mobile-disabled=\"false\" class=\"elementor-section elementor-top-section elementor-element elementor-element-3e7a260 elementor-section-boxed elementor-section-height-default elementor-section-height-default\" data-id=\"3e7a260\" data-element_type=\"section\" data-e-type=\"section\">\n\t\t\t\t\t\t<div class=\"elementor-container elementor-column-gap-default\">\n\t\t\t\t\t<div class=\"elementor-column elementor-col-100 elementor-top-column elementor-element elementor-element-7920272\" data-id=\"7920272\" data-element_type=\"column\" data-e-type=\"column\">\n\t\t\t<div class=\"elementor-widget-wrap elementor-element-populated\">\n\t\t\t\t\t\t<div class=\"elementor-element elementor-element-a65aa6f elementor-widget elementor-widget-heading\" data-id=\"a65aa6f\" data-element_type=\"widget\" data-e-type=\"widget\" data-widget_type=\"heading.default\">\n\t\t\t\t<div class=\"elementor-widget-container\">\n\t\t\t\t\t<h2 class=\"elementor-heading-title elementor-size-default\">Evoluci\u00f3 del Preu de l'Habitatger a Gr\u00e0cia: 2021-2024<\/h2>\t\t\t\t<\/div>\n\t\t\t\t<\/div>\n\t\t\t\t<div class=\"elementor-element elementor-element-5d2183c elementor-widget elementor-widget-text-editor\" data-id=\"5d2183c\" data-element_type=\"widget\" data-e-type=\"widget\" data-widget_type=\"text-editor.default\">\n\t\t\t\t<div class=\"elementor-widget-container\">\n\t\t\t\t\t\t\t\t\t<strong>Preu Pisos Gr\u00e0cia Barcelona:<\/strong>\r\n\r\nEl districte de <strong>Gr\u00e0cia<\/strong>, un dels m\u00e9s emblem\u00e0tics i diversos de Barcelona, ha mostrat una evoluci\u00f3 significativa en els preus de l&#8217;habitatge per metre quadrat entre els anys 2021 i 2024. Aquest an\u00e0lisi detalla tant el comportament general del districte com el de cadascun dels seus cinc barris: <strong>El Camp d&#8217;en Grassot i Gr\u00e0cia Nova<\/strong>, <strong>Vallcarca i els Penitents<\/strong>, <strong>El Coll<\/strong>, <strong>La Salut<\/strong> i <strong>La Vila de Gr\u00e0cia<\/strong>.\r\n\r\nComprendre aquestes variacions \u00e9s fonamental per a aquells que volen vendre o adquirir una propietat en algun dels seus barris o, simplement, per aquells que volen saber com ha evolucionat el preu del seu pis durant els \u00faltims anys.\t\t\t\t\t\t\t\t<\/div>\n\t\t\t\t<\/div>\n\t\t\t\t<div class=\"elementor-element elementor-element-17c56c3 elementor-widget elementor-widget-text-editor\" data-id=\"17c56c3\" data-element_type=\"widget\" data-e-type=\"widget\" data-widget_type=\"text-editor.default\">\n\t\t\t\t<div class=\"elementor-widget-container\">\n\t\t\t\t\t\t\t\t\t<strong>NOTA IMPORTANT<\/strong>: el present estudi es realitza en base a les dades obtingudes dels Registres Notarials de compra-venda de propietats immobili\u00e0ries a Barcelona, \u00e9s a dir, amb les dades REALS que accedeixen al Registre de la Propietat. Per tant, aquests difereixen enormement dels preus registrats als portals immobiliaris.\t\t\t\t\t\t\t\t<\/div>\n\t\t\t\t<\/div>\n\t\t\t\t\t<\/div>\n\t\t<\/div>\n\t\t\t\t\t<\/div>\n\t\t<\/section>\n\t\t\t\t<section data-particle_enable=\"false\" data-particle-mobile-disabled=\"false\" class=\"elementor-section elementor-top-section elementor-element elementor-element-3b1b41b elementor-section-boxed elementor-section-height-default elementor-section-height-default\" data-id=\"3b1b41b\" data-element_type=\"section\" data-e-type=\"section\">\n\t\t\t\t\t\t<div class=\"elementor-container elementor-column-gap-default\">\n\t\t\t\t\t<div class=\"elementor-column elementor-col-100 elementor-top-column elementor-element elementor-element-1c9248a\" data-id=\"1c9248a\" data-element_type=\"column\" data-e-type=\"column\">\n\t\t\t<div class=\"elementor-widget-wrap elementor-element-populated\">\n\t\t\t\t\t\t<div class=\"elementor-element elementor-element-24fa1c5 elementor-widget elementor-widget-image\" data-id=\"24fa1c5\" data-element_type=\"widget\" data-e-type=\"widget\" data-widget_type=\"image.default\">\n\t\t\t\t<div class=\"elementor-widget-container\">\n\t\t\t\t\t\t\t\t\t\t\t\t\t\t\t<img fetchpriority=\"high\" decoding=\"async\" width=\"1024\" height=\"768\" src=\"https:\/\/puntohabitat.es\/wp-content\/uploads\/2023\/10\/Casa-Vicens-Gaudi-Barcelona-1024x768.jpg\" class=\"attachment-large size-large wp-image-70209\" alt=\"Casa Vicens Gaudi\u0301 Barcelona\" srcset=\"https:\/\/puntohabitat.es\/wp-content\/uploads\/2023\/10\/Casa-Vicens-Gaudi-Barcelona-1024x768.jpg 1024w, https:\/\/puntohabitat.es\/wp-content\/uploads\/2023\/10\/Casa-Vicens-Gaudi-Barcelona-300x225.jpg 300w, https:\/\/puntohabitat.es\/wp-content\/uploads\/2023\/10\/Casa-Vicens-Gaudi-Barcelona-768x576.jpg 768w, https:\/\/puntohabitat.es\/wp-content\/uploads\/2023\/10\/Casa-Vicens-Gaudi-Barcelona-1536x1152.jpg 1536w, https:\/\/puntohabitat.es\/wp-content\/uploads\/2023\/10\/Casa-Vicens-Gaudi-Barcelona-592x444.jpg 592w, https:\/\/puntohabitat.es\/wp-content\/uploads\/2023\/10\/Casa-Vicens-Gaudi-Barcelona-584x438.jpg 584w, https:\/\/puntohabitat.es\/wp-content\/uploads\/2023\/10\/Casa-Vicens-Gaudi-Barcelona-800x600.jpg 800w, https:\/\/puntohabitat.es\/wp-content\/uploads\/2023\/10\/Casa-Vicens-Gaudi-Barcelona-120x90.jpg 120w, https:\/\/puntohabitat.es\/wp-content\/uploads\/2023\/10\/Casa-Vicens-Gaudi-Barcelona-496x372.jpg 496w, https:\/\/puntohabitat.es\/wp-content\/uploads\/2023\/10\/Casa-Vicens-Gaudi-Barcelona.jpg 2048w\" sizes=\"(max-width: 1024px) 100vw, 1024px\" \/>\t\t\t\t\t\t\t\t\t\t\t\t\t\t\t<\/div>\n\t\t\t\t<\/div>\n\t\t\t\t\t<\/div>\n\t\t<\/div>\n\t\t\t\t\t<\/div>\n\t\t<\/section>\n\t\t\t\t<section data-particle_enable=\"false\" data-particle-mobile-disabled=\"false\" class=\"elementor-section elementor-top-section elementor-element elementor-element-d84ee0b elementor-section-boxed elementor-section-height-default elementor-section-height-default\" data-id=\"d84ee0b\" data-element_type=\"section\" data-e-type=\"section\">\n\t\t\t\t\t\t<div class=\"elementor-container elementor-column-gap-default\">\n\t\t\t\t\t<div class=\"elementor-column elementor-col-100 elementor-top-column elementor-element elementor-element-74dabbd\" data-id=\"74dabbd\" data-element_type=\"column\" data-e-type=\"column\">\n\t\t\t<div class=\"elementor-widget-wrap elementor-element-populated\">\n\t\t\t\t\t\t<div class=\"elementor-element elementor-element-ed686dd elementor-widget elementor-widget-heading\" data-id=\"ed686dd\" data-element_type=\"widget\" data-e-type=\"widget\" data-widget_type=\"heading.default\">\n\t\t\t\t<div class=\"elementor-widget-container\">\n\t\t\t\t\t<h2 class=\"elementor-heading-title elementor-size-default\">Evoluci\u00f3 del Preu de l'Habitatge al Districte de Gr\u00e0cia<\/h2>\t\t\t\t<\/div>\n\t\t\t\t<\/div>\n\t\t\t\t<div class=\"elementor-element elementor-element-e2830d4 elementor-widget elementor-widget-text-editor\" data-id=\"e2830d4\" data-element_type=\"widget\" data-e-type=\"widget\" data-widget_type=\"text-editor.default\">\n\t\t\t\t<div class=\"elementor-widget-container\">\n\t\t\t\t\t\t\t\t\tEntre 2021 i 2024, el preu mitj\u00e0 per metre quadrat a <strong>Gr\u00e0cia<\/strong> ha mostrat una tend\u00e8ncia alcista, passant de <strong>3.717,25 \u20ac\/m\u00b2<\/strong> el 2021 a <strong>4.331,44 \u20ac\/m\u00b2<\/strong> el 2024. Aquest increment reflecteix una pujada impulsada per diversos factors:\r\n<ul>\r\n \t<li><strong>Alta demanda<\/strong>: Gr\u00e0cia segueix sent un districte atractiu per la seva ubicaci\u00f3 c\u00e8ntrica, juntament amb l&#8217;enorme oferta d&#8217;espais verds en alguns dels seus barris.<\/li>\r\n \t<li><strong>Escassetat d&#8217;oferta<\/strong>: La limitaci\u00f3 de noves promocions immobili\u00e0ries al districte de Gr\u00e0cia ha condu\u00eft a un increment constant dels preus.<\/li>\r\n \t<li><strong>Inter\u00e8s d&#8217;inversors i compradors locals<\/strong>: A la demanda local s&#8217;ha afegit l&#8217;inter\u00e8s d&#8217;inversors internacionals, molts d&#8217;ells en cerca d&#8217;actius amb rendibilitats que superen a gran part de la resta de barris barcelonins.<\/li>\r\n<\/ul>\t\t\t\t\t\t\t\t<\/div>\n\t\t\t\t<\/div>\n\t\t\t\t\t<\/div>\n\t\t<\/div>\n\t\t\t\t\t<\/div>\n\t\t<\/section>\n\t\t\t\t<section data-particle_enable=\"false\" data-particle-mobile-disabled=\"false\" class=\"elementor-section elementor-top-section elementor-element elementor-element-ce58ebe elementor-section-boxed elementor-section-height-default elementor-section-height-default\" data-id=\"ce58ebe\" data-element_type=\"section\" data-e-type=\"section\">\n\t\t\t\t\t\t<div class=\"elementor-container elementor-column-gap-default\">\n\t\t\t\t\t<div class=\"elementor-column elementor-col-100 elementor-top-column elementor-element elementor-element-b008667\" data-id=\"b008667\" data-element_type=\"column\" data-e-type=\"column\">\n\t\t\t<div class=\"elementor-widget-wrap elementor-element-populated\">\n\t\t\t\t\t\t<div class=\"elementor-element elementor-element-78446c2 elementor-widget elementor-widget-eael-fancy-chart\" data-id=\"78446c2\" data-element_type=\"widget\" data-e-type=\"widget\" data-widget_type=\"eael-fancy-chart.default\">\n\t\t\t\t<div class=\"elementor-widget-container\">\n\t\t\t\t\t\t\t<div data-options=\"{&quot;chart&quot;:{&quot;toolbar&quot;:{&quot;show&quot;:&quot;&quot;},&quot;type&quot;:&quot;line&quot;,&quot;background&quot;:&quot;&quot;,&quot;height&quot;:&quot;450px&quot;,&quot;width&quot;:&quot;100%&quot;,&quot;animations&quot;:{&quot;enabled&quot;:&quot;true&quot;,&quot;easing&quot;:&quot;easeinout&quot;,&quot;speed&quot;:1100,&quot;animateGradually&quot;:{&quot;delay&quot;:250}},&quot;offsetX&quot;:0,&quot;offsetY&quot;:0},&quot;series&quot;:[{&quot;name&quot;:&quot;\\u20ac\\\/m\\u00b2&quot;,&quot;data&quot;:[&quot;3717&quot;,&quot; 3989&quot;,&quot; 4055&quot;,&quot; 4331&quot;]}],&quot;xaxis&quot;:{&quot;categories&quot;:[&quot;2021&quot;,&quot;2022&quot;,&quot;2023&quot;,&quot;2024&quot;],&quot;position&quot;:&quot;bottom&quot;,&quot;labels&quot;:{&quot;show&quot;:&quot;yes&quot;,&quot;style&quot;:{&quot;cssClass&quot;:&quot;eael_fancy_cahrt_xaxis&quot;,&quot;colors&quot;:&quot;&quot;}}},&quot;yaxis&quot;:{&quot;show&quot;:true,&quot;opposite&quot;:&quot;&quot;,&quot;labels&quot;:{&quot;show&quot;:&quot;yes&quot;,&quot;style&quot;:{&quot;cssClass&quot;:&quot;eael_fancy_cahrt_yaxis&quot;,&quot;colors&quot;:&quot;&quot;}}},&quot;legend&quot;:{&quot;show&quot;:&quot;true&quot;,&quot;position&quot;:&quot;top&quot;,&quot;labels&quot;:{&quot;colors&quot;:&quot;#333&quot;},&quot;fontSize&quot;:&quot;14px&quot;,&quot;horizontalAlign&quot;:&quot;center&quot;,&quot;markers&quot;:{&quot;width&quot;:12,&quot;height&quot;:12,&quot;strokeWidth&quot;:&quot;0&quot;,&quot;strokeColor&quot;:&quot;#fff&quot;,&quot;radius&quot;:2,&quot;offsetX&quot;:&quot;&quot;,&quot;offsetY&quot;:&quot;&quot;}},&quot;tooltip&quot;:{&quot;enabled&quot;:&quot;yes&quot;,&quot;y&quot;:{&quot;prefix&quot;:&quot;&quot;,&quot;suffix&quot;:&quot;&quot;}},&quot;grid&quot;:{&quot;show&quot;:&quot;true&quot;,&quot;borderColor&quot;:&quot;#ddd&quot;,&quot;strokeDashArray&quot;:0,&quot;xaxis&quot;:{&quot;lines&quot;:{&quot;show&quot;:&quot;&quot;}},&quot;yaxis&quot;:{&quot;lines&quot;:{&quot;show&quot;:&quot;true&quot;}}},&quot;dataLabels&quot;:{&quot;enabled&quot;:true,&quot;style&quot;:{&quot;fontSize&quot;:&quot;12px&quot;},&quot;background&quot;:{&quot;enabled&quot;:true,&quot;foreColor&quot;:&quot;#fff&quot;}},&quot;colors&quot;:[&quot;#D3904C&quot;],&quot;fill&quot;:{&quot;colors&quot;:[&quot;#D3904C&quot;],&quot;opacity&quot;:0.9,&quot;type&quot;:&quot;solid&quot;},&quot;stroke&quot;:{&quot;curve&quot;:&quot;smooth&quot;}}\" class=\"eael_fanct_chart_wrapper\">\n\t\t\t<div class=\"eael_fancy_chart_header\">\n\t\t\t\t\t\t\t\t<h4 class=\"eael_fancy_chart_title\">\n\t\t\t\tEvoluci\u00f3n Precio Gr\u00e0cia  \u20ac\/m\u00b2 2021-2024\t\t\t<\/h4>\n\t\t\t\t\t<\/div>\n\t\t<div class=\"eael_fancy_chart\" id=\"eael_fancy_chart-78446c2\"><\/div>\n\t\t<\/div>\n\t\t\t\t\t\t<\/div>\n\t\t\t\t<\/div>\n\t\t\t\t<div class=\"elementor-element elementor-element-52095b1 elementor-widget elementor-widget-text-editor\" data-id=\"52095b1\" data-element_type=\"widget\" data-e-type=\"widget\" data-widget_type=\"text-editor.default\">\n\t\t\t\t<div class=\"elementor-widget-container\">\n\t\t\t\t\t\t\t\t\tEn total, el districte de <strong>Gr\u00e0cia<\/strong> ha experimentat un creixement acumulat del <strong>16,53%<\/strong> durant el per\u00edode 2021-2024.\t\t\t\t\t\t\t\t<\/div>\n\t\t\t\t<\/div>\n\t\t\t\t<div class=\"elementor-element elementor-element-b6996fc elementor-widget elementor-widget-text-editor\" data-id=\"b6996fc\" data-element_type=\"widget\" data-e-type=\"widget\" data-widget_type=\"text-editor.default\">\n\t\t\t\t<div class=\"elementor-widget-container\">\n\t\t\t\t\t\t\t\t\tL&#8217;evoluci\u00f3 dels preus al llarg del per\u00edode mostra com <strong>Vila de Gr\u00e0cia<\/strong> es posiciona clarament com el barri m\u00e9s car de Gr\u00e0cia. En l&#8217;altre extrem, <strong>El Coll<\/strong>, tot i la volatilitat que comentarem, destaca per la seva recuperaci\u00f3 en el tancament del per\u00edode.\t\t\t\t\t\t\t\t<\/div>\n\t\t\t\t<\/div>\n\t\t\t\t<div class=\"elementor-element elementor-element-6224b69 elementor-widget elementor-widget-eael-fancy-chart\" data-id=\"6224b69\" data-element_type=\"widget\" data-e-type=\"widget\" data-widget_type=\"eael-fancy-chart.default\">\n\t\t\t\t<div class=\"elementor-widget-container\">\n\t\t\t\t\t\t\t<div data-options=\"{&quot;chart&quot;:{&quot;toolbar&quot;:{&quot;show&quot;:&quot;&quot;},&quot;type&quot;:&quot;bar&quot;,&quot;background&quot;:&quot;&quot;,&quot;height&quot;:&quot;450px&quot;,&quot;width&quot;:&quot;100%&quot;,&quot;animations&quot;:{&quot;enabled&quot;:&quot;true&quot;,&quot;easing&quot;:&quot;easeinout&quot;,&quot;speed&quot;:1100,&quot;animateGradually&quot;:{&quot;delay&quot;:250}},&quot;offsetX&quot;:0,&quot;offsetY&quot;:0,&quot;stacked&quot;:false},&quot;series&quot;:[{&quot;name&quot;:&quot;\\u20ac\\\/m\\u00b2&quot;,&quot;data&quot;:[&quot;4633&quot;,&quot; 4244&quot;,&quot; 3986&quot;,&quot; 3930&quot;,&quot; 2891&quot;]}],&quot;xaxis&quot;:{&quot;categories&quot;:[&quot;Vila de Gr\\u00e0cia&quot;,&quot;El Camp d&#039;en Grassot i Gr\\u00e0cia Nova&quot;,&quot;La Salut&quot;,&quot;Vallcarca i els Penitents&quot;,&quot;El Coll&quot;],&quot;position&quot;:&quot;bottom&quot;,&quot;labels&quot;:{&quot;show&quot;:&quot;&quot;,&quot;style&quot;:{&quot;cssClass&quot;:&quot;eael_fancy_cahrt_xaxis&quot;,&quot;colors&quot;:&quot;&quot;}}},&quot;yaxis&quot;:{&quot;show&quot;:true,&quot;opposite&quot;:&quot;&quot;,&quot;labels&quot;:{&quot;show&quot;:&quot;yes&quot;,&quot;style&quot;:{&quot;cssClass&quot;:&quot;eael_fancy_cahrt_yaxis&quot;,&quot;colors&quot;:&quot;&quot;}}},&quot;legend&quot;:{&quot;show&quot;:&quot;&quot;,&quot;position&quot;:&quot;top&quot;,&quot;labels&quot;:{&quot;colors&quot;:&quot;#333&quot;},&quot;fontSize&quot;:&quot;12px&quot;,&quot;horizontalAlign&quot;:&quot;&quot;,&quot;markers&quot;:{&quot;width&quot;:&quot;&quot;,&quot;height&quot;:&quot;&quot;,&quot;strokeWidth&quot;:&quot;0&quot;,&quot;strokeColor&quot;:&quot;#fff&quot;,&quot;radius&quot;:&quot;&quot;,&quot;offsetX&quot;:&quot;&quot;,&quot;offsetY&quot;:&quot;&quot;}},&quot;tooltip&quot;:{&quot;enabled&quot;:&quot;yes&quot;,&quot;y&quot;:{&quot;prefix&quot;:&quot;\\u20ac&quot;,&quot;suffix&quot;:&quot;&quot;}},&quot;grid&quot;:{&quot;show&quot;:&quot;true&quot;,&quot;borderColor&quot;:&quot;#ddd&quot;,&quot;strokeDashArray&quot;:0,&quot;xaxis&quot;:{&quot;lines&quot;:{&quot;show&quot;:&quot;&quot;}},&quot;yaxis&quot;:{&quot;lines&quot;:{&quot;show&quot;:&quot;true&quot;}}},&quot;plotOptions&quot;:{&quot;bar&quot;:{&quot;borderRadius&quot;:&quot;&quot;,&quot;dataLabels&quot;:{&quot;position&quot;:&quot;center&quot;},&quot;horizontal&quot;:true,&quot;columnWidth&quot;:40,&quot;barHeight&quot;:40}},&quot;stroke&quot;:{&quot;show&quot;:&quot;true&quot;,&quot;lineCap&quot;:&quot;butt&quot;,&quot;colors&quot;:[&quot;#FFF&quot;],&quot;width&quot;:2,&quot;dashArray&quot;:0},&quot;dataLabels&quot;:{&quot;enabled&quot;:false,&quot;style&quot;:{&quot;colors&quot;:[&quot;#fff&quot;],&quot;fontSize&quot;:&quot;12px&quot;}},&quot;colors&quot;:[&quot;#D3904C&quot;],&quot;fill&quot;:{&quot;colors&quot;:[&quot;#D3904C&quot;],&quot;opacity&quot;:0.9,&quot;type&quot;:&quot;solid&quot;}}\" class=\"eael_fanct_chart_wrapper\">\n\t\t\t<div class=\"eael_fancy_chart_header\">\n\t\t\t\t\t\t\t\t<h2 class=\"eael_fancy_chart_title\">\n\t\t\t\tRanking de Precios de los Barrios del Distrito de Gr\u00e0cia\t\t\t<\/h2>\n\t\t\t\t\t\t\t<p>\n\t\t\t\t\tR\u00e1nking Gr\u00e0cia \u20ac\/m\u00b2 2024\t\t\t\t<\/p>\n\t\t\t\t\t<\/div>\n\t\t<div class=\"eael_fancy_chart\" id=\"eael_fancy_chart-6224b69\"><\/div>\n\t\t<\/div>\n\t\t\t\t\t\t<\/div>\n\t\t\t\t<\/div>\n\t\t\t\t<div class=\"elementor-element elementor-element-7e2f49d elementor-widget elementor-widget-heading\" data-id=\"7e2f49d\" data-element_type=\"widget\" data-e-type=\"widget\" data-widget_type=\"heading.default\">\n\t\t\t\t<div class=\"elementor-widget-container\">\n\t\t\t\t\t<h2 class=\"elementor-heading-title elementor-size-default\">An\u00e0lisi Segmentat per Barris de Gr\u00e0cia<\/h2>\t\t\t\t<\/div>\n\t\t\t\t<\/div>\n\t\t\t\t<div class=\"elementor-element elementor-element-4251489 elementor-widget elementor-widget-text-editor\" data-id=\"4251489\" data-element_type=\"widget\" data-e-type=\"widget\" data-widget_type=\"text-editor.default\">\n\t\t\t\t<div class=\"elementor-widget-container\">\n\t\t\t\t\t\t\t\t\tEl districte de <strong>Gr\u00e0cia<\/strong> es compon de 5 barris:\r\n<ol>\r\n \t<li><strong>La Vila de Gr\u00e0cia<\/strong><\/li>\r\n \t<li><strong>El Camp d&#8217;en Grassot i Gr\u00e0cia Nova<\/strong><\/li>\r\n \t<li><strong>La Salut<\/strong><\/li>\r\n \t<li><strong>Vallcarca i els Penitents<\/strong><\/li>\r\n \t<li><strong>El Coll<\/strong><\/li>\r\n<\/ol>\t\t\t\t\t\t\t\t<\/div>\n\t\t\t\t<\/div>\n\t\t\t\t<div class=\"elementor-element elementor-element-2c6de03 elementor-widget elementor-widget-heading\" data-id=\"2c6de03\" data-element_type=\"widget\" data-e-type=\"widget\" data-widget_type=\"heading.default\">\n\t\t\t\t<div class=\"elementor-widget-container\">\n\t\t\t\t\t<h4 class=\"elementor-heading-title elementor-size-default\">1. Vila de Gr\u00e0cia<\/h4>\t\t\t\t<\/div>\n\t\t\t\t<\/div>\n\t\t\t\t<div class=\"elementor-element elementor-element-1e4fac5 elementor-widget elementor-widget-image\" data-id=\"1e4fac5\" data-element_type=\"widget\" data-e-type=\"widget\" data-widget_type=\"image.default\">\n\t\t\t\t<div class=\"elementor-widget-container\">\n\t\t\t\t\t\t\t\t\t\t\t\t\t\t\t<img decoding=\"async\" width=\"1024\" height=\"709\" src=\"https:\/\/puntohabitat.es\/wp-content\/uploads\/2025\/02\/Placa-del-Sol-copia-1024x709.webp\" class=\"attachment-large size-large wp-image-83569\" alt=\"Precio Vivienda Gr\u00e0cia Barcelona\" srcset=\"https:\/\/puntohabitat.es\/wp-content\/uploads\/2025\/02\/Placa-del-Sol-copia-1024x709.webp 1024w, https:\/\/puntohabitat.es\/wp-content\/uploads\/2025\/02\/Placa-del-Sol-copia-300x208.webp 300w, https:\/\/puntohabitat.es\/wp-content\/uploads\/2025\/02\/Placa-del-Sol-copia-768x532.webp 768w, https:\/\/puntohabitat.es\/wp-content\/uploads\/2025\/02\/Placa-del-Sol-copia-866x600.webp 866w, https:\/\/puntohabitat.es\/wp-content\/uploads\/2025\/02\/Placa-del-Sol-copia-496x344.webp 496w, https:\/\/puntohabitat.es\/wp-content\/uploads\/2025\/02\/Placa-del-Sol-copia.webp 1181w\" sizes=\"(max-width: 1024px) 100vw, 1024px\" \/>\t\t\t\t\t\t\t\t\t\t\t\t\t\t\t<\/div>\n\t\t\t\t<\/div>\n\t\t\t\t<div class=\"elementor-element elementor-element-b1117d0 elementor-widget elementor-widget-text-editor\" data-id=\"b1117d0\" data-element_type=\"widget\" data-e-type=\"widget\" data-widget_type=\"text-editor.default\">\n\t\t\t\t<div class=\"elementor-widget-container\">\n\t\t\t\t\t\t\t\t\t<strong>Vila de Gr\u00e0cia<\/strong> registra els preus m\u00e9s alts del districte, per\u00f2 observem un comportament molt peculiar: durant el per\u00edode 2021-2023, els preus mostren una evoluci\u00f3 estable que es veu disminu\u00efda entre els anys 2023 i 2024:\r\n<ul>\r\n \t<li><strong>2021<\/strong>: 3.924,24 \u20ac\/m\u00b2<\/li>\r\n \t<li><strong>2022<\/strong>: 4.352,03 \u20ac\/m\u00b2 (+10,9%)<\/li>\r\n \t<li><strong>2023<\/strong>: 4.574,54 \u20ac\/m\u00b2 (+5,1%)<\/li>\r\n \t<li><strong>2024<\/strong>: 4.633,33 \u20ac\/m\u00b2 (+1,3%)<\/li>\r\n<\/ul>\r\nMalgrat el &#8220;frenazo&#8221; de 2024, el creixement total acumulat de <strong>Vila de Gr\u00e0cia<\/strong> en el per\u00edode 2021-2024 ascendeix a un <strong>18,07%<\/strong>.\r\n\r\nEn aquests quatre anys, <strong>Vila de Gr\u00e0cia<\/strong> es consolida com el barri m\u00e9s car del districte.\t\t\t\t\t\t\t\t<\/div>\n\t\t\t\t<\/div>\n\t\t\t\t<div class=\"elementor-element elementor-element-dac1ee2 elementor-widget elementor-widget-eael-fancy-chart\" data-id=\"dac1ee2\" data-element_type=\"widget\" data-e-type=\"widget\" data-widget_type=\"eael-fancy-chart.default\">\n\t\t\t\t<div class=\"elementor-widget-container\">\n\t\t\t\t\t\t\t<div data-options=\"{&quot;chart&quot;:{&quot;toolbar&quot;:{&quot;show&quot;:&quot;&quot;},&quot;type&quot;:&quot;bar&quot;,&quot;background&quot;:&quot;&quot;,&quot;height&quot;:&quot;450px&quot;,&quot;width&quot;:&quot;100%&quot;,&quot;animations&quot;:{&quot;enabled&quot;:&quot;true&quot;,&quot;easing&quot;:&quot;easeinout&quot;,&quot;speed&quot;:1100,&quot;animateGradually&quot;:{&quot;delay&quot;:250}},&quot;offsetX&quot;:0,&quot;offsetY&quot;:0,&quot;stacked&quot;:false},&quot;series&quot;:[{&quot;name&quot;:&quot;\\u20ac\\\/m\\u00b2&quot;,&quot;data&quot;:[&quot;3924&quot;,&quot; 4352&quot;,&quot; 4574&quot;,&quot; 4633&quot;]}],&quot;xaxis&quot;:{&quot;categories&quot;:[&quot;2021&quot;,&quot;2022&quot;,&quot;2023&quot;,&quot;2024&quot;],&quot;position&quot;:&quot;bottom&quot;,&quot;labels&quot;:{&quot;show&quot;:&quot;yes&quot;,&quot;style&quot;:{&quot;cssClass&quot;:&quot;eael_fancy_cahrt_xaxis&quot;,&quot;colors&quot;:&quot;&quot;}}},&quot;yaxis&quot;:{&quot;show&quot;:true,&quot;opposite&quot;:&quot;&quot;,&quot;labels&quot;:{&quot;show&quot;:&quot;yes&quot;,&quot;style&quot;:{&quot;cssClass&quot;:&quot;eael_fancy_cahrt_yaxis&quot;,&quot;colors&quot;:&quot;&quot;}}},&quot;legend&quot;:{&quot;show&quot;:&quot;true&quot;,&quot;position&quot;:&quot;top&quot;,&quot;labels&quot;:{&quot;colors&quot;:&quot;#333&quot;},&quot;fontSize&quot;:&quot;14px&quot;,&quot;horizontalAlign&quot;:&quot;center&quot;,&quot;markers&quot;:{&quot;width&quot;:12,&quot;height&quot;:12,&quot;strokeWidth&quot;:&quot;0&quot;,&quot;strokeColor&quot;:&quot;#fff&quot;,&quot;radius&quot;:2,&quot;offsetX&quot;:&quot;&quot;,&quot;offsetY&quot;:&quot;&quot;}},&quot;tooltip&quot;:{&quot;enabled&quot;:&quot;yes&quot;,&quot;y&quot;:{&quot;prefix&quot;:&quot;\\u20ac&quot;,&quot;suffix&quot;:&quot;&quot;}},&quot;grid&quot;:{&quot;show&quot;:&quot;true&quot;,&quot;borderColor&quot;:&quot;#ddd&quot;,&quot;strokeDashArray&quot;:0,&quot;xaxis&quot;:{&quot;lines&quot;:{&quot;show&quot;:&quot;&quot;}},&quot;yaxis&quot;:{&quot;lines&quot;:{&quot;show&quot;:&quot;true&quot;}}},&quot;plotOptions&quot;:{&quot;bar&quot;:{&quot;borderRadius&quot;:&quot;&quot;,&quot;dataLabels&quot;:{&quot;position&quot;:&quot;center&quot;},&quot;horizontal&quot;:false,&quot;columnWidth&quot;:50,&quot;barHeight&quot;:50}},&quot;stroke&quot;:{&quot;show&quot;:&quot;true&quot;,&quot;lineCap&quot;:&quot;butt&quot;,&quot;colors&quot;:[&quot;#FFF&quot;],&quot;width&quot;:2,&quot;dashArray&quot;:0},&quot;dataLabels&quot;:{&quot;enabled&quot;:true,&quot;style&quot;:{&quot;colors&quot;:[&quot;#fff&quot;],&quot;fontSize&quot;:&quot;12px&quot;}},&quot;colors&quot;:[&quot;#D3904C&quot;],&quot;fill&quot;:{&quot;colors&quot;:[&quot;#D3904C&quot;],&quot;opacity&quot;:0.9,&quot;type&quot;:&quot;solid&quot;}}\" class=\"eael_fanct_chart_wrapper\">\n\t\t\t<div class=\"eael_fancy_chart_header\">\n\t\t\t\t\t\t\t\t<h4 class=\"eael_fancy_chart_title\">\n\t\t\t\tEvoluci\u00f3n Precio \u20ac\/m\u00b2 Vila de Gr\u00e0cia 2021-2024\t\t\t<\/h4>\n\t\t\t\t\t<\/div>\n\t\t<div class=\"eael_fancy_chart\" id=\"eael_fancy_chart-dac1ee2\"><\/div>\n\t\t<\/div>\n\t\t\t\t\t\t<\/div>\n\t\t\t\t<\/div>\n\t\t\t\t<div class=\"elementor-element elementor-element-965afad elementor-widget elementor-widget-heading\" data-id=\"965afad\" data-element_type=\"widget\" data-e-type=\"widget\" data-widget_type=\"heading.default\">\n\t\t\t\t<div class=\"elementor-widget-container\">\n\t\t\t\t\t<h4 class=\"elementor-heading-title elementor-size-default\">2. El Camp d'en Grassot i Gr\u00e0cia Nova<\/h4>\t\t\t\t<\/div>\n\t\t\t\t<\/div>\n\t\t\t\t<div class=\"elementor-element elementor-element-5425431 elementor-widget elementor-widget-image\" data-id=\"5425431\" data-element_type=\"widget\" data-e-type=\"widget\" data-widget_type=\"image.default\">\n\t\t\t\t<div class=\"elementor-widget-container\">\n\t\t\t\t\t\t\t\t\t\t\t\t\t\t\t<img decoding=\"async\" width=\"1024\" height=\"604\" src=\"https:\/\/puntohabitat.es\/wp-content\/uploads\/2025\/02\/La-Sedeta.-1-1-1024x604.webp\" class=\"attachment-large size-large wp-image-83575\" alt=\"Precio Vivienda Gr\u00e0cia Barcelona\" srcset=\"https:\/\/puntohabitat.es\/wp-content\/uploads\/2025\/02\/La-Sedeta.-1-1-1024x604.webp 1024w, https:\/\/puntohabitat.es\/wp-content\/uploads\/2025\/02\/La-Sedeta.-1-1-300x177.webp 300w, https:\/\/puntohabitat.es\/wp-content\/uploads\/2025\/02\/La-Sedeta.-1-1-768x453.webp 768w, https:\/\/puntohabitat.es\/wp-content\/uploads\/2025\/02\/La-Sedeta.-1-1-1017x600.webp 1017w, https:\/\/puntohabitat.es\/wp-content\/uploads\/2025\/02\/La-Sedeta.-1-1-496x293.webp 496w, https:\/\/puntohabitat.es\/wp-content\/uploads\/2025\/02\/La-Sedeta.-1-1.webp 1183w\" sizes=\"(max-width: 1024px) 100vw, 1024px\" \/>\t\t\t\t\t\t\t\t\t\t\t\t\t\t\t<\/div>\n\t\t\t\t<\/div>\n\t\t\t\t<div class=\"elementor-element elementor-element-d2f9a05 elementor-widget elementor-widget-text-editor\" data-id=\"d2f9a05\" data-element_type=\"widget\" data-e-type=\"widget\" data-widget_type=\"text-editor.default\">\n\t\t\t\t<div class=\"elementor-widget-container\">\n\t\t\t\t\t\t\t\t\tEl barri d&#8217;<strong>El Camp d&#8217;en Grassot i Gr\u00e0cia Nova<\/strong> es caracteritza pel seu equilibri entre la vida residencial i la proximitat al centre de la ciutat. Curiosament, aquest car\u00e0cter es reflecteix en un augment de preus sostingut:\r\n<ul>\r\n \t<li><strong>2021<\/strong>: 3.921,12 \u20ac\/m\u00b2<\/li>\r\n \t<li><strong>2022<\/strong>: 3.948,18 \u20ac\/m\u00b2 (+0,7%)<\/li>\r\n \t<li><strong>2023<\/strong>: 4.041,32 \u20ac\/m\u00b2 (+2,4%)<\/li>\r\n \t<li><strong>2024<\/strong>: 4.244,43 \u20ac\/m\u00b2 (+5%)<\/li>\r\n<\/ul>\t\t\t\t\t\t\t\t<\/div>\n\t\t\t\t<\/div>\n\t\t\t\t<div class=\"elementor-element elementor-element-2f4b0bf elementor-widget elementor-widget-eael-fancy-chart\" data-id=\"2f4b0bf\" data-element_type=\"widget\" data-e-type=\"widget\" data-widget_type=\"eael-fancy-chart.default\">\n\t\t\t\t<div class=\"elementor-widget-container\">\n\t\t\t\t\t\t\t<div data-options=\"{&quot;chart&quot;:{&quot;toolbar&quot;:{&quot;show&quot;:&quot;&quot;},&quot;type&quot;:&quot;bar&quot;,&quot;background&quot;:&quot;&quot;,&quot;height&quot;:&quot;450px&quot;,&quot;width&quot;:&quot;100%&quot;,&quot;animations&quot;:{&quot;enabled&quot;:&quot;true&quot;,&quot;easing&quot;:&quot;easeinout&quot;,&quot;speed&quot;:1100,&quot;animateGradually&quot;:{&quot;delay&quot;:250}},&quot;offsetX&quot;:0,&quot;offsetY&quot;:0,&quot;stacked&quot;:false},&quot;series&quot;:[{&quot;name&quot;:&quot;\\u20ac\\\/m\\u00b2&quot;,&quot;data&quot;:[&quot;3921&quot;,&quot; 3948&quot;,&quot; 4041&quot;,&quot; 4244&quot;]}],&quot;xaxis&quot;:{&quot;categories&quot;:[&quot;2021&quot;,&quot;2022&quot;,&quot;2023&quot;,&quot;2024&quot;],&quot;position&quot;:&quot;bottom&quot;,&quot;labels&quot;:{&quot;show&quot;:&quot;yes&quot;,&quot;style&quot;:{&quot;cssClass&quot;:&quot;eael_fancy_cahrt_xaxis&quot;,&quot;colors&quot;:&quot;&quot;}}},&quot;yaxis&quot;:{&quot;show&quot;:true,&quot;opposite&quot;:&quot;&quot;,&quot;labels&quot;:{&quot;show&quot;:&quot;yes&quot;,&quot;style&quot;:{&quot;cssClass&quot;:&quot;eael_fancy_cahrt_yaxis&quot;,&quot;colors&quot;:&quot;&quot;}}},&quot;legend&quot;:{&quot;show&quot;:&quot;true&quot;,&quot;position&quot;:&quot;top&quot;,&quot;labels&quot;:{&quot;colors&quot;:&quot;#333&quot;},&quot;fontSize&quot;:&quot;14px&quot;,&quot;horizontalAlign&quot;:&quot;center&quot;,&quot;markers&quot;:{&quot;width&quot;:12,&quot;height&quot;:12,&quot;strokeWidth&quot;:&quot;0&quot;,&quot;strokeColor&quot;:&quot;#fff&quot;,&quot;radius&quot;:2,&quot;offsetX&quot;:&quot;&quot;,&quot;offsetY&quot;:&quot;&quot;}},&quot;tooltip&quot;:{&quot;enabled&quot;:&quot;yes&quot;,&quot;y&quot;:{&quot;prefix&quot;:&quot;&quot;,&quot;suffix&quot;:&quot;&quot;}},&quot;grid&quot;:{&quot;show&quot;:&quot;true&quot;,&quot;borderColor&quot;:&quot;#ddd&quot;,&quot;strokeDashArray&quot;:0,&quot;xaxis&quot;:{&quot;lines&quot;:{&quot;show&quot;:&quot;&quot;}},&quot;yaxis&quot;:{&quot;lines&quot;:{&quot;show&quot;:&quot;true&quot;}}},&quot;plotOptions&quot;:{&quot;bar&quot;:{&quot;borderRadius&quot;:&quot;&quot;,&quot;dataLabels&quot;:{&quot;position&quot;:&quot;center&quot;},&quot;horizontal&quot;:false,&quot;columnWidth&quot;:50,&quot;barHeight&quot;:50}},&quot;stroke&quot;:{&quot;show&quot;:&quot;true&quot;,&quot;lineCap&quot;:&quot;butt&quot;,&quot;colors&quot;:[&quot;#FFF&quot;],&quot;width&quot;:2,&quot;dashArray&quot;:0},&quot;dataLabels&quot;:{&quot;enabled&quot;:true,&quot;style&quot;:{&quot;colors&quot;:[&quot;#fff&quot;],&quot;fontSize&quot;:&quot;12px&quot;}},&quot;colors&quot;:[&quot;#D3904C&quot;],&quot;fill&quot;:{&quot;colors&quot;:[&quot;#D3904C&quot;],&quot;opacity&quot;:0.9,&quot;type&quot;:&quot;solid&quot;}}\" class=\"eael_fanct_chart_wrapper\">\n\t\t\t<div class=\"eael_fancy_chart_header\">\n\t\t\t\t\t\t\t\t<h4 class=\"eael_fancy_chart_title\">\n\t\t\t\tEvoluci\u00f3n Precio \u20ac\/m\u00b2 El Camp d'en Grassot i Gr\u00e0cia Nova 2021-2024\t\t\t<\/h4>\n\t\t\t\t\t<\/div>\n\t\t<div class=\"eael_fancy_chart\" id=\"eael_fancy_chart-2f4b0bf\"><\/div>\n\t\t<\/div>\n\t\t\t\t\t\t<\/div>\n\t\t\t\t<\/div>\n\t\t\t\t<div class=\"elementor-element elementor-element-9513288 elementor-widget elementor-widget-text-editor\" data-id=\"9513288\" data-element_type=\"widget\" data-e-type=\"widget\" data-widget_type=\"text-editor.default\">\n\t\t\t\t<div class=\"elementor-widget-container\">\n\t\t\t\t\t\t\t\t\tEn total, <strong>El Camp d&#8217;en Grassot i Gr\u00e0cia Nova<\/strong> presenta un augment del <strong>+8,25%<\/strong> en el per\u00edode 2021-2024 i es situa a la cua dels 5 barris del districte de <strong>Gr\u00e0cia<\/strong> pel que fa a la pujada acumulada.\t\t\t\t\t\t\t\t<\/div>\n\t\t\t\t<\/div>\n\t\t\t\t<div class=\"elementor-element elementor-element-5cc3c35 elementor-widget elementor-widget-heading\" data-id=\"5cc3c35\" data-element_type=\"widget\" data-e-type=\"widget\" data-widget_type=\"heading.default\">\n\t\t\t\t<div class=\"elementor-widget-container\">\n\t\t\t\t\t<h4 class=\"elementor-heading-title elementor-size-default\">3. La Salut<\/h4>\t\t\t\t<\/div>\n\t\t\t\t<\/div>\n\t\t\t\t<div class=\"elementor-element elementor-element-3641c61 elementor-widget elementor-widget-image\" data-id=\"3641c61\" data-element_type=\"widget\" data-e-type=\"widget\" data-widget_type=\"image.default\">\n\t\t\t\t<div class=\"elementor-widget-container\">\n\t\t\t\t\t\t\t\t\t\t\t\t\t\t\t<img loading=\"lazy\" decoding=\"async\" width=\"1024\" height=\"550\" src=\"https:\/\/puntohabitat.es\/wp-content\/uploads\/2025\/02\/IMG_2296-1024x550.webp\" class=\"attachment-large size-large wp-image-83560\" alt=\"Precio Vivienda Gr\u00e0cia Barcelona\" srcset=\"https:\/\/puntohabitat.es\/wp-content\/uploads\/2025\/02\/IMG_2296-1024x550.webp 1024w, https:\/\/puntohabitat.es\/wp-content\/uploads\/2025\/02\/IMG_2296-300x161.webp 300w, https:\/\/puntohabitat.es\/wp-content\/uploads\/2025\/02\/IMG_2296-768x413.webp 768w, https:\/\/puntohabitat.es\/wp-content\/uploads\/2025\/02\/IMG_2296-1116x600.webp 1116w, https:\/\/puntohabitat.es\/wp-content\/uploads\/2025\/02\/IMG_2296-496x267.webp 496w, https:\/\/puntohabitat.es\/wp-content\/uploads\/2025\/02\/IMG_2296.webp 1189w\" sizes=\"(max-width: 1024px) 100vw, 1024px\" \/>\t\t\t\t\t\t\t\t\t\t\t\t\t\t\t<\/div>\n\t\t\t\t<\/div>\n\t\t\t\t<div class=\"elementor-element elementor-element-866c977 elementor-widget elementor-widget-text-editor\" data-id=\"866c977\" data-element_type=\"widget\" data-e-type=\"widget\" data-widget_type=\"text-editor.default\">\n\t\t\t\t<div class=\"elementor-widget-container\">\n\t\t\t\t\t\t\t\t\t<strong>La Salut<\/strong> segueix presentant-se com una opci\u00f3 atractiva per al comprador local. Tot i que hi va haver un lleuger retroc\u00e9s en els preus durant el 2023, durant el 2024 ha consolidat la seva recuperaci\u00f3:\r\n<ul>\r\n \t<li><strong>2021<\/strong>: 3.555,49 \u20ac\/m\u00b2<\/li>\r\n \t<li><strong>2022<\/strong>: 3.667,54 \u20ac\/m\u00b2 (+3,1%)<\/li>\r\n \t<li><strong>2023<\/strong>: 3.478,51 \u20ac\/m\u00b2 (-5,1%)<\/li>\r\n \t<li><strong>2024<\/strong>: 3.986,15 \u20ac\/m\u00b2 (+14,6%)<\/li>\r\n<\/ul>\t\t\t\t\t\t\t\t<\/div>\n\t\t\t\t<\/div>\n\t\t\t\t<div class=\"elementor-element elementor-element-e9faea8 elementor-widget elementor-widget-eael-fancy-chart\" data-id=\"e9faea8\" data-element_type=\"widget\" data-e-type=\"widget\" data-widget_type=\"eael-fancy-chart.default\">\n\t\t\t\t<div class=\"elementor-widget-container\">\n\t\t\t\t\t\t\t<div data-options=\"{&quot;chart&quot;:{&quot;toolbar&quot;:{&quot;show&quot;:&quot;&quot;},&quot;type&quot;:&quot;bar&quot;,&quot;background&quot;:&quot;&quot;,&quot;height&quot;:&quot;450px&quot;,&quot;width&quot;:&quot;100%&quot;,&quot;animations&quot;:{&quot;enabled&quot;:&quot;true&quot;,&quot;easing&quot;:&quot;easeinout&quot;,&quot;speed&quot;:1100,&quot;animateGradually&quot;:{&quot;delay&quot;:250}},&quot;offsetX&quot;:0,&quot;offsetY&quot;:0,&quot;stacked&quot;:false},&quot;series&quot;:[{&quot;name&quot;:&quot;\\u20ac\\\/m\\u00b2&quot;,&quot;data&quot;:[&quot;3415&quot;,&quot; 2941&quot;,&quot; 3081&quot;,&quot; 3417&quot;]}],&quot;xaxis&quot;:{&quot;categories&quot;:[&quot;2021&quot;,&quot;2022&quot;,&quot;2023&quot;,&quot;2024&quot;],&quot;position&quot;:&quot;bottom&quot;,&quot;labels&quot;:{&quot;show&quot;:&quot;yes&quot;,&quot;style&quot;:{&quot;cssClass&quot;:&quot;eael_fancy_cahrt_xaxis&quot;,&quot;colors&quot;:&quot;&quot;}}},&quot;yaxis&quot;:{&quot;show&quot;:true,&quot;opposite&quot;:&quot;&quot;,&quot;labels&quot;:{&quot;show&quot;:&quot;yes&quot;,&quot;style&quot;:{&quot;cssClass&quot;:&quot;eael_fancy_cahrt_yaxis&quot;,&quot;colors&quot;:&quot;&quot;}}},&quot;legend&quot;:{&quot;show&quot;:&quot;true&quot;,&quot;position&quot;:&quot;top&quot;,&quot;labels&quot;:{&quot;colors&quot;:&quot;#333&quot;},&quot;fontSize&quot;:&quot;14px&quot;,&quot;horizontalAlign&quot;:&quot;center&quot;,&quot;markers&quot;:{&quot;width&quot;:12,&quot;height&quot;:12,&quot;strokeWidth&quot;:&quot;0&quot;,&quot;strokeColor&quot;:&quot;#fff&quot;,&quot;radius&quot;:2,&quot;offsetX&quot;:&quot;&quot;,&quot;offsetY&quot;:&quot;&quot;}},&quot;tooltip&quot;:{&quot;enabled&quot;:&quot;yes&quot;,&quot;y&quot;:{&quot;prefix&quot;:&quot;&quot;,&quot;suffix&quot;:&quot;&quot;}},&quot;grid&quot;:{&quot;show&quot;:&quot;true&quot;,&quot;borderColor&quot;:&quot;#ddd&quot;,&quot;strokeDashArray&quot;:0,&quot;xaxis&quot;:{&quot;lines&quot;:{&quot;show&quot;:&quot;&quot;}},&quot;yaxis&quot;:{&quot;lines&quot;:{&quot;show&quot;:&quot;true&quot;}}},&quot;plotOptions&quot;:{&quot;bar&quot;:{&quot;borderRadius&quot;:&quot;&quot;,&quot;dataLabels&quot;:{&quot;position&quot;:&quot;center&quot;},&quot;horizontal&quot;:false,&quot;columnWidth&quot;:50,&quot;barHeight&quot;:50}},&quot;stroke&quot;:{&quot;show&quot;:&quot;true&quot;,&quot;lineCap&quot;:&quot;butt&quot;,&quot;colors&quot;:[&quot;#FFF&quot;],&quot;width&quot;:2,&quot;dashArray&quot;:0},&quot;dataLabels&quot;:{&quot;enabled&quot;:true,&quot;style&quot;:{&quot;colors&quot;:[&quot;#fff&quot;],&quot;fontSize&quot;:&quot;12px&quot;}},&quot;colors&quot;:[&quot;#D3904C&quot;],&quot;fill&quot;:{&quot;colors&quot;:[&quot;#D3904C&quot;],&quot;opacity&quot;:0.9,&quot;type&quot;:&quot;solid&quot;}}\" class=\"eael_fanct_chart_wrapper\">\n\t\t\t<div class=\"eael_fancy_chart_header\">\n\t\t\t\t\t\t\t\t<h4 class=\"eael_fancy_chart_title\">\n\t\t\t\tEvoluci\u00f3n Precio \u20ac\/m\u00b2 La Salut 2021-2024\t\t\t<\/h4>\n\t\t\t\t\t<\/div>\n\t\t<div class=\"eael_fancy_chart\" id=\"eael_fancy_chart-e9faea8\"><\/div>\n\t\t<\/div>\n\t\t\t\t\t\t<\/div>\n\t\t\t\t<\/div>\n\t\t\t\t<div class=\"elementor-element elementor-element-c04b1ce elementor-widget elementor-widget-text-editor\" data-id=\"c04b1ce\" data-element_type=\"widget\" data-e-type=\"widget\" data-widget_type=\"text-editor.default\">\n\t\t\t\t<div class=\"elementor-widget-container\">\n\t\t\t\t\t\t\t\t\tGr\u00e0cies al repunt final del <strong>14,6%<\/strong> durant el 2024, <strong>La Salut<\/strong> presenta una pujada acumulada del <strong>+12,11%<\/strong> en el per\u00edode 2021-2024.\t\t\t\t\t\t\t\t<\/div>\n\t\t\t\t<\/div>\n\t\t\t\t<div class=\"elementor-element elementor-element-5d4b8ca elementor-widget elementor-widget-heading\" data-id=\"5d4b8ca\" data-element_type=\"widget\" data-e-type=\"widget\" data-widget_type=\"heading.default\">\n\t\t\t\t<div class=\"elementor-widget-container\">\n\t\t\t\t\t<h4 class=\"elementor-heading-title elementor-size-default\">4. Vallcarca i els Penitents<\/h4>\t\t\t\t<\/div>\n\t\t\t\t<\/div>\n\t\t\t\t<div class=\"elementor-element elementor-element-54626db elementor-widget elementor-widget-image\" data-id=\"54626db\" data-element_type=\"widget\" data-e-type=\"widget\" data-widget_type=\"image.default\">\n\t\t\t\t<div class=\"elementor-widget-container\">\n\t\t\t\t\t\t\t\t\t\t\t\t\t\t\t<img loading=\"lazy\" decoding=\"async\" width=\"680\" height=\"953\" src=\"https:\/\/puntohabitat.es\/wp-content\/uploads\/2025\/02\/IMG_2325.webp\" class=\"attachment-large size-large wp-image-83563\" alt=\"Precio Vivienda Gr\u00e0cia Barcelona\" srcset=\"https:\/\/puntohabitat.es\/wp-content\/uploads\/2025\/02\/IMG_2325.webp 680w, https:\/\/puntohabitat.es\/wp-content\/uploads\/2025\/02\/IMG_2325-214x300.webp 214w, https:\/\/puntohabitat.es\/wp-content\/uploads\/2025\/02\/IMG_2325-428x600.webp 428w, https:\/\/puntohabitat.es\/wp-content\/uploads\/2025\/02\/IMG_2325-496x695.webp 496w\" sizes=\"(max-width: 680px) 100vw, 680px\" \/>\t\t\t\t\t\t\t\t\t\t\t\t\t\t\t<\/div>\n\t\t\t\t<\/div>\n\t\t\t\t<div class=\"elementor-element elementor-element-6651fa0 elementor-widget elementor-widget-text-editor\" data-id=\"6651fa0\" data-element_type=\"widget\" data-e-type=\"widget\" data-widget_type=\"text-editor.default\">\n\t\t\t\t<div class=\"elementor-widget-container\">\n\t\t\t\t\t\t\t\t\tAquest barri ha mostrat una evoluci\u00f3 sostinguda en els preus al llarg del per\u00edode d&#8217;estudi.\r\n\r\nLa seva tranquil\u00b7litat, \u00e0mplies \u00e0rees verdes i l&#8217;atractiu per a fam\u00edlies han estat les claus per al seu creixement:\r\n<ul>\r\n \t<li><strong>2021<\/strong>: 3.449,74 \u20ac\/m\u00b2<\/li>\r\n \t<li><strong>2022<\/strong>: 3.505,28 \u20ac\/m\u00b2 (+1,6%)<\/li>\r\n \t<li><strong>2023<\/strong>: 3.579,48 \u20ac\/m\u00b2 (+2,1%)<\/li>\r\n \t<li><strong>2024<\/strong>: 3.930,96 \u20ac\/m\u00b2 (+9,8%)<\/li>\r\n<\/ul>\t\t\t\t\t\t\t\t<\/div>\n\t\t\t\t<\/div>\n\t\t\t\t<div class=\"elementor-element elementor-element-461f0e9 elementor-widget elementor-widget-eael-fancy-chart\" data-id=\"461f0e9\" data-element_type=\"widget\" data-e-type=\"widget\" data-widget_type=\"eael-fancy-chart.default\">\n\t\t\t\t<div class=\"elementor-widget-container\">\n\t\t\t\t\t\t\t<div data-options=\"{&quot;chart&quot;:{&quot;toolbar&quot;:{&quot;show&quot;:&quot;&quot;},&quot;type&quot;:&quot;bar&quot;,&quot;background&quot;:&quot;&quot;,&quot;height&quot;:&quot;450px&quot;,&quot;width&quot;:&quot;100%&quot;,&quot;animations&quot;:{&quot;enabled&quot;:&quot;true&quot;,&quot;easing&quot;:&quot;easeinout&quot;,&quot;speed&quot;:1100,&quot;animateGradually&quot;:{&quot;delay&quot;:250}},&quot;offsetX&quot;:0,&quot;offsetY&quot;:0,&quot;stacked&quot;:false},&quot;series&quot;:[{&quot;name&quot;:&quot;\\u20ac\\\/m\\u00b2&quot;,&quot;data&quot;:[&quot;3440&quot;,&quot; 3505&quot;,&quot; 3579&quot;,&quot; 3990&quot;]}],&quot;xaxis&quot;:{&quot;categories&quot;:[&quot;2021&quot;,&quot;2022&quot;,&quot;2023&quot;,&quot;2024&quot;],&quot;position&quot;:&quot;bottom&quot;,&quot;labels&quot;:{&quot;show&quot;:&quot;yes&quot;,&quot;style&quot;:{&quot;cssClass&quot;:&quot;eael_fancy_cahrt_xaxis&quot;,&quot;colors&quot;:&quot;&quot;}}},&quot;yaxis&quot;:{&quot;show&quot;:true,&quot;opposite&quot;:&quot;&quot;,&quot;labels&quot;:{&quot;show&quot;:&quot;yes&quot;,&quot;style&quot;:{&quot;cssClass&quot;:&quot;eael_fancy_cahrt_yaxis&quot;,&quot;colors&quot;:&quot;&quot;}}},&quot;legend&quot;:{&quot;show&quot;:&quot;true&quot;,&quot;position&quot;:&quot;top&quot;,&quot;labels&quot;:{&quot;colors&quot;:&quot;#333&quot;},&quot;fontSize&quot;:&quot;14px&quot;,&quot;horizontalAlign&quot;:&quot;center&quot;,&quot;markers&quot;:{&quot;width&quot;:12,&quot;height&quot;:12,&quot;strokeWidth&quot;:&quot;0&quot;,&quot;strokeColor&quot;:&quot;#fff&quot;,&quot;radius&quot;:2,&quot;offsetX&quot;:&quot;&quot;,&quot;offsetY&quot;:&quot;&quot;}},&quot;tooltip&quot;:{&quot;enabled&quot;:&quot;yes&quot;,&quot;y&quot;:{&quot;prefix&quot;:&quot;&quot;,&quot;suffix&quot;:&quot;&quot;}},&quot;grid&quot;:{&quot;show&quot;:&quot;true&quot;,&quot;borderColor&quot;:&quot;#ddd&quot;,&quot;strokeDashArray&quot;:0,&quot;xaxis&quot;:{&quot;lines&quot;:{&quot;show&quot;:&quot;&quot;}},&quot;yaxis&quot;:{&quot;lines&quot;:{&quot;show&quot;:&quot;true&quot;}}},&quot;plotOptions&quot;:{&quot;bar&quot;:{&quot;borderRadius&quot;:&quot;&quot;,&quot;dataLabels&quot;:{&quot;position&quot;:&quot;center&quot;},&quot;horizontal&quot;:false,&quot;columnWidth&quot;:50,&quot;barHeight&quot;:50}},&quot;stroke&quot;:{&quot;show&quot;:&quot;true&quot;,&quot;lineCap&quot;:&quot;butt&quot;,&quot;colors&quot;:[&quot;#FFF&quot;],&quot;width&quot;:2,&quot;dashArray&quot;:0},&quot;dataLabels&quot;:{&quot;enabled&quot;:true,&quot;style&quot;:{&quot;colors&quot;:[&quot;#fff&quot;],&quot;fontSize&quot;:&quot;12px&quot;}},&quot;colors&quot;:[&quot;#D3904C&quot;],&quot;fill&quot;:{&quot;colors&quot;:[&quot;#D3904C&quot;],&quot;opacity&quot;:0.9,&quot;type&quot;:&quot;solid&quot;}}\" class=\"eael_fanct_chart_wrapper\">\n\t\t\t<div class=\"eael_fancy_chart_header\">\n\t\t\t\t\t\t\t\t<h4 class=\"eael_fancy_chart_title\">\n\t\t\t\tEvoluci\u00f3n Precio \u20ac\/m\u00b2 Vallcarca i els Penitents 2021-2024\t\t\t<\/h4>\n\t\t\t\t\t<\/div>\n\t\t<div class=\"eael_fancy_chart\" id=\"eael_fancy_chart-461f0e9\"><\/div>\n\t\t<\/div>\n\t\t\t\t\t\t<\/div>\n\t\t\t\t<\/div>\n\t\t\t\t<div class=\"elementor-element elementor-element-d4828d3 elementor-widget elementor-widget-text-editor\" data-id=\"d4828d3\" data-element_type=\"widget\" data-e-type=\"widget\" data-widget_type=\"text-editor.default\">\n\t\t\t\t<div class=\"elementor-widget-container\">\n\t\t\t\t\t\t\t\t\tTot i que durant els tres primers anys observem petites variacions, el preu registrat en les transaccions de 2024 fa que <strong>Vallcarca i els Penitents<\/strong> presenti una pujada acumulada del <strong>+13,95%<\/strong>.\t\t\t\t\t\t\t\t<\/div>\n\t\t\t\t<\/div>\n\t\t\t\t<div class=\"elementor-element elementor-element-e46cfb5 elementor-widget elementor-widget-heading\" data-id=\"e46cfb5\" data-element_type=\"widget\" data-e-type=\"widget\" data-widget_type=\"heading.default\">\n\t\t\t\t<div class=\"elementor-widget-container\">\n\t\t\t\t\t<h4 class=\"elementor-heading-title elementor-size-default\">5. El Coll<\/h4>\t\t\t\t<\/div>\n\t\t\t\t<\/div>\n\t\t\t\t<div class=\"elementor-element elementor-element-043f089 elementor-widget elementor-widget-image\" data-id=\"043f089\" data-element_type=\"widget\" data-e-type=\"widget\" data-widget_type=\"image.default\">\n\t\t\t\t<div class=\"elementor-widget-container\">\n\t\t\t\t\t\t\t\t\t\t\t\t\t\t\t<img loading=\"lazy\" decoding=\"async\" width=\"1024\" height=\"660\" src=\"https:\/\/puntohabitat.es\/wp-content\/uploads\/2025\/02\/IMG_2345-1024x660.webp\" class=\"attachment-large size-large wp-image-83584\" alt=\"Precio Vivienda Gr\u00e0cia Barcelona\" srcset=\"https:\/\/puntohabitat.es\/wp-content\/uploads\/2025\/02\/IMG_2345-1024x660.webp 1024w, https:\/\/puntohabitat.es\/wp-content\/uploads\/2025\/02\/IMG_2345-300x194.webp 300w, https:\/\/puntohabitat.es\/wp-content\/uploads\/2025\/02\/IMG_2345-768x495.webp 768w, https:\/\/puntohabitat.es\/wp-content\/uploads\/2025\/02\/IMG_2345-930x600.webp 930w, https:\/\/puntohabitat.es\/wp-content\/uploads\/2025\/02\/IMG_2345-496x320.webp 496w, https:\/\/puntohabitat.es\/wp-content\/uploads\/2025\/02\/IMG_2345.webp 1200w\" sizes=\"(max-width: 1024px) 100vw, 1024px\" \/>\t\t\t\t\t\t\t\t\t\t\t\t\t\t\t<\/div>\n\t\t\t\t<\/div>\n\t\t\t\t<div class=\"elementor-element elementor-element-97c47ce elementor-widget elementor-widget-text-editor\" data-id=\"97c47ce\" data-element_type=\"widget\" data-e-type=\"widget\" data-widget_type=\"text-editor.default\">\n\t\t\t\t<div class=\"elementor-widget-container\">\n\t\t\t\t\t\t\t\t\t<strong>El Coll<\/strong> \u00e9s l&#8217;opci\u00f3 m\u00e9s assequible del districte de <strong>Gr\u00e0cia<\/strong> i els seus preus venen marcats per una alta volatilitat interanual. Aquestes baixades i repuntes de preu tan brusques venen determinades per dos factors: un nombre baix de transaccions i la singularitat de moltes de les seves edificacions:\r\n<ul>\r\n \t<li><strong>2021<\/strong>: 2.546,63 \u20ac\/m\u00b2<\/li>\r\n \t<li><strong>2022<\/strong>: 3.217,79 \u20ac\/m\u00b2 (+26,4%)<\/li>\r\n \t<li><strong>2023<\/strong>: 2.759,15 \u20ac\/m\u00b2 (-14,3%)<\/li>\r\n \t<li><strong>2024<\/strong>: 2.891,53 \u20ac\/m\u00b2 (+4,8%)<\/li>\r\n<\/ul>\t\t\t\t\t\t\t\t<\/div>\n\t\t\t\t<\/div>\n\t\t\t\t<div class=\"elementor-element elementor-element-f3ee066 elementor-widget elementor-widget-eael-fancy-chart\" data-id=\"f3ee066\" data-element_type=\"widget\" data-e-type=\"widget\" data-widget_type=\"eael-fancy-chart.default\">\n\t\t\t\t<div class=\"elementor-widget-container\">\n\t\t\t\t\t\t\t<div data-options=\"{&quot;chart&quot;:{&quot;toolbar&quot;:{&quot;show&quot;:&quot;&quot;},&quot;type&quot;:&quot;bar&quot;,&quot;background&quot;:&quot;&quot;,&quot;height&quot;:&quot;450px&quot;,&quot;width&quot;:&quot;100%&quot;,&quot;animations&quot;:{&quot;enabled&quot;:&quot;true&quot;,&quot;easing&quot;:&quot;easeinout&quot;,&quot;speed&quot;:1100,&quot;animateGradually&quot;:{&quot;delay&quot;:250}},&quot;offsetX&quot;:0,&quot;offsetY&quot;:0,&quot;stacked&quot;:false},&quot;series&quot;:[{&quot;name&quot;:&quot;\\u20ac\\\/m\\u00b2&quot;,&quot;data&quot;:[&quot;2678&quot;,&quot; 2803&quot;,&quot; 2920&quot;,&quot; 3321&quot;]}],&quot;xaxis&quot;:{&quot;categories&quot;:[&quot;2021&quot;,&quot;2022&quot;,&quot;2023&quot;,&quot;2024&quot;],&quot;position&quot;:&quot;bottom&quot;,&quot;labels&quot;:{&quot;show&quot;:&quot;yes&quot;,&quot;style&quot;:{&quot;cssClass&quot;:&quot;eael_fancy_cahrt_xaxis&quot;,&quot;colors&quot;:&quot;&quot;}}},&quot;yaxis&quot;:{&quot;show&quot;:true,&quot;opposite&quot;:&quot;&quot;,&quot;labels&quot;:{&quot;show&quot;:&quot;yes&quot;,&quot;style&quot;:{&quot;cssClass&quot;:&quot;eael_fancy_cahrt_yaxis&quot;,&quot;colors&quot;:&quot;&quot;}}},&quot;legend&quot;:{&quot;show&quot;:&quot;true&quot;,&quot;position&quot;:&quot;top&quot;,&quot;labels&quot;:{&quot;colors&quot;:&quot;#333&quot;},&quot;fontSize&quot;:&quot;14px&quot;,&quot;horizontalAlign&quot;:&quot;center&quot;,&quot;markers&quot;:{&quot;width&quot;:12,&quot;height&quot;:12,&quot;strokeWidth&quot;:&quot;0&quot;,&quot;strokeColor&quot;:&quot;#fff&quot;,&quot;radius&quot;:2,&quot;offsetX&quot;:&quot;&quot;,&quot;offsetY&quot;:&quot;&quot;}},&quot;tooltip&quot;:{&quot;enabled&quot;:&quot;yes&quot;,&quot;y&quot;:{&quot;prefix&quot;:&quot;&quot;,&quot;suffix&quot;:&quot;&quot;}},&quot;grid&quot;:{&quot;show&quot;:&quot;true&quot;,&quot;borderColor&quot;:&quot;#ddd&quot;,&quot;strokeDashArray&quot;:0,&quot;xaxis&quot;:{&quot;lines&quot;:{&quot;show&quot;:&quot;&quot;}},&quot;yaxis&quot;:{&quot;lines&quot;:{&quot;show&quot;:&quot;true&quot;}}},&quot;plotOptions&quot;:{&quot;bar&quot;:{&quot;borderRadius&quot;:&quot;&quot;,&quot;dataLabels&quot;:{&quot;position&quot;:&quot;center&quot;},&quot;horizontal&quot;:false,&quot;columnWidth&quot;:50,&quot;barHeight&quot;:50}},&quot;stroke&quot;:{&quot;show&quot;:&quot;true&quot;,&quot;lineCap&quot;:&quot;butt&quot;,&quot;colors&quot;:[&quot;#FFF&quot;],&quot;width&quot;:2,&quot;dashArray&quot;:0},&quot;dataLabels&quot;:{&quot;enabled&quot;:true,&quot;style&quot;:{&quot;colors&quot;:[&quot;#fff&quot;],&quot;fontSize&quot;:&quot;12px&quot;}},&quot;colors&quot;:[&quot;#D3904C&quot;],&quot;fill&quot;:{&quot;colors&quot;:[&quot;#D3904C&quot;],&quot;opacity&quot;:0.9,&quot;type&quot;:&quot;solid&quot;}}\" class=\"eael_fanct_chart_wrapper\">\n\t\t\t<div class=\"eael_fancy_chart_header\">\n\t\t\t\t\t\t\t\t<h4 class=\"eael_fancy_chart_title\">\n\t\t\t\tEvoluci\u00f3n Precio \u20ac\/m\u00b2 El Coll 2021-2024\t\t\t<\/h4>\n\t\t\t\t\t<\/div>\n\t\t<div class=\"eael_fancy_chart\" id=\"eael_fancy_chart-f3ee066\"><\/div>\n\t\t<\/div>\n\t\t\t\t\t\t<\/div>\n\t\t\t\t<\/div>\n\t\t\t\t<div class=\"elementor-element elementor-element-a1ef8d9 elementor-widget elementor-widget-text-editor\" data-id=\"a1ef8d9\" data-element_type=\"widget\" data-e-type=\"widget\" data-widget_type=\"text-editor.default\">\n\t\t\t\t<div class=\"elementor-widget-container\">\n\t\t\t\t\t\t\t\t\tMalgrat la volatilitat comentada, <strong>El Coll<\/strong> presenta una pujada acumulada del <strong>+13,54%<\/strong>.\t\t\t\t\t\t\t\t<\/div>\n\t\t\t\t<\/div>\n\t\t\t\t<div class=\"elementor-element elementor-element-dd9862e elementor-widget elementor-widget-heading\" data-id=\"dd9862e\" data-element_type=\"widget\" data-e-type=\"widget\" data-widget_type=\"heading.default\">\n\t\t\t\t<div class=\"elementor-widget-container\">\n\t\t\t\t\t<h2 class=\"elementor-heading-title elementor-size-default\">Preu Pisos Gr\u00e0cia Barcelona: R\u00e0nquing de Pujades<\/h2>\t\t\t\t<\/div>\n\t\t\t\t<\/div>\n\t\t\t\t<div class=\"elementor-element elementor-element-648dd85 elementor-widget elementor-widget-text-editor\" data-id=\"648dd85\" data-element_type=\"widget\" data-e-type=\"widget\" data-widget_type=\"text-editor.default\">\n\t\t\t\t<div class=\"elementor-widget-container\">\n\t\t\t\t\t\t\t\t\tPer concloure, analitzem les pujades acumulades al districte de <strong>Gr\u00e0cia<\/strong>: destaca <strong>Vila de Gr\u00e0cia<\/strong> com el l\u00edder en revaloritzaci\u00f3, mentre que <strong>Vallcarca i els Penitents<\/strong> i <strong>El Coll<\/strong> mostren uns creixements menors per\u00f2 s\u00f2lids.\r\n\r\nEn el pr\u00f2xim semestre prestarem especial atenci\u00f3 a l&#8217;evoluci\u00f3 dels preus a <strong>Vila de Gr\u00e0cia<\/strong> per saber si es consolida l&#8217;assentament de preus presentat el 2024 (+1,3%) o si es produeix un canvi de tend\u00e8ncia.\t\t\t\t\t\t\t\t<\/div>\n\t\t\t\t<\/div>\n\t\t\t\t<div class=\"elementor-element elementor-element-c427582 elementor-widget elementor-widget-eael-fancy-chart\" data-id=\"c427582\" data-element_type=\"widget\" data-e-type=\"widget\" data-widget_type=\"eael-fancy-chart.default\">\n\t\t\t\t<div class=\"elementor-widget-container\">\n\t\t\t\t\t\t\t<div data-options=\"{&quot;chart&quot;:{&quot;toolbar&quot;:{&quot;show&quot;:&quot;&quot;},&quot;type&quot;:&quot;bar&quot;,&quot;background&quot;:&quot;&quot;,&quot;height&quot;:&quot;450px&quot;,&quot;width&quot;:&quot;100%&quot;,&quot;animations&quot;:{&quot;enabled&quot;:&quot;true&quot;,&quot;easing&quot;:&quot;easeinout&quot;,&quot;speed&quot;:1100,&quot;animateGradually&quot;:{&quot;delay&quot;:250}},&quot;offsetX&quot;:0,&quot;offsetY&quot;:0,&quot;stacked&quot;:false},&quot;series&quot;:[{&quot;name&quot;:&quot;%&quot;,&quot;data&quot;:[&quot;18.7&quot;,&quot; 13.95&quot;,&quot; 13.54&quot;,&quot; 12.11&quot;,&quot; 8.25 &quot;]}],&quot;xaxis&quot;:{&quot;categories&quot;:[&quot;Vila de Gr\\u00e0cia&quot;,&quot;El Camp d&#039;en Grassot i Gr\\u00e0cia Nova&quot;,&quot;La Salut&quot;,&quot;Vallcarca i els Penitents&quot;,&quot;El Coll&quot;],&quot;position&quot;:&quot;bottom&quot;,&quot;labels&quot;:{&quot;show&quot;:&quot;&quot;,&quot;style&quot;:{&quot;cssClass&quot;:&quot;eael_fancy_cahrt_xaxis&quot;,&quot;colors&quot;:&quot;&quot;}}},&quot;yaxis&quot;:{&quot;show&quot;:true,&quot;opposite&quot;:&quot;&quot;,&quot;labels&quot;:{&quot;show&quot;:&quot;yes&quot;,&quot;style&quot;:{&quot;cssClass&quot;:&quot;eael_fancy_cahrt_yaxis&quot;,&quot;colors&quot;:&quot;&quot;}}},&quot;legend&quot;:{&quot;show&quot;:&quot;&quot;,&quot;position&quot;:&quot;top&quot;,&quot;labels&quot;:{&quot;colors&quot;:&quot;#333&quot;},&quot;fontSize&quot;:&quot;12px&quot;,&quot;horizontalAlign&quot;:&quot;&quot;,&quot;markers&quot;:{&quot;width&quot;:&quot;&quot;,&quot;height&quot;:&quot;&quot;,&quot;strokeWidth&quot;:&quot;0&quot;,&quot;strokeColor&quot;:&quot;#fff&quot;,&quot;radius&quot;:&quot;&quot;,&quot;offsetX&quot;:&quot;&quot;,&quot;offsetY&quot;:&quot;&quot;}},&quot;tooltip&quot;:{&quot;enabled&quot;:&quot;yes&quot;,&quot;y&quot;:{&quot;prefix&quot;:&quot;%&quot;,&quot;suffix&quot;:&quot;%&quot;}},&quot;grid&quot;:{&quot;show&quot;:&quot;true&quot;,&quot;borderColor&quot;:&quot;#ddd&quot;,&quot;strokeDashArray&quot;:0,&quot;xaxis&quot;:{&quot;lines&quot;:{&quot;show&quot;:&quot;&quot;}},&quot;yaxis&quot;:{&quot;lines&quot;:{&quot;show&quot;:&quot;true&quot;}}},&quot;plotOptions&quot;:{&quot;bar&quot;:{&quot;borderRadius&quot;:&quot;&quot;,&quot;dataLabels&quot;:{&quot;position&quot;:&quot;center&quot;},&quot;horizontal&quot;:true,&quot;columnWidth&quot;:40,&quot;barHeight&quot;:40}},&quot;stroke&quot;:{&quot;show&quot;:&quot;true&quot;,&quot;lineCap&quot;:&quot;butt&quot;,&quot;colors&quot;:[&quot;#FFF&quot;],&quot;width&quot;:2,&quot;dashArray&quot;:0},&quot;dataLabels&quot;:{&quot;enabled&quot;:false,&quot;style&quot;:{&quot;colors&quot;:[&quot;#fff&quot;],&quot;fontSize&quot;:&quot;12px&quot;}},&quot;colors&quot;:[&quot;#D3904C&quot;],&quot;fill&quot;:{&quot;colors&quot;:[&quot;#D3904C&quot;],&quot;opacity&quot;:0.9,&quot;type&quot;:&quot;solid&quot;}}\" class=\"eael_fanct_chart_wrapper\">\n\t\t\t<div class=\"eael_fancy_chart_header\">\n\t\t\t\t\t\t\t\t<h3 class=\"eael_fancy_chart_title\">\n\t\t\t\tRanking de Barrios por Subidas Acumuladas en el Periodo 2021-2024\t\t\t<\/h3>\n\t\t\t\t\t<\/div>\n\t\t<div class=\"eael_fancy_chart\" id=\"eael_fancy_chart-c427582\"><\/div>\n\t\t<\/div>\n\t\t\t\t\t\t<\/div>\n\t\t\t\t<\/div>\n\t\t\t\t\t<\/div>\n\t\t<\/div>\n\t\t\t\t\t<\/div>\n\t\t<\/section>\n\t\t\t\t<section data-particle_enable=\"false\" data-particle-mobile-disabled=\"false\" class=\"elementor-section elementor-top-section elementor-element elementor-element-d93612e elementor-section-boxed elementor-section-height-default elementor-section-height-default\" data-id=\"d93612e\" data-element_type=\"section\" data-e-type=\"section\">\n\t\t\t\t\t\t<div class=\"elementor-container elementor-column-gap-default\">\n\t\t\t\t\t<div class=\"elementor-column elementor-col-100 elementor-top-column elementor-element elementor-element-5841ee1\" data-id=\"5841ee1\" data-element_type=\"column\" data-e-type=\"column\">\n\t\t\t<div class=\"elementor-widget-wrap elementor-element-populated\">\n\t\t\t\t\t\t<div class=\"elementor-element elementor-element-1a979da elementor-widget elementor-widget-heading\" data-id=\"1a979da\" data-element_type=\"widget\" data-e-type=\"widget\" data-widget_type=\"heading.default\">\n\t\t\t\t<div class=\"elementor-widget-container\">\n\t\t\t\t\t<h2 class=\"elementor-heading-title elementor-size-default\">Preu Pisos Gr\u00e0cia Barcelona 2025: Previsions<\/h2>\t\t\t\t<\/div>\n\t\t\t\t<\/div>\n\t\t\t\t<div class=\"elementor-element elementor-element-0513952 elementor-widget elementor-widget-text-editor\" data-id=\"0513952\" data-element_type=\"widget\" data-e-type=\"widget\" data-widget_type=\"text-editor.default\">\n\t\t\t\t<div class=\"elementor-widget-container\">\n\t\t\t\t\t\t\t\t\tA partir de l&#8217;estudi realitzat, podem afirmar que el mercat residencial de compra-venda d&#8217;habitatge de segona ma a Gr\u00e0cia de Barcelona continuar\u00e0 amb una pujada sostinguda pels seg\u00fcents motius:\r\n<ul>\r\n \t<li><strong>Noves baixades del tipus d&#8217;inter\u00e8s<\/strong>: es preveu que el Banc Central Europeu realitzi noves reduccions del preu del diner durant els propers mesos, abaratint les quotes dels pr\u00e9stecs hipotecaris ja contractats i fent m\u00e9s atractius aquells que es suscriuran durant l&#8217;any 2025.<\/li>\r\n \t<li><strong>Recucci\u00f3 o manteniment de l&#8217;oferta de pisos\u00a0<\/strong>al mercat immobiliari barcelon\u00ed: fets com la baixada de la natalitat o les noves formes d&#8217;\u00fas residencial com, per exemple, el coliving, han fet que es redueixi enormement la rotaci\u00f3 als habitatges de propietat.<\/li>\r\n \t<li><strong>Augment de la poblaci\u00f3:\u00a0<\/strong>ahir vam saber que Barcelona ha registrat un nou r\u00e8cord de poblaci\u00f3;\u00a0 segons les dades del padr\u00f3, ja som 1,7 milions els habitants de la ciutat Comtal.<\/li>\r\n \t<li><strong>Estabilitat del mercat laboral.<\/strong><\/li>\r\n \t<li><strong>Manca de s\u00f2l per a la promoci\u00f3 d&#8217;obra nova:\u00a0<\/strong>en el cas de Barcelona, tamb\u00e9 podriem definir la situaci\u00f3 com &#8220;inexist\u00e8ncia de s\u00f2l finalista&#8221;. Per motius geogr\u00e0fics coneguts per tots, la nostra ciutat compta amb molt poc s\u00f2l disponible per a la construcci\u00f3 d&#8217;habitatge.<\/li>\r\n \t<li>La<strong> finalitzaci\u00f3 de la concessi\u00f3 de les &#8220;Golden Visa&#8221;<\/strong> tindr\u00e0 un lleu impacte en el preu \u20ac\/m\u00b2 de Gr\u00e0cia ja que sols ha suposat un 5,3% del total de compra-vendes registrades a la ciutat Comtal.<\/li>\r\n<\/ul>\t\t\t\t\t\t\t\t<\/div>\n\t\t\t\t<\/div>\n\t\t\t\t\t<\/div>\n\t\t<\/div>\n\t\t\t\t\t<\/div>\n\t\t<\/section>\n\t\t\t\t<section data-particle_enable=\"false\" data-particle-mobile-disabled=\"false\" class=\"elementor-section elementor-top-section elementor-element elementor-element-2f63940 elementor-section-boxed elementor-section-height-default elementor-section-height-default\" data-id=\"2f63940\" data-element_type=\"section\" data-e-type=\"section\">\n\t\t\t\t\t\t<div class=\"elementor-container elementor-column-gap-default\">\n\t\t\t\t\t<div class=\"elementor-column elementor-col-100 elementor-top-column elementor-element elementor-element-5bd3322\" data-id=\"5bd3322\" data-element_type=\"column\" data-e-type=\"column\">\n\t\t\t<div class=\"elementor-widget-wrap elementor-element-populated\">\n\t\t\t\t\t\t<div class=\"elementor-element elementor-element-e594cd2 elementor-widget elementor-widget-heading\" data-id=\"e594cd2\" data-element_type=\"widget\" data-e-type=\"widget\" data-widget_type=\"heading.default\">\n\t\t\t\t<div class=\"elementor-widget-container\">\n\t\t\t\t\t<h2 class=\"elementor-heading-title elementor-size-default\">Com ha variat el preu del teu pis a Gr\u00e0cia en els darrers mesos?<\/h2>\t\t\t\t<\/div>\n\t\t\t\t<\/div>\n\t\t\t\t<div class=\"elementor-element elementor-element-f27ac09 elementor-widget elementor-widget-html\" data-id=\"f27ac09\" data-element_type=\"widget\" data-e-type=\"widget\" data-widget_type=\"html.default\">\n\t\t\t\t<div class=\"elementor-widget-container\">\n\t\t\t\t\t<script src=\"https:\/\/cdnjs.cloudflare.com\/ajax\/libs\/iframe-resizer\/4.3.6\/iframeResizer.min.js\"><\/script>\r\n<script>\r\nfunction initResizer() {\r\niFrameResize({\r\nheightCalculationMethod: 'documentElementOffset',\r\nonScroll: ({ x, y }) => {\r\n\/\/ prevent default behavior\r\nwindow.scrollTo({\r\ntop: y,\r\nleft: x,\r\nbehavior: 'smooth'\r\n})\r\nreturn false;\r\n}\r\n}, '#valuationFrame');\r\n}\r\n<\/script>\r\n<iframe style=\"min-width: 100%; border:none;\" title=\"valuation\"\r\nsrc=\"https:\/\/puntohabitat-bcn.valuation.realadvisor.es\/appraise?language=es\" id=\"valuationFrame\" onload=\"initResizer()\">\r\n<\/iframe>\t\t\t\t<\/div>\n\t\t\t\t<\/div>\n\t\t\t\t\t<\/div>\n\t\t<\/div>\n\t\t\t\t\t<\/div>\n\t\t<\/section>\n\t\t\t\t<section data-particle_enable=\"false\" data-particle-mobile-disabled=\"false\" class=\"elementor-section elementor-top-section elementor-element elementor-element-4f69e88 elementor-section-boxed elementor-section-height-default elementor-section-height-default\" data-id=\"4f69e88\" data-element_type=\"section\" data-e-type=\"section\">\n\t\t\t\t\t\t<div class=\"elementor-container elementor-column-gap-default\">\n\t\t\t\t\t<div class=\"elementor-column elementor-col-100 elementor-top-column elementor-element elementor-element-079ed4a\" data-id=\"079ed4a\" data-element_type=\"column\" data-e-type=\"column\">\n\t\t\t<div class=\"elementor-widget-wrap elementor-element-populated\">\n\t\t\t\t\t\t<div class=\"elementor-element elementor-element-5596e05 elementor-widget elementor-widget-heading\" data-id=\"5596e05\" data-element_type=\"widget\" data-e-type=\"widget\" data-widget_type=\"heading.default\">\n\t\t\t\t<div class=\"elementor-widget-container\">\n\t\t\t\t\t<h2 class=\"elementor-heading-title elementor-size-default\">Evoluci\u00f3 de Preus a Barcelona: Tots els Districtes<\/h2>\t\t\t\t<\/div>\n\t\t\t\t<\/div>\n\t\t\t\t<div class=\"elementor-element elementor-element-9efbe79 elementor-widget elementor-widget-image\" data-id=\"9efbe79\" data-element_type=\"widget\" data-e-type=\"widget\" data-widget_type=\"image.default\">\n\t\t\t\t<div class=\"elementor-widget-container\">\n\t\t\t\t\t\t\t\t\t\t\t\t\t\t\t<img loading=\"lazy\" decoding=\"async\" width=\"1024\" height=\"415\" src=\"https:\/\/puntohabitat.es\/wp-content\/uploads\/2025\/01\/Precio-Vivienda-Barcelona-1024x415.webp\" class=\"attachment-large size-large wp-image-82243\" alt=\"Precio Vivienda Barcelona\" srcset=\"https:\/\/puntohabitat.es\/wp-content\/uploads\/2025\/01\/Precio-Vivienda-Barcelona-1024x415.webp 1024w, https:\/\/puntohabitat.es\/wp-content\/uploads\/2025\/01\/Precio-Vivienda-Barcelona-300x122.webp 300w, https:\/\/puntohabitat.es\/wp-content\/uploads\/2025\/01\/Precio-Vivienda-Barcelona-768x311.webp 768w, https:\/\/puntohabitat.es\/wp-content\/uploads\/2025\/01\/Precio-Vivienda-Barcelona-496x201.webp 496w, https:\/\/puntohabitat.es\/wp-content\/uploads\/2025\/01\/Precio-Vivienda-Barcelona.webp 1200w\" sizes=\"(max-width: 1024px) 100vw, 1024px\" \/>\t\t\t\t\t\t\t\t\t\t\t\t\t\t\t<\/div>\n\t\t\t\t<\/div>\n\t\t\t\t<div class=\"elementor-element elementor-element-1d87978 elementor-widget elementor-widget-text-editor\" data-id=\"1d87978\" data-element_type=\"widget\" data-e-type=\"widget\" data-widget_type=\"text-editor.default\">\n\t\t\t\t<div class=\"elementor-widget-container\">\n\t\t\t\t\t\t\t\t\tAmb l&#8217;objectiu d&#8217;oferir-te una informaci\u00f3 completa, hem preparat un estudi detallat dels preus de tots els districtes de Barcelona.\r\n\r\nAqu\u00ed et deixem els enlla\u00e7os perqu\u00e8 puguis con\u00e8ixer la situaci\u00f3 del mercat immobiliari a cada barri:\r\n<ul>\r\n \t<li><a href=\"https:\/\/puntohabitat.es\/ca\/blog\/preu-pisos-eixample-barcelona\/\" target=\"_blank\" rel=\"noopener\">Preu Pisos Eixample<\/a><\/li>\r\n \t<li><a href=\"https:\/\/puntohabitat.es\/ca\/blog\/preu-pisos-sant-marti-barcelona\/\" target=\"_blank\" rel=\"noopener\">Preu Pisos Sant Mart\u00ed<\/a><\/li>\r\n \t<li><a href=\"https:\/\/puntohabitat.es\/ca\/blog\/preu-pisos-sant-marti-barcelona\/\" target=\"_blank\" rel=\"noopener\">Preu Pisos Horta-Guinard\u00f3<\/a><\/li>\r\n \t<li><a href=\"https:\/\/puntohabitat.es\/ca\/blog\/preu-pisos-eixample-barcelona-8\/\" target=\"_blank\" rel=\"noopener\">Preu Pisos Gr\u00e0cia<\/a><\/li>\r\n \t<li><a href=\"https:\/\/puntohabitat.es\/ca\/blog\/preu-pisos-sarria-sant-gervasi-barcelona\/\" target=\"_blank\" rel=\"noopener\">Preu Pisos Sarri\u00e0 &#8211; Sant Gervasi<\/a><\/li>\r\n \t<li><a href=\"https:\/\/puntohabitat.es\/ca\/blog\/preu-pisos-sant-andreu-barcelona\/\" target=\"_blank\" rel=\"noopener\">Preu Pisos Sant Andreu<\/a><\/li>\r\n \t<li><a href=\"https:\/\/puntohabitat.es\/ca\/blog\/preu-pisos-nou-barris-barcelona\/\" target=\"_blank\" rel=\"noopener\">Preu Pisos Nou Barris<\/a><\/li>\r\n \t<li><a href=\"https:\/\/puntohabitat.es\/ca\/blog\/preu-pisos-ciutat-vella-barcelona\/\" target=\"_blank\" rel=\"noopener\">Preu Pisos Ciutat Vella<\/a><\/li>\r\n \t<li><a href=\"https:\/\/puntohabitat.es\/ca\/blog\/preu-pisos-les-corts-barcelona\/\" target=\"_blank\" rel=\"noopener\">Preu Pisos Les Corts<\/a><\/li>\r\n<\/ul>\r\nSi vols tenir una visi\u00f3 global de l&#8217;evoluci\u00f3 de preus a la ciutat Comtal, segueix aquest enlla\u00e7:\r\n<ul>\r\n \t<li><a href=\"https:\/\/puntohabitat.es\/ca\/blog\/preu-pisos-barcelona-barris-e-m%c2%b2\/\" target=\"_blank\" rel=\"noopener\">Preu Pisos Barcelona<\/a><\/li>\r\n<\/ul>\r\n<ul>\r\n \t<li style=\"list-style-type: none;\"><\/li>\r\n<\/ul>\t\t\t\t\t\t\t\t<\/div>\n\t\t\t\t<\/div>\n\t\t\t\t\t<\/div>\n\t\t<\/div>\n\t\t\t\t\t<\/div>\n\t\t<\/section>\n\t\t\t\t<section data-particle_enable=\"false\" data-particle-mobile-disabled=\"false\" class=\"elementor-section elementor-top-section elementor-element elementor-element-a7f7fa6 elementor-section-boxed elementor-section-height-default elementor-section-height-default\" data-id=\"a7f7fa6\" data-element_type=\"section\" data-e-type=\"section\">\n\t\t\t\t\t\t<div class=\"elementor-container elementor-column-gap-default\">\n\t\t\t\t\t<div class=\"elementor-column elementor-col-100 elementor-top-column elementor-element elementor-element-49c1fa7\" data-id=\"49c1fa7\" data-element_type=\"column\" data-e-type=\"column\">\n\t\t\t<div class=\"elementor-widget-wrap elementor-element-populated\">\n\t\t\t\t\t\t<div class=\"elementor-element elementor-element-8896122 elementor-widget elementor-widget-heading\" data-id=\"8896122\" data-element_type=\"widget\" data-e-type=\"widget\" data-widget_type=\"heading.default\">\n\t\t\t\t<div class=\"elementor-widget-container\">\n\t\t\t\t\t<h2 class=\"elementor-heading-title elementor-size-default\">Preu Pisos Gr\u00e0cia Barcelona: m\u00e9s informaci\u00f3<\/h2>\t\t\t\t<\/div>\n\t\t\t\t<\/div>\n\t\t\t\t<div class=\"elementor-element elementor-element-2a9a93e elementor-widget elementor-widget-text-editor\" data-id=\"2a9a93e\" data-element_type=\"widget\" data-e-type=\"widget\" data-widget_type=\"text-editor.default\">\n\t\t\t\t<div class=\"elementor-widget-container\">\n\t\t\t\t\t\t\t\t\tEn properes entrades analitzarem l&#8217;evoluci\u00f3 del nombre de transmissions realitzades a l&#8217;Eixample de Barcelona i l&#8217;evoluci\u00f3 del preu unitari mitj\u00e0 per a que pogueu disponsar d&#8217;una informaci\u00f3 m\u00e9s completa.\t\t\t\t\t\t\t\t<\/div>\n\t\t\t\t<\/div>\n\t\t\t\t<div class=\"elementor-element elementor-element-1f08c9f elementor-widget elementor-widget-text-editor\" data-id=\"1f08c9f\" data-element_type=\"widget\" data-e-type=\"widget\" data-widget_type=\"text-editor.default\">\n\t\t\t\t<div class=\"elementor-widget-container\">\n\t\t\t\t\t\t\t\t\tSi et cal m\u00e9s informaci\u00f3 o vols resoldre qualsevol dubte, contacta ara.\r\n\r\nT&#8217;atendrem inmediatament.\t\t\t\t\t\t\t\t<\/div>\n\t\t\t\t<\/div>\n\t\t\t\t\t<\/div>\n\t\t<\/div>\n\t\t\t\t\t<\/div>\n\t\t<\/section>\n\t\t\t\t<section data-particle_enable=\"false\" data-particle-mobile-disabled=\"false\" class=\"elementor-section elementor-top-section elementor-element elementor-element-6317c1b6 elementor-section-boxed elementor-section-height-default elementor-section-height-default\" data-id=\"6317c1b6\" data-element_type=\"section\" data-e-type=\"section\">\n\t\t\t\t\t\t<div class=\"elementor-container elementor-column-gap-default\">\n\t\t\t\t\t<div class=\"elementor-column elementor-col-33 elementor-top-column elementor-element elementor-element-310e8680\" data-id=\"310e8680\" data-element_type=\"column\" data-e-type=\"column\">\n\t\t\t<div class=\"elementor-widget-wrap elementor-element-populated\">\n\t\t\t\t\t\t<div class=\"elementor-element elementor-element-66ebd4db elementor-view-default elementor-widget elementor-widget-icon\" data-id=\"66ebd4db\" data-element_type=\"widget\" data-e-type=\"widget\" data-widget_type=\"icon.default\">\n\t\t\t\t<div class=\"elementor-widget-container\">\n\t\t\t\t\t\t\t<div class=\"elementor-icon-wrapper\">\n\t\t\t<a class=\"elementor-icon\" href=\"https:\/\/wa.me\/34615776631\">\n\t\t\t<i aria-hidden=\"true\" class=\"fab fa-whatsapp\"><\/i>\t\t\t<\/a>\n\t\t<\/div>\n\t\t\t\t\t\t<\/div>\n\t\t\t\t<\/div>\n\t\t\t\t\t<\/div>\n\t\t<\/div>\n\t\t\t\t<div class=\"elementor-column elementor-col-33 elementor-top-column elementor-element elementor-element-4f3218c9\" data-id=\"4f3218c9\" data-element_type=\"column\" data-e-type=\"column\">\n\t\t\t<div class=\"elementor-widget-wrap elementor-element-populated\">\n\t\t\t\t\t\t<div class=\"elementor-element elementor-element-315c5d58 elementor-view-default elementor-widget elementor-widget-icon\" data-id=\"315c5d58\" data-element_type=\"widget\" data-e-type=\"widget\" data-widget_type=\"icon.default\">\n\t\t\t\t<div class=\"elementor-widget-container\">\n\t\t\t\t\t\t\t<div class=\"elementor-icon-wrapper\">\n\t\t\t<a class=\"elementor-icon\" href=\"tel:934558535\">\n\t\t\t<i aria-hidden=\"true\" class=\"icon icon-mobile\"><\/i>\t\t\t<\/a>\n\t\t<\/div>\n\t\t\t\t\t\t<\/div>\n\t\t\t\t<\/div>\n\t\t\t\t\t<\/div>\n\t\t<\/div>\n\t\t\t\t<div class=\"elementor-column elementor-col-33 elementor-top-column elementor-element elementor-element-39e88d56\" data-id=\"39e88d56\" data-element_type=\"column\" data-e-type=\"column\">\n\t\t\t<div class=\"elementor-widget-wrap elementor-element-populated\">\n\t\t\t\t\t\t<div class=\"elementor-element elementor-element-13dd334e elementor-view-default elementor-widget elementor-widget-icon\" data-id=\"13dd334e\" data-element_type=\"widget\" data-e-type=\"widget\" data-widget_type=\"icon.default\">\n\t\t\t\t<div class=\"elementor-widget-container\">\n\t\t\t\t\t\t\t<div class=\"elementor-icon-wrapper\">\n\t\t\t<a class=\"elementor-icon\" href=\"mailto:info@puntohabitat.es\">\n\t\t\t<i aria-hidden=\"true\" class=\"icon icon-mail\"><\/i>\t\t\t<\/a>\n\t\t<\/div>\n\t\t\t\t\t\t<\/div>\n\t\t\t\t<\/div>\n\t\t\t\t\t<\/div>\n\t\t<\/div>\n\t\t\t\t\t<\/div>\n\t\t<\/section>\n\t\t\t\t<section data-particle_enable=\"false\" data-particle-mobile-disabled=\"false\" class=\"elementor-section elementor-top-section elementor-element elementor-element-57fb33e5 elementor-section-boxed elementor-section-height-default elementor-section-height-default\" data-id=\"57fb33e5\" data-element_type=\"section\" data-e-type=\"section\">\n\t\t\t\t\t\t<div class=\"elementor-container elementor-column-gap-default\">\n\t\t\t\t\t<div class=\"elementor-column elementor-col-100 elementor-top-column elementor-element elementor-element-4e75cb97\" data-id=\"4e75cb97\" data-element_type=\"column\" data-e-type=\"column\">\n\t\t\t<div class=\"elementor-widget-wrap elementor-element-populated\">\n\t\t\t\t\t\t<div class=\"elementor-element elementor-element-5fed6e90 elementor-widget elementor-widget-global elementor-global-70640 elementor-widget-text-editor\" data-id=\"5fed6e90\" data-element_type=\"widget\" data-e-type=\"widget\" data-widget_type=\"text-editor.default\">\n\t\t\t\t<div class=\"elementor-widget-container\">\n\t\t\t\t\t\t\t\t\t<p style=\"text-align: center;\">Inmobiliaria en Barcelona desde 1995<\/p>\t\t\t\t\t\t\t\t<\/div>\n\t\t\t\t<\/div>\n\t\t\t\t<div class=\"elementor-element elementor-element-5ab61dfc elementor-widget elementor-widget-text-editor\" data-id=\"5ab61dfc\" data-element_type=\"widget\" data-e-type=\"widget\" data-widget_type=\"text-editor.default\">\n\t\t\t\t<div class=\"elementor-widget-container\">\n\t\t\t\t\t\t\t\t\t<p style=\"text-align: center;\">Contacta amb nosaltres per a resoldre qualsevol dubte sobre el mercat immobiliari a Barcelona.<\/p>\r\n<p style=\"text-align: center;\">Si prefereixes un assessorament personalitzat, vine a les nostres oficines: t&#8217;hi esperem.<\/p>\r\n&nbsp;\r\n<p style=\"text-align: center;\"><strong><a href=\"https:\/\/goo.gl\/maps\/9AmaF68C5Ys9imkr5\">OFICINA PUNTO HABITAT SANT JOAN<\/a><\/strong><\/p>\r\n<p style=\"text-align: center;\"><strong><a href=\"https:\/\/goo.gl\/maps\/QtN46yjZxVexqGKQ9\">OFICINA PUNTO HABITAT GAUD\u00cd<\/a><\/strong><\/p>\t\t\t\t\t\t\t\t<\/div>\n\t\t\t\t<\/div>\n\t\t\t\t\t<\/div>\n\t\t<\/div>\n\t\t\t\t\t<\/div>\n\t\t<\/section>\n\t\t\t\t<section data-particle_enable=\"false\" data-particle-mobile-disabled=\"false\" class=\"elementor-section elementor-top-section elementor-element elementor-element-9af4878 elementor-section-boxed elementor-section-height-default elementor-section-height-default\" data-id=\"9af4878\" data-element_type=\"section\" data-e-type=\"section\">\n\t\t\t\t\t\t<div class=\"elementor-container elementor-column-gap-default\">\n\t\t\t\t\t<div class=\"elementor-column elementor-col-50 elementor-top-column elementor-element elementor-element-127b2ec\" data-id=\"127b2ec\" data-element_type=\"column\" data-e-type=\"column\">\n\t\t\t<div class=\"elementor-widget-wrap elementor-element-populated\">\n\t\t\t\t\t\t<div class=\"elementor-element elementor-element-ced5568 elementor-widget elementor-widget-image\" data-id=\"ced5568\" data-element_type=\"widget\" data-e-type=\"widget\" data-widget_type=\"image.default\">\n\t\t\t\t<div class=\"elementor-widget-container\">\n\t\t\t\t\t\t\t\t\t\t\t\t\t\t\t<img loading=\"lazy\" decoding=\"async\" width=\"1024\" height=\"768\" src=\"https:\/\/puntohabitat.es\/wp-content\/uploads\/2025\/03\/Inmobiliaria-Barcelona-PUNTO-HABITAT-1024x768.jpg\" class=\"attachment-large size-large wp-image-85868\" alt=\"Inmobiliaria-Barcelona-PUNTO-HABITAT\" srcset=\"https:\/\/puntohabitat.es\/wp-content\/uploads\/2025\/03\/Inmobiliaria-Barcelona-PUNTO-HABITAT-1024x768.jpg 1024w, https:\/\/puntohabitat.es\/wp-content\/uploads\/2025\/03\/Inmobiliaria-Barcelona-PUNTO-HABITAT-300x225.jpg 300w, https:\/\/puntohabitat.es\/wp-content\/uploads\/2025\/03\/Inmobiliaria-Barcelona-PUNTO-HABITAT-768x576.jpg 768w, https:\/\/puntohabitat.es\/wp-content\/uploads\/2025\/03\/Inmobiliaria-Barcelona-PUNTO-HABITAT-592x444.jpg 592w, https:\/\/puntohabitat.es\/wp-content\/uploads\/2025\/03\/Inmobiliaria-Barcelona-PUNTO-HABITAT-584x438.jpg 584w, https:\/\/puntohabitat.es\/wp-content\/uploads\/2025\/03\/Inmobiliaria-Barcelona-PUNTO-HABITAT-800x600.jpg 800w, https:\/\/puntohabitat.es\/wp-content\/uploads\/2025\/03\/Inmobiliaria-Barcelona-PUNTO-HABITAT-120x90.jpg 120w, https:\/\/puntohabitat.es\/wp-content\/uploads\/2025\/03\/Inmobiliaria-Barcelona-PUNTO-HABITAT-496x372.jpg 496w, https:\/\/puntohabitat.es\/wp-content\/uploads\/2025\/03\/Inmobiliaria-Barcelona-PUNTO-HABITAT.jpg 1200w\" sizes=\"(max-width: 1024px) 100vw, 1024px\" \/>\t\t\t\t\t\t\t\t\t\t\t\t\t\t\t<\/div>\n\t\t\t\t<\/div>\n\t\t\t\t\t<\/div>\n\t\t<\/div>\n\t\t\t\t<div class=\"elementor-column elementor-col-50 elementor-top-column elementor-element elementor-element-a370c4f\" data-id=\"a370c4f\" data-element_type=\"column\" data-e-type=\"column\">\n\t\t\t<div class=\"elementor-widget-wrap elementor-element-populated\">\n\t\t\t\t\t\t<div class=\"elementor-element elementor-element-ef74b70 elementor-widget elementor-widget-image\" data-id=\"ef74b70\" data-element_type=\"widget\" data-e-type=\"widget\" data-widget_type=\"image.default\">\n\t\t\t\t<div class=\"elementor-widget-container\">\n\t\t\t\t\t\t\t\t\t\t\t\t\t\t\t\t<a href=\"https:\/\/puntohabitat.es\/ca\/\">\n\t\t\t\t\t\t\t<img loading=\"lazy\" decoding=\"async\" width=\"300\" height=\"20\" src=\"https:\/\/puntohabitat.es\/wp-content\/uploads\/2022\/05\/logo-web-transparente-e1662796605608-300x20.png\" class=\"attachment-medium size-medium wp-image-67886\" alt=\"\" srcset=\"https:\/\/puntohabitat.es\/wp-content\/uploads\/2022\/05\/logo-web-transparente-e1662796605608-300x20.png 300w, https:\/\/puntohabitat.es\/wp-content\/uploads\/2022\/05\/logo-web-transparente-e1662796605608-1024x70.png 1024w, https:\/\/puntohabitat.es\/wp-content\/uploads\/2022\/05\/logo-web-transparente-e1662796605608-768x52.png 768w, https:\/\/puntohabitat.es\/wp-content\/uploads\/2022\/05\/logo-web-transparente-e1662796605608-1536x104.png 1536w, https:\/\/puntohabitat.es\/wp-content\/uploads\/2022\/05\/logo-web-transparente-e1662796605608-2048x139.png 2048w, https:\/\/puntohabitat.es\/wp-content\/uploads\/2022\/05\/logo-web-transparente-e1662796605608-150x10.png 150w, https:\/\/puntohabitat.es\/wp-content\/uploads\/2022\/05\/logo-web-transparente-e1662796605608-350x24.png 350w, https:\/\/puntohabitat.es\/wp-content\/uploads\/2022\/05\/logo-web-transparente-e1662796605608-320x22.png 320w, https:\/\/puntohabitat.es\/wp-content\/uploads\/2022\/05\/logo-web-transparente-e1662796605608-480x33.png 480w, https:\/\/puntohabitat.es\/wp-content\/uploads\/2022\/05\/logo-web-transparente-e1662796605608-800x54.png 800w\" sizes=\"(max-width: 300px) 100vw, 300px\" \/>\t\t\t\t\t\t\t\t<\/a>\n\t\t\t\t\t\t\t\t\t\t\t\t\t\t\t<\/div>\n\t\t\t\t<\/div>\n\t\t\t\t<div class=\"elementor-element elementor-element-0a6cf28 elementor-widget elementor-widget-text-editor\" data-id=\"0a6cf28\" data-element_type=\"widget\" data-e-type=\"widget\" data-widget_type=\"text-editor.default\">\n\t\t\t\t<div class=\"elementor-widget-container\">\n\t\t\t\t\t\t\t\t\t<strong>Confian\u00e7a, experi\u00e8ncia i proximitat al mercat immobiliari de Barcelona.<\/strong><br data-start=\"71\" data-end=\"74\" \/>A <a href=\"https:\/\/puntohabitat.es\/ca\/\">PUNTO HABITAT<\/a> fa m\u00e9s de 30 anys que ajudem propietaris com tu a vendre o llogar el seu habitatge amb seguretat i resultats. T&#8217;acompanyem durant tot el proc\u00e9s amb un servei transparent i adaptat a les teves necessitats.\t\t\t\t\t\t\t\t<\/div>\n\t\t\t\t<\/div>\n\t\t\t\t\t<\/div>\n\t\t<\/div>\n\t\t\t\t\t<\/div>\n\t\t<\/section>\n\t\t\t\t<section data-particle_enable=\"false\" data-particle-mobile-disabled=\"false\" class=\"elementor-section elementor-top-section elementor-element elementor-element-066ece0 elementor-reverse-tablet elementor-reverse-mobile elementor-section-boxed elementor-section-height-default elementor-section-height-default\" data-id=\"066ece0\" data-element_type=\"section\" data-e-type=\"section\">\n\t\t\t\t\t\t<div class=\"elementor-container elementor-column-gap-default\">\n\t\t\t\t\t<div class=\"elementor-column elementor-col-33 elementor-top-column elementor-element elementor-element-948e80c\" data-id=\"948e80c\" data-element_type=\"column\" data-e-type=\"column\">\n\t\t\t<div class=\"elementor-widget-wrap elementor-element-populated\">\n\t\t\t\t\t\t<div class=\"elementor-element elementor-element-b3ceb84 elementor-align-center elementor-widget elementor-widget-button\" data-id=\"b3ceb84\" data-element_type=\"widget\" data-e-type=\"widget\" data-widget_type=\"button.default\">\n\t\t\t\t<div class=\"elementor-widget-container\">\n\t\t\t\t\t\t\t\t\t<div class=\"elementor-button-wrapper\">\n\t\t\t\t\t<a class=\"elementor-button elementor-button-link elementor-size-sm elementor-animation-grow\" href=\"https:\/\/puntohabitat.es\/ca\/vendre-el-teu-pis-a-barcelona\/\">\n\t\t\t\t\t\t<span class=\"elementor-button-content-wrapper\">\n\t\t\t\t\t\t\t\t\t<span class=\"elementor-button-text\">Vendre Pis<\/span>\n\t\t\t\t\t<\/span>\n\t\t\t\t\t<\/a>\n\t\t\t\t<\/div>\n\t\t\t\t\t\t\t\t<\/div>\n\t\t\t\t<\/div>\n\t\t\t\t\t<\/div>\n\t\t<\/div>\n\t\t\t\t<div class=\"elementor-column elementor-col-33 elementor-top-column elementor-element elementor-element-4a315cd\" data-id=\"4a315cd\" data-element_type=\"column\" data-e-type=\"column\">\n\t\t\t<div class=\"elementor-widget-wrap elementor-element-populated\">\n\t\t\t\t\t\t<div class=\"elementor-element elementor-element-b353a69 elementor-align-center elementor-widget elementor-widget-button\" data-id=\"b353a69\" data-element_type=\"widget\" data-e-type=\"widget\" data-widget_type=\"button.default\">\n\t\t\t\t<div class=\"elementor-widget-container\">\n\t\t\t\t\t\t\t\t\t<div class=\"elementor-button-wrapper\">\n\t\t\t\t\t<a class=\"elementor-button elementor-button-link elementor-size-sm elementor-animation-grow\" href=\"https:\/\/puntohabitat.es\/ca\/llogar-el-teu-pis-a-barcelona\/\">\n\t\t\t\t\t\t<span class=\"elementor-button-content-wrapper\">\n\t\t\t\t\t\t\t\t\t<span class=\"elementor-button-text\">Llogar el meu Pis<\/span>\n\t\t\t\t\t<\/span>\n\t\t\t\t\t<\/a>\n\t\t\t\t<\/div>\n\t\t\t\t\t\t\t\t<\/div>\n\t\t\t\t<\/div>\n\t\t\t\t\t<\/div>\n\t\t<\/div>\n\t\t\t\t<div class=\"elementor-column elementor-col-33 elementor-top-column elementor-element elementor-element-22d18fb\" data-id=\"22d18fb\" data-element_type=\"column\" data-e-type=\"column\">\n\t\t\t<div class=\"elementor-widget-wrap elementor-element-populated\">\n\t\t\t\t\t\t<div class=\"elementor-element elementor-element-2a801d7 elementor-align-center elementor-widget elementor-widget-button\" data-id=\"2a801d7\" data-element_type=\"widget\" data-e-type=\"widget\" data-widget_type=\"button.default\">\n\t\t\t\t<div class=\"elementor-widget-container\">\n\t\t\t\t\t\t\t\t\t<div class=\"elementor-button-wrapper\">\n\t\t\t\t\t<a class=\"elementor-button elementor-button-link elementor-size-sm elementor-animation-grow\" href=\"https:\/\/puntohabitat.es\/ca\/gestio-de-lloguer\/\">\n\t\t\t\t\t\t<span class=\"elementor-button-content-wrapper\">\n\t\t\t\t\t\t\t\t\t<span class=\"elementor-button-text\">Gesti\u00f3 de Lloguer<\/span>\n\t\t\t\t\t<\/span>\n\t\t\t\t\t<\/a>\n\t\t\t\t<\/div>\n\t\t\t\t\t\t\t\t<\/div>\n\t\t\t\t<\/div>\n\t\t\t\t\t<\/div>\n\t\t<\/div>\n\t\t\t\t\t<\/div>\n\t\t<\/section>\n\t\t\t\t<section data-particle_enable=\"false\" data-particle-mobile-disabled=\"false\" class=\"elementor-section elementor-top-section elementor-element elementor-element-37aa945 elementor-section-boxed elementor-section-height-default elementor-section-height-default\" data-id=\"37aa945\" data-element_type=\"section\" data-e-type=\"section\">\n\t\t\t\t\t\t<div class=\"elementor-container elementor-column-gap-default\">\n\t\t\t\t\t<div class=\"elementor-column elementor-col-33 elementor-top-column elementor-element elementor-element-71fccce\" data-id=\"71fccce\" data-element_type=\"column\" data-e-type=\"column\">\n\t\t\t<div class=\"elementor-widget-wrap elementor-element-populated\">\n\t\t\t\t\t\t<div class=\"elementor-element elementor-element-fbd41d7 elementor-align-center elementor-widget elementor-widget-button\" data-id=\"fbd41d7\" data-element_type=\"widget\" data-e-type=\"widget\" data-widget_type=\"button.default\">\n\t\t\t\t<div class=\"elementor-widget-container\">\n\t\t\t\t\t\t\t\t\t<div class=\"elementor-button-wrapper\">\n\t\t\t\t\t<a class=\"elementor-button elementor-button-link elementor-size-sm elementor-animation-grow\" href=\"https:\/\/puntohabitat.es\/ca\/pisos-venda-barcelona\/\">\n\t\t\t\t\t\t<span class=\"elementor-button-content-wrapper\">\n\t\t\t\t\t\t\t\t\t<span class=\"elementor-button-text\">Pisos Venda<\/span>\n\t\t\t\t\t<\/span>\n\t\t\t\t\t<\/a>\n\t\t\t\t<\/div>\n\t\t\t\t\t\t\t\t<\/div>\n\t\t\t\t<\/div>\n\t\t\t\t\t<\/div>\n\t\t<\/div>\n\t\t\t\t<div class=\"elementor-column elementor-col-33 elementor-top-column elementor-element elementor-element-53d55db\" data-id=\"53d55db\" data-element_type=\"column\" data-e-type=\"column\">\n\t\t\t<div class=\"elementor-widget-wrap elementor-element-populated\">\n\t\t\t\t\t\t<div class=\"elementor-element elementor-element-74a7e7b elementor-align-center elementor-widget elementor-widget-button\" data-id=\"74a7e7b\" data-element_type=\"widget\" data-e-type=\"widget\" data-widget_type=\"button.default\">\n\t\t\t\t<div class=\"elementor-widget-container\">\n\t\t\t\t\t\t\t\t\t<div class=\"elementor-button-wrapper\">\n\t\t\t\t\t<a class=\"elementor-button elementor-button-link elementor-size-sm elementor-animation-grow\" href=\"https:\/\/puntohabitat.es\/ca\/propietats-en-lloguer\/\">\n\t\t\t\t\t\t<span class=\"elementor-button-content-wrapper\">\n\t\t\t\t\t\t\t\t\t<span class=\"elementor-button-text\">Pisos Lloguer<\/span>\n\t\t\t\t\t<\/span>\n\t\t\t\t\t<\/a>\n\t\t\t\t<\/div>\n\t\t\t\t\t\t\t\t<\/div>\n\t\t\t\t<\/div>\n\t\t\t\t\t<\/div>\n\t\t<\/div>\n\t\t\t\t<div class=\"elementor-column elementor-col-33 elementor-top-column elementor-element elementor-element-6484048\" data-id=\"6484048\" data-element_type=\"column\" data-e-type=\"column\">\n\t\t\t<div class=\"elementor-widget-wrap elementor-element-populated\">\n\t\t\t\t\t\t<div class=\"elementor-element elementor-element-2b96387 elementor-align-center elementor-widget elementor-widget-button\" data-id=\"2b96387\" data-element_type=\"widget\" data-e-type=\"widget\" data-widget_type=\"button.default\">\n\t\t\t\t<div class=\"elementor-widget-container\">\n\t\t\t\t\t\t\t\t\t<div class=\"elementor-button-wrapper\">\n\t\t\t\t\t<a class=\"elementor-button elementor-button-link elementor-size-sm elementor-animation-grow\" href=\"https:\/\/puntohabitat.es\/ca\/contacte\/\">\n\t\t\t\t\t\t<span class=\"elementor-button-content-wrapper\">\n\t\t\t\t\t\t\t\t\t<span class=\"elementor-button-text\">Contacte<\/span>\n\t\t\t\t\t<\/span>\n\t\t\t\t\t<\/a>\n\t\t\t\t<\/div>\n\t\t\t\t\t\t\t\t<\/div>\n\t\t\t\t<\/div>\n\t\t\t\t\t<\/div>\n\t\t<\/div>\n\t\t\t\t\t<\/div>\n\t\t<\/section>\n\t\t\t\t<\/div>\n\t\t","protected":false},"excerpt":{"rendered":"<p>Preu Pisos Gr\u00e0cia Barcelona Evoluci\u00f3 del Preu de l&#8217;Habitatger a Gr\u00e0cia: 2021-2024 Preu Pisos Gr\u00e0cia Barcelona: El districte de Gr\u00e0cia, un dels m\u00e9s emblem\u00e0tics i diversos de Barcelona, ha mostrat una evoluci\u00f3 significativa en els preus de l&#8217;habitatge per metre quadrat entre els anys 2021 i 2024. Aquest an\u00e0lisi detalla tant el comportament general del [&hellip;]<\/p>\n","protected":false},"author":2,"featured_media":83580,"comment_status":"closed","ping_status":"closed","sticky":false,"template":"","format":"standard","meta":{"footnotes":""},"categories":[180,179],"tags":[190,201,204],"class_list":["post-82252","post","type-post","status-publish","format-standard","has-post-thumbnail","hentry","category-venda","category-viure-a-barcelona","tag-barcelona-ca","tag-valoracio-pis","tag-vendre-pis"],"yoast_head":"<!-- This site is optimized with the Yoast SEO plugin v27.5 - https:\/\/yoast.com\/product\/yoast-seo-wordpress\/ -->\n<title>Preu Pisos Gr\u00e0cia Barcelona: An\u00e0lisi Barri a Barri<\/title>\n<meta name=\"description\" content=\"Preu Pisos Gr\u00e0cia Barcelona. Evoluci\u00f3 i Projecci\u00f3 de Preus Euro\/m\u00b2 als Barris que el Composen. Accedeix a Tota l&#039;Informaci\u00f3\" \/>\n<meta name=\"robots\" content=\"index, follow, max-snippet:-1, max-image-preview:large, max-video-preview:-1\" \/>\n<link rel=\"canonical\" href=\"https:\/\/puntohabitat.es\/ca\/preu-pisos-eixample-barcelona-8\/\" \/>\n<meta property=\"og:locale\" content=\"ca_ES\" \/>\n<meta property=\"og:type\" content=\"article\" \/>\n<meta property=\"og:title\" content=\"Preu Pisos Gr\u00e0cia Barcelona: An\u00e0lisi Barri a Barri\" \/>\n<meta property=\"og:description\" content=\"Preu Pisos Gr\u00e0cia Barcelona. Evoluci\u00f3 i Projecci\u00f3 de Preus Euro\/m\u00b2 als Barris que el Composen. Accedeix a Tota l&#039;Informaci\u00f3\" \/>\n<meta property=\"og:url\" content=\"https:\/\/puntohabitat.es\/ca\/preu-pisos-eixample-barcelona-8\/\" \/>\n<meta property=\"og:site_name\" content=\"PUNTO HABITAT\" \/>\n<meta property=\"article:publisher\" content=\"https:\/\/www.facebook.com\/puntohabitat\" \/>\n<meta property=\"article:author\" content=\"https:\/\/www.facebook.com\/puntohabitat\/\" \/>\n<meta property=\"article:published_time\" content=\"2025-02-08T08:19:07+00:00\" \/>\n<meta property=\"article:modified_time\" content=\"2025-08-07T16:15:24+00:00\" \/>\n<meta property=\"og:image\" content=\"https:\/\/puntohabitat.es\/wp-content\/uploads\/2025\/02\/Precio-Vivienda-Gracia-Barcelona.webp\" \/>\n\t<meta property=\"og:image:width\" content=\"1200\" \/>\n\t<meta property=\"og:image:height\" content=\"805\" \/>\n\t<meta property=\"og:image:type\" content=\"image\/webp\" \/>\n<meta name=\"author\" content=\"PUNTO HABITAT\" \/>\n<meta name=\"twitter:card\" content=\"summary_large_image\" \/>\n<meta name=\"twitter:creator\" content=\"@https:\/\/twitter.com\/puntohabitat\" \/>\n<meta name=\"twitter:site\" content=\"@puntohabitat\" \/>\n<meta name=\"twitter:label1\" content=\"Escrit per\" \/>\n\t<meta name=\"twitter:data1\" content=\"PUNTO HABITAT\" \/>\n\t<meta name=\"twitter:label2\" content=\"Temps estimat de lectura\" \/>\n\t<meta name=\"twitter:data2\" content=\"10 minuts\" \/>\n<script type=\"application\/ld+json\" class=\"yoast-schema-graph\">{\"@context\":\"https:\\\/\\\/schema.org\",\"@graph\":[{\"@type\":\"Article\",\"@id\":\"https:\\\/\\\/puntohabitat.es\\\/ca\\\/preu-pisos-eixample-barcelona-8\\\/#article\",\"isPartOf\":{\"@id\":\"https:\\\/\\\/puntohabitat.es\\\/ca\\\/preu-pisos-eixample-barcelona-8\\\/\"},\"author\":{\"name\":\"PUNTO HABITAT\",\"@id\":\"https:\\\/\\\/puntohabitat.es\\\/ca\\\/#\\\/schema\\\/person\\\/940c5335a3c27822cf280cc5edbe208f\"},\"headline\":\"Preu Pisos Gr\u00e0cia Barcelona\",\"datePublished\":\"2025-02-08T08:19:07+00:00\",\"dateModified\":\"2025-08-07T16:15:24+00:00\",\"mainEntityOfPage\":{\"@id\":\"https:\\\/\\\/puntohabitat.es\\\/ca\\\/preu-pisos-eixample-barcelona-8\\\/\"},\"wordCount\":1512,\"publisher\":{\"@id\":\"https:\\\/\\\/puntohabitat.es\\\/ca\\\/#organization\"},\"image\":{\"@id\":\"https:\\\/\\\/puntohabitat.es\\\/ca\\\/preu-pisos-eixample-barcelona-8\\\/#primaryimage\"},\"thumbnailUrl\":\"https:\\\/\\\/puntohabitat.es\\\/wp-content\\\/uploads\\\/2025\\\/02\\\/Precio-Vivienda-Gracia-Barcelona.webp\",\"keywords\":[\"Barcelona\",\"Valoraci\u00f3 pis\",\"Vendre Pis\"],\"articleSection\":[\"Venda\",\"Viure a Barcelona\"],\"inLanguage\":\"ca\"},{\"@type\":\"WebPage\",\"@id\":\"https:\\\/\\\/puntohabitat.es\\\/ca\\\/preu-pisos-eixample-barcelona-8\\\/\",\"url\":\"https:\\\/\\\/puntohabitat.es\\\/ca\\\/preu-pisos-eixample-barcelona-8\\\/\",\"name\":\"Preu Pisos Gr\u00e0cia Barcelona: An\u00e0lisi Barri a Barri\",\"isPartOf\":{\"@id\":\"https:\\\/\\\/puntohabitat.es\\\/ca\\\/#website\"},\"primaryImageOfPage\":{\"@id\":\"https:\\\/\\\/puntohabitat.es\\\/ca\\\/preu-pisos-eixample-barcelona-8\\\/#primaryimage\"},\"image\":{\"@id\":\"https:\\\/\\\/puntohabitat.es\\\/ca\\\/preu-pisos-eixample-barcelona-8\\\/#primaryimage\"},\"thumbnailUrl\":\"https:\\\/\\\/puntohabitat.es\\\/wp-content\\\/uploads\\\/2025\\\/02\\\/Precio-Vivienda-Gracia-Barcelona.webp\",\"datePublished\":\"2025-02-08T08:19:07+00:00\",\"dateModified\":\"2025-08-07T16:15:24+00:00\",\"description\":\"Preu Pisos Gr\u00e0cia Barcelona. Evoluci\u00f3 i Projecci\u00f3 de Preus Euro\\\/m\u00b2 als Barris que el Composen. Accedeix a Tota l'Informaci\u00f3\",\"breadcrumb\":{\"@id\":\"https:\\\/\\\/puntohabitat.es\\\/ca\\\/preu-pisos-eixample-barcelona-8\\\/#breadcrumb\"},\"inLanguage\":\"ca\",\"potentialAction\":[{\"@type\":\"ReadAction\",\"target\":[\"https:\\\/\\\/puntohabitat.es\\\/ca\\\/preu-pisos-eixample-barcelona-8\\\/\"]}]},{\"@type\":\"ImageObject\",\"inLanguage\":\"ca\",\"@id\":\"https:\\\/\\\/puntohabitat.es\\\/ca\\\/preu-pisos-eixample-barcelona-8\\\/#primaryimage\",\"url\":\"https:\\\/\\\/puntohabitat.es\\\/wp-content\\\/uploads\\\/2025\\\/02\\\/Precio-Vivienda-Gracia-Barcelona.webp\",\"contentUrl\":\"https:\\\/\\\/puntohabitat.es\\\/wp-content\\\/uploads\\\/2025\\\/02\\\/Precio-Vivienda-Gracia-Barcelona.webp\",\"width\":1200,\"height\":805},{\"@type\":\"BreadcrumbList\",\"@id\":\"https:\\\/\\\/puntohabitat.es\\\/ca\\\/preu-pisos-eixample-barcelona-8\\\/#breadcrumb\",\"itemListElement\":[{\"@type\":\"ListItem\",\"position\":1,\"name\":\"Inicio\",\"item\":\"https:\\\/\\\/puntohabitat.es\\\/ca\\\/\"},{\"@type\":\"ListItem\",\"position\":2,\"name\":\"Preu Pisos Gr\u00e0cia Barcelona\"}]},{\"@type\":\"WebSite\",\"@id\":\"https:\\\/\\\/puntohabitat.es\\\/ca\\\/#website\",\"url\":\"https:\\\/\\\/puntohabitat.es\\\/ca\\\/\",\"name\":\"PUNTO HABITAT\",\"description\":\"Inmobiliaria Barcelona | Venta y alquiler de pisos Barcelona | Gesti\u00f3n de alquiler\",\"publisher\":{\"@id\":\"https:\\\/\\\/puntohabitat.es\\\/ca\\\/#organization\"},\"potentialAction\":[{\"@type\":\"SearchAction\",\"target\":{\"@type\":\"EntryPoint\",\"urlTemplate\":\"https:\\\/\\\/puntohabitat.es\\\/ca\\\/?s={search_term_string}\"},\"query-input\":{\"@type\":\"PropertyValueSpecification\",\"valueRequired\":true,\"valueName\":\"search_term_string\"}}],\"inLanguage\":\"ca\"},{\"@type\":\"Organization\",\"@id\":\"https:\\\/\\\/puntohabitat.es\\\/ca\\\/#organization\",\"name\":\"PUNTO HABITAT\",\"url\":\"https:\\\/\\\/puntohabitat.es\\\/ca\\\/\",\"logo\":{\"@type\":\"ImageObject\",\"inLanguage\":\"ca\",\"@id\":\"https:\\\/\\\/puntohabitat.es\\\/ca\\\/#\\\/schema\\\/logo\\\/image\\\/\",\"url\":\"https:\\\/\\\/puntohabitat.es\\\/wp-content\\\/uploads\\\/2022\\\/06\\\/icono-apple-ipad-retina.jpg\",\"contentUrl\":\"https:\\\/\\\/puntohabitat.es\\\/wp-content\\\/uploads\\\/2022\\\/06\\\/icono-apple-ipad-retina.jpg\",\"width\":145,\"height\":145,\"caption\":\"PUNTO HABITAT\"},\"image\":{\"@id\":\"https:\\\/\\\/puntohabitat.es\\\/ca\\\/#\\\/schema\\\/logo\\\/image\\\/\"},\"sameAs\":[\"https:\\\/\\\/www.facebook.com\\\/puntohabitat\",\"https:\\\/\\\/x.com\\\/puntohabitat\",\"https:\\\/\\\/www.instagram.com\\\/puntohabitat\\\/\",\"https:\\\/\\\/www.linkedin.com\\\/in\\\/puntohabitat\\\/\",\"https:\\\/\\\/www.youtube.com\\\/c\\\/puntohabitatinmobiliariaBarcelona\",\"https:\\\/\\\/www.tiktok.com\\\/@puntohabitat\"]},{\"@type\":\"Person\",\"@id\":\"https:\\\/\\\/puntohabitat.es\\\/ca\\\/#\\\/schema\\\/person\\\/940c5335a3c27822cf280cc5edbe208f\",\"name\":\"PUNTO HABITAT\",\"description\":\"PUNTO HABITAT | Inmobiliaria Barcelona | 1995 Servicio personalizado en la gesti\u00f3n de venta y alquiler de inmuebles.\",\"sameAs\":[\"https:\\\/\\\/puntohabitat.es\",\"https:\\\/\\\/www.facebook.com\\\/puntohabitat\\\/\",\"https:\\\/\\\/www.instagram.com\\\/puntohabitat\\\/\",\"https:\\\/\\\/es.linkedin.com\\\/in\\\/puntohabitat\",\"https:\\\/\\\/www.pinterest.es\\\/puntohabitat\\\/\",\"https:\\\/\\\/x.com\\\/https:\\\/\\\/twitter.com\\\/puntohabitat\",\"https:\\\/\\\/www.youtube.com\\\/c\\\/puntohabitatinmobiliariaBarcelona\"]}]}<\/script>\n<!-- \/ Yoast SEO plugin. -->","yoast_head_json":{"title":"Preu Pisos Gr\u00e0cia Barcelona: An\u00e0lisi Barri a Barri","description":"Preu Pisos Gr\u00e0cia Barcelona. Evoluci\u00f3 i Projecci\u00f3 de Preus Euro\/m\u00b2 als Barris que el Composen. Accedeix a Tota l'Informaci\u00f3","robots":{"index":"index","follow":"follow","max-snippet":"max-snippet:-1","max-image-preview":"max-image-preview:large","max-video-preview":"max-video-preview:-1"},"canonical":"https:\/\/puntohabitat.es\/ca\/preu-pisos-eixample-barcelona-8\/","og_locale":"ca_ES","og_type":"article","og_title":"Preu Pisos Gr\u00e0cia Barcelona: An\u00e0lisi Barri a Barri","og_description":"Preu Pisos Gr\u00e0cia Barcelona. Evoluci\u00f3 i Projecci\u00f3 de Preus Euro\/m\u00b2 als Barris que el Composen. Accedeix a Tota l'Informaci\u00f3","og_url":"https:\/\/puntohabitat.es\/ca\/preu-pisos-eixample-barcelona-8\/","og_site_name":"PUNTO HABITAT","article_publisher":"https:\/\/www.facebook.com\/puntohabitat","article_author":"https:\/\/www.facebook.com\/puntohabitat\/","article_published_time":"2025-02-08T08:19:07+00:00","article_modified_time":"2025-08-07T16:15:24+00:00","og_image":[{"width":1200,"height":805,"url":"https:\/\/puntohabitat.es\/wp-content\/uploads\/2025\/02\/Precio-Vivienda-Gracia-Barcelona.webp","type":"image\/webp"}],"author":"PUNTO HABITAT","twitter_card":"summary_large_image","twitter_creator":"@https:\/\/twitter.com\/puntohabitat","twitter_site":"@puntohabitat","twitter_misc":{"Escrit per":"PUNTO HABITAT","Temps estimat de lectura":"10 minuts"},"schema":{"@context":"https:\/\/schema.org","@graph":[{"@type":"Article","@id":"https:\/\/puntohabitat.es\/ca\/preu-pisos-eixample-barcelona-8\/#article","isPartOf":{"@id":"https:\/\/puntohabitat.es\/ca\/preu-pisos-eixample-barcelona-8\/"},"author":{"name":"PUNTO HABITAT","@id":"https:\/\/puntohabitat.es\/ca\/#\/schema\/person\/940c5335a3c27822cf280cc5edbe208f"},"headline":"Preu Pisos Gr\u00e0cia Barcelona","datePublished":"2025-02-08T08:19:07+00:00","dateModified":"2025-08-07T16:15:24+00:00","mainEntityOfPage":{"@id":"https:\/\/puntohabitat.es\/ca\/preu-pisos-eixample-barcelona-8\/"},"wordCount":1512,"publisher":{"@id":"https:\/\/puntohabitat.es\/ca\/#organization"},"image":{"@id":"https:\/\/puntohabitat.es\/ca\/preu-pisos-eixample-barcelona-8\/#primaryimage"},"thumbnailUrl":"https:\/\/puntohabitat.es\/wp-content\/uploads\/2025\/02\/Precio-Vivienda-Gracia-Barcelona.webp","keywords":["Barcelona","Valoraci\u00f3 pis","Vendre Pis"],"articleSection":["Venda","Viure a Barcelona"],"inLanguage":"ca"},{"@type":"WebPage","@id":"https:\/\/puntohabitat.es\/ca\/preu-pisos-eixample-barcelona-8\/","url":"https:\/\/puntohabitat.es\/ca\/preu-pisos-eixample-barcelona-8\/","name":"Preu Pisos Gr\u00e0cia Barcelona: An\u00e0lisi Barri a Barri","isPartOf":{"@id":"https:\/\/puntohabitat.es\/ca\/#website"},"primaryImageOfPage":{"@id":"https:\/\/puntohabitat.es\/ca\/preu-pisos-eixample-barcelona-8\/#primaryimage"},"image":{"@id":"https:\/\/puntohabitat.es\/ca\/preu-pisos-eixample-barcelona-8\/#primaryimage"},"thumbnailUrl":"https:\/\/puntohabitat.es\/wp-content\/uploads\/2025\/02\/Precio-Vivienda-Gracia-Barcelona.webp","datePublished":"2025-02-08T08:19:07+00:00","dateModified":"2025-08-07T16:15:24+00:00","description":"Preu Pisos Gr\u00e0cia Barcelona. Evoluci\u00f3 i Projecci\u00f3 de Preus Euro\/m\u00b2 als Barris que el Composen. Accedeix a Tota l'Informaci\u00f3","breadcrumb":{"@id":"https:\/\/puntohabitat.es\/ca\/preu-pisos-eixample-barcelona-8\/#breadcrumb"},"inLanguage":"ca","potentialAction":[{"@type":"ReadAction","target":["https:\/\/puntohabitat.es\/ca\/preu-pisos-eixample-barcelona-8\/"]}]},{"@type":"ImageObject","inLanguage":"ca","@id":"https:\/\/puntohabitat.es\/ca\/preu-pisos-eixample-barcelona-8\/#primaryimage","url":"https:\/\/puntohabitat.es\/wp-content\/uploads\/2025\/02\/Precio-Vivienda-Gracia-Barcelona.webp","contentUrl":"https:\/\/puntohabitat.es\/wp-content\/uploads\/2025\/02\/Precio-Vivienda-Gracia-Barcelona.webp","width":1200,"height":805},{"@type":"BreadcrumbList","@id":"https:\/\/puntohabitat.es\/ca\/preu-pisos-eixample-barcelona-8\/#breadcrumb","itemListElement":[{"@type":"ListItem","position":1,"name":"Inicio","item":"https:\/\/puntohabitat.es\/ca\/"},{"@type":"ListItem","position":2,"name":"Preu Pisos Gr\u00e0cia Barcelona"}]},{"@type":"WebSite","@id":"https:\/\/puntohabitat.es\/ca\/#website","url":"https:\/\/puntohabitat.es\/ca\/","name":"PUNTO HABITAT","description":"Inmobiliaria Barcelona | Venta y alquiler de pisos Barcelona | Gesti\u00f3n de alquiler","publisher":{"@id":"https:\/\/puntohabitat.es\/ca\/#organization"},"potentialAction":[{"@type":"SearchAction","target":{"@type":"EntryPoint","urlTemplate":"https:\/\/puntohabitat.es\/ca\/?s={search_term_string}"},"query-input":{"@type":"PropertyValueSpecification","valueRequired":true,"valueName":"search_term_string"}}],"inLanguage":"ca"},{"@type":"Organization","@id":"https:\/\/puntohabitat.es\/ca\/#organization","name":"PUNTO HABITAT","url":"https:\/\/puntohabitat.es\/ca\/","logo":{"@type":"ImageObject","inLanguage":"ca","@id":"https:\/\/puntohabitat.es\/ca\/#\/schema\/logo\/image\/","url":"https:\/\/puntohabitat.es\/wp-content\/uploads\/2022\/06\/icono-apple-ipad-retina.jpg","contentUrl":"https:\/\/puntohabitat.es\/wp-content\/uploads\/2022\/06\/icono-apple-ipad-retina.jpg","width":145,"height":145,"caption":"PUNTO HABITAT"},"image":{"@id":"https:\/\/puntohabitat.es\/ca\/#\/schema\/logo\/image\/"},"sameAs":["https:\/\/www.facebook.com\/puntohabitat","https:\/\/x.com\/puntohabitat","https:\/\/www.instagram.com\/puntohabitat\/","https:\/\/www.linkedin.com\/in\/puntohabitat\/","https:\/\/www.youtube.com\/c\/puntohabitatinmobiliariaBarcelona","https:\/\/www.tiktok.com\/@puntohabitat"]},{"@type":"Person","@id":"https:\/\/puntohabitat.es\/ca\/#\/schema\/person\/940c5335a3c27822cf280cc5edbe208f","name":"PUNTO HABITAT","description":"PUNTO HABITAT | Inmobiliaria Barcelona | 1995 Servicio personalizado en la gesti\u00f3n de venta y alquiler de inmuebles.","sameAs":["https:\/\/puntohabitat.es","https:\/\/www.facebook.com\/puntohabitat\/","https:\/\/www.instagram.com\/puntohabitat\/","https:\/\/es.linkedin.com\/in\/puntohabitat","https:\/\/www.pinterest.es\/puntohabitat\/","https:\/\/x.com\/https:\/\/twitter.com\/puntohabitat","https:\/\/www.youtube.com\/c\/puntohabitatinmobiliariaBarcelona"]}]}},"_links":{"self":[{"href":"https:\/\/puntohabitat.es\/ca\/wp-json\/wp\/v2\/posts\/82252","targetHints":{"allow":["GET"]}}],"collection":[{"href":"https:\/\/puntohabitat.es\/ca\/wp-json\/wp\/v2\/posts"}],"about":[{"href":"https:\/\/puntohabitat.es\/ca\/wp-json\/wp\/v2\/types\/post"}],"author":[{"embeddable":true,"href":"https:\/\/puntohabitat.es\/ca\/wp-json\/wp\/v2\/users\/2"}],"replies":[{"embeddable":true,"href":"https:\/\/puntohabitat.es\/ca\/wp-json\/wp\/v2\/comments?post=82252"}],"version-history":[{"count":0,"href":"https:\/\/puntohabitat.es\/ca\/wp-json\/wp\/v2\/posts\/82252\/revisions"}],"wp:featuredmedia":[{"embeddable":true,"href":"https:\/\/puntohabitat.es\/ca\/wp-json\/wp\/v2\/media\/83580"}],"wp:attachment":[{"href":"https:\/\/puntohabitat.es\/ca\/wp-json\/wp\/v2\/media?parent=82252"}],"wp:term":[{"taxonomy":"category","embeddable":true,"href":"https:\/\/puntohabitat.es\/ca\/wp-json\/wp\/v2\/categories?post=82252"},{"taxonomy":"post_tag","embeddable":true,"href":"https:\/\/puntohabitat.es\/ca\/wp-json\/wp\/v2\/tags?post=82252"}],"curies":[{"name":"wp","href":"https:\/\/api.w.org\/{rel}","templated":true}]}}