{"id":82327,"date":"2025-02-08T19:18:56","date_gmt":"2025-02-08T18:18:56","guid":{"rendered":"https:\/\/puntohabitat.es\/?p=82327"},"modified":"2025-08-07T18:15:29","modified_gmt":"2025-08-07T16:15:29","slug":"preu-pisos-nou-barris-barcelona","status":"publish","type":"post","link":"https:\/\/puntohabitat.es\/ca\/preu-pisos-nou-barris-barcelona\/","title":{"rendered":"Preu Pisos Nou Barris Barcelona"},"content":{"rendered":"\t\t<div data-elementor-type=\"wp-post\" data-elementor-id=\"82327\" class=\"elementor elementor-82327 elementor-82326\" data-elementor-post-type=\"post\">\n\t\t\t\t\t\t<section data-particle_enable=\"false\" data-particle-mobile-disabled=\"false\" class=\"elementor-section elementor-top-section elementor-element elementor-element-a24fd06 elementor-section-full_width elementor-section-height-min-height elementor-section-height-default elementor-section-items-middle\" data-id=\"a24fd06\" data-element_type=\"section\" data-e-type=\"section\" data-settings=\"{&quot;background_background&quot;:&quot;classic&quot;}\">\n\t\t\t\t\t\t\t<div class=\"elementor-background-overlay\"><\/div>\n\t\t\t\t\t\t\t<div class=\"elementor-container elementor-column-gap-default\">\n\t\t\t\t\t<div class=\"elementor-column elementor-col-100 elementor-top-column elementor-element elementor-element-9565d7c\" data-id=\"9565d7c\" data-element_type=\"column\" data-e-type=\"column\">\n\t\t\t<div class=\"elementor-widget-wrap elementor-element-populated\">\n\t\t\t\t\t\t<section data-particle_enable=\"false\" data-particle-mobile-disabled=\"false\" class=\"elementor-section elementor-inner-section elementor-element elementor-element-ef9bd3b elementor-section-content-middle elementor-section-boxed elementor-section-height-default elementor-section-height-default\" data-id=\"ef9bd3b\" data-element_type=\"section\" data-e-type=\"section\" data-settings=\"{&quot;background_background&quot;:&quot;classic&quot;}\">\n\t\t\t\t\t\t<div class=\"elementor-container elementor-column-gap-default\">\n\t\t\t\t\t<div class=\"elementor-column elementor-col-50 elementor-inner-column elementor-element elementor-element-75d5961\" data-id=\"75d5961\" data-element_type=\"column\" data-e-type=\"column\">\n\t\t\t<div class=\"elementor-widget-wrap\">\n\t\t\t\t\t\t\t<\/div>\n\t\t<\/div>\n\t\t\t\t<div class=\"elementor-column elementor-col-50 elementor-inner-column elementor-element elementor-element-5ab5ff8\" data-id=\"5ab5ff8\" data-element_type=\"column\" data-e-type=\"column\">\n\t\t\t<div class=\"elementor-widget-wrap elementor-element-populated\">\n\t\t\t\t\t\t<div class=\"elementor-element elementor-element-f26c97b elementor-widget elementor-widget-heading\" data-id=\"f26c97b\" data-element_type=\"widget\" data-e-type=\"widget\" data-widget_type=\"heading.default\">\n\t\t\t\t<div class=\"elementor-widget-container\">\n\t\t\t\t\t<h1 class=\"elementor-heading-title elementor-size-default\">Precio Vivienda Nou Barris Barcelona<\/h1>\t\t\t\t<\/div>\n\t\t\t\t<\/div>\n\t\t\t\t\t<\/div>\n\t\t<\/div>\n\t\t\t\t\t<\/div>\n\t\t<\/section>\n\t\t\t\t\t<\/div>\n\t\t<\/div>\n\t\t\t\t\t<\/div>\n\t\t<\/section>\n\t\t\t\t<section data-particle_enable=\"false\" data-particle-mobile-disabled=\"false\" class=\"elementor-section elementor-top-section elementor-element elementor-element-84068df elementor-section-boxed elementor-section-height-default elementor-section-height-default\" data-id=\"84068df\" data-element_type=\"section\" data-e-type=\"section\">\n\t\t\t\t\t\t<div class=\"elementor-container elementor-column-gap-default\">\n\t\t\t\t\t<div class=\"elementor-column elementor-col-100 elementor-top-column elementor-element elementor-element-a9812b2\" data-id=\"a9812b2\" data-element_type=\"column\" data-e-type=\"column\">\n\t\t\t<div class=\"elementor-widget-wrap elementor-element-populated\">\n\t\t\t\t\t\t<div class=\"elementor-element elementor-element-09095c4 elementor-widget elementor-widget-text-editor\" data-id=\"09095c4\" data-element_type=\"widget\" data-e-type=\"widget\" data-widget_type=\"text-editor.default\">\n\t\t\t\t<div class=\"elementor-widget-container\">\n\t\t\t\t\t\t\t\t\t8 de febrer de 2025\t\t\t\t\t\t\t\t<\/div>\n\t\t\t\t<\/div>\n\t\t\t\t<div class=\"elementor-element elementor-element-97ee086 elementor-author-box--image-valign-middle elementor-author-box--avatar-yes elementor-author-box--name-yes elementor-author-box--biography-yes elementor-author-box--link-no elementor-widget elementor-widget-author-box\" data-id=\"97ee086\" data-element_type=\"widget\" data-e-type=\"widget\" data-widget_type=\"author-box.default\">\n\t\t\t\t<div class=\"elementor-widget-container\">\n\t\t\t\t\t\t\t<div class=\"elementor-author-box\">\n\t\t\t\t\t\t\t<div  class=\"elementor-author-box__avatar\">\n\t\t\t\t\t<img decoding=\"async\" src=\"https:\/\/secure.gravatar.com\/avatar\/2773bca6c07e7af4bf869eb5d10584666289bf322520dcdbd0c35dfa92289cd2?s=300&#038;d=mm&#038;r=g\" alt=\"Picture of PUNTO HABITAT\" loading=\"lazy\">\n\t\t\t\t<\/div>\n\t\t\t\n\t\t\t<div class=\"elementor-author-box__text\">\n\t\t\t\t\t\t\t\t\t<div >\n\t\t\t\t\t\t<h6 class=\"elementor-author-box__name\">\n\t\t\t\t\t\t\tPUNTO HABITAT\t\t\t\t\t\t<\/h6>\n\t\t\t\t\t<\/div>\n\t\t\t\t\n\t\t\t\t\t\t\t\t\t<div class=\"elementor-author-box__bio\">\n\t\t\t\t\t\tPUNTO HABITAT | Inmobiliaria Barcelona | 1995 \r\nServicio personalizado en la gesti\u00f3n de venta y alquiler de inmuebles.\t\t\t\t\t<\/div>\n\t\t\t\t\n\t\t\t\t\t\t\t<\/div>\n\t\t<\/div>\n\t\t\t\t\t\t<\/div>\n\t\t\t\t<\/div>\n\t\t\t\t\t<\/div>\n\t\t<\/div>\n\t\t\t\t\t<\/div>\n\t\t<\/section>\n\t\t\t\t<section data-particle_enable=\"false\" data-particle-mobile-disabled=\"false\" class=\"elementor-section elementor-top-section elementor-element elementor-element-3e7a260 elementor-section-boxed elementor-section-height-default elementor-section-height-default\" data-id=\"3e7a260\" data-element_type=\"section\" data-e-type=\"section\">\n\t\t\t\t\t\t<div class=\"elementor-container elementor-column-gap-default\">\n\t\t\t\t\t<div class=\"elementor-column elementor-col-100 elementor-top-column elementor-element elementor-element-7920272\" data-id=\"7920272\" data-element_type=\"column\" data-e-type=\"column\">\n\t\t\t<div class=\"elementor-widget-wrap elementor-element-populated\">\n\t\t\t\t\t\t<div class=\"elementor-element elementor-element-a65aa6f elementor-widget elementor-widget-heading\" data-id=\"a65aa6f\" data-element_type=\"widget\" data-e-type=\"widget\" data-widget_type=\"heading.default\">\n\t\t\t\t<div class=\"elementor-widget-container\">\n\t\t\t\t\t<h2 class=\"elementor-heading-title elementor-size-default\">Com ha Evolucionat el Preu dels Pisos a Nou Barris de Barcelona en el per\u00edode 2021-2024?<\/h2>\t\t\t\t<\/div>\n\t\t\t\t<\/div>\n\t\t\t\t<div class=\"elementor-element elementor-element-5d2183c elementor-widget elementor-widget-text-editor\" data-id=\"5d2183c\" data-element_type=\"widget\" data-e-type=\"widget\" data-widget_type=\"text-editor.default\">\n\t\t\t\t<div class=\"elementor-widget-container\">\n\t\t\t\t\t\t\t\t\t<strong>Preu Habitatge Nou Barris Barcelona:<\/strong> El districte de <strong>Nou Barris<\/strong> ha experimentat fluctuacions en els preus de l\u2019habitatge durant el per\u00edode <strong>2021-2024<\/strong>, reflectint una din\u00e0mica espec\u00edfica dins del mercat immobiliari de Barcelona.\r\n\r\nTot i que continua sent un dels <strong>districtes m\u00e9s assequibles<\/strong> i, malgrat la correcci\u00f3 del <strong>2023<\/strong>, l\u2019evoluci\u00f3 dels seus preus mostra una <strong>tend\u00e8ncia a l\u2019al\u00e7a<\/strong>, amb increments notables el <strong>2022<\/strong> i el <strong>2024<\/strong>.\t\t\t\t\t\t\t\t<\/div>\n\t\t\t\t<\/div>\n\t\t\t\t<div class=\"elementor-element elementor-element-17c56c3 elementor-widget elementor-widget-text-editor\" data-id=\"17c56c3\" data-element_type=\"widget\" data-e-type=\"widget\" data-widget_type=\"text-editor.default\">\n\t\t\t\t<div class=\"elementor-widget-container\">\n\t\t\t\t\t\t\t\t\t<strong>NOTA IMPORTANT<\/strong>: el present estudi es realitza en base a les dades obtingudes dels Registres Notarials de compra-venda de propietats immobili\u00e0ries a Barcelona, \u00e9s a dir, amb les dades REALS que accedeixen al Registre de la Propietat. Per tant, aquests difereixen enormement dels preus registrats als portals immobiliaris.\t\t\t\t\t\t\t\t<\/div>\n\t\t\t\t<\/div>\n\t\t\t\t\t<\/div>\n\t\t<\/div>\n\t\t\t\t\t<\/div>\n\t\t<\/section>\n\t\t\t\t<section data-particle_enable=\"false\" data-particle-mobile-disabled=\"false\" class=\"elementor-section elementor-top-section elementor-element elementor-element-3b1b41b elementor-section-boxed elementor-section-height-default elementor-section-height-default\" data-id=\"3b1b41b\" data-element_type=\"section\" data-e-type=\"section\">\n\t\t\t\t\t\t<div class=\"elementor-container elementor-column-gap-default\">\n\t\t\t\t\t<div class=\"elementor-column elementor-col-100 elementor-top-column elementor-element elementor-element-1c9248a\" data-id=\"1c9248a\" data-element_type=\"column\" data-e-type=\"column\">\n\t\t\t<div class=\"elementor-widget-wrap elementor-element-populated\">\n\t\t\t\t\t\t<div class=\"elementor-element elementor-element-24fa1c5 elementor-widget elementor-widget-image\" data-id=\"24fa1c5\" data-element_type=\"widget\" data-e-type=\"widget\" data-widget_type=\"image.default\">\n\t\t\t\t<div class=\"elementor-widget-container\">\n\t\t\t\t\t\t\t\t\t\t\t\t\t\t\t<img fetchpriority=\"high\" decoding=\"async\" width=\"1024\" height=\"768\" src=\"https:\/\/puntohabitat.es\/wp-content\/uploads\/2025\/01\/Precio-Vivienda-Nou-Barris-Barcelona-1024x768.webp\" class=\"attachment-large size-large wp-image-82426\" alt=\"Precio Vivienda Nou Barris Barcelona\" srcset=\"https:\/\/puntohabitat.es\/wp-content\/uploads\/2025\/01\/Precio-Vivienda-Nou-Barris-Barcelona-1024x768.webp 1024w, https:\/\/puntohabitat.es\/wp-content\/uploads\/2025\/01\/Precio-Vivienda-Nou-Barris-Barcelona-300x225.webp 300w, https:\/\/puntohabitat.es\/wp-content\/uploads\/2025\/01\/Precio-Vivienda-Nou-Barris-Barcelona-768x576.webp 768w, https:\/\/puntohabitat.es\/wp-content\/uploads\/2025\/01\/Precio-Vivienda-Nou-Barris-Barcelona-592x444.webp 592w, https:\/\/puntohabitat.es\/wp-content\/uploads\/2025\/01\/Precio-Vivienda-Nou-Barris-Barcelona-584x438.webp 584w, https:\/\/puntohabitat.es\/wp-content\/uploads\/2025\/01\/Precio-Vivienda-Nou-Barris-Barcelona-800x600.webp 800w, https:\/\/puntohabitat.es\/wp-content\/uploads\/2025\/01\/Precio-Vivienda-Nou-Barris-Barcelona-120x90.webp 120w, https:\/\/puntohabitat.es\/wp-content\/uploads\/2025\/01\/Precio-Vivienda-Nou-Barris-Barcelona-496x372.webp 496w, https:\/\/puntohabitat.es\/wp-content\/uploads\/2025\/01\/Precio-Vivienda-Nou-Barris-Barcelona.webp 1200w\" sizes=\"(max-width: 1024px) 100vw, 1024px\" \/>\t\t\t\t\t\t\t\t\t\t\t\t\t\t\t<\/div>\n\t\t\t\t<\/div>\n\t\t\t\t<div class=\"elementor-element elementor-element-f55b0ae elementor-widget elementor-widget-text-editor\" data-id=\"f55b0ae\" data-element_type=\"widget\" data-e-type=\"widget\" data-widget_type=\"text-editor.default\">\n\t\t\t\t<div class=\"elementor-widget-container\">\n\t\t\t\t\t\t\t\t\tEn aquest article oferim una visi\u00f3 detallada sobre el <strong>valor actual dels immobles residencials<\/strong> a tots els barris de <strong>Nou Barris<\/strong> perqu\u00e8 tots els propietaris puguin obtenir la informaci\u00f3 completa sobre l\u2019evoluci\u00f3 del preu de la seva propietat.\r\n\r\nA m\u00e9s, cont\u00e9 informaci\u00f3 fonamental per a <strong>tots aquells interessats a adquirir un immoble<\/strong> en algun dels barris de <strong>Nou Barris<\/strong>, ja que les <strong>dades desglossades<\/strong> i les <strong>tend\u00e8ncies de preus<\/strong> els proporcionen una visi\u00f3 detallada per <strong>prendre decisions informades<\/strong> en l\u2019adquisici\u00f3 d\u2019un habitatge.\t\t\t\t\t\t\t\t<\/div>\n\t\t\t\t<\/div>\n\t\t\t\t\t<\/div>\n\t\t<\/div>\n\t\t\t\t\t<\/div>\n\t\t<\/section>\n\t\t\t\t<section data-particle_enable=\"false\" data-particle-mobile-disabled=\"false\" class=\"elementor-section elementor-top-section elementor-element elementor-element-d84ee0b elementor-section-boxed elementor-section-height-default elementor-section-height-default\" data-id=\"d84ee0b\" data-element_type=\"section\" data-e-type=\"section\">\n\t\t\t\t\t\t<div class=\"elementor-container elementor-column-gap-default\">\n\t\t\t\t\t<div class=\"elementor-column elementor-col-100 elementor-top-column elementor-element elementor-element-74dabbd\" data-id=\"74dabbd\" data-element_type=\"column\" data-e-type=\"column\">\n\t\t\t<div class=\"elementor-widget-wrap elementor-element-populated\">\n\t\t\t\t\t\t<div class=\"elementor-element elementor-element-ed686dd elementor-widget elementor-widget-heading\" data-id=\"ed686dd\" data-element_type=\"widget\" data-e-type=\"widget\" data-widget_type=\"heading.default\">\n\t\t\t\t<div class=\"elementor-widget-container\">\n\t\t\t\t\t<h2 class=\"elementor-heading-title elementor-size-default\">Preu Pisos Nou Barris Barcelona: Evoluci\u00f3 del Districte<\/h2>\t\t\t\t<\/div>\n\t\t\t\t<\/div>\n\t\t\t\t<div class=\"elementor-element elementor-element-e2830d4 elementor-widget elementor-widget-text-editor\" data-id=\"e2830d4\" data-element_type=\"widget\" data-e-type=\"widget\" data-widget_type=\"text-editor.default\">\n\t\t\t\t<div class=\"elementor-widget-container\">\n\t\t\t\t\t\t\t\t\tL\u2019evoluci\u00f3 dels preus a <strong>Nou Barris<\/strong> ha estat la seg\u00fcent: el <strong>2022<\/strong> va registrar un <strong>augment espectacular del 19,55%<\/strong>, mentre que el <strong>2023<\/strong> es va observar una <strong>caiguda del 5,05%<\/strong>, a causa d\u2019una <strong>desaceleraci\u00f3 del mercat<\/strong> provocada per uns <strong>tipus d\u2019inter\u00e8s alts<\/strong>. Tanmateix, el <strong>2024<\/strong> els preus es van recuperar amb un <strong>creixement del 4,89%<\/strong>.\r\n\r\nDins del districte, <strong>Vilapicina i la Torre Llobeta<\/strong> s&#8217;ha consolidat com el <strong>barri m\u00e9s car<\/strong>, arribant a un preu de <strong>3.275,51 \u20ac\/m\u00b2<\/strong> el 2024, mentre que <strong>La Trinitat Nova<\/strong> es mant\u00e9 com el barri m\u00e9s <strong>assequible<\/strong>, amb un preu de <strong>2.117,73 \u20ac\/m\u00b2<\/strong> en el mateix any.\t\t\t\t\t\t\t\t<\/div>\n\t\t\t\t<\/div>\n\t\t\t\t\t<\/div>\n\t\t<\/div>\n\t\t\t\t\t<\/div>\n\t\t<\/section>\n\t\t\t\t<section data-particle_enable=\"false\" data-particle-mobile-disabled=\"false\" class=\"elementor-section elementor-top-section elementor-element elementor-element-ce58ebe elementor-section-boxed elementor-section-height-default elementor-section-height-default\" data-id=\"ce58ebe\" data-element_type=\"section\" data-e-type=\"section\">\n\t\t\t\t\t\t<div class=\"elementor-container elementor-column-gap-default\">\n\t\t\t\t\t<div class=\"elementor-column elementor-col-100 elementor-top-column elementor-element elementor-element-b008667\" data-id=\"b008667\" data-element_type=\"column\" data-e-type=\"column\">\n\t\t\t<div class=\"elementor-widget-wrap elementor-element-populated\">\n\t\t\t\t\t\t<div class=\"elementor-element elementor-element-78446c2 elementor-widget elementor-widget-eael-fancy-chart\" data-id=\"78446c2\" data-element_type=\"widget\" data-e-type=\"widget\" data-widget_type=\"eael-fancy-chart.default\">\n\t\t\t\t<div class=\"elementor-widget-container\">\n\t\t\t\t\t\t\t<div data-options=\"{&quot;chart&quot;:{&quot;toolbar&quot;:{&quot;show&quot;:&quot;&quot;},&quot;type&quot;:&quot;line&quot;,&quot;background&quot;:&quot;&quot;,&quot;height&quot;:&quot;450px&quot;,&quot;width&quot;:&quot;100%&quot;,&quot;animations&quot;:{&quot;enabled&quot;:&quot;true&quot;,&quot;easing&quot;:&quot;easeinout&quot;,&quot;speed&quot;:1100,&quot;animateGradually&quot;:{&quot;delay&quot;:250}},&quot;offsetX&quot;:0,&quot;offsetY&quot;:0},&quot;series&quot;:[{&quot;name&quot;:&quot;\\u20ac\\\/m\\u00b2&quot;,&quot;data&quot;:[&quot;2073&quot;,&quot; 2478&quot;,&quot; 2353&quot;,&quot; 2468&quot;]}],&quot;xaxis&quot;:{&quot;categories&quot;:[&quot;2021&quot;,&quot;2022&quot;,&quot;2023&quot;,&quot;2024&quot;],&quot;position&quot;:&quot;bottom&quot;,&quot;labels&quot;:{&quot;show&quot;:&quot;yes&quot;,&quot;style&quot;:{&quot;cssClass&quot;:&quot;eael_fancy_cahrt_xaxis&quot;,&quot;colors&quot;:&quot;&quot;}}},&quot;yaxis&quot;:{&quot;show&quot;:true,&quot;opposite&quot;:&quot;&quot;,&quot;labels&quot;:{&quot;show&quot;:&quot;yes&quot;,&quot;style&quot;:{&quot;cssClass&quot;:&quot;eael_fancy_cahrt_yaxis&quot;,&quot;colors&quot;:&quot;&quot;}}},&quot;legend&quot;:{&quot;show&quot;:&quot;true&quot;,&quot;position&quot;:&quot;top&quot;,&quot;labels&quot;:{&quot;colors&quot;:&quot;#333&quot;},&quot;fontSize&quot;:&quot;14px&quot;,&quot;horizontalAlign&quot;:&quot;center&quot;,&quot;markers&quot;:{&quot;width&quot;:12,&quot;height&quot;:12,&quot;strokeWidth&quot;:&quot;0&quot;,&quot;strokeColor&quot;:&quot;#fff&quot;,&quot;radius&quot;:2,&quot;offsetX&quot;:&quot;&quot;,&quot;offsetY&quot;:&quot;&quot;}},&quot;tooltip&quot;:{&quot;enabled&quot;:&quot;yes&quot;,&quot;y&quot;:{&quot;prefix&quot;:&quot;&quot;,&quot;suffix&quot;:&quot;&quot;}},&quot;grid&quot;:{&quot;show&quot;:&quot;true&quot;,&quot;borderColor&quot;:&quot;#ddd&quot;,&quot;strokeDashArray&quot;:0,&quot;xaxis&quot;:{&quot;lines&quot;:{&quot;show&quot;:&quot;&quot;}},&quot;yaxis&quot;:{&quot;lines&quot;:{&quot;show&quot;:&quot;true&quot;}}},&quot;dataLabels&quot;:{&quot;enabled&quot;:true,&quot;style&quot;:{&quot;fontSize&quot;:&quot;12px&quot;},&quot;background&quot;:{&quot;enabled&quot;:true,&quot;foreColor&quot;:&quot;#fff&quot;}},&quot;colors&quot;:[&quot;#D3904C&quot;],&quot;fill&quot;:{&quot;colors&quot;:[&quot;#D3904C&quot;],&quot;opacity&quot;:0.9,&quot;type&quot;:&quot;solid&quot;},&quot;stroke&quot;:{&quot;curve&quot;:&quot;smooth&quot;}}\" class=\"eael_fanct_chart_wrapper\">\n\t\t\t<div class=\"eael_fancy_chart_header\">\n\t\t\t\t\t\t\t\t<h4 class=\"eael_fancy_chart_title\">\n\t\t\t\tEvoluci\u00f3n Precios Nou Barris \u20ac\/m\u00b2 2021-2024\t\t\t<\/h4>\n\t\t\t\t\t<\/div>\n\t\t<div class=\"eael_fancy_chart\" id=\"eael_fancy_chart-78446c2\"><\/div>\n\t\t<\/div>\n\t\t\t\t\t\t<\/div>\n\t\t\t\t<\/div>\n\t\t\t\t<div class=\"elementor-element elementor-element-8b64dd8 elementor-widget elementor-widget-text-editor\" data-id=\"8b64dd8\" data-element_type=\"widget\" data-e-type=\"widget\" data-widget_type=\"text-editor.default\">\n\t\t\t\t<div class=\"elementor-widget-container\">\n\t\t\t\t\t\t\t\t\tEn total, el districte ha registrat un <strong>notable augment acumulat del +19,38%<\/strong> durant el per\u00edode <strong>2021-2024<\/strong>, tot i que aquest percentatge varia en funci\u00f3 del barri, tal com analitzarem detalladament a continuaci\u00f3.\t\t\t\t\t\t\t\t<\/div>\n\t\t\t\t<\/div>\n\t\t\t\t<div class=\"elementor-element elementor-element-6224b69 elementor-widget elementor-widget-eael-fancy-chart\" data-id=\"6224b69\" data-element_type=\"widget\" data-e-type=\"widget\" data-widget_type=\"eael-fancy-chart.default\">\n\t\t\t\t<div class=\"elementor-widget-container\">\n\t\t\t\t\t\t\t<div data-options=\"{&quot;chart&quot;:{&quot;toolbar&quot;:{&quot;show&quot;:&quot;&quot;},&quot;type&quot;:&quot;bar&quot;,&quot;background&quot;:&quot;&quot;,&quot;height&quot;:&quot;450px&quot;,&quot;width&quot;:&quot;100%&quot;,&quot;animations&quot;:{&quot;enabled&quot;:&quot;true&quot;,&quot;easing&quot;:&quot;easeinout&quot;,&quot;speed&quot;:1100,&quot;animateGradually&quot;:{&quot;delay&quot;:250}},&quot;offsetX&quot;:0,&quot;offsetY&quot;:0,&quot;stacked&quot;:false},&quot;series&quot;:[{&quot;name&quot;:&quot;\\u20ac\\\/m\\u00b2&quot;,&quot;data&quot;:[&quot;3276&quot;,&quot; 2789&quot;,&quot; 2613&quot;,&quot; 2575&quot;,&quot; 2454&quot;,&quot; 2406&quot;,&quot; 2403&quot;,&quot; 2145&quot;,&quot; 2117 &quot;]}],&quot;xaxis&quot;:{&quot;categories&quot;:[&quot;Vilapicina i la Torre Llobeta&quot;,&quot;Porta&quot;,&quot;La Guineueta&quot;,&quot;La Prosperitat&quot;,&quot;Canyelles&quot;,&quot;El Tur\\u00f3 de la Peira&quot;,&quot;Verdun&quot;,&quot;Les Roquetes&quot;,&quot;La Trinitat Nova&quot;],&quot;position&quot;:&quot;bottom&quot;,&quot;labels&quot;:{&quot;show&quot;:&quot;&quot;,&quot;style&quot;:{&quot;cssClass&quot;:&quot;eael_fancy_cahrt_xaxis&quot;,&quot;colors&quot;:&quot;&quot;}}},&quot;yaxis&quot;:{&quot;show&quot;:true,&quot;opposite&quot;:&quot;&quot;,&quot;labels&quot;:{&quot;show&quot;:&quot;yes&quot;,&quot;style&quot;:{&quot;cssClass&quot;:&quot;eael_fancy_cahrt_yaxis&quot;,&quot;colors&quot;:&quot;&quot;}}},&quot;legend&quot;:{&quot;show&quot;:&quot;&quot;,&quot;position&quot;:&quot;top&quot;,&quot;labels&quot;:{&quot;colors&quot;:&quot;#333&quot;},&quot;fontSize&quot;:&quot;12px&quot;,&quot;horizontalAlign&quot;:&quot;&quot;,&quot;markers&quot;:{&quot;width&quot;:&quot;&quot;,&quot;height&quot;:&quot;&quot;,&quot;strokeWidth&quot;:&quot;0&quot;,&quot;strokeColor&quot;:&quot;#fff&quot;,&quot;radius&quot;:&quot;&quot;,&quot;offsetX&quot;:&quot;&quot;,&quot;offsetY&quot;:&quot;&quot;}},&quot;tooltip&quot;:{&quot;enabled&quot;:&quot;yes&quot;,&quot;y&quot;:{&quot;prefix&quot;:&quot;\\u20ac&quot;,&quot;suffix&quot;:&quot;&quot;}},&quot;grid&quot;:{&quot;show&quot;:&quot;true&quot;,&quot;borderColor&quot;:&quot;#ddd&quot;,&quot;strokeDashArray&quot;:0,&quot;xaxis&quot;:{&quot;lines&quot;:{&quot;show&quot;:&quot;&quot;}},&quot;yaxis&quot;:{&quot;lines&quot;:{&quot;show&quot;:&quot;true&quot;}}},&quot;plotOptions&quot;:{&quot;bar&quot;:{&quot;borderRadius&quot;:&quot;&quot;,&quot;dataLabels&quot;:{&quot;position&quot;:&quot;center&quot;},&quot;horizontal&quot;:true,&quot;columnWidth&quot;:40,&quot;barHeight&quot;:40}},&quot;stroke&quot;:{&quot;show&quot;:&quot;true&quot;,&quot;lineCap&quot;:&quot;butt&quot;,&quot;colors&quot;:[&quot;#FFF&quot;],&quot;width&quot;:2,&quot;dashArray&quot;:0},&quot;dataLabels&quot;:{&quot;enabled&quot;:false,&quot;style&quot;:{&quot;colors&quot;:[&quot;#fff&quot;],&quot;fontSize&quot;:&quot;12px&quot;}},&quot;colors&quot;:[&quot;#D3904C&quot;],&quot;fill&quot;:{&quot;colors&quot;:[&quot;#D3904C&quot;],&quot;opacity&quot;:0.9,&quot;type&quot;:&quot;solid&quot;}}\" class=\"eael_fanct_chart_wrapper\">\n\t\t\t<div class=\"eael_fancy_chart_header\">\n\t\t\t\t\t\t\t\t<h2 class=\"eael_fancy_chart_title\">\n\t\t\t\tRanking de Precios de los Barrios del Distrito de Nou Barris\t\t\t<\/h2>\n\t\t\t\t\t\t\t<p>\n\t\t\t\t\tPrecios \u20ac\/m\u00b2 Nou Barris 2024\t\t\t\t<\/p>\n\t\t\t\t\t<\/div>\n\t\t<div class=\"eael_fancy_chart\" id=\"eael_fancy_chart-6224b69\"><\/div>\n\t\t<\/div>\n\t\t\t\t\t\t<\/div>\n\t\t\t\t<\/div>\n\t\t\t\t<div class=\"elementor-element elementor-element-b6996fc elementor-widget elementor-widget-text-editor\" data-id=\"b6996fc\" data-element_type=\"widget\" data-e-type=\"widget\" data-widget_type=\"text-editor.default\">\n\t\t\t\t<div class=\"elementor-widget-container\">\n\t\t\t\t\t\t\t\t\tAquest <strong>r\u00e0nquing<\/strong> ens mostra la <strong>jerarquia de preus dels barris de Nou Barris<\/strong> el <strong>2024<\/strong>.\r\n\r\nAl llarg del per\u00edode <strong>2021-2024<\/strong>, alguns barris han <strong>escalat posicions<\/strong>, com <strong>Canyelles<\/strong> i <strong>Les Roquetes<\/strong>, que han experimentat un <strong>creixement progressiu<\/strong> en els seus preus. D\u2019altra banda, barris com <strong>El Tur\u00f3 de la Peira<\/strong> i <strong>Verdun<\/strong> han viscut <strong>fluctuacions<\/strong> en els seus valors, amb baixades i pujades que els han fet perdre posicions en alguns moments. Aquesta evoluci\u00f3 reflecteix canvis en la <strong>demanda<\/strong> i en la <strong>consolidaci\u00f3<\/strong> de certes zones dins del districte.\r\n\r\n\ud83d\udcca <strong>R\u00e0nquing de preus dels barris de Nou Barris (2024):<\/strong>\r\n\r\n1\ufe0f\u20e3 <strong>Vilapicina i la Torre Llobeta<\/strong>: <strong>3.275,51 \u20ac\/m\u00b2<\/strong>\r\n2\ufe0f\u20e3 <strong>Porta<\/strong>: <strong>2.788,83 \u20ac\/m\u00b2<\/strong>\r\n3\ufe0f\u20e3 <strong>La Guineueta<\/strong>: <strong>2.613,42 \u20ac\/m\u00b2<\/strong>\r\n4\ufe0f\u20e3 <strong>La Prosperitat<\/strong>: <strong>2.575,01 \u20ac\/m\u00b2<\/strong>\r\n5\ufe0f\u20e3 <strong>Canyelles<\/strong>: <strong>2.454,33 \u20ac\/m\u00b2<\/strong>\r\n6\ufe0f\u20e3 <strong>El Tur\u00f3 de la Peira<\/strong>: <strong>2.406,38 \u20ac\/m\u00b2<\/strong>\r\n7\ufe0f\u20e3 <strong>Verdun<\/strong>: <strong>2.402,81 \u20ac\/m\u00b2<\/strong>\r\n8\ufe0f\u20e3 <strong>Les Roquetes<\/strong>: <strong>2.145,37 \u20ac\/m\u00b2<\/strong>\r\n9\ufe0f\u20e3 <strong>La Trinitat Nova<\/strong>: <strong>2.117,73 \u20ac\/m\u00b2<\/strong>\t\t\t\t\t\t\t\t<\/div>\n\t\t\t\t<\/div>\n\t\t\t\t<div class=\"elementor-element elementor-element-7e2f49d elementor-widget elementor-widget-heading\" data-id=\"7e2f49d\" data-element_type=\"widget\" data-e-type=\"widget\" data-widget_type=\"heading.default\">\n\t\t\t\t<div class=\"elementor-widget-container\">\n\t\t\t\t\t<h2 class=\"elementor-heading-title elementor-size-default\">An\u00e0lisi del Preu Segmentat per Barris a Nou Barris<\/h2>\t\t\t\t<\/div>\n\t\t\t\t<\/div>\n\t\t\t\t<div class=\"elementor-element elementor-element-4251489 elementor-widget elementor-widget-text-editor\" data-id=\"4251489\" data-element_type=\"widget\" data-e-type=\"widget\" data-widget_type=\"text-editor.default\">\n\t\t\t\t<div class=\"elementor-widget-container\">\n\t\t\t\t\t\t\t\t\t<p data-start=\"0\" data-end=\"324\">L\u2019an\u00e0lisi detallada dels preus de l\u2019habitatge en cada barri de <strong data-start=\"63\" data-end=\"77\">Nou Barris<\/strong> ens permet observar <strong data-start=\"98\" data-end=\"138\">din\u00e0miques i tend\u00e8ncies espec\u00edfiques<\/strong>, ja que, mentre que alguns barris han experimentat <strong data-start=\"190\" data-end=\"215\">augmentes sostingudes<\/strong>, d\u2019altres han mostrat <strong data-start=\"238\" data-end=\"269\">fluctuacions significatives<\/strong> en els seus valors al llarg del per\u00edode <strong data-start=\"310\" data-end=\"323\">2021-2024<\/strong>.<\/p>\r\n<p data-start=\"326\" data-end=\"431\">A continuaci\u00f3, analitzem l\u2019evoluci\u00f3 del <strong data-start=\"366\" data-end=\"379\">preu \u20ac\/m\u00b2<\/strong> durant el per\u00edode <strong data-start=\"398\" data-end=\"411\">2021-2024<\/strong> en cadascun d\u2019ells.<\/p>\t\t\t\t\t\t\t\t<\/div>\n\t\t\t\t<\/div>\n\t\t\t\t<div class=\"elementor-element elementor-element-2c6de03 elementor-widget elementor-widget-heading\" data-id=\"2c6de03\" data-element_type=\"widget\" data-e-type=\"widget\" data-widget_type=\"heading.default\">\n\t\t\t\t<div class=\"elementor-widget-container\">\n\t\t\t\t\t<h4 class=\"elementor-heading-title elementor-size-default\">1. Vilapicina i la Torre Llobeta<\/h4>\t\t\t\t<\/div>\n\t\t\t\t<\/div>\n\t\t\t\t<div class=\"elementor-element elementor-element-1e4fac5 elementor-widget elementor-widget-image\" data-id=\"1e4fac5\" data-element_type=\"widget\" data-e-type=\"widget\" data-widget_type=\"image.default\">\n\t\t\t\t<div class=\"elementor-widget-container\">\n\t\t\t\t\t\t\t\t\t\t\t\t\t\t\t<img decoding=\"async\" width=\"1024\" height=\"768\" src=\"https:\/\/puntohabitat.es\/wp-content\/uploads\/2025\/01\/Precio-Vivienda-Nou-Barris-Barcelona--1024x768.webp\" class=\"attachment-large size-large wp-image-82429\" alt=\"Precio Vivienda Nou Barris Barcelona\" srcset=\"https:\/\/puntohabitat.es\/wp-content\/uploads\/2025\/01\/Precio-Vivienda-Nou-Barris-Barcelona--1024x768.webp 1024w, https:\/\/puntohabitat.es\/wp-content\/uploads\/2025\/01\/Precio-Vivienda-Nou-Barris-Barcelona--300x225.webp 300w, https:\/\/puntohabitat.es\/wp-content\/uploads\/2025\/01\/Precio-Vivienda-Nou-Barris-Barcelona--768x576.webp 768w, https:\/\/puntohabitat.es\/wp-content\/uploads\/2025\/01\/Precio-Vivienda-Nou-Barris-Barcelona--592x444.webp 592w, https:\/\/puntohabitat.es\/wp-content\/uploads\/2025\/01\/Precio-Vivienda-Nou-Barris-Barcelona--584x438.webp 584w, https:\/\/puntohabitat.es\/wp-content\/uploads\/2025\/01\/Precio-Vivienda-Nou-Barris-Barcelona--800x600.webp 800w, https:\/\/puntohabitat.es\/wp-content\/uploads\/2025\/01\/Precio-Vivienda-Nou-Barris-Barcelona--120x90.webp 120w, https:\/\/puntohabitat.es\/wp-content\/uploads\/2025\/01\/Precio-Vivienda-Nou-Barris-Barcelona--496x372.webp 496w, https:\/\/puntohabitat.es\/wp-content\/uploads\/2025\/01\/Precio-Vivienda-Nou-Barris-Barcelona-.webp 1200w\" sizes=\"(max-width: 1024px) 100vw, 1024px\" \/>\t\t\t\t\t\t\t\t\t\t\t\t\t\t\t<\/div>\n\t\t\t\t<\/div>\n\t\t\t\t<div class=\"elementor-element elementor-element-b1117d0 elementor-widget elementor-widget-text-editor\" data-id=\"b1117d0\" data-element_type=\"widget\" data-e-type=\"widget\" data-widget_type=\"text-editor.default\">\n\t\t\t\t<div class=\"elementor-widget-container\">\n\t\t\t\t\t\t\t\t\t<strong>Vilapicina i la Torre Llobeta<\/strong> continua sent el <strong>barri m\u00e9s car de Nou Barris<\/strong>. Durant el per\u00edode analitzat ha mantingut una <strong>tend\u00e8ncia estable<\/strong>, amb una lleugera caiguda el <strong>2022<\/strong> seguida d\u2019augments en els dos anys seg\u00fcents, assolint el seu m\u00e0xim el <strong>2024<\/strong>.\r\n\r\n\ud83d\udcca <strong>Evoluci\u00f3 del preu \u20ac\/m\u00b2 a Vilapicina i la Torre Llobeta (2021-2024):<\/strong>\r\n<ul>\r\n \t<li><strong>2021:<\/strong> 2.843,18 \u20ac\/m\u00b2<\/li>\r\n \t<li><strong>2022:<\/strong> 2.830,71 \u20ac\/m\u00b2 (<strong>-0,44%<\/strong>)<\/li>\r\n \t<li><strong>2023:<\/strong> 2.969,36 \u20ac\/m\u00b2 (<strong>+4,90%<\/strong>)<\/li>\r\n \t<li><strong>2024:<\/strong> 3.275,51 \u20ac\/m\u00b2 (<strong>+10,30%<\/strong>)<\/li>\r\n<\/ul>\t\t\t\t\t\t\t\t<\/div>\n\t\t\t\t<\/div>\n\t\t\t\t<div class=\"elementor-element elementor-element-dac1ee2 elementor-widget elementor-widget-eael-fancy-chart\" data-id=\"dac1ee2\" data-element_type=\"widget\" data-e-type=\"widget\" data-widget_type=\"eael-fancy-chart.default\">\n\t\t\t\t<div class=\"elementor-widget-container\">\n\t\t\t\t\t\t\t<div data-options=\"{&quot;chart&quot;:{&quot;toolbar&quot;:{&quot;show&quot;:&quot;&quot;},&quot;type&quot;:&quot;bar&quot;,&quot;background&quot;:&quot;&quot;,&quot;height&quot;:&quot;450px&quot;,&quot;width&quot;:&quot;100%&quot;,&quot;animations&quot;:{&quot;enabled&quot;:&quot;true&quot;,&quot;easing&quot;:&quot;easeinout&quot;,&quot;speed&quot;:1100,&quot;animateGradually&quot;:{&quot;delay&quot;:250}},&quot;offsetX&quot;:0,&quot;offsetY&quot;:0,&quot;stacked&quot;:false},&quot;series&quot;:[{&quot;name&quot;:&quot;\\u20ac\\\/m\\u00b2&quot;,&quot;data&quot;:[&quot;2843&quot;,&quot; 2831&quot;,&quot; 2969&quot;,&quot; 3276&quot;]}],&quot;xaxis&quot;:{&quot;categories&quot;:[&quot;2021&quot;,&quot;2022&quot;,&quot;2023&quot;,&quot;2024&quot;],&quot;position&quot;:&quot;bottom&quot;,&quot;labels&quot;:{&quot;show&quot;:&quot;yes&quot;,&quot;style&quot;:{&quot;cssClass&quot;:&quot;eael_fancy_cahrt_xaxis&quot;,&quot;colors&quot;:&quot;&quot;}}},&quot;yaxis&quot;:{&quot;show&quot;:true,&quot;opposite&quot;:&quot;&quot;,&quot;labels&quot;:{&quot;show&quot;:&quot;yes&quot;,&quot;style&quot;:{&quot;cssClass&quot;:&quot;eael_fancy_cahrt_yaxis&quot;,&quot;colors&quot;:&quot;&quot;}}},&quot;legend&quot;:{&quot;show&quot;:&quot;true&quot;,&quot;position&quot;:&quot;top&quot;,&quot;labels&quot;:{&quot;colors&quot;:&quot;#333&quot;},&quot;fontSize&quot;:&quot;14px&quot;,&quot;horizontalAlign&quot;:&quot;center&quot;,&quot;markers&quot;:{&quot;width&quot;:12,&quot;height&quot;:12,&quot;strokeWidth&quot;:&quot;0&quot;,&quot;strokeColor&quot;:&quot;#fff&quot;,&quot;radius&quot;:2,&quot;offsetX&quot;:&quot;&quot;,&quot;offsetY&quot;:&quot;&quot;}},&quot;tooltip&quot;:{&quot;enabled&quot;:&quot;yes&quot;,&quot;y&quot;:{&quot;prefix&quot;:&quot;\\u20ac&quot;,&quot;suffix&quot;:&quot;&quot;}},&quot;grid&quot;:{&quot;show&quot;:&quot;true&quot;,&quot;borderColor&quot;:&quot;#ddd&quot;,&quot;strokeDashArray&quot;:0,&quot;xaxis&quot;:{&quot;lines&quot;:{&quot;show&quot;:&quot;&quot;}},&quot;yaxis&quot;:{&quot;lines&quot;:{&quot;show&quot;:&quot;true&quot;}}},&quot;plotOptions&quot;:{&quot;bar&quot;:{&quot;borderRadius&quot;:&quot;&quot;,&quot;dataLabels&quot;:{&quot;position&quot;:&quot;center&quot;},&quot;horizontal&quot;:false,&quot;columnWidth&quot;:50,&quot;barHeight&quot;:50}},&quot;stroke&quot;:{&quot;show&quot;:&quot;true&quot;,&quot;lineCap&quot;:&quot;butt&quot;,&quot;colors&quot;:[&quot;#FFF&quot;],&quot;width&quot;:2,&quot;dashArray&quot;:0},&quot;dataLabels&quot;:{&quot;enabled&quot;:true,&quot;style&quot;:{&quot;colors&quot;:[&quot;#fff&quot;],&quot;fontSize&quot;:&quot;12px&quot;}},&quot;colors&quot;:[&quot;#D3904C&quot;],&quot;fill&quot;:{&quot;colors&quot;:[&quot;#D3904C&quot;],&quot;opacity&quot;:0.9,&quot;type&quot;:&quot;solid&quot;}}\" class=\"eael_fanct_chart_wrapper\">\n\t\t\t<div class=\"eael_fancy_chart_header\">\n\t\t\t\t\t\t\t\t<h4 class=\"eael_fancy_chart_title\">\n\t\t\t\tEvoluci\u00f3n Precio \u20ac\/m\u00b2 Vilapicina i la Torre Llobeta 2021-2024\t\t\t<\/h4>\n\t\t\t\t\t<\/div>\n\t\t<div class=\"eael_fancy_chart\" id=\"eael_fancy_chart-dac1ee2\"><\/div>\n\t\t<\/div>\n\t\t\t\t\t\t<\/div>\n\t\t\t\t<\/div>\n\t\t\t\t<div class=\"elementor-element elementor-element-c641a72 elementor-widget elementor-widget-text-editor\" data-id=\"c641a72\" data-element_type=\"widget\" data-e-type=\"widget\" data-widget_type=\"text-editor.default\">\n\t\t\t\t<div class=\"elementor-widget-container\">\n\t\t\t\t\t\t\t\t\tLa <strong>variaci\u00f3 total<\/strong> en el per\u00edode <strong>2021-2024<\/strong> ha estat del <strong>+15,20%<\/strong>.\t\t\t\t\t\t\t\t<\/div>\n\t\t\t\t<\/div>\n\t\t\t\t<div class=\"elementor-element elementor-element-965afad elementor-widget elementor-widget-heading\" data-id=\"965afad\" data-element_type=\"widget\" data-e-type=\"widget\" data-widget_type=\"heading.default\">\n\t\t\t\t<div class=\"elementor-widget-container\">\n\t\t\t\t\t<h4 class=\"elementor-heading-title elementor-size-default\">2. Porta<\/h4>\t\t\t\t<\/div>\n\t\t\t\t<\/div>\n\t\t\t\t<div class=\"elementor-element elementor-element-5425431 elementor-widget elementor-widget-image\" data-id=\"5425431\" data-element_type=\"widget\" data-e-type=\"widget\" data-widget_type=\"image.default\">\n\t\t\t\t<div class=\"elementor-widget-container\">\n\t\t\t\t\t\t\t\t\t\t\t\t\t\t\t<img decoding=\"async\" width=\"1024\" height=\"603\" src=\"https:\/\/puntohabitat.es\/wp-content\/uploads\/2025\/02\/IMG_2589-1024x603.webp\" class=\"attachment-large size-large wp-image-83608\" alt=\"Precio Vivienda Porta Barcelona\" srcset=\"https:\/\/puntohabitat.es\/wp-content\/uploads\/2025\/02\/IMG_2589-1024x603.webp 1024w, https:\/\/puntohabitat.es\/wp-content\/uploads\/2025\/02\/IMG_2589-300x177.webp 300w, https:\/\/puntohabitat.es\/wp-content\/uploads\/2025\/02\/IMG_2589-768x452.webp 768w, https:\/\/puntohabitat.es\/wp-content\/uploads\/2025\/02\/IMG_2589-1018x600.webp 1018w, https:\/\/puntohabitat.es\/wp-content\/uploads\/2025\/02\/IMG_2589-496x292.webp 496w, https:\/\/puntohabitat.es\/wp-content\/uploads\/2025\/02\/IMG_2589.webp 1200w\" sizes=\"(max-width: 1024px) 100vw, 1024px\" \/>\t\t\t\t\t\t\t\t\t\t\t\t\t\t\t<\/div>\n\t\t\t\t<\/div>\n\t\t\t\t<div class=\"elementor-element elementor-element-d2f9a05 elementor-widget elementor-widget-text-editor\" data-id=\"d2f9a05\" data-element_type=\"widget\" data-e-type=\"widget\" data-widget_type=\"text-editor.default\">\n\t\t\t\t<div class=\"elementor-widget-container\">\n\t\t\t\t\t\t\t\t\t<strong>Porta<\/strong> ha mostrat <strong>oscil\u00b7lacions<\/strong>, amb un <strong>lleuger increment<\/strong> el <strong>2022<\/strong>, una <strong>reducci\u00f3<\/strong> el <strong>2023<\/strong> i una <strong>recuperaci\u00f3 significativa<\/strong> el <strong>2024<\/strong>.\r\n\r\n\ud83d\udcca <strong>Evoluci\u00f3 del preu \u20ac\/m\u00b2 a Porta (2021-2024):<\/strong>\r\n<ul>\r\n \t<li><strong>2021:<\/strong> 2.697,23 \u20ac\/m\u00b2<\/li>\r\n \t<li><strong>2022:<\/strong> 2.770,21 \u20ac\/m\u00b2 (<strong>+2,71%<\/strong>)<\/li>\r\n \t<li><strong>2023:<\/strong> 2.564,41 \u20ac\/m\u00b2 (<strong>-7,43%<\/strong>)<\/li>\r\n \t<li><strong>2024:<\/strong> 2.788,83 \u20ac\/m\u00b2 (<strong>+8,75%<\/strong>)<\/li>\r\n<\/ul>\t\t\t\t\t\t\t\t<\/div>\n\t\t\t\t<\/div>\n\t\t\t\t<div class=\"elementor-element elementor-element-2f4b0bf elementor-widget elementor-widget-eael-fancy-chart\" data-id=\"2f4b0bf\" data-element_type=\"widget\" data-e-type=\"widget\" data-widget_type=\"eael-fancy-chart.default\">\n\t\t\t\t<div class=\"elementor-widget-container\">\n\t\t\t\t\t\t\t<div data-options=\"{&quot;chart&quot;:{&quot;toolbar&quot;:{&quot;show&quot;:&quot;&quot;},&quot;type&quot;:&quot;bar&quot;,&quot;background&quot;:&quot;&quot;,&quot;height&quot;:&quot;450px&quot;,&quot;width&quot;:&quot;100%&quot;,&quot;animations&quot;:{&quot;enabled&quot;:&quot;true&quot;,&quot;easing&quot;:&quot;easeinout&quot;,&quot;speed&quot;:1100,&quot;animateGradually&quot;:{&quot;delay&quot;:250}},&quot;offsetX&quot;:0,&quot;offsetY&quot;:0,&quot;stacked&quot;:false},&quot;series&quot;:[{&quot;name&quot;:&quot;\\u20ac\\\/m\\u00b2&quot;,&quot;data&quot;:[&quot;2697&quot;,&quot; 2770&quot;,&quot; 2564&quot;,&quot; 2789&quot;]}],&quot;xaxis&quot;:{&quot;categories&quot;:[&quot;2021&quot;,&quot;2022&quot;,&quot;2023&quot;,&quot;2024&quot;],&quot;position&quot;:&quot;bottom&quot;,&quot;labels&quot;:{&quot;show&quot;:&quot;yes&quot;,&quot;style&quot;:{&quot;cssClass&quot;:&quot;eael_fancy_cahrt_xaxis&quot;,&quot;colors&quot;:&quot;&quot;}}},&quot;yaxis&quot;:{&quot;show&quot;:true,&quot;opposite&quot;:&quot;&quot;,&quot;labels&quot;:{&quot;show&quot;:&quot;yes&quot;,&quot;style&quot;:{&quot;cssClass&quot;:&quot;eael_fancy_cahrt_yaxis&quot;,&quot;colors&quot;:&quot;&quot;}}},&quot;legend&quot;:{&quot;show&quot;:&quot;true&quot;,&quot;position&quot;:&quot;top&quot;,&quot;labels&quot;:{&quot;colors&quot;:&quot;#333&quot;},&quot;fontSize&quot;:&quot;14px&quot;,&quot;horizontalAlign&quot;:&quot;center&quot;,&quot;markers&quot;:{&quot;width&quot;:12,&quot;height&quot;:12,&quot;strokeWidth&quot;:&quot;0&quot;,&quot;strokeColor&quot;:&quot;#fff&quot;,&quot;radius&quot;:2,&quot;offsetX&quot;:&quot;&quot;,&quot;offsetY&quot;:&quot;&quot;}},&quot;tooltip&quot;:{&quot;enabled&quot;:&quot;yes&quot;,&quot;y&quot;:{&quot;prefix&quot;:&quot;&quot;,&quot;suffix&quot;:&quot;&quot;}},&quot;grid&quot;:{&quot;show&quot;:&quot;true&quot;,&quot;borderColor&quot;:&quot;#ddd&quot;,&quot;strokeDashArray&quot;:0,&quot;xaxis&quot;:{&quot;lines&quot;:{&quot;show&quot;:&quot;&quot;}},&quot;yaxis&quot;:{&quot;lines&quot;:{&quot;show&quot;:&quot;true&quot;}}},&quot;plotOptions&quot;:{&quot;bar&quot;:{&quot;borderRadius&quot;:&quot;&quot;,&quot;dataLabels&quot;:{&quot;position&quot;:&quot;center&quot;},&quot;horizontal&quot;:false,&quot;columnWidth&quot;:50,&quot;barHeight&quot;:50}},&quot;stroke&quot;:{&quot;show&quot;:&quot;true&quot;,&quot;lineCap&quot;:&quot;butt&quot;,&quot;colors&quot;:[&quot;#FFF&quot;],&quot;width&quot;:2,&quot;dashArray&quot;:0},&quot;dataLabels&quot;:{&quot;enabled&quot;:true,&quot;style&quot;:{&quot;colors&quot;:[&quot;#fff&quot;],&quot;fontSize&quot;:&quot;12px&quot;}},&quot;colors&quot;:[&quot;#D3904C&quot;],&quot;fill&quot;:{&quot;colors&quot;:[&quot;#D3904C&quot;],&quot;opacity&quot;:0.9,&quot;type&quot;:&quot;solid&quot;}}\" class=\"eael_fanct_chart_wrapper\">\n\t\t\t<div class=\"eael_fancy_chart_header\">\n\t\t\t\t\t\t\t\t<h4 class=\"eael_fancy_chart_title\">\n\t\t\t\tEvoluci\u00f3n Precio \u20ac\/m\u00b2 Porta 2021-2024\t\t\t<\/h4>\n\t\t\t\t\t<\/div>\n\t\t<div class=\"eael_fancy_chart\" id=\"eael_fancy_chart-2f4b0bf\"><\/div>\n\t\t<\/div>\n\t\t\t\t\t\t<\/div>\n\t\t\t\t<\/div>\n\t\t\t\t<div class=\"elementor-element elementor-element-19fc9e9 elementor-widget elementor-widget-text-editor\" data-id=\"19fc9e9\" data-element_type=\"widget\" data-e-type=\"widget\" data-widget_type=\"text-editor.default\">\n\t\t\t\t<div class=\"elementor-widget-container\">\n\t\t\t\t\t\t\t\t\tMalgrat la <strong>brusca caiguda de preus<\/strong> del <strong>2023<\/strong>, aquest barri ha registrat una <strong>pujada acumulada del +3,39%<\/strong>.\t\t\t\t\t\t\t\t<\/div>\n\t\t\t\t<\/div>\n\t\t\t\t<div class=\"elementor-element elementor-element-5cc3c35 elementor-widget elementor-widget-heading\" data-id=\"5cc3c35\" data-element_type=\"widget\" data-e-type=\"widget\" data-widget_type=\"heading.default\">\n\t\t\t\t<div class=\"elementor-widget-container\">\n\t\t\t\t\t<h4 class=\"elementor-heading-title elementor-size-default\">3. El Tur\u00f3 de la Peira<\/h4>\t\t\t\t<\/div>\n\t\t\t\t<\/div>\n\t\t\t\t<div class=\"elementor-element elementor-element-3641c61 elementor-widget elementor-widget-image\" data-id=\"3641c61\" data-element_type=\"widget\" data-e-type=\"widget\" data-widget_type=\"image.default\">\n\t\t\t\t<div class=\"elementor-widget-container\">\n\t\t\t\t\t\t\t\t\t\t\t\t\t\t\t<img loading=\"lazy\" decoding=\"async\" width=\"1024\" height=\"678\" src=\"https:\/\/puntohabitat.es\/wp-content\/uploads\/2025\/02\/IMG_2593-1024x678.webp\" class=\"attachment-large size-large wp-image-83611\" alt=\"Precio Vivienda Nou Barris Barcelona\" srcset=\"https:\/\/puntohabitat.es\/wp-content\/uploads\/2025\/02\/IMG_2593-1024x678.webp 1024w, https:\/\/puntohabitat.es\/wp-content\/uploads\/2025\/02\/IMG_2593-300x199.webp 300w, https:\/\/puntohabitat.es\/wp-content\/uploads\/2025\/02\/IMG_2593-768x508.webp 768w, https:\/\/puntohabitat.es\/wp-content\/uploads\/2025\/02\/IMG_2593-907x600.webp 907w, https:\/\/puntohabitat.es\/wp-content\/uploads\/2025\/02\/IMG_2593-496x328.webp 496w, https:\/\/puntohabitat.es\/wp-content\/uploads\/2025\/02\/IMG_2593.webp 1200w\" sizes=\"(max-width: 1024px) 100vw, 1024px\" \/>\t\t\t\t\t\t\t\t\t\t\t\t\t\t\t<\/div>\n\t\t\t\t<\/div>\n\t\t\t\t<div class=\"elementor-element elementor-element-866c977 elementor-widget elementor-widget-text-editor\" data-id=\"866c977\" data-element_type=\"widget\" data-e-type=\"widget\" data-widget_type=\"text-editor.default\">\n\t\t\t\t<div class=\"elementor-widget-container\">\n\t\t\t\t\t\t\t\t\t<strong>El Tur\u00f3 de la Peira<\/strong> ha mostrat una <strong>tend\u00e8ncia positiva<\/strong> durant tot el per\u00edode, excepte l&#8217;any <strong>2024<\/strong>, en qu\u00e8 presenta un <strong>lleuger retroc\u00e9s<\/strong>:\r\n\r\n\ud83d\udcca <strong>Evoluci\u00f3 del preu \u20ac\/m\u00b2 a El Tur\u00f3 de la Peira (2021-2024):<\/strong>\r\n<ul>\r\n \t<li><strong>2021:<\/strong> 2.097,37 \u20ac\/m\u00b2<\/li>\r\n \t<li><strong>2022:<\/strong> 2.313,94 \u20ac\/m\u00b2 (<strong>+10,33%<\/strong>)<\/li>\r\n \t<li><strong>2023:<\/strong> 2.488,58 \u20ac\/m\u00b2 (<strong>+7,54%<\/strong>)<\/li>\r\n \t<li><strong>2024:<\/strong> 2.406,38 \u20ac\/m\u00b2 (<strong>-3,30%<\/strong>)<\/li>\r\n<\/ul>\t\t\t\t\t\t\t\t<\/div>\n\t\t\t\t<\/div>\n\t\t\t\t<div class=\"elementor-element elementor-element-e9faea8 elementor-widget elementor-widget-eael-fancy-chart\" data-id=\"e9faea8\" data-element_type=\"widget\" data-e-type=\"widget\" data-widget_type=\"eael-fancy-chart.default\">\n\t\t\t\t<div class=\"elementor-widget-container\">\n\t\t\t\t\t\t\t<div data-options=\"{&quot;chart&quot;:{&quot;toolbar&quot;:{&quot;show&quot;:&quot;&quot;},&quot;type&quot;:&quot;bar&quot;,&quot;background&quot;:&quot;&quot;,&quot;height&quot;:&quot;450px&quot;,&quot;width&quot;:&quot;100%&quot;,&quot;animations&quot;:{&quot;enabled&quot;:&quot;true&quot;,&quot;easing&quot;:&quot;easeinout&quot;,&quot;speed&quot;:1100,&quot;animateGradually&quot;:{&quot;delay&quot;:250}},&quot;offsetX&quot;:0,&quot;offsetY&quot;:0,&quot;stacked&quot;:false},&quot;series&quot;:[{&quot;name&quot;:&quot;\\u20ac\\\/m\\u00b2&quot;,&quot;data&quot;:[&quot;2097&quot;,&quot; 2314&quot;,&quot; 2489&quot;,&quot; 2406&quot;]}],&quot;xaxis&quot;:{&quot;categories&quot;:[&quot;2021&quot;,&quot;2022&quot;,&quot;2023&quot;,&quot;2024&quot;],&quot;position&quot;:&quot;bottom&quot;,&quot;labels&quot;:{&quot;show&quot;:&quot;yes&quot;,&quot;style&quot;:{&quot;cssClass&quot;:&quot;eael_fancy_cahrt_xaxis&quot;,&quot;colors&quot;:&quot;&quot;}}},&quot;yaxis&quot;:{&quot;show&quot;:true,&quot;opposite&quot;:&quot;&quot;,&quot;labels&quot;:{&quot;show&quot;:&quot;yes&quot;,&quot;style&quot;:{&quot;cssClass&quot;:&quot;eael_fancy_cahrt_yaxis&quot;,&quot;colors&quot;:&quot;&quot;}}},&quot;legend&quot;:{&quot;show&quot;:&quot;true&quot;,&quot;position&quot;:&quot;top&quot;,&quot;labels&quot;:{&quot;colors&quot;:&quot;#333&quot;},&quot;fontSize&quot;:&quot;14px&quot;,&quot;horizontalAlign&quot;:&quot;center&quot;,&quot;markers&quot;:{&quot;width&quot;:12,&quot;height&quot;:12,&quot;strokeWidth&quot;:&quot;0&quot;,&quot;strokeColor&quot;:&quot;#fff&quot;,&quot;radius&quot;:2,&quot;offsetX&quot;:&quot;&quot;,&quot;offsetY&quot;:&quot;&quot;}},&quot;tooltip&quot;:{&quot;enabled&quot;:&quot;yes&quot;,&quot;y&quot;:{&quot;prefix&quot;:&quot;&quot;,&quot;suffix&quot;:&quot;&quot;}},&quot;grid&quot;:{&quot;show&quot;:&quot;true&quot;,&quot;borderColor&quot;:&quot;#ddd&quot;,&quot;strokeDashArray&quot;:0,&quot;xaxis&quot;:{&quot;lines&quot;:{&quot;show&quot;:&quot;&quot;}},&quot;yaxis&quot;:{&quot;lines&quot;:{&quot;show&quot;:&quot;true&quot;}}},&quot;plotOptions&quot;:{&quot;bar&quot;:{&quot;borderRadius&quot;:&quot;&quot;,&quot;dataLabels&quot;:{&quot;position&quot;:&quot;center&quot;},&quot;horizontal&quot;:false,&quot;columnWidth&quot;:50,&quot;barHeight&quot;:50}},&quot;stroke&quot;:{&quot;show&quot;:&quot;true&quot;,&quot;lineCap&quot;:&quot;butt&quot;,&quot;colors&quot;:[&quot;#FFF&quot;],&quot;width&quot;:2,&quot;dashArray&quot;:0},&quot;dataLabels&quot;:{&quot;enabled&quot;:true,&quot;style&quot;:{&quot;colors&quot;:[&quot;#fff&quot;],&quot;fontSize&quot;:&quot;12px&quot;}},&quot;colors&quot;:[&quot;#D3904C&quot;],&quot;fill&quot;:{&quot;colors&quot;:[&quot;#D3904C&quot;],&quot;opacity&quot;:0.9,&quot;type&quot;:&quot;solid&quot;}}\" class=\"eael_fanct_chart_wrapper\">\n\t\t\t<div class=\"eael_fancy_chart_header\">\n\t\t\t\t\t\t\t\t<h4 class=\"eael_fancy_chart_title\">\n\t\t\t\tEvoluci\u00f3n Precio \u20ac\/m\u00b2 El Tur\u00f3 de la Peira 2021-2024\t\t\t<\/h4>\n\t\t\t\t\t<\/div>\n\t\t<div class=\"eael_fancy_chart\" id=\"eael_fancy_chart-e9faea8\"><\/div>\n\t\t<\/div>\n\t\t\t\t\t\t<\/div>\n\t\t\t\t<\/div>\n\t\t\t\t<div class=\"elementor-element elementor-element-7989b9e elementor-widget elementor-widget-text-editor\" data-id=\"7989b9e\" data-element_type=\"widget\" data-e-type=\"widget\" data-widget_type=\"text-editor.default\">\n\t\t\t\t<div class=\"elementor-widget-container\">\n\t\t\t\t\t\t\t\t\tEn total, <strong>El Tur\u00f3 de la Peira<\/strong> ha registrat un <strong>augment acumulat del +14,72%<\/strong>.\t\t\t\t\t\t\t\t<\/div>\n\t\t\t\t<\/div>\n\t\t\t\t<div class=\"elementor-element elementor-element-e46cfb5 elementor-widget elementor-widget-heading\" data-id=\"e46cfb5\" data-element_type=\"widget\" data-e-type=\"widget\" data-widget_type=\"heading.default\">\n\t\t\t\t<div class=\"elementor-widget-container\">\n\t\t\t\t\t<h4 class=\"elementor-heading-title elementor-size-default\">4. La Guineueta<\/h4>\t\t\t\t<\/div>\n\t\t\t\t<\/div>\n\t\t\t\t<div class=\"elementor-element elementor-element-54626db elementor-widget elementor-widget-image\" data-id=\"54626db\" data-element_type=\"widget\" data-e-type=\"widget\" data-widget_type=\"image.default\">\n\t\t\t\t<div class=\"elementor-widget-container\">\n\t\t\t\t\t\t\t\t\t\t\t\t\t\t\t<img loading=\"lazy\" decoding=\"async\" width=\"1024\" height=\"665\" src=\"https:\/\/puntohabitat.es\/wp-content\/uploads\/2025\/02\/IMG_2583-1024x665.webp\" class=\"attachment-large size-large wp-image-83614\" alt=\"Precio Vivienda Nou Barris Barcelona\" srcset=\"https:\/\/puntohabitat.es\/wp-content\/uploads\/2025\/02\/IMG_2583-1024x665.webp 1024w, https:\/\/puntohabitat.es\/wp-content\/uploads\/2025\/02\/IMG_2583-300x195.webp 300w, https:\/\/puntohabitat.es\/wp-content\/uploads\/2025\/02\/IMG_2583-768x499.webp 768w, https:\/\/puntohabitat.es\/wp-content\/uploads\/2025\/02\/IMG_2583-924x600.webp 924w, https:\/\/puntohabitat.es\/wp-content\/uploads\/2025\/02\/IMG_2583-496x322.webp 496w, https:\/\/puntohabitat.es\/wp-content\/uploads\/2025\/02\/IMG_2583.webp 1200w\" sizes=\"(max-width: 1024px) 100vw, 1024px\" \/>\t\t\t\t\t\t\t\t\t\t\t\t\t\t\t<\/div>\n\t\t\t\t<\/div>\n\t\t\t\t<div class=\"elementor-element elementor-element-97c47ce elementor-widget elementor-widget-text-editor\" data-id=\"97c47ce\" data-element_type=\"widget\" data-e-type=\"widget\" data-widget_type=\"text-editor.default\">\n\t\t\t\t<div class=\"elementor-widget-container\">\n\t\t\t\t\t\t\t\t\t<strong>La Guineueta<\/strong> \u00e9s el barri que ha experimentat <strong>moviments de preu m\u00e9s bruscos<\/strong>: un <strong>fort creixement<\/strong> el <strong>2022<\/strong>, una <strong>caiguda<\/strong> el <strong>2023<\/strong> i una <strong>nova recuperaci\u00f3<\/strong> el <strong>2024<\/strong>.\r\n\r\n\ud83d\udcca <strong>Evoluci\u00f3 del preu \u20ac\/m\u00b2 a La Guineueta (2021-2024):<\/strong>\r\n<ul>\r\n \t<li><strong>2021:<\/strong> 2.364,07 \u20ac\/m\u00b2<\/li>\r\n \t<li><strong>2022:<\/strong> 2.680,56 \u20ac\/m\u00b2 (<strong>+13,40%<\/strong>)<\/li>\r\n \t<li><strong>2023:<\/strong> 2.421,75 \u20ac\/m\u00b2 (<strong>-9,65%<\/strong>)<\/li>\r\n \t<li><strong>2024:<\/strong> 2.613,42 \u20ac\/m\u00b2 (<strong>+7,92%<\/strong>)<\/li>\r\n<\/ul>\t\t\t\t\t\t\t\t<\/div>\n\t\t\t\t<\/div>\n\t\t\t\t<div class=\"elementor-element elementor-element-f3ee066 elementor-widget elementor-widget-eael-fancy-chart\" data-id=\"f3ee066\" data-element_type=\"widget\" data-e-type=\"widget\" data-widget_type=\"eael-fancy-chart.default\">\n\t\t\t\t<div class=\"elementor-widget-container\">\n\t\t\t\t\t\t\t<div data-options=\"{&quot;chart&quot;:{&quot;toolbar&quot;:{&quot;show&quot;:&quot;&quot;},&quot;type&quot;:&quot;bar&quot;,&quot;background&quot;:&quot;&quot;,&quot;height&quot;:&quot;450px&quot;,&quot;width&quot;:&quot;100%&quot;,&quot;animations&quot;:{&quot;enabled&quot;:&quot;true&quot;,&quot;easing&quot;:&quot;easeinout&quot;,&quot;speed&quot;:1100,&quot;animateGradually&quot;:{&quot;delay&quot;:250}},&quot;offsetX&quot;:0,&quot;offsetY&quot;:0,&quot;stacked&quot;:false},&quot;series&quot;:[{&quot;name&quot;:&quot;\\u20ac\\\/m\\u00b2&quot;,&quot;data&quot;:[&quot;2364&quot;,&quot; 2681&quot;,&quot; 2422&quot;,&quot; 2613&quot;]}],&quot;xaxis&quot;:{&quot;categories&quot;:[&quot;2021&quot;,&quot;2022&quot;,&quot;2023&quot;,&quot;2024&quot;],&quot;position&quot;:&quot;bottom&quot;,&quot;labels&quot;:{&quot;show&quot;:&quot;yes&quot;,&quot;style&quot;:{&quot;cssClass&quot;:&quot;eael_fancy_cahrt_xaxis&quot;,&quot;colors&quot;:&quot;&quot;}}},&quot;yaxis&quot;:{&quot;show&quot;:true,&quot;opposite&quot;:&quot;&quot;,&quot;labels&quot;:{&quot;show&quot;:&quot;yes&quot;,&quot;style&quot;:{&quot;cssClass&quot;:&quot;eael_fancy_cahrt_yaxis&quot;,&quot;colors&quot;:&quot;&quot;}}},&quot;legend&quot;:{&quot;show&quot;:&quot;true&quot;,&quot;position&quot;:&quot;top&quot;,&quot;labels&quot;:{&quot;colors&quot;:&quot;#333&quot;},&quot;fontSize&quot;:&quot;14px&quot;,&quot;horizontalAlign&quot;:&quot;center&quot;,&quot;markers&quot;:{&quot;width&quot;:12,&quot;height&quot;:12,&quot;strokeWidth&quot;:&quot;0&quot;,&quot;strokeColor&quot;:&quot;#fff&quot;,&quot;radius&quot;:2,&quot;offsetX&quot;:&quot;&quot;,&quot;offsetY&quot;:&quot;&quot;}},&quot;tooltip&quot;:{&quot;enabled&quot;:&quot;yes&quot;,&quot;y&quot;:{&quot;prefix&quot;:&quot;&quot;,&quot;suffix&quot;:&quot;&quot;}},&quot;grid&quot;:{&quot;show&quot;:&quot;true&quot;,&quot;borderColor&quot;:&quot;#ddd&quot;,&quot;strokeDashArray&quot;:0,&quot;xaxis&quot;:{&quot;lines&quot;:{&quot;show&quot;:&quot;&quot;}},&quot;yaxis&quot;:{&quot;lines&quot;:{&quot;show&quot;:&quot;true&quot;}}},&quot;plotOptions&quot;:{&quot;bar&quot;:{&quot;borderRadius&quot;:&quot;&quot;,&quot;dataLabels&quot;:{&quot;position&quot;:&quot;center&quot;},&quot;horizontal&quot;:false,&quot;columnWidth&quot;:50,&quot;barHeight&quot;:50}},&quot;stroke&quot;:{&quot;show&quot;:&quot;true&quot;,&quot;lineCap&quot;:&quot;butt&quot;,&quot;colors&quot;:[&quot;#FFF&quot;],&quot;width&quot;:2,&quot;dashArray&quot;:0},&quot;dataLabels&quot;:{&quot;enabled&quot;:true,&quot;style&quot;:{&quot;colors&quot;:[&quot;#fff&quot;],&quot;fontSize&quot;:&quot;12px&quot;}},&quot;colors&quot;:[&quot;#D3904C&quot;],&quot;fill&quot;:{&quot;colors&quot;:[&quot;#D3904C&quot;],&quot;opacity&quot;:0.9,&quot;type&quot;:&quot;solid&quot;}}\" class=\"eael_fanct_chart_wrapper\">\n\t\t\t<div class=\"eael_fancy_chart_header\">\n\t\t\t\t\t\t\t\t<h4 class=\"eael_fancy_chart_title\">\n\t\t\t\tEvoluci\u00f3n Precio \u20ac\/m\u00b2 La Guineueta 2021-2024\t\t\t<\/h4>\n\t\t\t\t\t<\/div>\n\t\t<div class=\"eael_fancy_chart\" id=\"eael_fancy_chart-f3ee066\"><\/div>\n\t\t<\/div>\n\t\t\t\t\t\t<\/div>\n\t\t\t\t<\/div>\n\t\t\t\t<div class=\"elementor-element elementor-element-7baa4b8 elementor-widget elementor-widget-text-editor\" data-id=\"7baa4b8\" data-element_type=\"widget\" data-e-type=\"widget\" data-widget_type=\"text-editor.default\">\n\t\t\t\t<div class=\"elementor-widget-container\">\n\t\t\t\t\t\t\t\t\tEn total, ha presentat un <strong>saldo positiu<\/strong> amb un <strong>augment del +10,55%<\/strong>.\t\t\t\t\t\t\t\t<\/div>\n\t\t\t\t<\/div>\n\t\t\t\t<div class=\"elementor-element elementor-element-5d4b8ca elementor-widget elementor-widget-heading\" data-id=\"5d4b8ca\" data-element_type=\"widget\" data-e-type=\"widget\" data-widget_type=\"heading.default\">\n\t\t\t\t<div class=\"elementor-widget-container\">\n\t\t\t\t\t<h4 class=\"elementor-heading-title elementor-size-default\">5. Canyelles<\/h4>\t\t\t\t<\/div>\n\t\t\t\t<\/div>\n\t\t\t\t<div class=\"elementor-element elementor-element-043f089 elementor-widget elementor-widget-image\" data-id=\"043f089\" data-element_type=\"widget\" data-e-type=\"widget\" data-widget_type=\"image.default\">\n\t\t\t\t<div class=\"elementor-widget-container\">\n\t\t\t\t\t\t\t\t\t\t\t\t\t\t\t<img loading=\"lazy\" decoding=\"async\" width=\"1024\" height=\"472\" src=\"https:\/\/puntohabitat.es\/wp-content\/uploads\/2025\/02\/Captura-de-pantalla-2025-02-08-a-las-19.06.50-1024x472.webp\" class=\"attachment-large size-large wp-image-83626\" alt=\"Precio Vivienda Nou Barris Barcelona\" srcset=\"https:\/\/puntohabitat.es\/wp-content\/uploads\/2025\/02\/Captura-de-pantalla-2025-02-08-a-las-19.06.50-1024x472.webp 1024w, https:\/\/puntohabitat.es\/wp-content\/uploads\/2025\/02\/Captura-de-pantalla-2025-02-08-a-las-19.06.50-300x138.webp 300w, https:\/\/puntohabitat.es\/wp-content\/uploads\/2025\/02\/Captura-de-pantalla-2025-02-08-a-las-19.06.50-768x354.webp 768w, https:\/\/puntohabitat.es\/wp-content\/uploads\/2025\/02\/Captura-de-pantalla-2025-02-08-a-las-19.06.50-496x229.webp 496w, https:\/\/puntohabitat.es\/wp-content\/uploads\/2025\/02\/Captura-de-pantalla-2025-02-08-a-las-19.06.50.webp 1200w\" sizes=\"(max-width: 1024px) 100vw, 1024px\" \/>\t\t\t\t\t\t\t\t\t\t\t\t\t\t\t<\/div>\n\t\t\t\t<\/div>\n\t\t\t\t<div class=\"elementor-element elementor-element-6651fa0 elementor-widget elementor-widget-text-editor\" data-id=\"6651fa0\" data-element_type=\"widget\" data-e-type=\"widget\" data-widget_type=\"text-editor.default\">\n\t\t\t\t<div class=\"elementor-widget-container\">\n\t\t\t\t\t\t\t\t\t<strong>Canyelles<\/strong> ha registrat un <strong>creixement constant<\/strong> durant el per\u00edode d\u2019estudi, consolidant les pujades any rere any.\r\n\r\n\ud83d\udcca <strong>Evoluci\u00f3 del preu \u20ac\/m\u00b2 a Canyelles (2021-2024):<\/strong>\r\n<ul>\r\n \t<li><strong>2021:<\/strong> 1.988,82 \u20ac\/m\u00b2<\/li>\r\n \t<li><strong>2022:<\/strong> 2.126,57 \u20ac\/m\u00b2 (<strong>+6,92%<\/strong>)<\/li>\r\n \t<li><strong>2023:<\/strong> 2.234,19 \u20ac\/m\u00b2 (<strong>+5,07%<\/strong>)<\/li>\r\n \t<li><strong>2024:<\/strong> 2.454,33 \u20ac\/m\u00b2 (<strong>+9,86%<\/strong>)<\/li>\r\n<\/ul>\t\t\t\t\t\t\t\t<\/div>\n\t\t\t\t<\/div>\n\t\t\t\t<div class=\"elementor-element elementor-element-461f0e9 elementor-widget elementor-widget-eael-fancy-chart\" data-id=\"461f0e9\" data-element_type=\"widget\" data-e-type=\"widget\" data-widget_type=\"eael-fancy-chart.default\">\n\t\t\t\t<div class=\"elementor-widget-container\">\n\t\t\t\t\t\t\t<div data-options=\"{&quot;chart&quot;:{&quot;toolbar&quot;:{&quot;show&quot;:&quot;&quot;},&quot;type&quot;:&quot;bar&quot;,&quot;background&quot;:&quot;&quot;,&quot;height&quot;:&quot;450px&quot;,&quot;width&quot;:&quot;100%&quot;,&quot;animations&quot;:{&quot;enabled&quot;:&quot;true&quot;,&quot;easing&quot;:&quot;easeinout&quot;,&quot;speed&quot;:1100,&quot;animateGradually&quot;:{&quot;delay&quot;:250}},&quot;offsetX&quot;:0,&quot;offsetY&quot;:0,&quot;stacked&quot;:false},&quot;series&quot;:[{&quot;name&quot;:&quot;\\u20ac\\\/m\\u00b2&quot;,&quot;data&quot;:[&quot;1989&quot;,&quot; 2127&quot;,&quot; 2234&quot;,&quot; 2454&quot;]}],&quot;xaxis&quot;:{&quot;categories&quot;:[&quot;2021&quot;,&quot;2022&quot;,&quot;2023&quot;,&quot;2024&quot;],&quot;position&quot;:&quot;bottom&quot;,&quot;labels&quot;:{&quot;show&quot;:&quot;yes&quot;,&quot;style&quot;:{&quot;cssClass&quot;:&quot;eael_fancy_cahrt_xaxis&quot;,&quot;colors&quot;:&quot;&quot;}}},&quot;yaxis&quot;:{&quot;show&quot;:true,&quot;opposite&quot;:&quot;&quot;,&quot;labels&quot;:{&quot;show&quot;:&quot;yes&quot;,&quot;style&quot;:{&quot;cssClass&quot;:&quot;eael_fancy_cahrt_yaxis&quot;,&quot;colors&quot;:&quot;&quot;}}},&quot;legend&quot;:{&quot;show&quot;:&quot;true&quot;,&quot;position&quot;:&quot;top&quot;,&quot;labels&quot;:{&quot;colors&quot;:&quot;#333&quot;},&quot;fontSize&quot;:&quot;14px&quot;,&quot;horizontalAlign&quot;:&quot;center&quot;,&quot;markers&quot;:{&quot;width&quot;:12,&quot;height&quot;:12,&quot;strokeWidth&quot;:&quot;0&quot;,&quot;strokeColor&quot;:&quot;#fff&quot;,&quot;radius&quot;:2,&quot;offsetX&quot;:&quot;&quot;,&quot;offsetY&quot;:&quot;&quot;}},&quot;tooltip&quot;:{&quot;enabled&quot;:&quot;yes&quot;,&quot;y&quot;:{&quot;prefix&quot;:&quot;&quot;,&quot;suffix&quot;:&quot;&quot;}},&quot;grid&quot;:{&quot;show&quot;:&quot;true&quot;,&quot;borderColor&quot;:&quot;#ddd&quot;,&quot;strokeDashArray&quot;:0,&quot;xaxis&quot;:{&quot;lines&quot;:{&quot;show&quot;:&quot;&quot;}},&quot;yaxis&quot;:{&quot;lines&quot;:{&quot;show&quot;:&quot;true&quot;}}},&quot;plotOptions&quot;:{&quot;bar&quot;:{&quot;borderRadius&quot;:&quot;&quot;,&quot;dataLabels&quot;:{&quot;position&quot;:&quot;center&quot;},&quot;horizontal&quot;:false,&quot;columnWidth&quot;:50,&quot;barHeight&quot;:50}},&quot;stroke&quot;:{&quot;show&quot;:&quot;true&quot;,&quot;lineCap&quot;:&quot;butt&quot;,&quot;colors&quot;:[&quot;#FFF&quot;],&quot;width&quot;:2,&quot;dashArray&quot;:0},&quot;dataLabels&quot;:{&quot;enabled&quot;:true,&quot;style&quot;:{&quot;colors&quot;:[&quot;#fff&quot;],&quot;fontSize&quot;:&quot;12px&quot;}},&quot;colors&quot;:[&quot;#D3904C&quot;],&quot;fill&quot;:{&quot;colors&quot;:[&quot;#D3904C&quot;],&quot;opacity&quot;:0.9,&quot;type&quot;:&quot;solid&quot;}}\" class=\"eael_fanct_chart_wrapper\">\n\t\t\t<div class=\"eael_fancy_chart_header\">\n\t\t\t\t\t\t\t\t<h4 class=\"eael_fancy_chart_title\">\n\t\t\t\tEvoluci\u00f3n Precio \u20ac\/m\u00b2 Canyelles 2021-2024\t\t\t<\/h4>\n\t\t\t\t\t<\/div>\n\t\t<div class=\"eael_fancy_chart\" id=\"eael_fancy_chart-461f0e9\"><\/div>\n\t\t<\/div>\n\t\t\t\t\t\t<\/div>\n\t\t\t\t<\/div>\n\t\t\t\t<div class=\"elementor-element elementor-element-4036405 elementor-widget elementor-widget-text-editor\" data-id=\"4036405\" data-element_type=\"widget\" data-e-type=\"widget\" data-widget_type=\"text-editor.default\">\n\t\t\t\t<div class=\"elementor-widget-container\">\n\t\t\t\t\t\t\t\t\t<strong>Canyelles<\/strong> \u00e9s, juntament amb <strong>Trinitat Nova<\/strong>, un dels dos barris que ha presentat un <strong>augment acumulat per sobre del 20%<\/strong>: en total, ha sumat un <strong>augment del +23,43%<\/strong>.\t\t\t\t\t\t\t\t<\/div>\n\t\t\t\t<\/div>\n\t\t\t\t<div class=\"elementor-element elementor-element-443c285 elementor-widget elementor-widget-heading\" data-id=\"443c285\" data-element_type=\"widget\" data-e-type=\"widget\" data-widget_type=\"heading.default\">\n\t\t\t\t<div class=\"elementor-widget-container\">\n\t\t\t\t\t<h4 class=\"elementor-heading-title elementor-size-default\">6. Les Roquetes<\/h4>\t\t\t\t<\/div>\n\t\t\t\t<\/div>\n\t\t\t\t<div class=\"elementor-element elementor-element-5b9e114 elementor-widget elementor-widget-image\" data-id=\"5b9e114\" data-element_type=\"widget\" data-e-type=\"widget\" data-widget_type=\"image.default\">\n\t\t\t\t<div class=\"elementor-widget-container\">\n\t\t\t\t\t\t\t\t\t\t\t\t\t\t\t<img loading=\"lazy\" decoding=\"async\" width=\"1024\" height=\"566\" src=\"https:\/\/puntohabitat.es\/wp-content\/uploads\/2025\/02\/Captura-de-pantalla-2025-02-08-a-las-19.12.12-1024x566.webp\" class=\"attachment-large size-large wp-image-83629\" alt=\"Precio Vivienda Nou Barris Barcelona\" srcset=\"https:\/\/puntohabitat.es\/wp-content\/uploads\/2025\/02\/Captura-de-pantalla-2025-02-08-a-las-19.12.12-1024x566.webp 1024w, https:\/\/puntohabitat.es\/wp-content\/uploads\/2025\/02\/Captura-de-pantalla-2025-02-08-a-las-19.12.12-300x166.webp 300w, https:\/\/puntohabitat.es\/wp-content\/uploads\/2025\/02\/Captura-de-pantalla-2025-02-08-a-las-19.12.12-768x424.webp 768w, https:\/\/puntohabitat.es\/wp-content\/uploads\/2025\/02\/Captura-de-pantalla-2025-02-08-a-las-19.12.12-1086x600.webp 1086w, https:\/\/puntohabitat.es\/wp-content\/uploads\/2025\/02\/Captura-de-pantalla-2025-02-08-a-las-19.12.12-496x274.webp 496w, https:\/\/puntohabitat.es\/wp-content\/uploads\/2025\/02\/Captura-de-pantalla-2025-02-08-a-las-19.12.12.webp 1200w\" sizes=\"(max-width: 1024px) 100vw, 1024px\" \/>\t\t\t\t\t\t\t\t\t\t\t\t\t\t\t<\/div>\n\t\t\t\t<\/div>\n\t\t\t\t<div class=\"elementor-element elementor-element-90a17fe elementor-widget elementor-widget-text-editor\" data-id=\"90a17fe\" data-element_type=\"widget\" data-e-type=\"widget\" data-widget_type=\"text-editor.default\">\n\t\t\t\t<div class=\"elementor-widget-container\">\n\t\t\t\t\t\t\t\t\t<strong>Les Roquetes<\/strong> ha experimentat una <strong>evoluci\u00f3 irregular<\/strong>, amb un gran <strong>augment<\/strong> el <strong>2022<\/strong>, una <strong>caiguda<\/strong> el <strong>2023<\/strong> i un <strong>repunt<\/strong> el <strong>2024<\/strong>.\r\n\r\n\ud83d\udcca <strong>Evoluci\u00f3 del preu \u20ac\/m\u00b2 a Les Roquetes (2021-2024):<\/strong>\r\n<ul>\r\n \t<li><strong>2021:<\/strong> 1.845,29 \u20ac\/m\u00b2<\/li>\r\n \t<li><strong>2022:<\/strong> 2.157,07 \u20ac\/m\u00b2 (<strong>+16,91%<\/strong>)<\/li>\r\n \t<li><strong>2023:<\/strong> 1.959,32 \u20ac\/m\u00b2 (<strong>-9,16%<\/strong>)<\/li>\r\n \t<li><strong>2024:<\/strong> 2.145,37 \u20ac\/m\u00b2 (<strong>+9,49%<\/strong>)<\/li>\r\n<\/ul>\t\t\t\t\t\t\t\t<\/div>\n\t\t\t\t<\/div>\n\t\t\t\t<div class=\"elementor-element elementor-element-e2fde53 elementor-widget elementor-widget-eael-fancy-chart\" data-id=\"e2fde53\" data-element_type=\"widget\" data-e-type=\"widget\" data-widget_type=\"eael-fancy-chart.default\">\n\t\t\t\t<div class=\"elementor-widget-container\">\n\t\t\t\t\t\t\t<div data-options=\"{&quot;chart&quot;:{&quot;toolbar&quot;:{&quot;show&quot;:&quot;&quot;},&quot;type&quot;:&quot;bar&quot;,&quot;background&quot;:&quot;&quot;,&quot;height&quot;:&quot;450px&quot;,&quot;width&quot;:&quot;100%&quot;,&quot;animations&quot;:{&quot;enabled&quot;:&quot;true&quot;,&quot;easing&quot;:&quot;easeinout&quot;,&quot;speed&quot;:1100,&quot;animateGradually&quot;:{&quot;delay&quot;:250}},&quot;offsetX&quot;:0,&quot;offsetY&quot;:0,&quot;stacked&quot;:false},&quot;series&quot;:[{&quot;name&quot;:&quot;\\u20ac\\\/m\\u00b2&quot;,&quot;data&quot;:[&quot;1845&quot;,&quot; 2157&quot;,&quot; 1959&quot;,&quot; 2145&quot;]}],&quot;xaxis&quot;:{&quot;categories&quot;:[&quot;2021&quot;,&quot;2022&quot;,&quot;2023&quot;,&quot;2024&quot;],&quot;position&quot;:&quot;bottom&quot;,&quot;labels&quot;:{&quot;show&quot;:&quot;yes&quot;,&quot;style&quot;:{&quot;cssClass&quot;:&quot;eael_fancy_cahrt_xaxis&quot;,&quot;colors&quot;:&quot;&quot;}}},&quot;yaxis&quot;:{&quot;show&quot;:true,&quot;opposite&quot;:&quot;&quot;,&quot;labels&quot;:{&quot;show&quot;:&quot;yes&quot;,&quot;style&quot;:{&quot;cssClass&quot;:&quot;eael_fancy_cahrt_yaxis&quot;,&quot;colors&quot;:&quot;&quot;}}},&quot;legend&quot;:{&quot;show&quot;:&quot;true&quot;,&quot;position&quot;:&quot;top&quot;,&quot;labels&quot;:{&quot;colors&quot;:&quot;#333&quot;},&quot;fontSize&quot;:&quot;14px&quot;,&quot;horizontalAlign&quot;:&quot;center&quot;,&quot;markers&quot;:{&quot;width&quot;:12,&quot;height&quot;:12,&quot;strokeWidth&quot;:&quot;0&quot;,&quot;strokeColor&quot;:&quot;#fff&quot;,&quot;radius&quot;:2,&quot;offsetX&quot;:&quot;&quot;,&quot;offsetY&quot;:&quot;&quot;}},&quot;tooltip&quot;:{&quot;enabled&quot;:&quot;yes&quot;,&quot;y&quot;:{&quot;prefix&quot;:&quot;&quot;,&quot;suffix&quot;:&quot;&quot;}},&quot;grid&quot;:{&quot;show&quot;:&quot;true&quot;,&quot;borderColor&quot;:&quot;#ddd&quot;,&quot;strokeDashArray&quot;:0,&quot;xaxis&quot;:{&quot;lines&quot;:{&quot;show&quot;:&quot;&quot;}},&quot;yaxis&quot;:{&quot;lines&quot;:{&quot;show&quot;:&quot;true&quot;}}},&quot;plotOptions&quot;:{&quot;bar&quot;:{&quot;borderRadius&quot;:&quot;&quot;,&quot;dataLabels&quot;:{&quot;position&quot;:&quot;center&quot;},&quot;horizontal&quot;:false,&quot;columnWidth&quot;:50,&quot;barHeight&quot;:50}},&quot;stroke&quot;:{&quot;show&quot;:&quot;true&quot;,&quot;lineCap&quot;:&quot;butt&quot;,&quot;colors&quot;:[&quot;#FFF&quot;],&quot;width&quot;:2,&quot;dashArray&quot;:0},&quot;dataLabels&quot;:{&quot;enabled&quot;:true,&quot;style&quot;:{&quot;colors&quot;:[&quot;#fff&quot;],&quot;fontSize&quot;:&quot;12px&quot;}},&quot;colors&quot;:[&quot;#D3904C&quot;],&quot;fill&quot;:{&quot;colors&quot;:[&quot;#D3904C&quot;],&quot;opacity&quot;:0.9,&quot;type&quot;:&quot;solid&quot;}}\" class=\"eael_fanct_chart_wrapper\">\n\t\t\t<div class=\"eael_fancy_chart_header\">\n\t\t\t\t\t\t\t\t<h4 class=\"eael_fancy_chart_title\">\n\t\t\t\tEvoluci\u00f3n Precio \u20ac\/m\u00b2 Les Roquetes 2021-2024\t\t\t<\/h4>\n\t\t\t\t\t<\/div>\n\t\t<div class=\"eael_fancy_chart\" id=\"eael_fancy_chart-e2fde53\"><\/div>\n\t\t<\/div>\n\t\t\t\t\t\t<\/div>\n\t\t\t\t<\/div>\n\t\t\t\t<div class=\"elementor-element elementor-element-a2e2d87 elementor-widget elementor-widget-text-editor\" data-id=\"a2e2d87\" data-element_type=\"widget\" data-e-type=\"widget\" data-widget_type=\"text-editor.default\">\n\t\t\t\t<div class=\"elementor-widget-container\">\n\t\t\t\t\t\t\t\t\tMalgrat els <strong>alts i baixos<\/strong>, <strong>Les Roquetes<\/strong> presenta un <strong>creixement de preus del +16,26%<\/strong>.\t\t\t\t\t\t\t\t<\/div>\n\t\t\t\t<\/div>\n\t\t\t\t<div class=\"elementor-element elementor-element-88da3ca elementor-widget elementor-widget-heading\" data-id=\"88da3ca\" data-element_type=\"widget\" data-e-type=\"widget\" data-widget_type=\"heading.default\">\n\t\t\t\t<div class=\"elementor-widget-container\">\n\t\t\t\t\t<h4 class=\"elementor-heading-title elementor-size-default\">7. La Trinitat Nova<\/h4>\t\t\t\t<\/div>\n\t\t\t\t<\/div>\n\t\t\t\t<div class=\"elementor-element elementor-element-be7bfe3 elementor-widget elementor-widget-image\" data-id=\"be7bfe3\" data-element_type=\"widget\" data-e-type=\"widget\" data-widget_type=\"image.default\">\n\t\t\t\t<div class=\"elementor-widget-container\">\n\t\t\t\t\t\t\t\t\t\t\t\t\t\t\t<img loading=\"lazy\" decoding=\"async\" width=\"1024\" height=\"662\" src=\"https:\/\/puntohabitat.es\/wp-content\/uploads\/2025\/02\/IMG_2566-1024x662.webp\" class=\"attachment-large size-large wp-image-83617\" alt=\"Precio Vivienda Nou Barris Barcelona\" srcset=\"https:\/\/puntohabitat.es\/wp-content\/uploads\/2025\/02\/IMG_2566-1024x662.webp 1024w, https:\/\/puntohabitat.es\/wp-content\/uploads\/2025\/02\/IMG_2566-300x194.webp 300w, https:\/\/puntohabitat.es\/wp-content\/uploads\/2025\/02\/IMG_2566-768x496.webp 768w, https:\/\/puntohabitat.es\/wp-content\/uploads\/2025\/02\/IMG_2566-928x600.webp 928w, https:\/\/puntohabitat.es\/wp-content\/uploads\/2025\/02\/IMG_2566-496x321.webp 496w, https:\/\/puntohabitat.es\/wp-content\/uploads\/2025\/02\/IMG_2566.webp 1080w\" sizes=\"(max-width: 1024px) 100vw, 1024px\" \/>\t\t\t\t\t\t\t\t\t\t\t\t\t\t\t<\/div>\n\t\t\t\t<\/div>\n\t\t\t\t<div class=\"elementor-element elementor-element-ad90cb0 elementor-widget elementor-widget-text-editor\" data-id=\"ad90cb0\" data-element_type=\"widget\" data-e-type=\"widget\" data-widget_type=\"text-editor.default\">\n\t\t\t\t<div class=\"elementor-widget-container\">\n\t\t\t\t\t\t\t\t\t<strong>La Trinitat Nova<\/strong> ha mostrat un <strong>comportament vol\u00e0til<\/strong> els \u00faltims anys, amb un <strong>fort increment<\/strong> el <strong>2022<\/strong> i <strong>2023<\/strong>, seguit d\u2019una <strong>correcci\u00f3<\/strong> el <strong>2024<\/strong>.\r\n\r\n\ud83d\udcca <strong>Evoluci\u00f3 del preu \u20ac\/m\u00b2 a La Trinitat Nova (2021-2024):<\/strong>\r\n<ul>\r\n \t<li><strong>2021:<\/strong> 1.757,04 \u20ac\/m\u00b2<\/li>\r\n \t<li><strong>2022:<\/strong> 2.052,21 \u20ac\/m\u00b2 (<strong>+16,80%<\/strong>)<\/li>\r\n \t<li><strong>2023:<\/strong> 2.210,73 \u20ac\/m\u00b2 (<strong>+7,71%<\/strong>)<\/li>\r\n \t<li><strong>2024:<\/strong> 2.117,73 \u20ac\/m\u00b2 (<strong>-4,20%<\/strong>)<\/li>\r\n<\/ul>\t\t\t\t\t\t\t\t<\/div>\n\t\t\t\t<\/div>\n\t\t\t\t<div class=\"elementor-element elementor-element-1d2de35 elementor-widget elementor-widget-eael-fancy-chart\" data-id=\"1d2de35\" data-element_type=\"widget\" data-e-type=\"widget\" data-widget_type=\"eael-fancy-chart.default\">\n\t\t\t\t<div class=\"elementor-widget-container\">\n\t\t\t\t\t\t\t<div data-options=\"{&quot;chart&quot;:{&quot;toolbar&quot;:{&quot;show&quot;:&quot;&quot;},&quot;type&quot;:&quot;bar&quot;,&quot;background&quot;:&quot;&quot;,&quot;height&quot;:&quot;450px&quot;,&quot;width&quot;:&quot;100%&quot;,&quot;animations&quot;:{&quot;enabled&quot;:&quot;true&quot;,&quot;easing&quot;:&quot;easeinout&quot;,&quot;speed&quot;:1100,&quot;animateGradually&quot;:{&quot;delay&quot;:250}},&quot;offsetX&quot;:0,&quot;offsetY&quot;:0,&quot;stacked&quot;:false},&quot;series&quot;:[{&quot;name&quot;:&quot;\\u20ac\\\/m\\u00b2&quot;,&quot;data&quot;:[&quot;1757&quot;,&quot; 2052&quot;,&quot; 2211&quot;,&quot; 2118&quot;]}],&quot;xaxis&quot;:{&quot;categories&quot;:[&quot;2021&quot;,&quot;2022&quot;,&quot;2023&quot;,&quot;2024&quot;],&quot;position&quot;:&quot;bottom&quot;,&quot;labels&quot;:{&quot;show&quot;:&quot;yes&quot;,&quot;style&quot;:{&quot;cssClass&quot;:&quot;eael_fancy_cahrt_xaxis&quot;,&quot;colors&quot;:&quot;&quot;}}},&quot;yaxis&quot;:{&quot;show&quot;:true,&quot;opposite&quot;:&quot;&quot;,&quot;labels&quot;:{&quot;show&quot;:&quot;yes&quot;,&quot;style&quot;:{&quot;cssClass&quot;:&quot;eael_fancy_cahrt_yaxis&quot;,&quot;colors&quot;:&quot;&quot;}}},&quot;legend&quot;:{&quot;show&quot;:&quot;true&quot;,&quot;position&quot;:&quot;top&quot;,&quot;labels&quot;:{&quot;colors&quot;:&quot;#333&quot;},&quot;fontSize&quot;:&quot;14px&quot;,&quot;horizontalAlign&quot;:&quot;center&quot;,&quot;markers&quot;:{&quot;width&quot;:12,&quot;height&quot;:12,&quot;strokeWidth&quot;:&quot;0&quot;,&quot;strokeColor&quot;:&quot;#fff&quot;,&quot;radius&quot;:2,&quot;offsetX&quot;:&quot;&quot;,&quot;offsetY&quot;:&quot;&quot;}},&quot;tooltip&quot;:{&quot;enabled&quot;:&quot;yes&quot;,&quot;y&quot;:{&quot;prefix&quot;:&quot;&quot;,&quot;suffix&quot;:&quot;&quot;}},&quot;grid&quot;:{&quot;show&quot;:&quot;true&quot;,&quot;borderColor&quot;:&quot;#ddd&quot;,&quot;strokeDashArray&quot;:0,&quot;xaxis&quot;:{&quot;lines&quot;:{&quot;show&quot;:&quot;&quot;}},&quot;yaxis&quot;:{&quot;lines&quot;:{&quot;show&quot;:&quot;true&quot;}}},&quot;plotOptions&quot;:{&quot;bar&quot;:{&quot;borderRadius&quot;:&quot;&quot;,&quot;dataLabels&quot;:{&quot;position&quot;:&quot;center&quot;},&quot;horizontal&quot;:false,&quot;columnWidth&quot;:50,&quot;barHeight&quot;:50}},&quot;stroke&quot;:{&quot;show&quot;:&quot;true&quot;,&quot;lineCap&quot;:&quot;butt&quot;,&quot;colors&quot;:[&quot;#FFF&quot;],&quot;width&quot;:2,&quot;dashArray&quot;:0},&quot;dataLabels&quot;:{&quot;enabled&quot;:true,&quot;style&quot;:{&quot;colors&quot;:[&quot;#fff&quot;],&quot;fontSize&quot;:&quot;12px&quot;}},&quot;colors&quot;:[&quot;#D3904C&quot;],&quot;fill&quot;:{&quot;colors&quot;:[&quot;#D3904C&quot;],&quot;opacity&quot;:0.9,&quot;type&quot;:&quot;solid&quot;}}\" class=\"eael_fanct_chart_wrapper\">\n\t\t\t<div class=\"eael_fancy_chart_header\">\n\t\t\t\t\t\t\t\t<h4 class=\"eael_fancy_chart_title\">\n\t\t\t\tEvoluci\u00f3n Precio \u20ac\/m\u00b2 La Trinitat Nova 2021-2024\t\t\t<\/h4>\n\t\t\t\t\t<\/div>\n\t\t<div class=\"eael_fancy_chart\" id=\"eael_fancy_chart-1d2de35\"><\/div>\n\t\t<\/div>\n\t\t\t\t\t\t<\/div>\n\t\t\t\t<\/div>\n\t\t\t\t<div class=\"elementor-element elementor-element-09f2b1a elementor-widget elementor-widget-text-editor\" data-id=\"09f2b1a\" data-element_type=\"widget\" data-e-type=\"widget\" data-widget_type=\"text-editor.default\">\n\t\t\t\t<div class=\"elementor-widget-container\">\n\t\t\t\t\t\t\t\t\tJuntament amb <strong>Canyelles<\/strong>, <strong>La Trinitat Nova<\/strong> \u00e9s l\u2019altre barri de <strong>Nou Barris<\/strong> en qu\u00e8 l&#8217;<strong>increment de preus<\/strong> ha superat el <strong>20%<\/strong>, amb un total del <strong>20,51%<\/strong>.\t\t\t\t\t\t\t\t<\/div>\n\t\t\t\t<\/div>\n\t\t\t\t<div class=\"elementor-element elementor-element-dd9862e elementor-widget elementor-widget-heading\" data-id=\"dd9862e\" data-element_type=\"widget\" data-e-type=\"widget\" data-widget_type=\"heading.default\">\n\t\t\t\t<div class=\"elementor-widget-container\">\n\t\t\t\t\t<h2 class=\"elementor-heading-title elementor-size-default\">Preu Pisos Nou Barris Barcelona: R\u00e0nquing Pujades 2021-2024<\/h2>\t\t\t\t<\/div>\n\t\t\t\t<\/div>\n\t\t\t\t<div class=\"elementor-element elementor-element-4df1ad3 elementor-widget elementor-widget-text-editor\" data-id=\"4df1ad3\" data-element_type=\"widget\" data-e-type=\"widget\" data-widget_type=\"text-editor.default\">\n\t\t\t\t<div class=\"elementor-widget-container\">\n\t\t\t\t\t\t\t\t\tDurant el per\u00edode d&#8217;estudi, destaquen dos barris amb increments superiors al <strong>20%<\/strong>: <strong>Canyelles<\/strong>, que ha estat el barri amb l&#8217;<strong>augment acumulat m\u00e9s gran<\/strong> (<strong>+23,43%<\/strong>), seguit de <strong>La Trinitat Nova<\/strong> (<strong>+20,51%<\/strong>).\r\n\r\nD&#8217;altra banda, <strong>Porta<\/strong> ha registrat l&#8217;<strong>increment m\u00e9s baix<\/strong> del districte, amb un <strong>augment total del 3,39%<\/strong>.\r\n\r\n\ud83d\udcca <strong>Evoluci\u00f3 de l&#8217;augment de preus en cada barri de Nou Barris (2021-2024):<\/strong>\r\n\r\n1\ufe0f\u20e3 <strong>Canyelles<\/strong>: <strong>+23,43%<\/strong> &#8211; Aquest barri ha mostrat un <strong>creixement continu<\/strong> al llarg del per\u00edode d\u2019estudi, amb pujades constants cada any.\r\n\r\n2\ufe0f\u20e3 <strong>La Trinitat Nova<\/strong>: <strong>+20,51%<\/strong> &#8211; Amb un <strong>fort creixement<\/strong> el <strong>2022<\/strong> i <strong>2023<\/strong>, aquest barri ha experimentat una <strong>notable apreciaci\u00f3<\/strong> del seu valor, tot i la lleugera correcci\u00f3 a la baixa del <strong>2024<\/strong>.\r\n\r\n3\ufe0f\u20e3 <strong>Les Roquetes<\/strong>: <strong>+16,26%<\/strong> &#8211; Va mostrar un gran augment el <strong>2022<\/strong>, una caiguda el <strong>2023<\/strong> i una <strong>recuperaci\u00f3<\/strong> el <strong>2024<\/strong>, la qual cosa ha portat a un <strong>creixement acumulat significatiu<\/strong>.\r\n\r\n4\ufe0f\u20e3 <strong>Vilapicina i la Torre Llobeta<\/strong>: <strong>+15,20%<\/strong> &#8211; Despr\u00e9s d&#8217;una <strong>lleugera caiguda el 2022<\/strong>, ha mantingut un <strong>creixement sostingut<\/strong> en els dos \u00faltims anys, consolidant-se com el <strong>barri amb el preu m\u00e9s alt<\/strong> de <strong>Nou Barris<\/strong> el <strong>2024<\/strong>.\r\n\r\n5\ufe0f\u20e3 <strong>El Tur\u00f3 de la Peira<\/strong>: <strong>+14,72%<\/strong> &#8211; Ha seguit una <strong>evoluci\u00f3 positiva<\/strong>, amb <strong>forts increments el 2022 i 2023<\/strong>, tot i una <strong>lleugera reducci\u00f3<\/strong> el <strong>2024<\/strong>.\r\n\r\n6\ufe0f\u20e3 <strong>La Guineueta<\/strong>: <strong>+10,55%<\/strong> &#8211; Va experimentar un <strong>fort creixement<\/strong> el <strong>2022<\/strong>, seguit d&#8217;una <strong>correcci\u00f3<\/strong> el <strong>2023<\/strong> i una <strong>recuperaci\u00f3<\/strong> el <strong>2024<\/strong>.\r\n\r\n7\ufe0f\u20e3 <strong>Verdun<\/strong>: <strong>+9,98%<\/strong> &#8211; Ha mostrat un comportament <strong>oscil\u00b7lant<\/strong>, amb un <strong>fort augment el 2022<\/strong>, una caiguda el <strong>2023<\/strong> i un <strong>repunt<\/strong> el <strong>2024<\/strong>.\r\n\r\n8\ufe0f\u20e3 <strong>Porta<\/strong>: <strong>+3,39%<\/strong> &#8211; \u00c9s el barri amb l&#8217;<strong>increment acumulat m\u00e9s baix<\/strong>, amb variacions que inclouen una <strong>lleugera millora el 2022<\/strong>, una <strong>caiguda el 2023<\/strong> i una posterior <strong>recuperaci\u00f3 el 2024<\/strong>.\t\t\t\t\t\t\t\t<\/div>\n\t\t\t\t<\/div>\n\t\t\t\t<div class=\"elementor-element elementor-element-fdc67ef elementor-widget elementor-widget-eael-fancy-chart\" data-id=\"fdc67ef\" data-element_type=\"widget\" data-e-type=\"widget\" data-widget_type=\"eael-fancy-chart.default\">\n\t\t\t\t<div class=\"elementor-widget-container\">\n\t\t\t\t\t\t\t<div data-options=\"{&quot;chart&quot;:{&quot;toolbar&quot;:{&quot;show&quot;:&quot;&quot;},&quot;type&quot;:&quot;bar&quot;,&quot;background&quot;:&quot;&quot;,&quot;height&quot;:&quot;450px&quot;,&quot;width&quot;:&quot;100%&quot;,&quot;animations&quot;:{&quot;enabled&quot;:&quot;true&quot;,&quot;easing&quot;:&quot;easeinout&quot;,&quot;speed&quot;:1100,&quot;animateGradually&quot;:{&quot;delay&quot;:250}},&quot;offsetX&quot;:0,&quot;offsetY&quot;:0,&quot;stacked&quot;:false},&quot;series&quot;:[{&quot;name&quot;:&quot;%&quot;,&quot;data&quot;:[&quot;23.43&quot;,&quot; 20.51&quot;,&quot; 16.26&quot;,&quot; 15.20&quot;,&quot; 14.72&quot;,&quot; 10.55&quot;,&quot; 9.98&quot;,&quot; 3.39 &quot;]}],&quot;xaxis&quot;:{&quot;categories&quot;:[&quot;Canyelles&quot;,&quot;La Trinitat Nova&quot;,&quot;Les Roquetes&quot;,&quot;Vilapicina i la Torre Llobeta&quot;,&quot;El Tur\\u00f3 de la Peira&quot;,&quot;La Guineueta&quot;,&quot;Verdun&quot;,&quot;Porta&quot;],&quot;position&quot;:&quot;bottom&quot;,&quot;labels&quot;:{&quot;show&quot;:&quot;yes&quot;,&quot;style&quot;:{&quot;cssClass&quot;:&quot;eael_fancy_cahrt_xaxis&quot;,&quot;colors&quot;:&quot;&quot;}}},&quot;yaxis&quot;:{&quot;show&quot;:true,&quot;opposite&quot;:&quot;&quot;,&quot;labels&quot;:{&quot;show&quot;:&quot;yes&quot;,&quot;style&quot;:{&quot;cssClass&quot;:&quot;eael_fancy_cahrt_yaxis&quot;,&quot;colors&quot;:&quot;&quot;}}},&quot;legend&quot;:{&quot;show&quot;:&quot;true&quot;,&quot;position&quot;:&quot;top&quot;,&quot;labels&quot;:{&quot;colors&quot;:&quot;#333&quot;},&quot;fontSize&quot;:&quot;14px&quot;,&quot;horizontalAlign&quot;:&quot;center&quot;,&quot;markers&quot;:{&quot;width&quot;:12,&quot;height&quot;:12,&quot;strokeWidth&quot;:&quot;0&quot;,&quot;strokeColor&quot;:&quot;#fff&quot;,&quot;radius&quot;:2,&quot;offsetX&quot;:&quot;&quot;,&quot;offsetY&quot;:&quot;&quot;}},&quot;tooltip&quot;:{&quot;enabled&quot;:&quot;yes&quot;,&quot;y&quot;:{&quot;prefix&quot;:&quot;&quot;,&quot;suffix&quot;:&quot;&quot;}},&quot;grid&quot;:{&quot;show&quot;:&quot;true&quot;,&quot;borderColor&quot;:&quot;#ddd&quot;,&quot;strokeDashArray&quot;:0,&quot;xaxis&quot;:{&quot;lines&quot;:{&quot;show&quot;:&quot;&quot;}},&quot;yaxis&quot;:{&quot;lines&quot;:{&quot;show&quot;:&quot;true&quot;}}},&quot;plotOptions&quot;:{&quot;bar&quot;:{&quot;borderRadius&quot;:&quot;&quot;,&quot;dataLabels&quot;:{&quot;position&quot;:&quot;center&quot;},&quot;horizontal&quot;:true,&quot;columnWidth&quot;:50,&quot;barHeight&quot;:50}},&quot;stroke&quot;:{&quot;show&quot;:&quot;true&quot;,&quot;lineCap&quot;:&quot;butt&quot;,&quot;colors&quot;:[&quot;#FFF&quot;],&quot;width&quot;:2,&quot;dashArray&quot;:0},&quot;dataLabels&quot;:{&quot;enabled&quot;:true,&quot;style&quot;:{&quot;colors&quot;:[&quot;#fff&quot;],&quot;fontSize&quot;:&quot;12px&quot;}},&quot;colors&quot;:[&quot;#D3904C&quot;],&quot;fill&quot;:{&quot;colors&quot;:[&quot;#D3904C&quot;],&quot;opacity&quot;:0.9,&quot;type&quot;:&quot;solid&quot;}}\" class=\"eael_fanct_chart_wrapper\">\n\t\t\t<div class=\"eael_fancy_chart_header\">\n\t\t\t\t\t\t\t\t<h4 class=\"eael_fancy_chart_title\">\n\t\t\t\tPrecio Vivienda Nou Barris Barcelona: Ranking Subidas 2021-2024\t\t\t<\/h4>\n\t\t\t\t\t<\/div>\n\t\t<div class=\"eael_fancy_chart\" id=\"eael_fancy_chart-fdc67ef\"><\/div>\n\t\t<\/div>\n\t\t\t\t\t\t<\/div>\n\t\t\t\t<\/div>\n\t\t\t\t\t<\/div>\n\t\t<\/div>\n\t\t\t\t\t<\/div>\n\t\t<\/section>\n\t\t\t\t<section data-particle_enable=\"false\" data-particle-mobile-disabled=\"false\" class=\"elementor-section elementor-top-section elementor-element elementor-element-d93612e elementor-section-boxed elementor-section-height-default elementor-section-height-default\" data-id=\"d93612e\" data-element_type=\"section\" data-e-type=\"section\">\n\t\t\t\t\t\t<div class=\"elementor-container elementor-column-gap-default\">\n\t\t\t\t\t<div class=\"elementor-column elementor-col-100 elementor-top-column elementor-element elementor-element-5841ee1\" data-id=\"5841ee1\" data-element_type=\"column\" data-e-type=\"column\">\n\t\t\t<div class=\"elementor-widget-wrap elementor-element-populated\">\n\t\t\t\t\t\t<div class=\"elementor-element elementor-element-1a979da elementor-widget elementor-widget-heading\" data-id=\"1a979da\" data-element_type=\"widget\" data-e-type=\"widget\" data-widget_type=\"heading.default\">\n\t\t\t\t<div class=\"elementor-widget-container\">\n\t\t\t\t\t<h2 class=\"elementor-heading-title elementor-size-default\">Previsions del Mercat Immobiliari a Nou Barris per al 2025<\/h2>\t\t\t\t<\/div>\n\t\t\t\t<\/div>\n\t\t\t\t<div class=\"elementor-element elementor-element-0513952 elementor-widget elementor-widget-text-editor\" data-id=\"0513952\" data-element_type=\"widget\" data-e-type=\"widget\" data-widget_type=\"text-editor.default\">\n\t\t\t\t<div class=\"elementor-widget-container\">\n\t\t\t\t\t\t\t\t\tA partir de l&#8217;an\u00e0lisi realitzat, es preveu que el <strong>mercat de compravenda d&#8217;habitatge de segona m\u00e0<\/strong> a <strong>Nou Barris<\/strong> continu\u00ef amb una <strong>tend\u00e8ncia alcista<\/strong> el <strong>2025<\/strong>. Diversos factors clau recolzen aquesta projecci\u00f3:\r\n<ol>\r\n \t<li><strong>Descens dels tipus d\u2019inter\u00e8s<\/strong>: Es preveu que el <strong>Banc Central Europeu<\/strong> implementi noves <strong>reduccions en els tipus d&#8217;inter\u00e8s<\/strong>, la qual cosa abaratar\u00e0 les hipoteques ja contractades i facilitar\u00e0 la subscripci\u00f3 de nous <strong>pr\u00e9stecs hipotecaris<\/strong>.<\/li>\r\n \t<li><strong>Limitaci\u00f3 de l&#8217;oferta d&#8217;habitatge<\/strong>: La <strong>disminuci\u00f3 de la natalitat<\/strong> i la consolidaci\u00f3 de nous <strong>models residenciais<\/strong>, com el <strong>coliving<\/strong>, han redu\u00eft la <strong>rotaci\u00f3<\/strong> en les vivendes en propietat, restringint l&#8217;<strong>oferta disponible<\/strong> en el mercat immobiliari barcelon\u00ed.<\/li>\r\n \t<li><strong>Creciment demogr\u00e0fic<\/strong>: <strong>Barcelona<\/strong> ha assolit un <strong>nou r\u00e8cord de poblaci\u00f3<\/strong>, superant els <strong>1,718 milions d&#8217;habitants<\/strong> segons l&#8217;\u00faltim cens, la qual cosa incrementa la <strong>demanda de vivenda<\/strong> a la ciutat.<\/li>\r\n \t<li><strong>Estabilitat del mercat laboral<\/strong>: Un entorn econ\u00f2mic estable i una <strong>taxa d&#8217;ocupaci\u00f3 favorable<\/strong> fomenten la <strong>confian\u00e7a dels compradors<\/strong> en el mercat immobiliari.<\/li>\r\n \t<li><strong>Escassetat de s\u00f2l per a obra nova<\/strong>: La <strong>falta de s\u00f2l finalista<\/strong> a <strong>Barcelona<\/strong> limita la <strong>construcci\u00f3 de noves promocions residencials<\/strong>, contribuint a la <strong>pressi\u00f3 alcista<\/strong> sobre els preus de l&#8217;habitatge existent.<\/li>\r\n<\/ol>\r\nDonades aquestes condicions, \u00e9s previsible que el <strong>valor de l\u2019habitatge a Nou Barris<\/strong> mantingui la seva <strong>traject\u00f2ria ascendent<\/strong> al llarg del <strong>2025<\/strong>, consolidant el districte com una <strong>opci\u00f3 cada vegada m\u00e9s atractiva<\/strong> dins del mercat immobiliari de Barcelona.\t\t\t\t\t\t\t\t<\/div>\n\t\t\t\t<\/div>\n\t\t\t\t\t<\/div>\n\t\t<\/div>\n\t\t\t\t\t<\/div>\n\t\t<\/section>\n\t\t\t\t<section data-particle_enable=\"false\" data-particle-mobile-disabled=\"false\" class=\"elementor-section elementor-top-section elementor-element elementor-element-8fa6224 elementor-section-boxed elementor-section-height-default elementor-section-height-default\" data-id=\"8fa6224\" data-element_type=\"section\" data-e-type=\"section\">\n\t\t\t\t\t\t<div class=\"elementor-container elementor-column-gap-default\">\n\t\t\t\t\t<div class=\"elementor-column elementor-col-100 elementor-top-column elementor-element elementor-element-aef4ff5\" data-id=\"aef4ff5\" data-element_type=\"column\" data-e-type=\"column\">\n\t\t\t<div class=\"elementor-widget-wrap elementor-element-populated\">\n\t\t\t\t\t\t<div class=\"elementor-element elementor-element-c996148 elementor-widget elementor-widget-heading\" data-id=\"c996148\" data-element_type=\"widget\" data-e-type=\"widget\" data-widget_type=\"heading.default\">\n\t\t\t\t<div class=\"elementor-widget-container\">\n\t\t\t\t\t<h2 class=\"elementor-heading-title elementor-size-default\">\u00bfC\u00f3mo ha variado el precio de tu piso en Nou Barris en los \u00faltimos meses?<\/h2>\t\t\t\t<\/div>\n\t\t\t\t<\/div>\n\t\t\t\t<div class=\"elementor-element elementor-element-19fd0e7 elementor-widget elementor-widget-html\" data-id=\"19fd0e7\" data-element_type=\"widget\" data-e-type=\"widget\" data-widget_type=\"html.default\">\n\t\t\t\t<div class=\"elementor-widget-container\">\n\t\t\t\t\t<script src=\"https:\/\/cdnjs.cloudflare.com\/ajax\/libs\/iframe-resizer\/4.3.6\/iframeResizer.min.js\"><\/script>\n<script>\nfunction initResizer() {\niFrameResize({\nheightCalculationMethod: 'documentElementOffset',\nonScroll: ({ x, y }) => {\n\/\/ prevent default behavior\nwindow.scrollTo({\ntop: y,\nleft: x,\nbehavior: 'smooth'\n})\nreturn false;\n}\n}, '#valuationFrame');\n}\n<\/script>\n<iframe style=\"min-width: 100%; border:none;\" title=\"valuation\"\nsrc=\"https:\/\/puntohabitat-bcn.valuation.realadvisor.es\/appraise?language=es\" id=\"valuationFrame\" onload=\"initResizer()\">\n<\/iframe>\t\t\t\t<\/div>\n\t\t\t\t<\/div>\n\t\t\t\t\t<\/div>\n\t\t<\/div>\n\t\t\t\t\t<\/div>\n\t\t<\/section>\n\t\t\t\t<section data-particle_enable=\"false\" data-particle-mobile-disabled=\"false\" class=\"elementor-section elementor-top-section elementor-element elementor-element-a7f7fa6 elementor-section-boxed elementor-section-height-default elementor-section-height-default\" data-id=\"a7f7fa6\" data-element_type=\"section\" data-e-type=\"section\">\n\t\t\t\t\t\t<div class=\"elementor-container elementor-column-gap-default\">\n\t\t\t\t\t<div class=\"elementor-column elementor-col-100 elementor-top-column elementor-element elementor-element-49c1fa7\" data-id=\"49c1fa7\" data-element_type=\"column\" data-e-type=\"column\">\n\t\t\t<div class=\"elementor-widget-wrap elementor-element-populated\">\n\t\t\t\t\t\t<div class=\"elementor-element elementor-element-8896122 elementor-widget elementor-widget-heading\" data-id=\"8896122\" data-element_type=\"widget\" data-e-type=\"widget\" data-widget_type=\"heading.default\">\n\t\t\t\t<div class=\"elementor-widget-container\">\n\t\t\t\t\t<h2 class=\"elementor-heading-title elementor-size-default\">Preu Habitatge Nou Barris Barcelona: M\u00e9s informaci\u00f3<\/h2>\t\t\t\t<\/div>\n\t\t\t\t<\/div>\n\t\t\t\t<div class=\"elementor-element elementor-element-2a9a93e elementor-widget elementor-widget-text-editor\" data-id=\"2a9a93e\" data-element_type=\"widget\" data-e-type=\"widget\" data-widget_type=\"text-editor.default\">\n\t\t\t\t<div class=\"elementor-widget-container\">\n\t\t\t\t\t\t\t\t\tEn properes entrades analitzarem l&#8217;evoluci\u00f3 del nombre de transmissions realitzades a Nou Barris de Barcelona i l&#8217;evoluci\u00f3 del preu unitari mitj\u00e0 per a que pogueu disponsar d&#8217;una informaci\u00f3 m\u00e9s completa.\t\t\t\t\t\t\t\t<\/div>\n\t\t\t\t<\/div>\n\t\t\t\t<div class=\"elementor-element elementor-element-1f08c9f elementor-widget elementor-widget-text-editor\" data-id=\"1f08c9f\" data-element_type=\"widget\" data-e-type=\"widget\" data-widget_type=\"text-editor.default\">\n\t\t\t\t<div class=\"elementor-widget-container\">\n\t\t\t\t\t\t\t\t\tSi et cal m\u00e9s informaci\u00f3 o vols resoldre qualsevol dubte, contacta ara.\r\n\r\nT&#8217;atendrem inmediatament.\t\t\t\t\t\t\t\t<\/div>\n\t\t\t\t<\/div>\n\t\t\t\t\t<\/div>\n\t\t<\/div>\n\t\t\t\t\t<\/div>\n\t\t<\/section>\n\t\t\t\t<section data-particle_enable=\"false\" data-particle-mobile-disabled=\"false\" class=\"elementor-section elementor-top-section elementor-element elementor-element-472bbbb elementor-section-boxed elementor-section-height-default elementor-section-height-default\" data-id=\"472bbbb\" data-element_type=\"section\" data-e-type=\"section\">\n\t\t\t\t\t\t<div class=\"elementor-container elementor-column-gap-default\">\n\t\t\t\t\t<div class=\"elementor-column elementor-col-100 elementor-top-column elementor-element elementor-element-b8519c0\" data-id=\"b8519c0\" data-element_type=\"column\" data-e-type=\"column\">\n\t\t\t<div class=\"elementor-widget-wrap elementor-element-populated\">\n\t\t\t\t\t\t<div class=\"elementor-element elementor-element-f19ea81 elementor-widget elementor-widget-heading\" data-id=\"f19ea81\" data-element_type=\"widget\" data-e-type=\"widget\" data-widget_type=\"heading.default\">\n\t\t\t\t<div class=\"elementor-widget-container\">\n\t\t\t\t\t<h2 class=\"elementor-heading-title elementor-size-default\">Evoluci\u00f3 de Preus a Barcelona: Tots els Districtes<\/h2>\t\t\t\t<\/div>\n\t\t\t\t<\/div>\n\t\t\t\t<div class=\"elementor-element elementor-element-6762025 elementor-widget elementor-widget-image\" data-id=\"6762025\" data-element_type=\"widget\" data-e-type=\"widget\" data-widget_type=\"image.default\">\n\t\t\t\t<div class=\"elementor-widget-container\">\n\t\t\t\t\t\t\t\t\t\t\t\t\t\t\t<img loading=\"lazy\" decoding=\"async\" width=\"1024\" height=\"415\" src=\"https:\/\/puntohabitat.es\/wp-content\/uploads\/2025\/01\/Precio-Vivienda-Barcelona-1024x415.webp\" class=\"attachment-large size-large wp-image-82243\" alt=\"Precio Vivienda Barcelona\" srcset=\"https:\/\/puntohabitat.es\/wp-content\/uploads\/2025\/01\/Precio-Vivienda-Barcelona-1024x415.webp 1024w, https:\/\/puntohabitat.es\/wp-content\/uploads\/2025\/01\/Precio-Vivienda-Barcelona-300x122.webp 300w, https:\/\/puntohabitat.es\/wp-content\/uploads\/2025\/01\/Precio-Vivienda-Barcelona-768x311.webp 768w, https:\/\/puntohabitat.es\/wp-content\/uploads\/2025\/01\/Precio-Vivienda-Barcelona-496x201.webp 496w, https:\/\/puntohabitat.es\/wp-content\/uploads\/2025\/01\/Precio-Vivienda-Barcelona.webp 1200w\" sizes=\"(max-width: 1024px) 100vw, 1024px\" \/>\t\t\t\t\t\t\t\t\t\t\t\t\t\t\t<\/div>\n\t\t\t\t<\/div>\n\t\t\t\t<div class=\"elementor-element elementor-element-913d4a0 elementor-widget elementor-widget-text-editor\" data-id=\"913d4a0\" data-element_type=\"widget\" data-e-type=\"widget\" data-widget_type=\"text-editor.default\">\n\t\t\t\t<div class=\"elementor-widget-container\">\n\t\t\t\t\t\t\t\t\t<p data-start=\"0\" data-end=\"139\">Amb l&#8217;objectiu d&#8217;oferir-te una informaci\u00f3 completa, hem preparat un <strong data-start=\"68\" data-end=\"87\">estudi detallat<\/strong> dels preus de tots els districtes de <strong data-start=\"125\" data-end=\"138\">Barcelona<\/strong>.<\/p>\r\n<p data-start=\"141\" data-end=\"281\">Aqu\u00ed et deixem els enlla\u00e7os perqu\u00e8 puguis con\u00e8ixer la situaci\u00f3 del <strong data-start=\"208\" data-end=\"230\">mercat immobiliari<\/strong> a <strong data-start=\"233\" data-end=\"278\">tots els districtes i barris de Barcelona<\/strong>:<\/p>\r\n\r\n<ul>\r\n \t<li><a href=\"https:\/\/puntohabitat.es\/ca\/preu-pisos-eixample-barcelona-3\/\" target=\"_blank\" rel=\"noopener\">Precio Vivienda Les Corts<\/a><\/li>\r\n \t<li><a href=\"https:\/\/puntohabitat.es\/ca\/blog\/preu-pisos-eixample-barcelona\/\" target=\"_blank\" rel=\"noopener\">Precio Vivienda Eixample<\/a><\/li>\r\n \t<li><a href=\"https:\/\/puntohabitat.es\/ca\/blog\/preu-pisos-sarria-sant-gervasi-barcelona\/\" target=\"_blank\" rel=\"noopener\">Precio Vivienda Sarri\u00e0-Sant Gervasi<\/a><\/li>\r\n \t<li><a href=\"https:\/\/puntohabitat.es\/ca\/preu-pisos-eixample-barcelona-5\/\" target=\"_blank\" rel=\"noopener\">Precio Vivienda Horta-Guinard\u00f3<\/a><\/li>\r\n \t<li><a href=\"https:\/\/puntohabitat.es\/ca\/blog\/preu-pisos-eixample-barcelona-9\/\" target=\"_blank\" rel=\"noopener\">Precio Vivienda Sants-Montju\u00efc<\/a><\/li>\r\n \t<li><a href=\"https:\/\/puntohabitat.es\/ca\/preu-pisos-eixample-barcelona-10\/\" target=\"_blank\" rel=\"noopener\">Precio Vivienda Sant Andreu<\/a><\/li>\r\n \t<li><a href=\"https:\/\/puntohabitat.es\/ca\/preu-pisos-eixample-barcelona-6\/\" target=\"_blank\" rel=\"noopener\">Precio Vivienda Sant Mart\u00ed<\/a><\/li>\r\n \t<li><a href=\"https:\/\/puntohabitat.es\/ca\/preu-pisos-eixample-barcelona-4\/\" target=\"_blank\" rel=\"noopener\">Precio Vivienda Ciutat Vella<\/a><\/li>\r\n \t<li><a href=\"https:\/\/puntohabitat.es\/ca\/blog\/preu-pisos-eixample-barcelona-8\/\" target=\"_blank\" rel=\"noopener\">Precio Vivienda Gr\u00e0cia<\/a><\/li>\r\n<\/ul>\t\t\t\t\t\t\t\t<\/div>\n\t\t\t\t<\/div>\n\t\t\t\t\t<\/div>\n\t\t<\/div>\n\t\t\t\t\t<\/div>\n\t\t<\/section>\n\t\t\t\t<section data-particle_enable=\"false\" data-particle-mobile-disabled=\"false\" class=\"elementor-section elementor-top-section elementor-element elementor-element-6317c1b6 elementor-section-boxed elementor-section-height-default elementor-section-height-default\" data-id=\"6317c1b6\" data-element_type=\"section\" data-e-type=\"section\">\n\t\t\t\t\t\t<div class=\"elementor-container elementor-column-gap-default\">\n\t\t\t\t\t<div class=\"elementor-column elementor-col-33 elementor-top-column elementor-element elementor-element-310e8680\" data-id=\"310e8680\" data-element_type=\"column\" data-e-type=\"column\">\n\t\t\t<div class=\"elementor-widget-wrap elementor-element-populated\">\n\t\t\t\t\t\t<div class=\"elementor-element elementor-element-66ebd4db elementor-view-default elementor-widget elementor-widget-icon\" data-id=\"66ebd4db\" data-element_type=\"widget\" data-e-type=\"widget\" data-widget_type=\"icon.default\">\n\t\t\t\t<div class=\"elementor-widget-container\">\n\t\t\t\t\t\t\t<div class=\"elementor-icon-wrapper\">\n\t\t\t<a class=\"elementor-icon\" href=\"https:\/\/wa.me\/34615776631\">\n\t\t\t<i aria-hidden=\"true\" class=\"fab fa-whatsapp\"><\/i>\t\t\t<\/a>\n\t\t<\/div>\n\t\t\t\t\t\t<\/div>\n\t\t\t\t<\/div>\n\t\t\t\t\t<\/div>\n\t\t<\/div>\n\t\t\t\t<div class=\"elementor-column elementor-col-33 elementor-top-column elementor-element elementor-element-4f3218c9\" data-id=\"4f3218c9\" data-element_type=\"column\" data-e-type=\"column\">\n\t\t\t<div class=\"elementor-widget-wrap elementor-element-populated\">\n\t\t\t\t\t\t<div class=\"elementor-element elementor-element-315c5d58 elementor-view-default elementor-widget elementor-widget-icon\" data-id=\"315c5d58\" data-element_type=\"widget\" data-e-type=\"widget\" data-widget_type=\"icon.default\">\n\t\t\t\t<div class=\"elementor-widget-container\">\n\t\t\t\t\t\t\t<div class=\"elementor-icon-wrapper\">\n\t\t\t<a class=\"elementor-icon\" href=\"tel:934558535\">\n\t\t\t<i aria-hidden=\"true\" class=\"icon icon-mobile\"><\/i>\t\t\t<\/a>\n\t\t<\/div>\n\t\t\t\t\t\t<\/div>\n\t\t\t\t<\/div>\n\t\t\t\t\t<\/div>\n\t\t<\/div>\n\t\t\t\t<div class=\"elementor-column elementor-col-33 elementor-top-column elementor-element elementor-element-39e88d56\" data-id=\"39e88d56\" data-element_type=\"column\" data-e-type=\"column\">\n\t\t\t<div class=\"elementor-widget-wrap elementor-element-populated\">\n\t\t\t\t\t\t<div class=\"elementor-element elementor-element-13dd334e elementor-view-default elementor-widget elementor-widget-icon\" data-id=\"13dd334e\" data-element_type=\"widget\" data-e-type=\"widget\" data-widget_type=\"icon.default\">\n\t\t\t\t<div class=\"elementor-widget-container\">\n\t\t\t\t\t\t\t<div class=\"elementor-icon-wrapper\">\n\t\t\t<a class=\"elementor-icon\" href=\"mailto:info@puntohabitat.es\">\n\t\t\t<i aria-hidden=\"true\" class=\"icon icon-mail\"><\/i>\t\t\t<\/a>\n\t\t<\/div>\n\t\t\t\t\t\t<\/div>\n\t\t\t\t<\/div>\n\t\t\t\t\t<\/div>\n\t\t<\/div>\n\t\t\t\t\t<\/div>\n\t\t<\/section>\n\t\t\t\t<section data-particle_enable=\"false\" data-particle-mobile-disabled=\"false\" class=\"elementor-section elementor-top-section elementor-element elementor-element-57fb33e5 elementor-section-boxed elementor-section-height-default elementor-section-height-default\" data-id=\"57fb33e5\" data-element_type=\"section\" data-e-type=\"section\">\n\t\t\t\t\t\t<div class=\"elementor-container elementor-column-gap-default\">\n\t\t\t\t\t<div class=\"elementor-column elementor-col-100 elementor-top-column elementor-element elementor-element-4e75cb97\" data-id=\"4e75cb97\" data-element_type=\"column\" data-e-type=\"column\">\n\t\t\t<div class=\"elementor-widget-wrap elementor-element-populated\">\n\t\t\t\t\t\t<div class=\"elementor-element elementor-element-5fed6e90 elementor-widget elementor-widget-global elementor-global-70640 elementor-widget-text-editor\" data-id=\"5fed6e90\" data-element_type=\"widget\" data-e-type=\"widget\" data-widget_type=\"text-editor.default\">\n\t\t\t\t<div class=\"elementor-widget-container\">\n\t\t\t\t\t\t\t\t\t<p style=\"text-align: center;\">Inmobiliaria en Barcelona desde 1995<\/p>\t\t\t\t\t\t\t\t<\/div>\n\t\t\t\t<\/div>\n\t\t\t\t<div class=\"elementor-element elementor-element-5ab61dfc elementor-widget elementor-widget-text-editor\" data-id=\"5ab61dfc\" data-element_type=\"widget\" data-e-type=\"widget\" data-widget_type=\"text-editor.default\">\n\t\t\t\t<div class=\"elementor-widget-container\">\n\t\t\t\t\t\t\t\t\t<p style=\"text-align: center;\">Contacta amb nosaltres per a resoldre qualsevol dubte sobre el mercat immobiliari a Barcelona.<\/p>\r\n<p style=\"text-align: center;\">Si prefereixes un assessorament personalitzat, vine a les nostres oficines: t&#8217;hi esperem.<\/p>\r\n&nbsp;\r\n<p style=\"text-align: center;\"><strong><a href=\"https:\/\/goo.gl\/maps\/9AmaF68C5Ys9imkr5\">OFICINA PUNTO HABITAT SANT JOAN<\/a><\/strong><\/p>\r\n<p style=\"text-align: center;\"><strong><a href=\"https:\/\/goo.gl\/maps\/QtN46yjZxVexqGKQ9\">OFICINA PUNTO HABITAT GAUD\u00cd<\/a><\/strong><\/p>\t\t\t\t\t\t\t\t<\/div>\n\t\t\t\t<\/div>\n\t\t\t\t\t<\/div>\n\t\t<\/div>\n\t\t\t\t\t<\/div>\n\t\t<\/section>\n\t\t\t\t<section data-particle_enable=\"false\" data-particle-mobile-disabled=\"false\" class=\"elementor-section elementor-top-section elementor-element elementor-element-a47f556 elementor-section-boxed elementor-section-height-default elementor-section-height-default\" data-id=\"a47f556\" data-element_type=\"section\" data-e-type=\"section\">\n\t\t\t\t\t\t<div class=\"elementor-container elementor-column-gap-default\">\n\t\t\t\t\t<div class=\"elementor-column elementor-col-50 elementor-top-column elementor-element elementor-element-44a9c7c\" data-id=\"44a9c7c\" data-element_type=\"column\" data-e-type=\"column\">\n\t\t\t<div class=\"elementor-widget-wrap elementor-element-populated\">\n\t\t\t\t\t\t<div class=\"elementor-element elementor-element-3f78b1b elementor-widget elementor-widget-image\" data-id=\"3f78b1b\" data-element_type=\"widget\" data-e-type=\"widget\" data-widget_type=\"image.default\">\n\t\t\t\t<div class=\"elementor-widget-container\">\n\t\t\t\t\t\t\t\t\t\t\t\t\t\t\t<img loading=\"lazy\" decoding=\"async\" width=\"1024\" height=\"768\" src=\"https:\/\/puntohabitat.es\/wp-content\/uploads\/2025\/03\/Inmobiliaria-Barcelona-PUNTO-HABITAT-1024x768.jpg\" class=\"attachment-large size-large wp-image-85868\" alt=\"Inmobiliaria-Barcelona-PUNTO-HABITAT\" srcset=\"https:\/\/puntohabitat.es\/wp-content\/uploads\/2025\/03\/Inmobiliaria-Barcelona-PUNTO-HABITAT-1024x768.jpg 1024w, https:\/\/puntohabitat.es\/wp-content\/uploads\/2025\/03\/Inmobiliaria-Barcelona-PUNTO-HABITAT-300x225.jpg 300w, https:\/\/puntohabitat.es\/wp-content\/uploads\/2025\/03\/Inmobiliaria-Barcelona-PUNTO-HABITAT-768x576.jpg 768w, https:\/\/puntohabitat.es\/wp-content\/uploads\/2025\/03\/Inmobiliaria-Barcelona-PUNTO-HABITAT-592x444.jpg 592w, https:\/\/puntohabitat.es\/wp-content\/uploads\/2025\/03\/Inmobiliaria-Barcelona-PUNTO-HABITAT-584x438.jpg 584w, https:\/\/puntohabitat.es\/wp-content\/uploads\/2025\/03\/Inmobiliaria-Barcelona-PUNTO-HABITAT-800x600.jpg 800w, https:\/\/puntohabitat.es\/wp-content\/uploads\/2025\/03\/Inmobiliaria-Barcelona-PUNTO-HABITAT-120x90.jpg 120w, https:\/\/puntohabitat.es\/wp-content\/uploads\/2025\/03\/Inmobiliaria-Barcelona-PUNTO-HABITAT-496x372.jpg 496w, https:\/\/puntohabitat.es\/wp-content\/uploads\/2025\/03\/Inmobiliaria-Barcelona-PUNTO-HABITAT.jpg 1200w\" sizes=\"(max-width: 1024px) 100vw, 1024px\" \/>\t\t\t\t\t\t\t\t\t\t\t\t\t\t\t<\/div>\n\t\t\t\t<\/div>\n\t\t\t\t\t<\/div>\n\t\t<\/div>\n\t\t\t\t<div class=\"elementor-column elementor-col-50 elementor-top-column elementor-element elementor-element-278516b\" data-id=\"278516b\" data-element_type=\"column\" data-e-type=\"column\">\n\t\t\t<div class=\"elementor-widget-wrap elementor-element-populated\">\n\t\t\t\t\t\t<div class=\"elementor-element elementor-element-f7e4dbd elementor-widget elementor-widget-image\" data-id=\"f7e4dbd\" data-element_type=\"widget\" data-e-type=\"widget\" data-widget_type=\"image.default\">\n\t\t\t\t<div class=\"elementor-widget-container\">\n\t\t\t\t\t\t\t\t\t\t\t\t\t\t\t\t<a href=\"https:\/\/puntohabitat.es\/ca\/\">\n\t\t\t\t\t\t\t<img loading=\"lazy\" decoding=\"async\" width=\"300\" height=\"20\" src=\"https:\/\/puntohabitat.es\/wp-content\/uploads\/2022\/05\/logo-web-transparente-e1662796605608-300x20.png\" class=\"attachment-medium size-medium wp-image-67886\" alt=\"\" srcset=\"https:\/\/puntohabitat.es\/wp-content\/uploads\/2022\/05\/logo-web-transparente-e1662796605608-300x20.png 300w, https:\/\/puntohabitat.es\/wp-content\/uploads\/2022\/05\/logo-web-transparente-e1662796605608-1024x70.png 1024w, https:\/\/puntohabitat.es\/wp-content\/uploads\/2022\/05\/logo-web-transparente-e1662796605608-768x52.png 768w, https:\/\/puntohabitat.es\/wp-content\/uploads\/2022\/05\/logo-web-transparente-e1662796605608-1536x104.png 1536w, https:\/\/puntohabitat.es\/wp-content\/uploads\/2022\/05\/logo-web-transparente-e1662796605608-2048x139.png 2048w, https:\/\/puntohabitat.es\/wp-content\/uploads\/2022\/05\/logo-web-transparente-e1662796605608-150x10.png 150w, https:\/\/puntohabitat.es\/wp-content\/uploads\/2022\/05\/logo-web-transparente-e1662796605608-350x24.png 350w, https:\/\/puntohabitat.es\/wp-content\/uploads\/2022\/05\/logo-web-transparente-e1662796605608-320x22.png 320w, https:\/\/puntohabitat.es\/wp-content\/uploads\/2022\/05\/logo-web-transparente-e1662796605608-480x33.png 480w, https:\/\/puntohabitat.es\/wp-content\/uploads\/2022\/05\/logo-web-transparente-e1662796605608-800x54.png 800w\" sizes=\"(max-width: 300px) 100vw, 300px\" \/>\t\t\t\t\t\t\t\t<\/a>\n\t\t\t\t\t\t\t\t\t\t\t\t\t\t\t<\/div>\n\t\t\t\t<\/div>\n\t\t\t\t<div class=\"elementor-element elementor-element-6e09c97 elementor-widget elementor-widget-text-editor\" data-id=\"6e09c97\" data-element_type=\"widget\" data-e-type=\"widget\" data-widget_type=\"text-editor.default\">\n\t\t\t\t<div class=\"elementor-widget-container\">\n\t\t\t\t\t\t\t\t\t<p><strong data-start=\"299\" data-end=\"377\">Confianza, experiencia y cercan\u00eda en el mercado inmobiliario de Barcelona.<\/strong><br data-start=\"377\" data-end=\"380\" \/>En <a href=\"https:\/\/puntohabitat.es\/\">PUNTO HABITAT<\/a> llevamos m\u00e1s de 30 a\u00f1os ayudando a propietarios como t\u00fa a vender o alquilar su vivienda con seguridad y resultados. Te acompa\u00f1amos en todo el proceso con un servicio transparente y adaptado a tus necesidades.<\/p>\t\t\t\t\t\t\t\t<\/div>\n\t\t\t\t<\/div>\n\t\t\t\t\t<\/div>\n\t\t<\/div>\n\t\t\t\t\t<\/div>\n\t\t<\/section>\n\t\t\t\t<section data-particle_enable=\"false\" data-particle-mobile-disabled=\"false\" class=\"elementor-section elementor-top-section elementor-element elementor-element-381dcfd elementor-reverse-tablet elementor-reverse-mobile elementor-section-boxed elementor-section-height-default elementor-section-height-default\" data-id=\"381dcfd\" data-element_type=\"section\" data-e-type=\"section\">\n\t\t\t\t\t\t<div class=\"elementor-container elementor-column-gap-default\">\n\t\t\t\t\t<div class=\"elementor-column elementor-col-33 elementor-top-column elementor-element elementor-element-856a94a\" data-id=\"856a94a\" data-element_type=\"column\" data-e-type=\"column\">\n\t\t\t<div class=\"elementor-widget-wrap elementor-element-populated\">\n\t\t\t\t\t\t<div class=\"elementor-element elementor-element-ab12942 elementor-align-center elementor-widget elementor-widget-button\" data-id=\"ab12942\" data-element_type=\"widget\" data-e-type=\"widget\" data-widget_type=\"button.default\">\n\t\t\t\t<div class=\"elementor-widget-container\">\n\t\t\t\t\t\t\t\t\t<div class=\"elementor-button-wrapper\">\n\t\t\t\t\t<a class=\"elementor-button elementor-button-link elementor-size-sm elementor-animation-grow\" href=\"https:\/\/puntohabitat.es\/ca\/vendre-el-teu-pis-a-barcelona\/\">\n\t\t\t\t\t\t<span class=\"elementor-button-content-wrapper\">\n\t\t\t\t\t\t\t\t\t<span class=\"elementor-button-text\">Vender Piso<\/span>\n\t\t\t\t\t<\/span>\n\t\t\t\t\t<\/a>\n\t\t\t\t<\/div>\n\t\t\t\t\t\t\t\t<\/div>\n\t\t\t\t<\/div>\n\t\t\t\t\t<\/div>\n\t\t<\/div>\n\t\t\t\t<div class=\"elementor-column elementor-col-33 elementor-top-column elementor-element elementor-element-32c7903\" data-id=\"32c7903\" data-element_type=\"column\" data-e-type=\"column\">\n\t\t\t<div class=\"elementor-widget-wrap elementor-element-populated\">\n\t\t\t\t\t\t<div class=\"elementor-element elementor-element-a43a507 elementor-align-center elementor-widget elementor-widget-button\" data-id=\"a43a507\" data-element_type=\"widget\" data-e-type=\"widget\" data-widget_type=\"button.default\">\n\t\t\t\t<div class=\"elementor-widget-container\">\n\t\t\t\t\t\t\t\t\t<div class=\"elementor-button-wrapper\">\n\t\t\t\t\t<a class=\"elementor-button elementor-button-link elementor-size-sm elementor-animation-grow\" href=\"https:\/\/puntohabitat.es\/ca\/llogar-el-teu-pis-a-barcelona\/\">\n\t\t\t\t\t\t<span class=\"elementor-button-content-wrapper\">\n\t\t\t\t\t\t\t\t\t<span class=\"elementor-button-text\">Alquilar mi Piso<\/span>\n\t\t\t\t\t<\/span>\n\t\t\t\t\t<\/a>\n\t\t\t\t<\/div>\n\t\t\t\t\t\t\t\t<\/div>\n\t\t\t\t<\/div>\n\t\t\t\t\t<\/div>\n\t\t<\/div>\n\t\t\t\t<div class=\"elementor-column elementor-col-33 elementor-top-column elementor-element elementor-element-23235b6\" data-id=\"23235b6\" data-element_type=\"column\" data-e-type=\"column\">\n\t\t\t<div class=\"elementor-widget-wrap elementor-element-populated\">\n\t\t\t\t\t\t<div class=\"elementor-element elementor-element-81108e0 elementor-align-center elementor-widget elementor-widget-button\" data-id=\"81108e0\" data-element_type=\"widget\" data-e-type=\"widget\" data-widget_type=\"button.default\">\n\t\t\t\t<div class=\"elementor-widget-container\">\n\t\t\t\t\t\t\t\t\t<div class=\"elementor-button-wrapper\">\n\t\t\t\t\t<a class=\"elementor-button elementor-button-link elementor-size-sm elementor-animation-grow\" href=\"https:\/\/puntohabitat.es\/ca\/gestio-de-lloguer\/\">\n\t\t\t\t\t\t<span class=\"elementor-button-content-wrapper\">\n\t\t\t\t\t\t\t\t\t<span class=\"elementor-button-text\">Gesti\u00f3n de Alquiler<\/span>\n\t\t\t\t\t<\/span>\n\t\t\t\t\t<\/a>\n\t\t\t\t<\/div>\n\t\t\t\t\t\t\t\t<\/div>\n\t\t\t\t<\/div>\n\t\t\t\t\t<\/div>\n\t\t<\/div>\n\t\t\t\t\t<\/div>\n\t\t<\/section>\n\t\t\t\t<section data-particle_enable=\"false\" data-particle-mobile-disabled=\"false\" class=\"elementor-section elementor-top-section elementor-element elementor-element-863aa3b elementor-section-boxed elementor-section-height-default elementor-section-height-default\" data-id=\"863aa3b\" data-element_type=\"section\" data-e-type=\"section\">\n\t\t\t\t\t\t<div class=\"elementor-container elementor-column-gap-default\">\n\t\t\t\t\t<div class=\"elementor-column elementor-col-33 elementor-top-column elementor-element elementor-element-5992240\" data-id=\"5992240\" data-element_type=\"column\" data-e-type=\"column\">\n\t\t\t<div class=\"elementor-widget-wrap elementor-element-populated\">\n\t\t\t\t\t\t<div class=\"elementor-element elementor-element-0701d9b elementor-align-center elementor-widget elementor-widget-button\" data-id=\"0701d9b\" data-element_type=\"widget\" data-e-type=\"widget\" data-widget_type=\"button.default\">\n\t\t\t\t<div class=\"elementor-widget-container\">\n\t\t\t\t\t\t\t\t\t<div class=\"elementor-button-wrapper\">\n\t\t\t\t\t<a class=\"elementor-button elementor-button-link elementor-size-sm elementor-animation-grow\" href=\"https:\/\/puntohabitat.es\/ca\/pisos-venda-barcelona\/\">\n\t\t\t\t\t\t<span class=\"elementor-button-content-wrapper\">\n\t\t\t\t\t\t\t\t\t<span class=\"elementor-button-text\">Pisos Venta<\/span>\n\t\t\t\t\t<\/span>\n\t\t\t\t\t<\/a>\n\t\t\t\t<\/div>\n\t\t\t\t\t\t\t\t<\/div>\n\t\t\t\t<\/div>\n\t\t\t\t\t<\/div>\n\t\t<\/div>\n\t\t\t\t<div class=\"elementor-column elementor-col-33 elementor-top-column elementor-element elementor-element-a622d9f\" data-id=\"a622d9f\" data-element_type=\"column\" data-e-type=\"column\">\n\t\t\t<div class=\"elementor-widget-wrap elementor-element-populated\">\n\t\t\t\t\t\t<div class=\"elementor-element elementor-element-212a0f0 elementor-align-center elementor-widget elementor-widget-button\" data-id=\"212a0f0\" data-element_type=\"widget\" data-e-type=\"widget\" data-widget_type=\"button.default\">\n\t\t\t\t<div class=\"elementor-widget-container\">\n\t\t\t\t\t\t\t\t\t<div class=\"elementor-button-wrapper\">\n\t\t\t\t\t<a class=\"elementor-button elementor-button-link elementor-size-sm elementor-animation-grow\" href=\"https:\/\/puntohabitat.es\/ca\/propietats-en-lloguer\/\">\n\t\t\t\t\t\t<span class=\"elementor-button-content-wrapper\">\n\t\t\t\t\t\t\t\t\t<span class=\"elementor-button-text\">Pisos Alquiler<\/span>\n\t\t\t\t\t<\/span>\n\t\t\t\t\t<\/a>\n\t\t\t\t<\/div>\n\t\t\t\t\t\t\t\t<\/div>\n\t\t\t\t<\/div>\n\t\t\t\t\t<\/div>\n\t\t<\/div>\n\t\t\t\t<div class=\"elementor-column elementor-col-33 elementor-top-column elementor-element elementor-element-1b815f3\" data-id=\"1b815f3\" data-element_type=\"column\" data-e-type=\"column\">\n\t\t\t<div class=\"elementor-widget-wrap elementor-element-populated\">\n\t\t\t\t\t\t<div class=\"elementor-element elementor-element-ead029a elementor-align-center elementor-widget elementor-widget-button\" data-id=\"ead029a\" data-element_type=\"widget\" data-e-type=\"widget\" data-widget_type=\"button.default\">\n\t\t\t\t<div class=\"elementor-widget-container\">\n\t\t\t\t\t\t\t\t\t<div class=\"elementor-button-wrapper\">\n\t\t\t\t\t<a class=\"elementor-button elementor-button-link elementor-size-sm elementor-animation-grow\" href=\"https:\/\/puntohabitat.es\/ca\/contacte\/\">\n\t\t\t\t\t\t<span class=\"elementor-button-content-wrapper\">\n\t\t\t\t\t\t\t\t\t<span class=\"elementor-button-text\">Contacto<\/span>\n\t\t\t\t\t<\/span>\n\t\t\t\t\t<\/a>\n\t\t\t\t<\/div>\n\t\t\t\t\t\t\t\t<\/div>\n\t\t\t\t<\/div>\n\t\t\t\t\t<\/div>\n\t\t<\/div>\n\t\t\t\t\t<\/div>\n\t\t<\/section>\n\t\t\t\t<\/div>\n\t\t","protected":false},"excerpt":{"rendered":"<p>Precio Vivienda Nou Barris Barcelona Com ha Evolucionat el Preu dels Pisos a Nou Barris de Barcelona en el per\u00edode 2021-2024? Preu Habitatge Nou Barris Barcelona: El districte de Nou Barris ha experimentat fluctuacions en els preus de l\u2019habitatge durant el per\u00edode 2021-2024, reflectint una din\u00e0mica espec\u00edfica dins del mercat immobiliari de Barcelona. Tot i [&hellip;]<\/p>\n","protected":false},"author":2,"featured_media":82425,"comment_status":"closed","ping_status":"closed","sticky":false,"template":"","format":"standard","meta":{"footnotes":""},"categories":[180,179],"tags":[190,201,204],"class_list":["post-82327","post","type-post","status-publish","format-standard","has-post-thumbnail","hentry","category-venda","category-viure-a-barcelona","tag-barcelona-ca","tag-valoracio-pis","tag-vendre-pis"],"yoast_head":"<!-- This site is optimized with the Yoast SEO plugin v27.5 - https:\/\/yoast.com\/product\/yoast-seo-wordpress\/ -->\n<title>Preu Pisos Nou Barris Barcelona: An\u00e0lisi Barri a Barri<\/title>\n<meta name=\"description\" content=\"Preu Pisos Nou Barris Barcelona. Evoluci\u00f3 i Projecci\u00f3 de Preus Euro\/m\u00b2 als Barris que el Composen. Accedeix a Tota l&#039;Informaci\u00f3\" \/>\n<meta name=\"robots\" content=\"index, follow, max-snippet:-1, max-image-preview:large, max-video-preview:-1\" \/>\n<link rel=\"canonical\" href=\"https:\/\/puntohabitat.es\/ca\/preu-pisos-nou-barris-barcelona\/\" \/>\n<meta property=\"og:locale\" content=\"ca_ES\" \/>\n<meta property=\"og:type\" content=\"article\" \/>\n<meta property=\"og:title\" content=\"Preu Pisos Nou Barris Barcelona: An\u00e0lisi Barri a Barri\" \/>\n<meta property=\"og:description\" content=\"Preu Pisos Nou Barris Barcelona. Evoluci\u00f3 i Projecci\u00f3 de Preus Euro\/m\u00b2 als Barris que el Composen. Accedeix a Tota l&#039;Informaci\u00f3\" \/>\n<meta property=\"og:url\" content=\"https:\/\/puntohabitat.es\/ca\/preu-pisos-nou-barris-barcelona\/\" \/>\n<meta property=\"og:site_name\" content=\"PUNTO HABITAT\" \/>\n<meta property=\"article:publisher\" content=\"https:\/\/www.facebook.com\/puntohabitat\" \/>\n<meta property=\"article:author\" content=\"https:\/\/www.facebook.com\/puntohabitat\/\" \/>\n<meta property=\"article:published_time\" content=\"2025-02-08T18:18:56+00:00\" \/>\n<meta property=\"article:modified_time\" content=\"2025-08-07T16:15:29+00:00\" \/>\n<meta property=\"og:image\" content=\"https:\/\/puntohabitat.es\/wp-content\/uploads\/2025\/01\/Precio-Vivienda-Nou-Barris-Barcelona.webp\" \/>\n\t<meta property=\"og:image:width\" content=\"1200\" \/>\n\t<meta property=\"og:image:height\" content=\"900\" \/>\n\t<meta property=\"og:image:type\" content=\"image\/webp\" \/>\n<meta name=\"author\" content=\"PUNTO HABITAT\" \/>\n<meta name=\"twitter:card\" content=\"summary_large_image\" \/>\n<meta name=\"twitter:creator\" content=\"@https:\/\/twitter.com\/puntohabitat\" \/>\n<meta name=\"twitter:site\" content=\"@puntohabitat\" \/>\n<meta name=\"twitter:label1\" content=\"Escrit per\" \/>\n\t<meta name=\"twitter:data1\" content=\"PUNTO HABITAT\" \/>\n\t<meta name=\"twitter:label2\" content=\"Temps estimat de lectura\" \/>\n\t<meta name=\"twitter:data2\" content=\"15 minuts\" \/>\n<script type=\"application\/ld+json\" class=\"yoast-schema-graph\">{\"@context\":\"https:\\\/\\\/schema.org\",\"@graph\":[{\"@type\":\"Article\",\"@id\":\"https:\\\/\\\/puntohabitat.es\\\/ca\\\/preu-pisos-nou-barris-barcelona\\\/#article\",\"isPartOf\":{\"@id\":\"https:\\\/\\\/puntohabitat.es\\\/ca\\\/preu-pisos-nou-barris-barcelona\\\/\"},\"author\":{\"name\":\"PUNTO HABITAT\",\"@id\":\"https:\\\/\\\/puntohabitat.es\\\/ca\\\/#\\\/schema\\\/person\\\/940c5335a3c27822cf280cc5edbe208f\"},\"headline\":\"Preu Pisos Nou Barris Barcelona\",\"datePublished\":\"2025-02-08T18:18:56+00:00\",\"dateModified\":\"2025-08-07T16:15:29+00:00\",\"mainEntityOfPage\":{\"@id\":\"https:\\\/\\\/puntohabitat.es\\\/ca\\\/preu-pisos-nou-barris-barcelona\\\/\"},\"wordCount\":1865,\"publisher\":{\"@id\":\"https:\\\/\\\/puntohabitat.es\\\/ca\\\/#organization\"},\"image\":{\"@id\":\"https:\\\/\\\/puntohabitat.es\\\/ca\\\/preu-pisos-nou-barris-barcelona\\\/#primaryimage\"},\"thumbnailUrl\":\"https:\\\/\\\/puntohabitat.es\\\/wp-content\\\/uploads\\\/2025\\\/01\\\/Precio-Vivienda-Nou-Barris-Barcelona.webp\",\"keywords\":[\"Barcelona\",\"Valoraci\u00f3 pis\",\"Vendre Pis\"],\"articleSection\":[\"Venda\",\"Viure a Barcelona\"],\"inLanguage\":\"ca\"},{\"@type\":\"WebPage\",\"@id\":\"https:\\\/\\\/puntohabitat.es\\\/ca\\\/preu-pisos-nou-barris-barcelona\\\/\",\"url\":\"https:\\\/\\\/puntohabitat.es\\\/ca\\\/preu-pisos-nou-barris-barcelona\\\/\",\"name\":\"Preu Pisos Nou Barris Barcelona: An\u00e0lisi Barri a Barri\",\"isPartOf\":{\"@id\":\"https:\\\/\\\/puntohabitat.es\\\/ca\\\/#website\"},\"primaryImageOfPage\":{\"@id\":\"https:\\\/\\\/puntohabitat.es\\\/ca\\\/preu-pisos-nou-barris-barcelona\\\/#primaryimage\"},\"image\":{\"@id\":\"https:\\\/\\\/puntohabitat.es\\\/ca\\\/preu-pisos-nou-barris-barcelona\\\/#primaryimage\"},\"thumbnailUrl\":\"https:\\\/\\\/puntohabitat.es\\\/wp-content\\\/uploads\\\/2025\\\/01\\\/Precio-Vivienda-Nou-Barris-Barcelona.webp\",\"datePublished\":\"2025-02-08T18:18:56+00:00\",\"dateModified\":\"2025-08-07T16:15:29+00:00\",\"description\":\"Preu Pisos Nou Barris Barcelona. Evoluci\u00f3 i Projecci\u00f3 de Preus Euro\\\/m\u00b2 als Barris que el Composen. Accedeix a Tota l'Informaci\u00f3\",\"breadcrumb\":{\"@id\":\"https:\\\/\\\/puntohabitat.es\\\/ca\\\/preu-pisos-nou-barris-barcelona\\\/#breadcrumb\"},\"inLanguage\":\"ca\",\"potentialAction\":[{\"@type\":\"ReadAction\",\"target\":[\"https:\\\/\\\/puntohabitat.es\\\/ca\\\/preu-pisos-nou-barris-barcelona\\\/\"]}]},{\"@type\":\"ImageObject\",\"inLanguage\":\"ca\",\"@id\":\"https:\\\/\\\/puntohabitat.es\\\/ca\\\/preu-pisos-nou-barris-barcelona\\\/#primaryimage\",\"url\":\"https:\\\/\\\/puntohabitat.es\\\/wp-content\\\/uploads\\\/2025\\\/01\\\/Precio-Vivienda-Nou-Barris-Barcelona.webp\",\"contentUrl\":\"https:\\\/\\\/puntohabitat.es\\\/wp-content\\\/uploads\\\/2025\\\/01\\\/Precio-Vivienda-Nou-Barris-Barcelona.webp\",\"width\":1200,\"height\":900,\"caption\":\"Precio Vivienda Nou Barris Barcelona\"},{\"@type\":\"BreadcrumbList\",\"@id\":\"https:\\\/\\\/puntohabitat.es\\\/ca\\\/preu-pisos-nou-barris-barcelona\\\/#breadcrumb\",\"itemListElement\":[{\"@type\":\"ListItem\",\"position\":1,\"name\":\"Inicio\",\"item\":\"https:\\\/\\\/puntohabitat.es\\\/ca\\\/\"},{\"@type\":\"ListItem\",\"position\":2,\"name\":\"Preu Pisos Nou Barris Barcelona\"}]},{\"@type\":\"WebSite\",\"@id\":\"https:\\\/\\\/puntohabitat.es\\\/ca\\\/#website\",\"url\":\"https:\\\/\\\/puntohabitat.es\\\/ca\\\/\",\"name\":\"PUNTO HABITAT\",\"description\":\"Inmobiliaria Barcelona | Venta y alquiler de pisos Barcelona | Gesti\u00f3n de alquiler\",\"publisher\":{\"@id\":\"https:\\\/\\\/puntohabitat.es\\\/ca\\\/#organization\"},\"potentialAction\":[{\"@type\":\"SearchAction\",\"target\":{\"@type\":\"EntryPoint\",\"urlTemplate\":\"https:\\\/\\\/puntohabitat.es\\\/ca\\\/?s={search_term_string}\"},\"query-input\":{\"@type\":\"PropertyValueSpecification\",\"valueRequired\":true,\"valueName\":\"search_term_string\"}}],\"inLanguage\":\"ca\"},{\"@type\":\"Organization\",\"@id\":\"https:\\\/\\\/puntohabitat.es\\\/ca\\\/#organization\",\"name\":\"PUNTO HABITAT\",\"url\":\"https:\\\/\\\/puntohabitat.es\\\/ca\\\/\",\"logo\":{\"@type\":\"ImageObject\",\"inLanguage\":\"ca\",\"@id\":\"https:\\\/\\\/puntohabitat.es\\\/ca\\\/#\\\/schema\\\/logo\\\/image\\\/\",\"url\":\"https:\\\/\\\/puntohabitat.es\\\/wp-content\\\/uploads\\\/2022\\\/06\\\/icono-apple-ipad-retina.jpg\",\"contentUrl\":\"https:\\\/\\\/puntohabitat.es\\\/wp-content\\\/uploads\\\/2022\\\/06\\\/icono-apple-ipad-retina.jpg\",\"width\":145,\"height\":145,\"caption\":\"PUNTO HABITAT\"},\"image\":{\"@id\":\"https:\\\/\\\/puntohabitat.es\\\/ca\\\/#\\\/schema\\\/logo\\\/image\\\/\"},\"sameAs\":[\"https:\\\/\\\/www.facebook.com\\\/puntohabitat\",\"https:\\\/\\\/x.com\\\/puntohabitat\",\"https:\\\/\\\/www.instagram.com\\\/puntohabitat\\\/\",\"https:\\\/\\\/www.linkedin.com\\\/in\\\/puntohabitat\\\/\",\"https:\\\/\\\/www.youtube.com\\\/c\\\/puntohabitatinmobiliariaBarcelona\",\"https:\\\/\\\/www.tiktok.com\\\/@puntohabitat\"]},{\"@type\":\"Person\",\"@id\":\"https:\\\/\\\/puntohabitat.es\\\/ca\\\/#\\\/schema\\\/person\\\/940c5335a3c27822cf280cc5edbe208f\",\"name\":\"PUNTO HABITAT\",\"description\":\"PUNTO HABITAT | Inmobiliaria Barcelona | 1995 Servicio personalizado en la gesti\u00f3n de venta y alquiler de inmuebles.\",\"sameAs\":[\"https:\\\/\\\/puntohabitat.es\",\"https:\\\/\\\/www.facebook.com\\\/puntohabitat\\\/\",\"https:\\\/\\\/www.instagram.com\\\/puntohabitat\\\/\",\"https:\\\/\\\/es.linkedin.com\\\/in\\\/puntohabitat\",\"https:\\\/\\\/www.pinterest.es\\\/puntohabitat\\\/\",\"https:\\\/\\\/x.com\\\/https:\\\/\\\/twitter.com\\\/puntohabitat\",\"https:\\\/\\\/www.youtube.com\\\/c\\\/puntohabitatinmobiliariaBarcelona\"]}]}<\/script>\n<!-- \/ Yoast SEO plugin. -->","yoast_head_json":{"title":"Preu Pisos Nou Barris Barcelona: An\u00e0lisi Barri a Barri","description":"Preu Pisos Nou Barris Barcelona. Evoluci\u00f3 i Projecci\u00f3 de Preus Euro\/m\u00b2 als Barris que el Composen. Accedeix a Tota l'Informaci\u00f3","robots":{"index":"index","follow":"follow","max-snippet":"max-snippet:-1","max-image-preview":"max-image-preview:large","max-video-preview":"max-video-preview:-1"},"canonical":"https:\/\/puntohabitat.es\/ca\/preu-pisos-nou-barris-barcelona\/","og_locale":"ca_ES","og_type":"article","og_title":"Preu Pisos Nou Barris Barcelona: An\u00e0lisi Barri a Barri","og_description":"Preu Pisos Nou Barris Barcelona. Evoluci\u00f3 i Projecci\u00f3 de Preus Euro\/m\u00b2 als Barris que el Composen. Accedeix a Tota l'Informaci\u00f3","og_url":"https:\/\/puntohabitat.es\/ca\/preu-pisos-nou-barris-barcelona\/","og_site_name":"PUNTO HABITAT","article_publisher":"https:\/\/www.facebook.com\/puntohabitat","article_author":"https:\/\/www.facebook.com\/puntohabitat\/","article_published_time":"2025-02-08T18:18:56+00:00","article_modified_time":"2025-08-07T16:15:29+00:00","og_image":[{"width":1200,"height":900,"url":"https:\/\/puntohabitat.es\/wp-content\/uploads\/2025\/01\/Precio-Vivienda-Nou-Barris-Barcelona.webp","type":"image\/webp"}],"author":"PUNTO HABITAT","twitter_card":"summary_large_image","twitter_creator":"@https:\/\/twitter.com\/puntohabitat","twitter_site":"@puntohabitat","twitter_misc":{"Escrit per":"PUNTO HABITAT","Temps estimat de lectura":"15 minuts"},"schema":{"@context":"https:\/\/schema.org","@graph":[{"@type":"Article","@id":"https:\/\/puntohabitat.es\/ca\/preu-pisos-nou-barris-barcelona\/#article","isPartOf":{"@id":"https:\/\/puntohabitat.es\/ca\/preu-pisos-nou-barris-barcelona\/"},"author":{"name":"PUNTO HABITAT","@id":"https:\/\/puntohabitat.es\/ca\/#\/schema\/person\/940c5335a3c27822cf280cc5edbe208f"},"headline":"Preu Pisos Nou Barris Barcelona","datePublished":"2025-02-08T18:18:56+00:00","dateModified":"2025-08-07T16:15:29+00:00","mainEntityOfPage":{"@id":"https:\/\/puntohabitat.es\/ca\/preu-pisos-nou-barris-barcelona\/"},"wordCount":1865,"publisher":{"@id":"https:\/\/puntohabitat.es\/ca\/#organization"},"image":{"@id":"https:\/\/puntohabitat.es\/ca\/preu-pisos-nou-barris-barcelona\/#primaryimage"},"thumbnailUrl":"https:\/\/puntohabitat.es\/wp-content\/uploads\/2025\/01\/Precio-Vivienda-Nou-Barris-Barcelona.webp","keywords":["Barcelona","Valoraci\u00f3 pis","Vendre Pis"],"articleSection":["Venda","Viure a Barcelona"],"inLanguage":"ca"},{"@type":"WebPage","@id":"https:\/\/puntohabitat.es\/ca\/preu-pisos-nou-barris-barcelona\/","url":"https:\/\/puntohabitat.es\/ca\/preu-pisos-nou-barris-barcelona\/","name":"Preu Pisos Nou Barris Barcelona: An\u00e0lisi Barri a Barri","isPartOf":{"@id":"https:\/\/puntohabitat.es\/ca\/#website"},"primaryImageOfPage":{"@id":"https:\/\/puntohabitat.es\/ca\/preu-pisos-nou-barris-barcelona\/#primaryimage"},"image":{"@id":"https:\/\/puntohabitat.es\/ca\/preu-pisos-nou-barris-barcelona\/#primaryimage"},"thumbnailUrl":"https:\/\/puntohabitat.es\/wp-content\/uploads\/2025\/01\/Precio-Vivienda-Nou-Barris-Barcelona.webp","datePublished":"2025-02-08T18:18:56+00:00","dateModified":"2025-08-07T16:15:29+00:00","description":"Preu Pisos Nou Barris Barcelona. Evoluci\u00f3 i Projecci\u00f3 de Preus Euro\/m\u00b2 als Barris que el Composen. Accedeix a Tota l'Informaci\u00f3","breadcrumb":{"@id":"https:\/\/puntohabitat.es\/ca\/preu-pisos-nou-barris-barcelona\/#breadcrumb"},"inLanguage":"ca","potentialAction":[{"@type":"ReadAction","target":["https:\/\/puntohabitat.es\/ca\/preu-pisos-nou-barris-barcelona\/"]}]},{"@type":"ImageObject","inLanguage":"ca","@id":"https:\/\/puntohabitat.es\/ca\/preu-pisos-nou-barris-barcelona\/#primaryimage","url":"https:\/\/puntohabitat.es\/wp-content\/uploads\/2025\/01\/Precio-Vivienda-Nou-Barris-Barcelona.webp","contentUrl":"https:\/\/puntohabitat.es\/wp-content\/uploads\/2025\/01\/Precio-Vivienda-Nou-Barris-Barcelona.webp","width":1200,"height":900,"caption":"Precio Vivienda Nou Barris Barcelona"},{"@type":"BreadcrumbList","@id":"https:\/\/puntohabitat.es\/ca\/preu-pisos-nou-barris-barcelona\/#breadcrumb","itemListElement":[{"@type":"ListItem","position":1,"name":"Inicio","item":"https:\/\/puntohabitat.es\/ca\/"},{"@type":"ListItem","position":2,"name":"Preu Pisos Nou Barris Barcelona"}]},{"@type":"WebSite","@id":"https:\/\/puntohabitat.es\/ca\/#website","url":"https:\/\/puntohabitat.es\/ca\/","name":"PUNTO HABITAT","description":"Inmobiliaria Barcelona | Venta y alquiler de pisos Barcelona | Gesti\u00f3n de alquiler","publisher":{"@id":"https:\/\/puntohabitat.es\/ca\/#organization"},"potentialAction":[{"@type":"SearchAction","target":{"@type":"EntryPoint","urlTemplate":"https:\/\/puntohabitat.es\/ca\/?s={search_term_string}"},"query-input":{"@type":"PropertyValueSpecification","valueRequired":true,"valueName":"search_term_string"}}],"inLanguage":"ca"},{"@type":"Organization","@id":"https:\/\/puntohabitat.es\/ca\/#organization","name":"PUNTO HABITAT","url":"https:\/\/puntohabitat.es\/ca\/","logo":{"@type":"ImageObject","inLanguage":"ca","@id":"https:\/\/puntohabitat.es\/ca\/#\/schema\/logo\/image\/","url":"https:\/\/puntohabitat.es\/wp-content\/uploads\/2022\/06\/icono-apple-ipad-retina.jpg","contentUrl":"https:\/\/puntohabitat.es\/wp-content\/uploads\/2022\/06\/icono-apple-ipad-retina.jpg","width":145,"height":145,"caption":"PUNTO HABITAT"},"image":{"@id":"https:\/\/puntohabitat.es\/ca\/#\/schema\/logo\/image\/"},"sameAs":["https:\/\/www.facebook.com\/puntohabitat","https:\/\/x.com\/puntohabitat","https:\/\/www.instagram.com\/puntohabitat\/","https:\/\/www.linkedin.com\/in\/puntohabitat\/","https:\/\/www.youtube.com\/c\/puntohabitatinmobiliariaBarcelona","https:\/\/www.tiktok.com\/@puntohabitat"]},{"@type":"Person","@id":"https:\/\/puntohabitat.es\/ca\/#\/schema\/person\/940c5335a3c27822cf280cc5edbe208f","name":"PUNTO HABITAT","description":"PUNTO HABITAT | Inmobiliaria Barcelona | 1995 Servicio personalizado en la gesti\u00f3n de venta y alquiler de inmuebles.","sameAs":["https:\/\/puntohabitat.es","https:\/\/www.facebook.com\/puntohabitat\/","https:\/\/www.instagram.com\/puntohabitat\/","https:\/\/es.linkedin.com\/in\/puntohabitat","https:\/\/www.pinterest.es\/puntohabitat\/","https:\/\/x.com\/https:\/\/twitter.com\/puntohabitat","https:\/\/www.youtube.com\/c\/puntohabitatinmobiliariaBarcelona"]}]}},"_links":{"self":[{"href":"https:\/\/puntohabitat.es\/ca\/wp-json\/wp\/v2\/posts\/82327","targetHints":{"allow":["GET"]}}],"collection":[{"href":"https:\/\/puntohabitat.es\/ca\/wp-json\/wp\/v2\/posts"}],"about":[{"href":"https:\/\/puntohabitat.es\/ca\/wp-json\/wp\/v2\/types\/post"}],"author":[{"embeddable":true,"href":"https:\/\/puntohabitat.es\/ca\/wp-json\/wp\/v2\/users\/2"}],"replies":[{"embeddable":true,"href":"https:\/\/puntohabitat.es\/ca\/wp-json\/wp\/v2\/comments?post=82327"}],"version-history":[{"count":0,"href":"https:\/\/puntohabitat.es\/ca\/wp-json\/wp\/v2\/posts\/82327\/revisions"}],"wp:featuredmedia":[{"embeddable":true,"href":"https:\/\/puntohabitat.es\/ca\/wp-json\/wp\/v2\/media\/82425"}],"wp:attachment":[{"href":"https:\/\/puntohabitat.es\/ca\/wp-json\/wp\/v2\/media?parent=82327"}],"wp:term":[{"taxonomy":"category","embeddable":true,"href":"https:\/\/puntohabitat.es\/ca\/wp-json\/wp\/v2\/categories?post=82327"},{"taxonomy":"post_tag","embeddable":true,"href":"https:\/\/puntohabitat.es\/ca\/wp-json\/wp\/v2\/tags?post=82327"}],"curies":[{"name":"wp","href":"https:\/\/api.w.org\/{rel}","templated":true}]}}