{"id":82358,"date":"2025-02-04T20:38:26","date_gmt":"2025-02-04T19:38:26","guid":{"rendered":"https:\/\/puntohabitat.es\/?p=82358"},"modified":"2025-02-25T18:13:35","modified_gmt":"2025-02-25T17:13:35","slug":"preu-pisos-les-corts-barcelona","status":"publish","type":"post","link":"https:\/\/puntohabitat.es\/ca\/preu-pisos-les-corts-barcelona\/","title":{"rendered":"Preu Pisos Les Corts Barcelona"},"content":{"rendered":"\t\t<div data-elementor-type=\"wp-post\" data-elementor-id=\"82358\" class=\"elementor elementor-82358 elementor-82357\" data-elementor-post-type=\"post\">\n\t\t\t\t\t\t<section data-particle_enable=\"false\" data-particle-mobile-disabled=\"false\" class=\"elementor-section elementor-top-section elementor-element elementor-element-3e7a260 elementor-section-boxed elementor-section-height-default elementor-section-height-default\" data-id=\"3e7a260\" data-element_type=\"section\" data-e-type=\"section\">\n\t\t\t\t\t\t<div class=\"elementor-container elementor-column-gap-default\">\n\t\t\t\t\t<div class=\"elementor-column elementor-col-100 elementor-top-column elementor-element elementor-element-7920272\" data-id=\"7920272\" data-element_type=\"column\" data-e-type=\"column\">\n\t\t\t<div class=\"elementor-widget-wrap elementor-element-populated\">\n\t\t\t\t\t\t<div class=\"elementor-element elementor-element-a65aa6f elementor-widget elementor-widget-heading\" data-id=\"a65aa6f\" data-element_type=\"widget\" data-e-type=\"widget\" data-widget_type=\"heading.default\">\n\t\t\t\t<div class=\"elementor-widget-container\">\n\t\t\t\t\t<h2 class=\"elementor-heading-title elementor-size-default\">Com ha Evolucionat el Preu dels Pisos a Les Corts de Barcelona en el per\u00edode 2021-2024?<\/h2>\t\t\t\t<\/div>\n\t\t\t\t<\/div>\n\t\t\t\t<div class=\"elementor-element elementor-element-5d2183c elementor-widget elementor-widget-text-editor\" data-id=\"5d2183c\" data-element_type=\"widget\" data-e-type=\"widget\" data-widget_type=\"text-editor.default\">\n\t\t\t\t<div class=\"elementor-widget-container\">\n\t\t\t\t\t\t\t\t\t<p><strong>Preu Pisos Les Corts Barcelona: <\/strong>El mercat immobiliari de <strong data-start=\"83\" data-end=\"96\">Les Corts<\/strong> ha experimentat una evoluci\u00f3 significativa entre <strong data-start=\"146\" data-end=\"161\">2021 i 2024<\/strong>, influenciat per factors com la demanda sostinguda, la progressiva disminuci\u00f3 de l\u2019oferta d\u2019habitatges i la <strong data-start=\"270\" data-end=\"295\">gran qualitat de vida<\/strong> que ofereix el districte.<\/p>\n<p data-start=\"325\" data-end=\"619\">Tot i les <strong data-start=\"335\" data-end=\"363\">fluctuacions econ\u00f2miques<\/strong> i la incertesa macroecon\u00f2mica durant els dos primers anys analitzats en aquest estudi, els preus han mostrat una <strong data-start=\"477\" data-end=\"499\">tend\u00e8ncia a l\u2019al\u00e7a<\/strong>, cosa que reflecteix l\u2019atractiu de la zona tant per a <strong data-start=\"554\" data-end=\"592\">compradors locals i internacionals<\/strong> com per a <strong data-start=\"603\" data-end=\"616\">inversors<\/strong>.<\/p>\n<p data-start=\"621\" data-end=\"765\" data-is-last-node=\"\" data-is-only-node=\"\">A continuaci\u00f3, detallem l\u2019evoluci\u00f3 dels preus al districte i als seus tres barris: <strong data-start=\"711\" data-end=\"765\" data-is-last-node=\"\">Les Corts, La Maternitat i Sant Ramon i Pedralbes.<\/strong><\/p>\n\t\t\t\t\t\t\t\t<\/div>\n\t\t\t\t<\/div>\n\t\t\t\t<div class=\"elementor-element elementor-element-17c56c3 elementor-widget elementor-widget-text-editor\" data-id=\"17c56c3\" data-element_type=\"widget\" data-e-type=\"widget\" data-widget_type=\"text-editor.default\">\n\t\t\t\t<div class=\"elementor-widget-container\">\n\t\t\t\t\t\t\t\t\t<p><strong>NOTA IMPORTANT<\/strong>: el present estudi es realitza en base a les dades obtingudes dels Registres Notarials de compra-venda de propietats immobili\u00e0ries a Barcelona, \u00e9s a dir, amb les dades REALS que accedeixen al Registre de la Propietat. Per tant, aquests difereixen enormement dels preus registrats als portals immobiliaris.<\/p>\n\t\t\t\t\t\t\t\t<\/div>\n\t\t\t\t<\/div>\n\t\t\t\t\t<\/div>\n\t\t<\/div>\n\t\t\t\t\t<\/div>\n\t\t<\/section>\n\t\t\t\t<section data-particle_enable=\"false\" data-particle-mobile-disabled=\"false\" class=\"elementor-section elementor-top-section elementor-element elementor-element-d84ee0b elementor-hidden-mobile elementor-section-boxed elementor-section-height-default elementor-section-height-default\" data-id=\"d84ee0b\" data-element_type=\"section\" data-e-type=\"section\">\n\t\t\t\t\t\t<div class=\"elementor-container elementor-column-gap-default\">\n\t\t\t\t\t<div class=\"elementor-column elementor-col-100 elementor-top-column elementor-element elementor-element-74dabbd\" data-id=\"74dabbd\" data-element_type=\"column\" data-e-type=\"column\">\n\t\t\t<div class=\"elementor-widget-wrap elementor-element-populated\">\n\t\t\t\t\t\t<div class=\"elementor-element elementor-element-ed686dd elementor-widget elementor-widget-heading\" data-id=\"ed686dd\" data-element_type=\"widget\" data-e-type=\"widget\" data-widget_type=\"heading.default\">\n\t\t\t\t<div class=\"elementor-widget-container\">\n\t\t\t\t\t<h2 class=\"elementor-heading-title elementor-size-default\">Evoluci\u00f3 General del Districte de Les Corts<\/h2>\t\t\t\t<\/div>\n\t\t\t\t<\/div>\n\t\t\t\t<div class=\"elementor-element elementor-element-24fa1c5 elementor-widget elementor-widget-image\" data-id=\"24fa1c5\" data-element_type=\"widget\" data-e-type=\"widget\" data-widget_type=\"image.default\">\n\t\t\t\t<div class=\"elementor-widget-container\">\n\t\t\t\t\t\t\t\t\t\t\t\t\t\t\t<img fetchpriority=\"high\" decoding=\"async\" width=\"1024\" height=\"768\" src=\"https:\/\/puntohabitat.es\/wp-content\/uploads\/2025\/02\/Placa-de-la-Concordia-copia-1024x768.webp\" class=\"attachment-large size-large wp-image-83218\" alt=\"\" srcset=\"https:\/\/puntohabitat.es\/wp-content\/uploads\/2025\/02\/Placa-de-la-Concordia-copia-1024x768.webp 1024w, https:\/\/puntohabitat.es\/wp-content\/uploads\/2025\/02\/Placa-de-la-Concordia-copia-300x225.webp 300w, https:\/\/puntohabitat.es\/wp-content\/uploads\/2025\/02\/Placa-de-la-Concordia-copia-768x576.webp 768w, https:\/\/puntohabitat.es\/wp-content\/uploads\/2025\/02\/Placa-de-la-Concordia-copia-592x444.webp 592w, https:\/\/puntohabitat.es\/wp-content\/uploads\/2025\/02\/Placa-de-la-Concordia-copia-584x438.webp 584w, https:\/\/puntohabitat.es\/wp-content\/uploads\/2025\/02\/Placa-de-la-Concordia-copia-800x600.webp 800w, https:\/\/puntohabitat.es\/wp-content\/uploads\/2025\/02\/Placa-de-la-Concordia-copia-120x90.webp 120w, https:\/\/puntohabitat.es\/wp-content\/uploads\/2025\/02\/Placa-de-la-Concordia-copia-496x372.webp 496w, https:\/\/puntohabitat.es\/wp-content\/uploads\/2025\/02\/Placa-de-la-Concordia-copia.webp 1200w\" sizes=\"(max-width: 1024px) 100vw, 1024px\" \/>\t\t\t\t\t\t\t\t\t\t\t\t\t\t\t<\/div>\n\t\t\t\t<\/div>\n\t\t\t\t<div class=\"elementor-element elementor-element-e2830d4 elementor-widget elementor-widget-text-editor\" data-id=\"e2830d4\" data-element_type=\"widget\" data-e-type=\"widget\" data-widget_type=\"text-editor.default\">\n\t\t\t\t<div class=\"elementor-widget-container\">\n\t\t\t\t\t\t\t\t\t<p data-start=\"0\" data-end=\"137\">El conjunt del districte va experimentar un creixement sostingut dels preus durant el 2022 i el 2023, amb un repunt pronunciat el 2024.<\/p>\n<p data-start=\"139\" data-end=\"265\">L&#8217;escassetat d&#8217;oferta, combinada amb la creixent demanda de propietats d&#8217;alt nivell, ha impulsat aquesta tend\u00e8ncia a l&#8217;al\u00e7a.<\/p>\n<ul>\n<li data-start=\"267\" data-end=\"288\"><strong>2021<\/strong>: 4.000,79 \u20ac\/m\u00b2<\/li>\n<li data-start=\"290\" data-end=\"337\"><strong>2022<\/strong>: 4.167,07 \u20ac\/m\u00b2 (+4,15% respecte al 2021)<\/li>\n<li data-start=\"339\" data-end=\"395\"><strong>2023<\/strong>: 4.259,74 \u20ac\/m\u00b2 (+2,23% en comparaci\u00f3 amb el 2022)<\/li>\n<li data-start=\"397\" data-end=\"442\"><strong>2024<\/strong>: 4.668,73 \u20ac\/m\u00b2 (+8,33% respecte al 2023)<\/li>\n<\/ul>\n\t\t\t\t\t\t\t\t<\/div>\n\t\t\t\t<\/div>\n\t\t\t\t\t<\/div>\n\t\t<\/div>\n\t\t\t\t\t<\/div>\n\t\t<\/section>\n\t\t\t\t<section data-particle_enable=\"false\" data-particle-mobile-disabled=\"false\" class=\"elementor-section elementor-top-section elementor-element elementor-element-ce58ebe elementor-section-boxed elementor-section-height-default elementor-section-height-default\" data-id=\"ce58ebe\" data-element_type=\"section\" data-e-type=\"section\">\n\t\t\t\t\t\t<div class=\"elementor-container elementor-column-gap-default\">\n\t\t\t\t\t<div class=\"elementor-column elementor-col-100 elementor-top-column elementor-element elementor-element-b008667\" data-id=\"b008667\" data-element_type=\"column\" data-e-type=\"column\">\n\t\t\t<div class=\"elementor-widget-wrap elementor-element-populated\">\n\t\t\t\t\t\t<div class=\"elementor-element elementor-element-78446c2 elementor-widget elementor-widget-eael-fancy-chart\" data-id=\"78446c2\" data-element_type=\"widget\" data-e-type=\"widget\" data-widget_type=\"eael-fancy-chart.default\">\n\t\t\t\t<div class=\"elementor-widget-container\">\n\t\t\t\t\t\t\t<div data-options=\"{&quot;chart&quot;:{&quot;toolbar&quot;:{&quot;show&quot;:&quot;&quot;},&quot;type&quot;:&quot;line&quot;,&quot;background&quot;:&quot;&quot;,&quot;height&quot;:&quot;450px&quot;,&quot;width&quot;:&quot;100%&quot;,&quot;animations&quot;:{&quot;enabled&quot;:&quot;true&quot;,&quot;easing&quot;:&quot;easeinout&quot;,&quot;speed&quot;:1100,&quot;animateGradually&quot;:{&quot;delay&quot;:250}},&quot;offsetX&quot;:0,&quot;offsetY&quot;:0},&quot;series&quot;:[{&quot;name&quot;:&quot;\\u20ac\\\/m\\u00b2&quot;,&quot;data&quot;:[&quot;4001&quot;,&quot; 4167&quot;,&quot; 4260&quot;,&quot; 4668&quot;]}],&quot;xaxis&quot;:{&quot;categories&quot;:[&quot;2021&quot;,&quot;2022&quot;,&quot;2023&quot;,&quot;2024&quot;],&quot;position&quot;:&quot;bottom&quot;,&quot;labels&quot;:{&quot;show&quot;:&quot;yes&quot;,&quot;style&quot;:{&quot;cssClass&quot;:&quot;eael_fancy_cahrt_xaxis&quot;,&quot;colors&quot;:&quot;&quot;}}},&quot;yaxis&quot;:{&quot;show&quot;:true,&quot;opposite&quot;:&quot;&quot;,&quot;labels&quot;:{&quot;show&quot;:&quot;yes&quot;,&quot;style&quot;:{&quot;cssClass&quot;:&quot;eael_fancy_cahrt_yaxis&quot;,&quot;colors&quot;:&quot;&quot;}}},&quot;legend&quot;:{&quot;show&quot;:&quot;true&quot;,&quot;position&quot;:&quot;top&quot;,&quot;labels&quot;:{&quot;colors&quot;:&quot;#333&quot;},&quot;fontSize&quot;:&quot;14px&quot;,&quot;horizontalAlign&quot;:&quot;center&quot;,&quot;markers&quot;:{&quot;width&quot;:12,&quot;height&quot;:12,&quot;strokeWidth&quot;:&quot;0&quot;,&quot;strokeColor&quot;:&quot;#fff&quot;,&quot;radius&quot;:2,&quot;offsetX&quot;:&quot;&quot;,&quot;offsetY&quot;:&quot;&quot;}},&quot;tooltip&quot;:{&quot;enabled&quot;:&quot;yes&quot;,&quot;y&quot;:{&quot;prefix&quot;:&quot;&quot;,&quot;suffix&quot;:&quot;&quot;}},&quot;grid&quot;:{&quot;show&quot;:&quot;true&quot;,&quot;borderColor&quot;:&quot;#ddd&quot;,&quot;strokeDashArray&quot;:0,&quot;xaxis&quot;:{&quot;lines&quot;:{&quot;show&quot;:&quot;&quot;}},&quot;yaxis&quot;:{&quot;lines&quot;:{&quot;show&quot;:&quot;true&quot;}}},&quot;dataLabels&quot;:{&quot;enabled&quot;:true,&quot;style&quot;:{&quot;fontSize&quot;:&quot;12px&quot;},&quot;background&quot;:{&quot;enabled&quot;:true,&quot;foreColor&quot;:&quot;#fff&quot;}},&quot;colors&quot;:[&quot;#D3904C&quot;],&quot;fill&quot;:{&quot;colors&quot;:[&quot;#D3904C&quot;],&quot;opacity&quot;:0.9,&quot;type&quot;:&quot;solid&quot;},&quot;stroke&quot;:{&quot;curve&quot;:&quot;smooth&quot;}}\" class=\"eael_fanct_chart_wrapper\">\n\t\t\t<div class=\"eael_fancy_chart_header\">\n\t\t\t\t\t\t\t\t<h4 class=\"eael_fancy_chart_title\">\n\t\t\t\tEvoluci\u00f3\u00f3 Preu Les Corts \u20ac\/m\u00b2 2021-2024\t\t\t<\/h4>\n\t\t\t\t\t<\/div>\n\t\t<div class=\"eael_fancy_chart\" id=\"eael_fancy_chart-78446c2\"><\/div>\n\t\t<\/div>\n\t\t\t\t\t\t<\/div>\n\t\t\t\t<\/div>\n\t\t\t\t<div class=\"elementor-element elementor-element-52095b1 elementor-widget elementor-widget-text-editor\" data-id=\"52095b1\" data-element_type=\"widget\" data-e-type=\"widget\" data-widget_type=\"text-editor.default\">\n\t\t\t\t<div class=\"elementor-widget-container\">\n\t\t\t\t\t\t\t\t\t<p>La variaci\u00f3 total al districte de Les Corts en el per\u00edode 2021-2024 ha estat d&#8217;un <strong data-start=\"82\" data-end=\"93\">+16,67%<\/strong>.<\/p>\n\t\t\t\t\t\t\t\t<\/div>\n\t\t\t\t<\/div>\n\t\t\t\t<div class=\"elementor-element elementor-element-6224b69 elementor-widget elementor-widget-eael-fancy-chart\" data-id=\"6224b69\" data-element_type=\"widget\" data-e-type=\"widget\" data-widget_type=\"eael-fancy-chart.default\">\n\t\t\t\t<div class=\"elementor-widget-container\">\n\t\t\t\t\t\t\t<div data-options=\"{&quot;chart&quot;:{&quot;toolbar&quot;:{&quot;show&quot;:&quot;&quot;},&quot;type&quot;:&quot;bar&quot;,&quot;background&quot;:&quot;&quot;,&quot;height&quot;:&quot;450px&quot;,&quot;width&quot;:&quot;100%&quot;,&quot;animations&quot;:{&quot;enabled&quot;:&quot;true&quot;,&quot;easing&quot;:&quot;easeinout&quot;,&quot;speed&quot;:1100,&quot;animateGradually&quot;:{&quot;delay&quot;:250}},&quot;offsetX&quot;:0,&quot;offsetY&quot;:0,&quot;stacked&quot;:false},&quot;series&quot;:[{&quot;name&quot;:&quot;\\u20ac\\\/m\\u00b2&quot;,&quot;data&quot;:[&quot;5248&quot;,&quot; 4562&quot;,&quot; 4300&quot;]}],&quot;xaxis&quot;:{&quot;categories&quot;:[&quot;Pedralbes&quot;,&quot;Les Corts&quot;,&quot;La Maternitat i Sant Ramon&quot;],&quot;position&quot;:&quot;bottom&quot;,&quot;labels&quot;:{&quot;show&quot;:&quot;&quot;,&quot;style&quot;:{&quot;cssClass&quot;:&quot;eael_fancy_cahrt_xaxis&quot;,&quot;colors&quot;:&quot;&quot;}}},&quot;yaxis&quot;:{&quot;show&quot;:true,&quot;opposite&quot;:&quot;&quot;,&quot;labels&quot;:{&quot;show&quot;:&quot;yes&quot;,&quot;style&quot;:{&quot;cssClass&quot;:&quot;eael_fancy_cahrt_yaxis&quot;,&quot;colors&quot;:&quot;&quot;}}},&quot;legend&quot;:{&quot;show&quot;:&quot;&quot;,&quot;position&quot;:&quot;top&quot;,&quot;labels&quot;:{&quot;colors&quot;:&quot;#333&quot;},&quot;fontSize&quot;:&quot;12px&quot;,&quot;horizontalAlign&quot;:&quot;&quot;,&quot;markers&quot;:{&quot;width&quot;:&quot;&quot;,&quot;height&quot;:&quot;&quot;,&quot;strokeWidth&quot;:&quot;0&quot;,&quot;strokeColor&quot;:&quot;#fff&quot;,&quot;radius&quot;:&quot;&quot;,&quot;offsetX&quot;:&quot;&quot;,&quot;offsetY&quot;:&quot;&quot;}},&quot;tooltip&quot;:{&quot;enabled&quot;:&quot;yes&quot;,&quot;y&quot;:{&quot;prefix&quot;:&quot;\\u20ac&quot;,&quot;suffix&quot;:&quot;&quot;}},&quot;grid&quot;:{&quot;show&quot;:&quot;true&quot;,&quot;borderColor&quot;:&quot;#ddd&quot;,&quot;strokeDashArray&quot;:0,&quot;xaxis&quot;:{&quot;lines&quot;:{&quot;show&quot;:&quot;&quot;}},&quot;yaxis&quot;:{&quot;lines&quot;:{&quot;show&quot;:&quot;true&quot;}}},&quot;plotOptions&quot;:{&quot;bar&quot;:{&quot;borderRadius&quot;:&quot;&quot;,&quot;dataLabels&quot;:{&quot;position&quot;:&quot;center&quot;},&quot;horizontal&quot;:true,&quot;columnWidth&quot;:40,&quot;barHeight&quot;:40}},&quot;stroke&quot;:{&quot;show&quot;:&quot;true&quot;,&quot;lineCap&quot;:&quot;butt&quot;,&quot;colors&quot;:[&quot;#FFF&quot;],&quot;width&quot;:2,&quot;dashArray&quot;:0},&quot;dataLabels&quot;:{&quot;enabled&quot;:false,&quot;style&quot;:{&quot;colors&quot;:[&quot;#fff&quot;],&quot;fontSize&quot;:&quot;12px&quot;}},&quot;colors&quot;:[&quot;#D3904C&quot;],&quot;fill&quot;:{&quot;colors&quot;:[&quot;#D3904C&quot;],&quot;opacity&quot;:0.9,&quot;type&quot;:&quot;solid&quot;}}\" class=\"eael_fanct_chart_wrapper\">\n\t\t\t<div class=\"eael_fancy_chart_header\">\n\t\t\t\t\t\t\t\t<h2 class=\"eael_fancy_chart_title\">\n\t\t\t\tR\u00e0nquing de Preus dels Barris del Districte de Les Corts\t\t\t<\/h2>\n\t\t\t\t\t\t\t<p>\n\t\t\t\t\tR\u00e0nquing Les Corts \u20ac\/m\u00b2 2024\t\t\t\t<\/p>\n\t\t\t\t\t<\/div>\n\t\t<div class=\"eael_fancy_chart\" id=\"eael_fancy_chart-6224b69\"><\/div>\n\t\t<\/div>\n\t\t\t\t\t\t<\/div>\n\t\t\t\t<\/div>\n\t\t\t\t<div class=\"elementor-element elementor-element-b6996fc elementor-widget elementor-widget-text-editor\" data-id=\"b6996fc\" data-element_type=\"widget\" data-e-type=\"widget\" data-widget_type=\"text-editor.default\">\n\t\t\t\t<div class=\"elementor-widget-container\">\n\t\t\t\t\t\t\t\t\t<p>Destaca en aquest r\u00e0nquing la consolidaci\u00f3 de <strong data-start=\"46\" data-end=\"59\">Pedralbes<\/strong> com la zona m\u00e9s exclusiva del districte i la tend\u00e8ncia a l&#8217;al\u00e7a als altres dos barris.<\/p>\n\t\t\t\t\t\t\t\t<\/div>\n\t\t\t\t<\/div>\n\t\t\t\t<div class=\"elementor-element elementor-element-7e2f49d elementor-widget elementor-widget-heading\" data-id=\"7e2f49d\" data-element_type=\"widget\" data-e-type=\"widget\" data-widget_type=\"heading.default\">\n\t\t\t\t<div class=\"elementor-widget-container\">\n\t\t\t\t\t<h2 class=\"elementor-heading-title elementor-size-default\">An\u00e0lisi segmentada per barris de Les Corts<\/h2>\t\t\t\t<\/div>\n\t\t\t\t<\/div>\n\t\t\t\t<div class=\"elementor-element elementor-element-4251489 elementor-widget elementor-widget-text-editor\" data-id=\"4251489\" data-element_type=\"widget\" data-e-type=\"widget\" data-widget_type=\"text-editor.default\">\n\t\t\t\t<div class=\"elementor-widget-container\">\n\t\t\t\t\t\t\t\t\t<p>A continuaci\u00f3, examinem l&#8217;evoluci\u00f3 dels preus a cada barri.<\/p>\n\t\t\t\t\t\t\t\t<\/div>\n\t\t\t\t<\/div>\n\t\t\t\t<div class=\"elementor-element elementor-element-2c6de03 elementor-widget elementor-widget-heading\" data-id=\"2c6de03\" data-element_type=\"widget\" data-e-type=\"widget\" data-widget_type=\"heading.default\">\n\t\t\t\t<div class=\"elementor-widget-container\">\n\t\t\t\t\t<h4 class=\"elementor-heading-title elementor-size-default\">1 - Pedralbes<\/h4>\t\t\t\t<\/div>\n\t\t\t\t<\/div>\n\t\t\t\t<div class=\"elementor-element elementor-element-1e4fac5 elementor-widget elementor-widget-image\" data-id=\"1e4fac5\" data-element_type=\"widget\" data-e-type=\"widget\" data-widget_type=\"image.default\">\n\t\t\t\t<div class=\"elementor-widget-container\">\n\t\t\t\t\t\t\t\t\t\t\t\t\t\t\t<img decoding=\"async\" width=\"1024\" height=\"768\" src=\"https:\/\/puntohabitat.es\/wp-content\/uploads\/2025\/01\/Precio-Vivienda-Les-Corts-Barcelona-1024x768.webp\" class=\"attachment-large size-large wp-image-82411\" alt=\"Precio Vivienda Les Corts Barcelona\" srcset=\"https:\/\/puntohabitat.es\/wp-content\/uploads\/2025\/01\/Precio-Vivienda-Les-Corts-Barcelona-1024x768.webp 1024w, https:\/\/puntohabitat.es\/wp-content\/uploads\/2025\/01\/Precio-Vivienda-Les-Corts-Barcelona-300x225.webp 300w, https:\/\/puntohabitat.es\/wp-content\/uploads\/2025\/01\/Precio-Vivienda-Les-Corts-Barcelona-768x576.webp 768w, https:\/\/puntohabitat.es\/wp-content\/uploads\/2025\/01\/Precio-Vivienda-Les-Corts-Barcelona-1536x1152.webp 1536w, https:\/\/puntohabitat.es\/wp-content\/uploads\/2025\/01\/Precio-Vivienda-Les-Corts-Barcelona-2048x1536.webp 2048w, https:\/\/puntohabitat.es\/wp-content\/uploads\/2025\/01\/Precio-Vivienda-Les-Corts-Barcelona-592x444.webp 592w, https:\/\/puntohabitat.es\/wp-content\/uploads\/2025\/01\/Precio-Vivienda-Les-Corts-Barcelona-584x438.webp 584w, https:\/\/puntohabitat.es\/wp-content\/uploads\/2025\/01\/Precio-Vivienda-Les-Corts-Barcelona-800x600.webp 800w, https:\/\/puntohabitat.es\/wp-content\/uploads\/2025\/01\/Precio-Vivienda-Les-Corts-Barcelona-120x90.webp 120w, https:\/\/puntohabitat.es\/wp-content\/uploads\/2025\/01\/Precio-Vivienda-Les-Corts-Barcelona-496x372.webp 496w\" sizes=\"(max-width: 1024px) 100vw, 1024px\" \/>\t\t\t\t\t\t\t\t\t\t\t\t\t\t\t<\/div>\n\t\t\t\t<\/div>\n\t\t\t\t<div class=\"elementor-element elementor-element-409f812 elementor-widget elementor-widget-text-editor\" data-id=\"409f812\" data-element_type=\"widget\" data-e-type=\"widget\" data-widget_type=\"text-editor.default\">\n\t\t\t\t<div class=\"elementor-widget-container\">\n\t\t\t\t\t\t\t\t\t<p data-start=\"0\" data-end=\"337\">Pedralbes, tradicionalment<strong> el barri m\u00e9s exclusiu<\/strong> de Les Corts, va experimentar una lleu caiguda el 2022, possiblement a causa de la menor demanda d&#8217;habitatges de luxe en plena incertesa econ\u00f2mica. No obstant aix\u00f2, el mercat es va recuperar amb for\u00e7a en els anys seg\u00fcents, consolidant la seva posici\u00f3 com la zona m\u00e9s cara del districte.<\/p>\n<ul>\n<li data-start=\"339\" data-end=\"360\"><strong>2021<\/strong>: 4.786,75 \u20ac\/m\u00b2<\/li>\n<li data-start=\"362\" data-end=\"409\"><strong>2022<\/strong>: 4.621,24 \u20ac\/m\u00b2 (-3,46% respecte al 2021)<\/li>\n<li data-start=\"411\" data-end=\"467\"><strong>2023<\/strong>: 4.898,13 \u20ac\/m\u00b2 (+5,99% en comparaci\u00f3 amb el 2022)<\/li>\n<li data-start=\"469\" data-end=\"523\"><strong>2024<\/strong>: 5.247,85 \u20ac\/m\u00b2 (+7,14% respecte a l\u2019any anterior)<\/li>\n<\/ul>\n\t\t\t\t\t\t\t\t<\/div>\n\t\t\t\t<\/div>\n\t\t\t\t<div class=\"elementor-element elementor-element-dac1ee2 elementor-widget elementor-widget-eael-fancy-chart\" data-id=\"dac1ee2\" data-element_type=\"widget\" data-e-type=\"widget\" data-widget_type=\"eael-fancy-chart.default\">\n\t\t\t\t<div class=\"elementor-widget-container\">\n\t\t\t\t\t\t\t<div data-options=\"{&quot;chart&quot;:{&quot;toolbar&quot;:{&quot;show&quot;:&quot;&quot;},&quot;type&quot;:&quot;bar&quot;,&quot;background&quot;:&quot;&quot;,&quot;height&quot;:&quot;450px&quot;,&quot;width&quot;:&quot;100%&quot;,&quot;animations&quot;:{&quot;enabled&quot;:&quot;true&quot;,&quot;easing&quot;:&quot;easeinout&quot;,&quot;speed&quot;:1100,&quot;animateGradually&quot;:{&quot;delay&quot;:250}},&quot;offsetX&quot;:0,&quot;offsetY&quot;:0,&quot;stacked&quot;:false},&quot;series&quot;:[{&quot;name&quot;:&quot;\\u20ac\\\/m\\u00b2&quot;,&quot;data&quot;:[&quot;4787&quot;,&quot; 4621&quot;,&quot; 4898&quot;,&quot; 5248&quot;]}],&quot;xaxis&quot;:{&quot;categories&quot;:[&quot;2021&quot;,&quot;2022&quot;,&quot;2023&quot;,&quot;2024&quot;],&quot;position&quot;:&quot;bottom&quot;,&quot;labels&quot;:{&quot;show&quot;:&quot;yes&quot;,&quot;style&quot;:{&quot;cssClass&quot;:&quot;eael_fancy_cahrt_xaxis&quot;,&quot;colors&quot;:&quot;&quot;}}},&quot;yaxis&quot;:{&quot;show&quot;:true,&quot;opposite&quot;:&quot;&quot;,&quot;labels&quot;:{&quot;show&quot;:&quot;yes&quot;,&quot;style&quot;:{&quot;cssClass&quot;:&quot;eael_fancy_cahrt_yaxis&quot;,&quot;colors&quot;:&quot;&quot;}}},&quot;legend&quot;:{&quot;show&quot;:&quot;true&quot;,&quot;position&quot;:&quot;top&quot;,&quot;labels&quot;:{&quot;colors&quot;:&quot;#333&quot;},&quot;fontSize&quot;:&quot;14px&quot;,&quot;horizontalAlign&quot;:&quot;center&quot;,&quot;markers&quot;:{&quot;width&quot;:12,&quot;height&quot;:12,&quot;strokeWidth&quot;:&quot;0&quot;,&quot;strokeColor&quot;:&quot;#fff&quot;,&quot;radius&quot;:2,&quot;offsetX&quot;:&quot;&quot;,&quot;offsetY&quot;:&quot;&quot;}},&quot;tooltip&quot;:{&quot;enabled&quot;:&quot;yes&quot;,&quot;y&quot;:{&quot;prefix&quot;:&quot;\\u20ac&quot;,&quot;suffix&quot;:&quot;&quot;}},&quot;grid&quot;:{&quot;show&quot;:&quot;true&quot;,&quot;borderColor&quot;:&quot;#ddd&quot;,&quot;strokeDashArray&quot;:0,&quot;xaxis&quot;:{&quot;lines&quot;:{&quot;show&quot;:&quot;&quot;}},&quot;yaxis&quot;:{&quot;lines&quot;:{&quot;show&quot;:&quot;true&quot;}}},&quot;plotOptions&quot;:{&quot;bar&quot;:{&quot;borderRadius&quot;:&quot;&quot;,&quot;dataLabels&quot;:{&quot;position&quot;:&quot;center&quot;},&quot;horizontal&quot;:false,&quot;columnWidth&quot;:50,&quot;barHeight&quot;:50}},&quot;stroke&quot;:{&quot;show&quot;:&quot;true&quot;,&quot;lineCap&quot;:&quot;butt&quot;,&quot;colors&quot;:[&quot;#FFF&quot;],&quot;width&quot;:2,&quot;dashArray&quot;:0},&quot;dataLabels&quot;:{&quot;enabled&quot;:true,&quot;style&quot;:{&quot;colors&quot;:[&quot;#fff&quot;],&quot;fontSize&quot;:&quot;12px&quot;}},&quot;colors&quot;:[&quot;#D3904C&quot;],&quot;fill&quot;:{&quot;colors&quot;:[&quot;#D3904C&quot;],&quot;opacity&quot;:0.9,&quot;type&quot;:&quot;solid&quot;}}\" class=\"eael_fanct_chart_wrapper\">\n\t\t\t<div class=\"eael_fancy_chart_header\">\n\t\t\t\t\t\t\t\t<h4 class=\"eael_fancy_chart_title\">\n\t\t\t\tEvoluci\u00f3 Preu \u20ac\/m\u00b2 Pedralbes 2021-2024\t\t\t<\/h4>\n\t\t\t\t\t<\/div>\n\t\t<div class=\"eael_fancy_chart\" id=\"eael_fancy_chart-dac1ee2\"><\/div>\n\t\t<\/div>\n\t\t\t\t\t\t<\/div>\n\t\t\t\t<\/div>\n\t\t\t\t<div class=\"elementor-element elementor-element-2240f35 elementor-widget elementor-widget-text-editor\" data-id=\"2240f35\" data-element_type=\"widget\" data-e-type=\"widget\" data-widget_type=\"text-editor.default\">\n\t\t\t\t<div class=\"elementor-widget-container\">\n\t\t\t\t\t\t\t\t\t<p>L&#8217;increment de preus acumulat a <strong data-start=\"32\" data-end=\"45\">Pedralbes<\/strong> durant el per\u00edode d&#8217;estudi ha estat del <strong data-start=\"86\" data-end=\"96\">+9,64%<\/strong>.<\/p>\n\t\t\t\t\t\t\t\t<\/div>\n\t\t\t\t<\/div>\n\t\t\t\t<div class=\"elementor-element elementor-element-965afad elementor-widget elementor-widget-heading\" data-id=\"965afad\" data-element_type=\"widget\" data-e-type=\"widget\" data-widget_type=\"heading.default\">\n\t\t\t\t<div class=\"elementor-widget-container\">\n\t\t\t\t\t<h4 class=\"elementor-heading-title elementor-size-default\">2 - Les Corts<\/h4>\t\t\t\t<\/div>\n\t\t\t\t<\/div>\n\t\t\t\t<div class=\"elementor-element elementor-element-5425431 elementor-widget elementor-widget-image\" data-id=\"5425431\" data-element_type=\"widget\" data-e-type=\"widget\" data-widget_type=\"image.default\">\n\t\t\t\t<div class=\"elementor-widget-container\">\n\t\t\t\t\t\t\t\t\t\t\t\t\t\t\t<img decoding=\"async\" width=\"768\" height=\"1024\" src=\"https:\/\/puntohabitat.es\/wp-content\/uploads\/2025\/02\/Precio-Vivienda-Les-Corts-Barcelona-768x1024.webp\" class=\"attachment-large size-large wp-image-83209\" alt=\"Precio Vivienda Les Corts Barcelona\" srcset=\"https:\/\/puntohabitat.es\/wp-content\/uploads\/2025\/02\/Precio-Vivienda-Les-Corts-Barcelona-768x1024.webp 768w, https:\/\/puntohabitat.es\/wp-content\/uploads\/2025\/02\/Precio-Vivienda-Les-Corts-Barcelona-225x300.webp 225w, https:\/\/puntohabitat.es\/wp-content\/uploads\/2025\/02\/Precio-Vivienda-Les-Corts-Barcelona-1152x1536.webp 1152w, https:\/\/puntohabitat.es\/wp-content\/uploads\/2025\/02\/Precio-Vivienda-Les-Corts-Barcelona-450x600.webp 450w, https:\/\/puntohabitat.es\/wp-content\/uploads\/2025\/02\/Precio-Vivienda-Les-Corts-Barcelona-496x661.webp 496w, https:\/\/puntohabitat.es\/wp-content\/uploads\/2025\/02\/Precio-Vivienda-Les-Corts-Barcelona.webp 1200w\" sizes=\"(max-width: 768px) 100vw, 768px\" \/>\t\t\t\t\t\t\t\t\t\t\t\t\t\t\t<\/div>\n\t\t\t\t<\/div>\n\t\t\t\t<div class=\"elementor-element elementor-element-d2f9a05 elementor-widget elementor-widget-text-editor\" data-id=\"d2f9a05\" data-element_type=\"widget\" data-e-type=\"widget\" data-widget_type=\"text-editor.default\">\n\t\t\t\t<div class=\"elementor-widget-container\">\n\t\t\t\t\t\t\t\t\t<p data-start=\"0\" data-end=\"223\">Aquest barri, amb la seva combinaci\u00f3 d\u2019edificis residencials i comercials, ha mantingut un creixement constant: l\u2019estabilitat del mercat i la demanda de propietats ben ubicades han contribu\u00eft a aquesta tend\u00e8ncia positiva.<\/p>\n<ul data-start=\"225\" data-end=\"421\" data-is-only-node=\"\" data-is-last-node=\"\">\n<li data-start=\"225\" data-end=\"252\"><strong data-start=\"227\" data-end=\"235\">2021<\/strong>: 4.061,50 \u20ac\/m\u00b2<\/li>\n<li data-start=\"253\" data-end=\"306\"><strong data-start=\"255\" data-end=\"263\">2022<\/strong>: 4.248,98 \u20ac\/m\u00b2 (+4,61% respecte al 2021)<\/li>\n<li data-start=\"307\" data-end=\"360\"><strong data-start=\"309\" data-end=\"317\">2023<\/strong>: 4.283,40 \u20ac\/m\u00b2 (+0,81% respecte al 2022)<\/li>\n<li data-start=\"361\" data-end=\"421\" data-is-last-node=\"\"><strong data-start=\"363\" data-end=\"371\">2024<\/strong>: 4.562,08 \u20ac\/m\u00b2 (+6,51% respecte a l\u2019any anterior)<\/li>\n<\/ul>\n\t\t\t\t\t\t\t\t<\/div>\n\t\t\t\t<\/div>\n\t\t\t\t<div class=\"elementor-element elementor-element-2f4b0bf elementor-widget elementor-widget-eael-fancy-chart\" data-id=\"2f4b0bf\" data-element_type=\"widget\" data-e-type=\"widget\" data-widget_type=\"eael-fancy-chart.default\">\n\t\t\t\t<div class=\"elementor-widget-container\">\n\t\t\t\t\t\t\t<div data-options=\"{&quot;chart&quot;:{&quot;toolbar&quot;:{&quot;show&quot;:&quot;&quot;},&quot;type&quot;:&quot;bar&quot;,&quot;background&quot;:&quot;&quot;,&quot;height&quot;:&quot;450px&quot;,&quot;width&quot;:&quot;100%&quot;,&quot;animations&quot;:{&quot;enabled&quot;:&quot;true&quot;,&quot;easing&quot;:&quot;easeinout&quot;,&quot;speed&quot;:1100,&quot;animateGradually&quot;:{&quot;delay&quot;:250}},&quot;offsetX&quot;:0,&quot;offsetY&quot;:0,&quot;stacked&quot;:false},&quot;series&quot;:[{&quot;name&quot;:&quot;\\u20ac\\\/m\\u00b2&quot;,&quot;data&quot;:[&quot;4061&quot;,&quot; 4249&quot;,&quot; 4283&quot;,&quot; 4562&quot;]}],&quot;xaxis&quot;:{&quot;categories&quot;:[&quot;2021&quot;,&quot;2022&quot;,&quot;2023&quot;,&quot;2024&quot;],&quot;position&quot;:&quot;bottom&quot;,&quot;labels&quot;:{&quot;show&quot;:&quot;yes&quot;,&quot;style&quot;:{&quot;cssClass&quot;:&quot;eael_fancy_cahrt_xaxis&quot;,&quot;colors&quot;:&quot;&quot;}}},&quot;yaxis&quot;:{&quot;show&quot;:true,&quot;opposite&quot;:&quot;&quot;,&quot;labels&quot;:{&quot;show&quot;:&quot;yes&quot;,&quot;style&quot;:{&quot;cssClass&quot;:&quot;eael_fancy_cahrt_yaxis&quot;,&quot;colors&quot;:&quot;&quot;}}},&quot;legend&quot;:{&quot;show&quot;:&quot;true&quot;,&quot;position&quot;:&quot;top&quot;,&quot;labels&quot;:{&quot;colors&quot;:&quot;#333&quot;},&quot;fontSize&quot;:&quot;14px&quot;,&quot;horizontalAlign&quot;:&quot;center&quot;,&quot;markers&quot;:{&quot;width&quot;:12,&quot;height&quot;:12,&quot;strokeWidth&quot;:&quot;0&quot;,&quot;strokeColor&quot;:&quot;#fff&quot;,&quot;radius&quot;:2,&quot;offsetX&quot;:&quot;&quot;,&quot;offsetY&quot;:&quot;&quot;}},&quot;tooltip&quot;:{&quot;enabled&quot;:&quot;yes&quot;,&quot;y&quot;:{&quot;prefix&quot;:&quot;&quot;,&quot;suffix&quot;:&quot;&quot;}},&quot;grid&quot;:{&quot;show&quot;:&quot;true&quot;,&quot;borderColor&quot;:&quot;#ddd&quot;,&quot;strokeDashArray&quot;:0,&quot;xaxis&quot;:{&quot;lines&quot;:{&quot;show&quot;:&quot;&quot;}},&quot;yaxis&quot;:{&quot;lines&quot;:{&quot;show&quot;:&quot;true&quot;}}},&quot;plotOptions&quot;:{&quot;bar&quot;:{&quot;borderRadius&quot;:&quot;&quot;,&quot;dataLabels&quot;:{&quot;position&quot;:&quot;center&quot;},&quot;horizontal&quot;:false,&quot;columnWidth&quot;:50,&quot;barHeight&quot;:50}},&quot;stroke&quot;:{&quot;show&quot;:&quot;true&quot;,&quot;lineCap&quot;:&quot;butt&quot;,&quot;colors&quot;:[&quot;#FFF&quot;],&quot;width&quot;:2,&quot;dashArray&quot;:0},&quot;dataLabels&quot;:{&quot;enabled&quot;:true,&quot;style&quot;:{&quot;colors&quot;:[&quot;#fff&quot;],&quot;fontSize&quot;:&quot;12px&quot;}},&quot;colors&quot;:[&quot;#D3904C&quot;],&quot;fill&quot;:{&quot;colors&quot;:[&quot;#D3904C&quot;],&quot;opacity&quot;:0.9,&quot;type&quot;:&quot;solid&quot;}}\" class=\"eael_fanct_chart_wrapper\">\n\t\t\t<div class=\"eael_fancy_chart_header\">\n\t\t\t\t\t\t\t\t<h4 class=\"eael_fancy_chart_title\">\n\t\t\t\tEvoluci\u00f3 Preu \u20ac\/m\u00b2 Les Corts 2021-2024\t\t\t<\/h4>\n\t\t\t\t\t<\/div>\n\t\t<div class=\"eael_fancy_chart\" id=\"eael_fancy_chart-2f4b0bf\"><\/div>\n\t\t<\/div>\n\t\t\t\t\t\t<\/div>\n\t\t\t\t<\/div>\n\t\t\t\t<div class=\"elementor-element elementor-element-9513288 elementor-widget elementor-widget-text-editor\" data-id=\"9513288\" data-element_type=\"widget\" data-e-type=\"widget\" data-widget_type=\"text-editor.default\">\n\t\t\t\t<div class=\"elementor-widget-container\">\n\t\t\t\t\t\t\t\t\t<p data-start=\"0\" data-end=\"162\">En el transcurs d\u2019aquests anys, el barri de <strong data-start=\"37\" data-end=\"50\">Les Corts<\/strong> ha mantingut una evoluci\u00f3 positiva en els preus de l\u2019habitatge, amb una revaloraci\u00f3 acumulada del <strong data-start=\"149\" data-end=\"159\">12,33%<\/strong>.<\/p>\n<p data-start=\"164\" data-end=\"290\" data-is-last-node=\"\" data-is-only-node=\"\">Malgrat un increment m\u00e9s moderat el 2023, la tend\u00e8ncia a l\u2019al\u00e7a s\u2019ha refor\u00e7at el 2024, cosa que indica una demanda sostinguda.<\/p>\n\t\t\t\t\t\t\t\t<\/div>\n\t\t\t\t<\/div>\n\t\t\t\t<div class=\"elementor-element elementor-element-5cc3c35 elementor-widget elementor-widget-heading\" data-id=\"5cc3c35\" data-element_type=\"widget\" data-e-type=\"widget\" data-widget_type=\"heading.default\">\n\t\t\t\t<div class=\"elementor-widget-container\">\n\t\t\t\t\t<h4 class=\"elementor-heading-title elementor-size-default\">3- La Maternitat i Sant Ramon<\/h4>\t\t\t\t<\/div>\n\t\t\t\t<\/div>\n\t\t\t\t<div class=\"elementor-element elementor-element-3641c61 elementor-widget elementor-widget-image\" data-id=\"3641c61\" data-element_type=\"widget\" data-e-type=\"widget\" data-widget_type=\"image.default\">\n\t\t\t\t<div class=\"elementor-widget-container\">\n\t\t\t\t\t\t\t\t\t\t\t\t\t\t\t<img loading=\"lazy\" decoding=\"async\" width=\"1024\" height=\"768\" src=\"https:\/\/puntohabitat.es\/wp-content\/uploads\/2025\/02\/Precio-Vivienda-Les-Corts-Barcelona-1-1024x768.webp\" class=\"attachment-large size-large wp-image-83212\" alt=\"Precio Vivienda Les Corts Barcelona\" srcset=\"https:\/\/puntohabitat.es\/wp-content\/uploads\/2025\/02\/Precio-Vivienda-Les-Corts-Barcelona-1-1024x768.webp 1024w, https:\/\/puntohabitat.es\/wp-content\/uploads\/2025\/02\/Precio-Vivienda-Les-Corts-Barcelona-1-300x225.webp 300w, https:\/\/puntohabitat.es\/wp-content\/uploads\/2025\/02\/Precio-Vivienda-Les-Corts-Barcelona-1-768x576.webp 768w, https:\/\/puntohabitat.es\/wp-content\/uploads\/2025\/02\/Precio-Vivienda-Les-Corts-Barcelona-1-592x444.webp 592w, https:\/\/puntohabitat.es\/wp-content\/uploads\/2025\/02\/Precio-Vivienda-Les-Corts-Barcelona-1-584x438.webp 584w, https:\/\/puntohabitat.es\/wp-content\/uploads\/2025\/02\/Precio-Vivienda-Les-Corts-Barcelona-1-800x600.webp 800w, https:\/\/puntohabitat.es\/wp-content\/uploads\/2025\/02\/Precio-Vivienda-Les-Corts-Barcelona-1-120x90.webp 120w, https:\/\/puntohabitat.es\/wp-content\/uploads\/2025\/02\/Precio-Vivienda-Les-Corts-Barcelona-1-496x372.webp 496w, https:\/\/puntohabitat.es\/wp-content\/uploads\/2025\/02\/Precio-Vivienda-Les-Corts-Barcelona-1.webp 1200w\" sizes=\"(max-width: 1024px) 100vw, 1024px\" \/>\t\t\t\t\t\t\t\t\t\t\t\t\t\t\t<\/div>\n\t\t\t\t<\/div>\n\t\t\t\t<div class=\"elementor-element elementor-element-866c977 elementor-widget elementor-widget-text-editor\" data-id=\"866c977\" data-element_type=\"widget\" data-e-type=\"widget\" data-widget_type=\"text-editor.default\">\n\t\t\t\t<div class=\"elementor-widget-container\">\n\t\t\t\t\t\t\t\t\t<p data-start=\"0\" data-end=\"161\">La <strong data-start=\"3\" data-end=\"30\">Maternitat i Sant Ramon<\/strong> \u00e9s el barri que ha experimentat la pujada de preus acumulada m\u00e9s gran al districte de <strong data-start=\"117\" data-end=\"130\">Les Corts<\/strong> durant el per\u00edode 2021-2024:<\/p>\n<ul data-start=\"163\" data-end=\"351\" data-is-last-node=\"\" data-is-only-node=\"\">\n<li data-start=\"163\" data-end=\"190\"><strong data-start=\"165\" data-end=\"173\">2021<\/strong>: 3.516,43 \u20ac\/m\u00b2<\/li>\n<li data-start=\"191\" data-end=\"244\"><strong data-start=\"193\" data-end=\"201\">2022<\/strong>: 3.722,27 \u20ac\/m\u00b2 (+5,86% respecte al 2021)<\/li>\n<li data-start=\"245\" data-end=\"298\"><strong data-start=\"247\" data-end=\"255\">2023<\/strong>: 3.846,57 \u20ac\/m\u00b2 (+3,34% respecte al 2022)<\/li>\n<li data-start=\"299\" data-end=\"351\" data-is-last-node=\"\"><strong data-start=\"301\" data-end=\"309\">2024<\/strong>: 4.299,56 \u20ac\/m\u00b2 (+11,77% respecte al 2023)<\/li>\n<\/ul>\n\t\t\t\t\t\t\t\t<\/div>\n\t\t\t\t<\/div>\n\t\t\t\t<div class=\"elementor-element elementor-element-e9faea8 elementor-widget elementor-widget-eael-fancy-chart\" data-id=\"e9faea8\" data-element_type=\"widget\" data-e-type=\"widget\" data-widget_type=\"eael-fancy-chart.default\">\n\t\t\t\t<div class=\"elementor-widget-container\">\n\t\t\t\t\t\t\t<div data-options=\"{&quot;chart&quot;:{&quot;toolbar&quot;:{&quot;show&quot;:&quot;&quot;},&quot;type&quot;:&quot;bar&quot;,&quot;background&quot;:&quot;&quot;,&quot;height&quot;:&quot;450px&quot;,&quot;width&quot;:&quot;100%&quot;,&quot;animations&quot;:{&quot;enabled&quot;:&quot;true&quot;,&quot;easing&quot;:&quot;easeinout&quot;,&quot;speed&quot;:1100,&quot;animateGradually&quot;:{&quot;delay&quot;:250}},&quot;offsetX&quot;:0,&quot;offsetY&quot;:0,&quot;stacked&quot;:false},&quot;series&quot;:[{&quot;name&quot;:&quot;\\u20ac\\\/m\\u00b2&quot;,&quot;data&quot;:[&quot;3516&quot;,&quot; 3722&quot;,&quot; 3847&quot;,&quot; 4300&quot;]}],&quot;xaxis&quot;:{&quot;categories&quot;:[&quot;2021&quot;,&quot;2022&quot;,&quot;2023&quot;,&quot;2024&quot;],&quot;position&quot;:&quot;bottom&quot;,&quot;labels&quot;:{&quot;show&quot;:&quot;yes&quot;,&quot;style&quot;:{&quot;cssClass&quot;:&quot;eael_fancy_cahrt_xaxis&quot;,&quot;colors&quot;:&quot;&quot;}}},&quot;yaxis&quot;:{&quot;show&quot;:true,&quot;opposite&quot;:&quot;&quot;,&quot;labels&quot;:{&quot;show&quot;:&quot;yes&quot;,&quot;style&quot;:{&quot;cssClass&quot;:&quot;eael_fancy_cahrt_yaxis&quot;,&quot;colors&quot;:&quot;&quot;}}},&quot;legend&quot;:{&quot;show&quot;:&quot;true&quot;,&quot;position&quot;:&quot;top&quot;,&quot;labels&quot;:{&quot;colors&quot;:&quot;#333&quot;},&quot;fontSize&quot;:&quot;14px&quot;,&quot;horizontalAlign&quot;:&quot;center&quot;,&quot;markers&quot;:{&quot;width&quot;:12,&quot;height&quot;:12,&quot;strokeWidth&quot;:&quot;0&quot;,&quot;strokeColor&quot;:&quot;#fff&quot;,&quot;radius&quot;:2,&quot;offsetX&quot;:&quot;&quot;,&quot;offsetY&quot;:&quot;&quot;}},&quot;tooltip&quot;:{&quot;enabled&quot;:&quot;yes&quot;,&quot;y&quot;:{&quot;prefix&quot;:&quot;&quot;,&quot;suffix&quot;:&quot;&quot;}},&quot;grid&quot;:{&quot;show&quot;:&quot;true&quot;,&quot;borderColor&quot;:&quot;#ddd&quot;,&quot;strokeDashArray&quot;:0,&quot;xaxis&quot;:{&quot;lines&quot;:{&quot;show&quot;:&quot;&quot;}},&quot;yaxis&quot;:{&quot;lines&quot;:{&quot;show&quot;:&quot;true&quot;}}},&quot;plotOptions&quot;:{&quot;bar&quot;:{&quot;borderRadius&quot;:&quot;&quot;,&quot;dataLabels&quot;:{&quot;position&quot;:&quot;center&quot;},&quot;horizontal&quot;:false,&quot;columnWidth&quot;:50,&quot;barHeight&quot;:50}},&quot;stroke&quot;:{&quot;show&quot;:&quot;true&quot;,&quot;lineCap&quot;:&quot;butt&quot;,&quot;colors&quot;:[&quot;#FFF&quot;],&quot;width&quot;:2,&quot;dashArray&quot;:0},&quot;dataLabels&quot;:{&quot;enabled&quot;:true,&quot;style&quot;:{&quot;colors&quot;:[&quot;#fff&quot;],&quot;fontSize&quot;:&quot;12px&quot;}},&quot;colors&quot;:[&quot;#D3904C&quot;],&quot;fill&quot;:{&quot;colors&quot;:[&quot;#D3904C&quot;],&quot;opacity&quot;:0.9,&quot;type&quot;:&quot;solid&quot;}}\" class=\"eael_fanct_chart_wrapper\">\n\t\t\t<div class=\"eael_fancy_chart_header\">\n\t\t\t\t\t\t\t\t<h4 class=\"eael_fancy_chart_title\">\n\t\t\t\tEvoluci\u00f3 Preu La Maternitat i Sant Ramon\t\t\t<\/h4>\n\t\t\t\t\t<\/div>\n\t\t<div class=\"eael_fancy_chart\" id=\"eael_fancy_chart-e9faea8\"><\/div>\n\t\t<\/div>\n\t\t\t\t\t\t<\/div>\n\t\t\t\t<\/div>\n\t\t\t\t<div class=\"elementor-element elementor-element-c04b1ce elementor-widget elementor-widget-text-editor\" data-id=\"c04b1ce\" data-element_type=\"widget\" data-e-type=\"widget\" data-widget_type=\"text-editor.default\">\n\t\t\t\t<div class=\"elementor-widget-container\">\n\t\t\t\t\t\t\t\t\t<p data-pm-slice=\"1 1 []\">En total, aquest barri presenta una pujada acumulada del <strong data-start=\"57\" data-end=\"68\">+22,26%<\/strong>.<\/p>\n\t\t\t\t\t\t\t\t<\/div>\n\t\t\t\t<\/div>\n\t\t\t\t<div class=\"elementor-element elementor-element-dd9862e elementor-widget elementor-widget-heading\" data-id=\"dd9862e\" data-element_type=\"widget\" data-e-type=\"widget\" data-widget_type=\"heading.default\">\n\t\t\t\t<div class=\"elementor-widget-container\">\n\t\t\t\t\t<h2 class=\"elementor-heading-title elementor-size-default\">R\u00e0nquing de barris per pujades acumulades en el per\u00edode 2021-2024<\/h2>\t\t\t\t<\/div>\n\t\t\t\t<\/div>\n\t\t\t\t<div class=\"elementor-element elementor-element-648dd85 elementor-widget elementor-widget-text-editor\" data-id=\"648dd85\" data-element_type=\"widget\" data-e-type=\"widget\" data-widget_type=\"text-editor.default\">\n\t\t\t\t<div class=\"elementor-widget-container\">\n\t\t\t\t\t\t\t\t\t<p data-pm-slice=\"1 1 []\">Per concloure, analitzem les pujades acumulades al districte de <strong data-start=\"64\" data-end=\"77\">Les Corts<\/strong>: com acabem de comentar, un dels seus barris destaca per sobre dels altres dos pel seu creixement durant el per\u00edode d\u2019estudi: <strong data-start=\"204\" data-end=\"234\">La Maternitat i Sant Ramon<\/strong>.<\/p>\n\t\t\t\t\t\t\t\t<\/div>\n\t\t\t\t<\/div>\n\t\t\t\t<div class=\"elementor-element elementor-element-c427582 elementor-widget elementor-widget-eael-fancy-chart\" data-id=\"c427582\" data-element_type=\"widget\" data-e-type=\"widget\" data-widget_type=\"eael-fancy-chart.default\">\n\t\t\t\t<div class=\"elementor-widget-container\">\n\t\t\t\t\t\t\t<div data-options=\"{&quot;chart&quot;:{&quot;toolbar&quot;:{&quot;show&quot;:&quot;&quot;},&quot;type&quot;:&quot;bar&quot;,&quot;background&quot;:&quot;&quot;,&quot;height&quot;:&quot;450px&quot;,&quot;width&quot;:&quot;100%&quot;,&quot;animations&quot;:{&quot;enabled&quot;:&quot;true&quot;,&quot;easing&quot;:&quot;easeinout&quot;,&quot;speed&quot;:1100,&quot;animateGradually&quot;:{&quot;delay&quot;:250}},&quot;offsetX&quot;:0,&quot;offsetY&quot;:0,&quot;stacked&quot;:false},&quot;series&quot;:[{&quot;name&quot;:&quot;%&quot;,&quot;data&quot;:[&quot;22.26&quot;,&quot; 12.33&quot;,&quot; 9.64&quot;]}],&quot;xaxis&quot;:{&quot;categories&quot;:[&quot;La Maternitat i Sant Ramon&quot;,&quot;Les Corts&quot;,&quot;Pedralbes&quot;],&quot;position&quot;:&quot;bottom&quot;,&quot;labels&quot;:{&quot;show&quot;:&quot;&quot;,&quot;style&quot;:{&quot;cssClass&quot;:&quot;eael_fancy_cahrt_xaxis&quot;,&quot;colors&quot;:&quot;&quot;}}},&quot;yaxis&quot;:{&quot;show&quot;:true,&quot;opposite&quot;:&quot;&quot;,&quot;labels&quot;:{&quot;show&quot;:&quot;yes&quot;,&quot;style&quot;:{&quot;cssClass&quot;:&quot;eael_fancy_cahrt_yaxis&quot;,&quot;colors&quot;:&quot;&quot;}}},&quot;legend&quot;:{&quot;show&quot;:&quot;&quot;,&quot;position&quot;:&quot;top&quot;,&quot;labels&quot;:{&quot;colors&quot;:&quot;#333&quot;},&quot;fontSize&quot;:&quot;12px&quot;,&quot;horizontalAlign&quot;:&quot;&quot;,&quot;markers&quot;:{&quot;width&quot;:&quot;&quot;,&quot;height&quot;:&quot;&quot;,&quot;strokeWidth&quot;:&quot;0&quot;,&quot;strokeColor&quot;:&quot;#fff&quot;,&quot;radius&quot;:&quot;&quot;,&quot;offsetX&quot;:&quot;&quot;,&quot;offsetY&quot;:&quot;&quot;}},&quot;tooltip&quot;:{&quot;enabled&quot;:&quot;yes&quot;,&quot;y&quot;:{&quot;prefix&quot;:&quot;%&quot;,&quot;suffix&quot;:&quot;%&quot;}},&quot;grid&quot;:{&quot;show&quot;:&quot;true&quot;,&quot;borderColor&quot;:&quot;#ddd&quot;,&quot;strokeDashArray&quot;:0,&quot;xaxis&quot;:{&quot;lines&quot;:{&quot;show&quot;:&quot;&quot;}},&quot;yaxis&quot;:{&quot;lines&quot;:{&quot;show&quot;:&quot;true&quot;}}},&quot;plotOptions&quot;:{&quot;bar&quot;:{&quot;borderRadius&quot;:&quot;&quot;,&quot;dataLabels&quot;:{&quot;position&quot;:&quot;center&quot;},&quot;horizontal&quot;:true,&quot;columnWidth&quot;:40,&quot;barHeight&quot;:40}},&quot;stroke&quot;:{&quot;show&quot;:&quot;true&quot;,&quot;lineCap&quot;:&quot;butt&quot;,&quot;colors&quot;:[&quot;#FFF&quot;],&quot;width&quot;:2,&quot;dashArray&quot;:0},&quot;dataLabels&quot;:{&quot;enabled&quot;:false,&quot;style&quot;:{&quot;colors&quot;:[&quot;#fff&quot;],&quot;fontSize&quot;:&quot;12px&quot;}},&quot;colors&quot;:[&quot;#D3904C&quot;],&quot;fill&quot;:{&quot;colors&quot;:[&quot;#D3904C&quot;],&quot;opacity&quot;:0.9,&quot;type&quot;:&quot;solid&quot;}}\" class=\"eael_fanct_chart_wrapper\">\n\t\t\t<div class=\"eael_fancy_chart_header\">\n\t\t\t\t\t\t\t\t<h2 class=\"eael_fancy_chart_title\">\n\t\t\t\tR\u00e0nquing de Pujades Acumulades Per\u00edode 2021-2024\t\t\t<\/h2>\n\t\t\t\t\t<\/div>\n\t\t<div class=\"eael_fancy_chart\" id=\"eael_fancy_chart-c427582\"><\/div>\n\t\t<\/div>\n\t\t\t\t\t\t<\/div>\n\t\t\t\t<\/div>\n\t\t\t\t\t<\/div>\n\t\t<\/div>\n\t\t\t\t\t<\/div>\n\t\t<\/section>\n\t\t\t\t<section data-particle_enable=\"false\" data-particle-mobile-disabled=\"false\" class=\"elementor-section elementor-top-section elementor-element elementor-element-d93612e elementor-section-boxed elementor-section-height-default elementor-section-height-default\" data-id=\"d93612e\" data-element_type=\"section\" data-e-type=\"section\">\n\t\t\t\t\t\t<div class=\"elementor-container elementor-column-gap-default\">\n\t\t\t\t\t<div class=\"elementor-column elementor-col-100 elementor-top-column elementor-element elementor-element-5841ee1\" data-id=\"5841ee1\" data-element_type=\"column\" data-e-type=\"column\">\n\t\t\t<div class=\"elementor-widget-wrap elementor-element-populated\">\n\t\t\t\t\t\t<div class=\"elementor-element elementor-element-1a979da elementor-widget elementor-widget-heading\" data-id=\"1a979da\" data-element_type=\"widget\" data-e-type=\"widget\" data-widget_type=\"heading.default\">\n\t\t\t\t<div class=\"elementor-widget-container\">\n\t\t\t\t\t<h2 class=\"elementor-heading-title elementor-size-default\">Preu Pisos Les Corts Barcelona 2025: Previsions<\/h2>\t\t\t\t<\/div>\n\t\t\t\t<\/div>\n\t\t\t\t<div class=\"elementor-element elementor-element-0513952 elementor-widget elementor-widget-text-editor\" data-id=\"0513952\" data-element_type=\"widget\" data-e-type=\"widget\" data-widget_type=\"text-editor.default\">\n\t\t\t\t<div class=\"elementor-widget-container\">\n\t\t\t\t\t\t\t\t\t<p>A partir de l&#8217;estudi realitzat, podem afirmar que el mercat residencial de compra-venda d&#8217;habitatge de segona ma a Les Corts de Barcelona continuar\u00e0 amb una pujada sostinguda pels seg\u00fcents motius:<\/p>\n<ul>\n<li><strong>Noves baixades del tipus d&#8217;inter\u00e8s<\/strong>: es preveu que el Banc Central Europeu realitzi noves reduccions del preu del diner durant els propers mesos, abaratint les quotes dels pr\u00e9stecs hipotecaris ja contractats i fent m\u00e9s atractius aquells que es suscriuran durant l&#8217;any 2025.<\/li>\n<li><strong>Reducci\u00f3 o manteniment de l&#8217;oferta de pisos <\/strong>al mercat immobiliari barcelon\u00ed: fets com la baixada de la natalitat o les noves formes d&#8217;\u00fas residencial com, per exemple, el coliving, han fet que es redueixi enormement la rotaci\u00f3 als habitatges de propietat.<\/li>\n<li><strong>Augment de la poblaci\u00f3:\u00a0<\/strong>ahir vam saber que Barcelona ha registrat un nou r\u00e8cord de poblaci\u00f3;\u00a0 segons les dades del padr\u00f3, ja som 1,718 milions els habitants de la ciutat Comtal.<\/li>\n<li><strong>Estabilitat del mercat laboral.<\/strong><\/li>\n<li><strong>Manca de s\u00f2l per a la promoci\u00f3 d&#8217;obra nova:\u00a0<\/strong>en el cas de Barcelona, tamb\u00e9 podriem definir la situaci\u00f3 com &#8220;inexist\u00e8ncia de s\u00f2l finalista&#8221;. Per motius geogr\u00e0fics coneguts per tots, la nostra ciutat compta amb molt poc s\u00f2l disponible per a la construcci\u00f3 d&#8217;habitatge.<\/li>\n<li>La<strong> finalitzaci\u00f3 de la concessi\u00f3 de les &#8220;Golden Visa&#8221;<\/strong> tindr\u00e0 un lleu impacte en el preu \u20ac\/m\u00b2 de Les Corts ja que sols ha suposat un 5,3% del total de compra-vendes registrades a la ciutat Comtal.<\/li>\n<\/ul>\n\t\t\t\t\t\t\t\t<\/div>\n\t\t\t\t<\/div>\n\t\t\t\t\t<\/div>\n\t\t<\/div>\n\t\t\t\t\t<\/div>\n\t\t<\/section>\n\t\t\t\t<section data-particle_enable=\"false\" data-particle-mobile-disabled=\"false\" class=\"elementor-section elementor-top-section elementor-element elementor-element-8729984 elementor-section-boxed elementor-section-height-default elementor-section-height-default\" data-id=\"8729984\" data-element_type=\"section\" data-e-type=\"section\">\n\t\t\t\t\t\t<div class=\"elementor-container elementor-column-gap-default\">\n\t\t\t\t\t<div class=\"elementor-column elementor-col-100 elementor-top-column elementor-element elementor-element-ee56191\" data-id=\"ee56191\" data-element_type=\"column\" data-e-type=\"column\">\n\t\t\t<div class=\"elementor-widget-wrap elementor-element-populated\">\n\t\t\t\t\t\t<div class=\"elementor-element elementor-element-af4a198 elementor-widget elementor-widget-text-editor\" data-id=\"af4a198\" data-element_type=\"widget\" data-e-type=\"widget\" data-widget_type=\"text-editor.default\">\n\t\t\t\t<div class=\"elementor-widget-container\">\n\t\t\t\t\t\t\t\t\t<p data-start=\"0\" data-end=\"66\"><strong data-start=\"3\" data-end=\"64\">Quant ha variat el preu de casa teva en els darrers mesos?<\/strong><\/p>\n<p data-start=\"68\" data-end=\"221\">\n\t\t\t\t\t\t\t\t<\/div>\n\t\t\t\t<\/div>\n\t\t\t\t<div class=\"elementor-element elementor-element-139e46a elementor-widget elementor-widget-heading\" data-id=\"139e46a\" data-element_type=\"widget\" data-e-type=\"widget\" data-widget_type=\"heading.default\">\n\t\t\t\t<div class=\"elementor-widget-container\">\n\t\t\t\t\t<h3 class=\"elementor-heading-title elementor-size-default\">Rep una estimaci\u00f3 actualitzada del <br> preu del teu pis en nom\u00e9s 2 minuts<\/h3>\t\t\t\t<\/div>\n\t\t\t\t<\/div>\n\t\t\t\t<div class=\"elementor-element elementor-element-e7a1d2b elementor-widget elementor-widget-html\" data-id=\"e7a1d2b\" data-element_type=\"widget\" data-e-type=\"widget\" data-widget_type=\"html.default\">\n\t\t\t\t<div class=\"elementor-widget-container\">\n\t\t\t\t\t<div id=\"casafari-lead-magnet-widget\"><\/div>\r\n<script type=\"text\/javascript\" src=\"https:\/\/es.casafari.com\/valuation-widget\/widget.js\"><\/script>\r\n<script type=\"text\/javascript\">\r\n  window.initializeCasafariWidget({\r\n  \"targetID\": \"casafari-lead-magnet-widget\",\r\n  \"key\": \"204DC7F1B7BC0A525CE9E94E69D0\",\r\n  \"operationType\": \"sell\/rent\",\r\n  \"ccEmails\": [\r\n    \"marta@puntohabitat.es\"\r\n  ]\r\n});\r\n<\/script>\r\n\t\t\t\t<\/div>\n\t\t\t\t<\/div>\n\t\t\t\t\t<\/div>\n\t\t<\/div>\n\t\t\t\t\t<\/div>\n\t\t<\/section>\n\t\t\t\t<section data-particle_enable=\"false\" data-particle-mobile-disabled=\"false\" class=\"elementor-section elementor-top-section elementor-element elementor-element-4f69e88 elementor-section-boxed elementor-section-height-default elementor-section-height-default\" data-id=\"4f69e88\" data-element_type=\"section\" data-e-type=\"section\">\n\t\t\t\t\t\t<div class=\"elementor-container elementor-column-gap-default\">\n\t\t\t\t\t<div class=\"elementor-column elementor-col-100 elementor-top-column elementor-element elementor-element-079ed4a\" data-id=\"079ed4a\" data-element_type=\"column\" data-e-type=\"column\">\n\t\t\t<div class=\"elementor-widget-wrap elementor-element-populated\">\n\t\t\t\t\t\t<div class=\"elementor-element elementor-element-5596e05 elementor-widget elementor-widget-heading\" data-id=\"5596e05\" data-element_type=\"widget\" data-e-type=\"widget\" data-widget_type=\"heading.default\">\n\t\t\t\t<div class=\"elementor-widget-container\">\n\t\t\t\t\t<h2 class=\"elementor-heading-title elementor-size-default\">Evoluci\u00f3n de Preus a Barcelona: Tots els Districtes<\/h2>\t\t\t\t<\/div>\n\t\t\t\t<\/div>\n\t\t\t\t<div class=\"elementor-element elementor-element-9efbe79 elementor-widget elementor-widget-image\" data-id=\"9efbe79\" data-element_type=\"widget\" data-e-type=\"widget\" data-widget_type=\"image.default\">\n\t\t\t\t<div class=\"elementor-widget-container\">\n\t\t\t\t\t\t\t\t\t\t\t\t\t\t\t<img loading=\"lazy\" decoding=\"async\" width=\"1024\" height=\"415\" src=\"https:\/\/puntohabitat.es\/wp-content\/uploads\/2025\/01\/Precio-Vivienda-Barcelona-1024x415.webp\" class=\"attachment-large size-large wp-image-82243\" alt=\"Precio Vivienda Barcelona\" srcset=\"https:\/\/puntohabitat.es\/wp-content\/uploads\/2025\/01\/Precio-Vivienda-Barcelona-1024x415.webp 1024w, https:\/\/puntohabitat.es\/wp-content\/uploads\/2025\/01\/Precio-Vivienda-Barcelona-300x122.webp 300w, https:\/\/puntohabitat.es\/wp-content\/uploads\/2025\/01\/Precio-Vivienda-Barcelona-768x311.webp 768w, https:\/\/puntohabitat.es\/wp-content\/uploads\/2025\/01\/Precio-Vivienda-Barcelona-496x201.webp 496w, https:\/\/puntohabitat.es\/wp-content\/uploads\/2025\/01\/Precio-Vivienda-Barcelona.webp 1200w\" sizes=\"(max-width: 1024px) 100vw, 1024px\" \/>\t\t\t\t\t\t\t\t\t\t\t\t\t\t\t<\/div>\n\t\t\t\t<\/div>\n\t\t\t\t<div class=\"elementor-element elementor-element-1d87978 elementor-widget elementor-widget-text-editor\" data-id=\"1d87978\" data-element_type=\"widget\" data-e-type=\"widget\" data-widget_type=\"text-editor.default\">\n\t\t\t\t<div class=\"elementor-widget-container\">\n\t\t\t\t\t\t\t\t\t<p>Per tal d\u2019oferir-te una informaci\u00f3 completa, hem preparat un estudi detallat dels preus de <strong data-start=\"90\" data-end=\"126\">tots els districtes de Barcelona.<\/strong><\/p>\n<p>Aqu\u00ed et deixem els enlla\u00e7os:<\/p>\n<ul>\n<li><a href=\"https:\/\/puntohabitat.es\/ca\/preu-pisos-eixample-barcelona\/\" target=\"_blank\" rel=\"noopener\">Precio Vivienda Eixample<\/a><\/li>\n<li><a href=\"https:\/\/puntohabitat.es\/ca\/preu-pisos-eixample-barcelona-6\/\" target=\"_blank\" rel=\"noopener\">Precio Vivienda Sant Mart\u00ed<\/a><\/li>\n<li><a href=\"https:\/\/puntohabitat.es\/ca\/preu-pisos-sarria-sant-gervasi-barcelona\/\" target=\"_blank\" rel=\"noopener\">Precio Vivienda Sarri\u00e0-Sant Gervasi<\/a><\/li>\n<li><a href=\"https:\/\/puntohabitat.es\/ca\/preu-pisos-eixample-barcelona-5\/\" target=\"_blank\" rel=\"noopener\">Precio Vivienda Horta-Guinard\u00f3<\/a><\/li>\n<li><a href=\"https:\/\/puntohabitat.es\/ca\/preu-pisos-eixample-barcelona-9\/\" target=\"_blank\" rel=\"noopener\">Precio Vivienda Sants-Montju\u00efc<\/a><\/li>\n<li><a href=\"https:\/\/puntohabitat.es\/ca\/preu-pisos-eixample-barcelona-10\/\" target=\"_blank\" rel=\"noopener\">Precio Vivienda Sant Andreu Barcelona<\/a><\/li>\n<li><a href=\"https:\/\/puntohabitat.es\/ca\/preu-pisos-nou-barris-barcelona\/\" target=\"_blank\" rel=\"noopener\">Precio Vivienda Nou Barris<\/a><\/li>\n<li><a href=\"https:\/\/puntohabitat.es\/ca\/preu-pisos-eixample-barcelona-4\/\" target=\"_blank\" rel=\"noopener\">Precio Vivienda Ciutat Vella<\/a><\/li>\n<li><a href=\"https:\/\/puntohabitat.es\/ca\/preu-pisos-eixample-barcelona-8\/\" target=\"_blank\" rel=\"noopener\">Precio Vivienda Gr\u00e0cia<\/a><\/li>\n<\/ul>\n\t\t\t\t\t\t\t\t<\/div>\n\t\t\t\t<\/div>\n\t\t\t\t\t<\/div>\n\t\t<\/div>\n\t\t\t\t\t<\/div>\n\t\t<\/section>\n\t\t\t\t<section data-particle_enable=\"false\" data-particle-mobile-disabled=\"false\" class=\"elementor-section elementor-top-section elementor-element elementor-element-a7f7fa6 elementor-section-boxed elementor-section-height-default elementor-section-height-default\" data-id=\"a7f7fa6\" data-element_type=\"section\" data-e-type=\"section\">\n\t\t\t\t\t\t<div class=\"elementor-container elementor-column-gap-default\">\n\t\t\t\t\t<div class=\"elementor-column elementor-col-100 elementor-top-column elementor-element elementor-element-49c1fa7\" data-id=\"49c1fa7\" data-element_type=\"column\" data-e-type=\"column\">\n\t\t\t<div class=\"elementor-widget-wrap elementor-element-populated\">\n\t\t\t\t\t\t<div class=\"elementor-element elementor-element-8896122 elementor-widget elementor-widget-heading\" data-id=\"8896122\" data-element_type=\"widget\" data-e-type=\"widget\" data-widget_type=\"heading.default\">\n\t\t\t\t<div class=\"elementor-widget-container\">\n\t\t\t\t\t<h2 class=\"elementor-heading-title elementor-size-default\">Preu Pisos Les Corts Barcelona: m\u00e9s informaci\u00f3<\/h2>\t\t\t\t<\/div>\n\t\t\t\t<\/div>\n\t\t\t\t<div class=\"elementor-element elementor-element-2a9a93e elementor-widget elementor-widget-text-editor\" data-id=\"2a9a93e\" data-element_type=\"widget\" data-e-type=\"widget\" data-widget_type=\"text-editor.default\">\n\t\t\t\t<div class=\"elementor-widget-container\">\n\t\t\t\t\t\t\t\t\t<p>En properes entrades analitzarem l\u2019evoluci\u00f3 del nombre de transmissions realitzades al districte de <strong data-start=\"100\" data-end=\"113\">Les Corts<\/strong> i l\u2019evoluci\u00f3 del preu unitari mitj\u00e0 per a que pugueu disposar d\u2019una informaci\u00f3 m\u00e9s completa.<\/p>\n\t\t\t\t\t\t\t\t<\/div>\n\t\t\t\t<\/div>\n\t\t\t\t<div class=\"elementor-element elementor-element-1f08c9f elementor-widget elementor-widget-text-editor\" data-id=\"1f08c9f\" data-element_type=\"widget\" data-e-type=\"widget\" data-widget_type=\"text-editor.default\">\n\t\t\t\t<div class=\"elementor-widget-container\">\n\t\t\t\t\t\t\t\t\t<p>Si et cal m\u00e9s informaci\u00f3 o vols resoldre qualsevol dubte, contacta ara.<\/p>\n<p>T&#8217;atendrem inmediatament.<\/p>\n\t\t\t\t\t\t\t\t<\/div>\n\t\t\t\t<\/div>\n\t\t\t\t\t<\/div>\n\t\t<\/div>\n\t\t\t\t\t<\/div>\n\t\t<\/section>\n\t\t\t\t<section data-particle_enable=\"false\" data-particle-mobile-disabled=\"false\" class=\"elementor-section elementor-top-section elementor-element elementor-element-6317c1b6 elementor-section-boxed elementor-section-height-default elementor-section-height-default\" data-id=\"6317c1b6\" data-element_type=\"section\" data-e-type=\"section\">\n\t\t\t\t\t\t<div class=\"elementor-container elementor-column-gap-default\">\n\t\t\t\t\t<div class=\"elementor-column elementor-col-33 elementor-top-column elementor-element elementor-element-310e8680\" data-id=\"310e8680\" data-element_type=\"column\" data-e-type=\"column\">\n\t\t\t<div class=\"elementor-widget-wrap elementor-element-populated\">\n\t\t\t\t\t\t<div class=\"elementor-element elementor-element-66ebd4db elementor-view-default elementor-widget elementor-widget-icon\" data-id=\"66ebd4db\" data-element_type=\"widget\" data-e-type=\"widget\" data-widget_type=\"icon.default\">\n\t\t\t\t<div class=\"elementor-widget-container\">\n\t\t\t\t\t\t\t<div class=\"elementor-icon-wrapper\">\n\t\t\t<a class=\"elementor-icon\" href=\"https:\/\/wa.me\/34615776631\">\n\t\t\t<i aria-hidden=\"true\" class=\"fab fa-whatsapp\"><\/i>\t\t\t<\/a>\n\t\t<\/div>\n\t\t\t\t\t\t<\/div>\n\t\t\t\t<\/div>\n\t\t\t\t\t<\/div>\n\t\t<\/div>\n\t\t\t\t<div class=\"elementor-column elementor-col-33 elementor-top-column elementor-element elementor-element-4f3218c9\" data-id=\"4f3218c9\" data-element_type=\"column\" data-e-type=\"column\">\n\t\t\t<div class=\"elementor-widget-wrap elementor-element-populated\">\n\t\t\t\t\t\t<div class=\"elementor-element elementor-element-315c5d58 elementor-view-default elementor-widget elementor-widget-icon\" data-id=\"315c5d58\" data-element_type=\"widget\" data-e-type=\"widget\" data-widget_type=\"icon.default\">\n\t\t\t\t<div class=\"elementor-widget-container\">\n\t\t\t\t\t\t\t<div class=\"elementor-icon-wrapper\">\n\t\t\t<a class=\"elementor-icon\" href=\"tel:934558535\">\n\t\t\t<i aria-hidden=\"true\" class=\"icon icon-mobile\"><\/i>\t\t\t<\/a>\n\t\t<\/div>\n\t\t\t\t\t\t<\/div>\n\t\t\t\t<\/div>\n\t\t\t\t\t<\/div>\n\t\t<\/div>\n\t\t\t\t<div class=\"elementor-column elementor-col-33 elementor-top-column elementor-element elementor-element-39e88d56\" data-id=\"39e88d56\" data-element_type=\"column\" data-e-type=\"column\">\n\t\t\t<div class=\"elementor-widget-wrap elementor-element-populated\">\n\t\t\t\t\t\t<div class=\"elementor-element elementor-element-13dd334e elementor-view-default elementor-widget elementor-widget-icon\" data-id=\"13dd334e\" data-element_type=\"widget\" data-e-type=\"widget\" data-widget_type=\"icon.default\">\n\t\t\t\t<div class=\"elementor-widget-container\">\n\t\t\t\t\t\t\t<div class=\"elementor-icon-wrapper\">\n\t\t\t<a class=\"elementor-icon\" href=\"mailto:info@puntohabitat.es\">\n\t\t\t<i aria-hidden=\"true\" class=\"icon icon-mail\"><\/i>\t\t\t<\/a>\n\t\t<\/div>\n\t\t\t\t\t\t<\/div>\n\t\t\t\t<\/div>\n\t\t\t\t\t<\/div>\n\t\t<\/div>\n\t\t\t\t\t<\/div>\n\t\t<\/section>\n\t\t\t\t<section data-particle_enable=\"false\" data-particle-mobile-disabled=\"false\" class=\"elementor-section elementor-top-section elementor-element elementor-element-57fb33e5 elementor-section-boxed elementor-section-height-default elementor-section-height-default\" data-id=\"57fb33e5\" data-element_type=\"section\" data-e-type=\"section\">\n\t\t\t\t\t\t<div class=\"elementor-container elementor-column-gap-default\">\n\t\t\t\t\t<div class=\"elementor-column elementor-col-100 elementor-top-column elementor-element elementor-element-4e75cb97\" data-id=\"4e75cb97\" data-element_type=\"column\" data-e-type=\"column\">\n\t\t\t<div class=\"elementor-widget-wrap elementor-element-populated\">\n\t\t\t\t\t\t<div class=\"elementor-element elementor-element-71d7913 elementor-widget elementor-widget-image\" data-id=\"71d7913\" data-element_type=\"widget\" data-e-type=\"widget\" data-widget_type=\"image.default\">\n\t\t\t\t<div class=\"elementor-widget-container\">\n\t\t\t\t\t\t\t\t\t\t\t\t\t\t\t\t<a href=\"https:\/\/puntohabitat.es\/ca\/\">\n\t\t\t\t\t\t\t<img loading=\"lazy\" decoding=\"async\" width=\"300\" height=\"20\" src=\"https:\/\/puntohabitat.es\/wp-content\/uploads\/2022\/05\/logo-web-transparente-e1662796605608-300x20.png\" class=\"attachment-medium size-medium wp-image-67886\" alt=\"\" srcset=\"https:\/\/puntohabitat.es\/wp-content\/uploads\/2022\/05\/logo-web-transparente-e1662796605608-300x20.png 300w, https:\/\/puntohabitat.es\/wp-content\/uploads\/2022\/05\/logo-web-transparente-e1662796605608-1024x70.png 1024w, https:\/\/puntohabitat.es\/wp-content\/uploads\/2022\/05\/logo-web-transparente-e1662796605608-768x52.png 768w, https:\/\/puntohabitat.es\/wp-content\/uploads\/2022\/05\/logo-web-transparente-e1662796605608-1536x104.png 1536w, https:\/\/puntohabitat.es\/wp-content\/uploads\/2022\/05\/logo-web-transparente-e1662796605608-2048x139.png 2048w, https:\/\/puntohabitat.es\/wp-content\/uploads\/2022\/05\/logo-web-transparente-e1662796605608-150x10.png 150w, https:\/\/puntohabitat.es\/wp-content\/uploads\/2022\/05\/logo-web-transparente-e1662796605608-350x24.png 350w, https:\/\/puntohabitat.es\/wp-content\/uploads\/2022\/05\/logo-web-transparente-e1662796605608-320x22.png 320w, https:\/\/puntohabitat.es\/wp-content\/uploads\/2022\/05\/logo-web-transparente-e1662796605608-480x33.png 480w, https:\/\/puntohabitat.es\/wp-content\/uploads\/2022\/05\/logo-web-transparente-e1662796605608-800x54.png 800w\" sizes=\"(max-width: 300px) 100vw, 300px\" \/>\t\t\t\t\t\t\t\t<\/a>\n\t\t\t\t\t\t\t\t\t\t\t\t\t\t\t<\/div>\n\t\t\t\t<\/div>\n\t\t\t\t<div class=\"elementor-element elementor-element-5fed6e90 elementor-widget elementor-widget-global elementor-global-70640 elementor-widget-text-editor\" data-id=\"5fed6e90\" data-element_type=\"widget\" data-e-type=\"widget\" data-widget_type=\"text-editor.default\">\n\t\t\t\t<div class=\"elementor-widget-container\">\n\t\t\t\t\t\t\t\t\t<p style=\"text-align: center;\">Inmobiliaria en Barcelona desde 1995<\/p>\t\t\t\t\t\t\t\t<\/div>\n\t\t\t\t<\/div>\n\t\t\t\t<div class=\"elementor-element elementor-element-3098b397 elementor-widget elementor-widget-image\" data-id=\"3098b397\" data-element_type=\"widget\" data-e-type=\"widget\" data-widget_type=\"image.default\">\n\t\t\t\t<div class=\"elementor-widget-container\">\n\t\t\t\t\t\t\t\t\t\t\t\t\t\t\t<img loading=\"lazy\" decoding=\"async\" width=\"1024\" height=\"768\" src=\"https:\/\/puntohabitat.es\/wp-content\/uploads\/2023\/10\/IMG_0694-1024x768.jpeg\" class=\"attachment-large size-large wp-image-70603\" alt=\"PUNTO HABITAT Sant Joan\" srcset=\"https:\/\/puntohabitat.es\/wp-content\/uploads\/2023\/10\/IMG_0694-1024x768.jpeg 1024w, https:\/\/puntohabitat.es\/wp-content\/uploads\/2023\/10\/IMG_0694-300x225.jpeg 300w, https:\/\/puntohabitat.es\/wp-content\/uploads\/2023\/10\/IMG_0694-768x576.jpeg 768w, https:\/\/puntohabitat.es\/wp-content\/uploads\/2023\/10\/IMG_0694-1536x1152.jpeg 1536w, https:\/\/puntohabitat.es\/wp-content\/uploads\/2023\/10\/IMG_0694-2048x1536.jpeg 2048w, https:\/\/puntohabitat.es\/wp-content\/uploads\/2023\/10\/IMG_0694-592x444.jpeg 592w, https:\/\/puntohabitat.es\/wp-content\/uploads\/2023\/10\/IMG_0694-584x438.jpeg 584w, https:\/\/puntohabitat.es\/wp-content\/uploads\/2023\/10\/IMG_0694-800x600.jpeg 800w, https:\/\/puntohabitat.es\/wp-content\/uploads\/2023\/10\/IMG_0694-120x90.jpeg 120w, https:\/\/puntohabitat.es\/wp-content\/uploads\/2023\/10\/IMG_0694-496x372.jpeg 496w\" sizes=\"(max-width: 1024px) 100vw, 1024px\" \/>\t\t\t\t\t\t\t\t\t\t\t\t\t\t\t<\/div>\n\t\t\t\t<\/div>\n\t\t\t\t<div class=\"elementor-element elementor-element-5f9ecd9d elementor-widget elementor-widget-heading\" data-id=\"5f9ecd9d\" data-element_type=\"widget\" data-e-type=\"widget\" data-widget_type=\"heading.default\">\n\t\t\t\t<div class=\"elementor-widget-container\">\n\t\t\t\t\t<h2 class=\"elementor-heading-title elementor-size-default\">M\u00e9s informaci\u00f3 sobre la situaci\u00f3 del <br> mercat immobiliari a Barcelona<\/h2>\t\t\t\t<\/div>\n\t\t\t\t<\/div>\n\t\t\t\t<div class=\"elementor-element elementor-element-5ab61dfc elementor-widget elementor-widget-text-editor\" data-id=\"5ab61dfc\" data-element_type=\"widget\" data-e-type=\"widget\" data-widget_type=\"text-editor.default\">\n\t\t\t\t<div class=\"elementor-widget-container\">\n\t\t\t\t\t\t\t\t\t<p style=\"text-align: center;\">Contacta amb nosaltres per a resoldre qualsevol dubte sobre el mercat immobiliari a Barcelona.<\/p>\n<p style=\"text-align: center;\">Si prefereixes un assessorament personalitzat, vine a les nostres oficines: t&#8217;hi esperem.<\/p>\n<p>&nbsp;<\/p>\n<p style=\"text-align: center;\"><strong><a href=\"https:\/\/goo.gl\/maps\/9AmaF68C5Ys9imkr5\">OFICINA PUNTO HABITAT SANT JOAN<\/a><\/strong><\/p>\n<p style=\"text-align: center;\"><strong><a href=\"https:\/\/goo.gl\/maps\/QtN46yjZxVexqGKQ9\">OFICINA PUNTO HABITAT GAUD\u00cd<\/a><\/strong><\/p>\n\t\t\t\t\t\t\t\t<\/div>\n\t\t\t\t<\/div>\n\t\t\t\t\t<\/div>\n\t\t<\/div>\n\t\t\t\t\t<\/div>\n\t\t<\/section>\n\t\t\t\t<section data-particle_enable=\"false\" data-particle-mobile-disabled=\"false\" class=\"elementor-section elementor-top-section elementor-element elementor-element-5b682216 elementor-section-content-middle elementor-section-boxed elementor-section-height-default elementor-section-height-default\" data-id=\"5b682216\" data-element_type=\"section\" data-e-type=\"section\">\n\t\t\t\t\t\t\t<div class=\"elementor-background-overlay\"><\/div>\n\t\t\t\t\t\t\t<div class=\"elementor-container elementor-column-gap-default\">\n\t\t\t\t\t<div class=\"elementor-column elementor-col-33 elementor-top-column elementor-element elementor-element-711fbca9\" data-id=\"711fbca9\" data-element_type=\"column\" data-e-type=\"column\">\n\t\t\t<div class=\"elementor-widget-wrap elementor-element-populated\">\n\t\t\t\t\t\t<div class=\"elementor-element elementor-element-7f8e7cdb elementor-widget__width-initial elementor-widget elementor-widget-eael-creative-button\" data-id=\"7f8e7cdb\" data-element_type=\"widget\" data-e-type=\"widget\" data-widget_type=\"eael-creative-button.default\">\n\t\t\t\t<div class=\"elementor-widget-container\">\n\t\t\t\t\t        <div class=\"eael-creative-button-wrapper\">\n\n            <a class=\"eael-creative-button eael-creative-button--wayra eael-cb-icon-position-\" href=\"https:\/\/puntohabitat.es\/ca\/vendre-el-teu-pis-a-barcelona\/\" data-text=\"Go!\">\n            \t    \n                <div class=\"creative-button-inner\">\n\n                    \n                    <span class=\"cretive-button-text\">Vendre<\/span>\n\n                                    <\/div>\n\t                        <\/a>\n        <\/div>\n        \t\t\t\t<\/div>\n\t\t\t\t<\/div>\n\t\t\t\t\t<\/div>\n\t\t<\/div>\n\t\t\t\t<div class=\"elementor-column elementor-col-33 elementor-top-column elementor-element elementor-element-251f6ccc\" data-id=\"251f6ccc\" data-element_type=\"column\" data-e-type=\"column\">\n\t\t\t<div class=\"elementor-widget-wrap elementor-element-populated\">\n\t\t\t\t\t\t<div class=\"elementor-element elementor-element-2fbde377 elementor-widget__width-initial elementor-widget elementor-widget-eael-creative-button\" data-id=\"2fbde377\" data-element_type=\"widget\" data-e-type=\"widget\" data-widget_type=\"eael-creative-button.default\">\n\t\t\t\t<div class=\"elementor-widget-container\">\n\t\t\t\t\t        <div class=\"eael-creative-button-wrapper\">\n\n            <a class=\"eael-creative-button eael-creative-button--wayra eael-cb-icon-position-\" href=\"https:\/\/puntohabitat.es\/ca\/llogar-el-teu-pis-a-barcelona\/\" data-text=\"Go!\">\n            \t    \n                <div class=\"creative-button-inner\">\n\n                    \n                    <span class=\"cretive-button-text\">Llogar el meu pis<\/span>\n\n                                    <\/div>\n\t                        <\/a>\n        <\/div>\n        \t\t\t\t<\/div>\n\t\t\t\t<\/div>\n\t\t\t\t\t<\/div>\n\t\t<\/div>\n\t\t\t\t<div class=\"elementor-column elementor-col-33 elementor-top-column elementor-element elementor-element-293737ee\" data-id=\"293737ee\" data-element_type=\"column\" data-e-type=\"column\">\n\t\t\t<div class=\"elementor-widget-wrap elementor-element-populated\">\n\t\t\t\t\t\t<div class=\"elementor-element elementor-element-7df18f4d elementor-widget__width-initial elementor-widget elementor-widget-eael-creative-button\" data-id=\"7df18f4d\" data-element_type=\"widget\" data-e-type=\"widget\" data-widget_type=\"eael-creative-button.default\">\n\t\t\t\t<div class=\"elementor-widget-container\">\n\t\t\t\t\t        <div class=\"eael-creative-button-wrapper\">\n\n            <a class=\"eael-creative-button eael-creative-button--wayra eael-cb-icon-position-\" href=\"https:\/\/puntohabitat.es\/ca\/gestio-de-lloguer\/\" data-text=\"Go!\">\n            \t    \n                <div class=\"creative-button-inner\">\n\n                    \n                    <span class=\"cretive-button-text\">Gesti\u00f3 Lloguer<\/span>\n\n                                    <\/div>\n\t                        <\/a>\n        <\/div>\n        \t\t\t\t<\/div>\n\t\t\t\t<\/div>\n\t\t\t\t\t<\/div>\n\t\t<\/div>\n\t\t\t\t\t<\/div>\n\t\t<\/section>\n\t\t\t\t<section data-particle_enable=\"false\" data-particle-mobile-disabled=\"false\" class=\"elementor-section elementor-top-section elementor-element elementor-element-7d55e9ae elementor-section-content-middle elementor-section-boxed elementor-section-height-default elementor-section-height-default\" data-id=\"7d55e9ae\" data-element_type=\"section\" data-e-type=\"section\">\n\t\t\t\t\t\t\t<div class=\"elementor-background-overlay\"><\/div>\n\t\t\t\t\t\t\t<div class=\"elementor-container elementor-column-gap-default\">\n\t\t\t\t\t<div class=\"elementor-column elementor-col-25 elementor-top-column elementor-element elementor-element-58fab16a\" data-id=\"58fab16a\" data-element_type=\"column\" data-e-type=\"column\">\n\t\t\t<div class=\"elementor-widget-wrap elementor-element-populated\">\n\t\t\t\t\t\t<div class=\"elementor-element elementor-element-58a5dab6 elementor-widget__width-initial elementor-widget elementor-widget-eael-creative-button\" data-id=\"58a5dab6\" data-element_type=\"widget\" data-e-type=\"widget\" data-widget_type=\"eael-creative-button.default\">\n\t\t\t\t<div class=\"elementor-widget-container\">\n\t\t\t\t\t        <div class=\"eael-creative-button-wrapper\">\n\n            <a class=\"eael-creative-button eael-creative-button--wayra eael-cb-icon-position-\" href=\"https:\/\/puntohabitat.es\/ca\/valoracio-online\/\" data-text=\"Go!\">\n            \t    \n                <div class=\"creative-button-inner\">\n\n                    \n                    <span class=\"cretive-button-text\">Valoraci\u00f3 Online<\/span>\n\n                                    <\/div>\n\t                        <\/a>\n        <\/div>\n        \t\t\t\t<\/div>\n\t\t\t\t<\/div>\n\t\t\t\t\t<\/div>\n\t\t<\/div>\n\t\t\t\t<div class=\"elementor-column elementor-col-25 elementor-top-column elementor-element elementor-element-2f220df4\" data-id=\"2f220df4\" data-element_type=\"column\" data-e-type=\"column\">\n\t\t\t<div class=\"elementor-widget-wrap elementor-element-populated\">\n\t\t\t\t\t\t<div class=\"elementor-element elementor-element-79e7c70d elementor-widget__width-initial elementor-widget elementor-widget-eael-creative-button\" data-id=\"79e7c70d\" data-element_type=\"widget\" data-e-type=\"widget\" data-widget_type=\"eael-creative-button.default\">\n\t\t\t\t<div class=\"elementor-widget-container\">\n\t\t\t\t\t        <div class=\"eael-creative-button-wrapper\">\n\n            <a class=\"eael-creative-button eael-creative-button--wayra eael-cb-icon-position-\" href=\"https:\/\/puntohabitat.es\/pisosventabarcelona\/\" data-text=\"Go!\">\n            \t    \n                <div class=\"creative-button-inner\">\n\n                    \n                    <span class=\"cretive-button-text\">Pisos Venda<\/span>\n\n                                    <\/div>\n\t                        <\/a>\n        <\/div>\n        \t\t\t\t<\/div>\n\t\t\t\t<\/div>\n\t\t\t\t\t<\/div>\n\t\t<\/div>\n\t\t\t\t<div class=\"elementor-column elementor-col-25 elementor-top-column elementor-element elementor-element-3c97dbd9\" data-id=\"3c97dbd9\" data-element_type=\"column\" data-e-type=\"column\">\n\t\t\t<div class=\"elementor-widget-wrap elementor-element-populated\">\n\t\t\t\t\t\t<div class=\"elementor-element elementor-element-1f319047 elementor-widget__width-initial elementor-widget elementor-widget-eael-creative-button\" data-id=\"1f319047\" data-element_type=\"widget\" data-e-type=\"widget\" data-widget_type=\"eael-creative-button.default\">\n\t\t\t\t<div class=\"elementor-widget-container\">\n\t\t\t\t\t        <div class=\"eael-creative-button-wrapper\">\n\n            <a class=\"eael-creative-button eael-creative-button--wayra eael-cb-icon-position-\" href=\"https:\/\/puntohabitat.es\/pisosalquilerbarcelona\/\" data-text=\"Go!\">\n            \t    \n                <div class=\"creative-button-inner\">\n\n                    \n                    <span class=\"cretive-button-text\">Pisos Lloguer<\/span>\n\n                                    <\/div>\n\t                        <\/a>\n        <\/div>\n        \t\t\t\t<\/div>\n\t\t\t\t<\/div>\n\t\t\t\t\t<\/div>\n\t\t<\/div>\n\t\t\t\t<div class=\"elementor-column elementor-col-25 elementor-top-column elementor-element elementor-element-417c66af\" data-id=\"417c66af\" data-element_type=\"column\" data-e-type=\"column\">\n\t\t\t<div class=\"elementor-widget-wrap elementor-element-populated\">\n\t\t\t\t\t\t<div class=\"elementor-element elementor-element-5eb81bed elementor-widget__width-initial elementor-widget elementor-widget-eael-creative-button\" data-id=\"5eb81bed\" data-element_type=\"widget\" data-e-type=\"widget\" data-widget_type=\"eael-creative-button.default\">\n\t\t\t\t<div class=\"elementor-widget-container\">\n\t\t\t\t\t        <div class=\"eael-creative-button-wrapper\">\n\n            <a class=\"eael-creative-button eael-creative-button--wayra eael-cb-icon-position-\" href=\"https:\/\/puntohabitat.es\/ca\/contacte\/\" data-text=\"Go!\">\n            \t    \n                <div class=\"creative-button-inner\">\n\n                    \n                    <span class=\"cretive-button-text\">Contactar<\/span>\n\n                                    <\/div>\n\t                        <\/a>\n        <\/div>\n        \t\t\t\t<\/div>\n\t\t\t\t<\/div>\n\t\t\t\t\t<\/div>\n\t\t<\/div>\n\t\t\t\t\t<\/div>\n\t\t<\/section>\n\t\t\t\t<\/div>\n\t\t","protected":false},"excerpt":{"rendered":"<p>Com ha Evolucionat el Preu dels Pisos a Les Corts de Barcelona en el per\u00edode 2021-2024? Preu Pisos Les Corts Barcelona: El mercat immobiliari de Les Corts ha experimentat una evoluci\u00f3 significativa entre 2021 i 2024, influenciat per factors com la demanda sostinguda, la progressiva disminuci\u00f3 de l\u2019oferta d\u2019habitatges i la gran qualitat de vida [&hellip;]<\/p>\n","protected":false},"author":2,"featured_media":83220,"comment_status":"closed","ping_status":"closed","sticky":false,"template":"","format":"standard","meta":{"footnotes":""},"categories":[180,179],"tags":[190,201,204],"class_list":["post-82358","post","type-post","status-publish","format-standard","has-post-thumbnail","hentry","category-venda","category-viure-a-barcelona","tag-barcelona-ca","tag-valoracio-pis","tag-vendre-pis"],"yoast_head":"<!-- This site is optimized with the Yoast SEO plugin v27.5 - https:\/\/yoast.com\/product\/yoast-seo-wordpress\/ -->\n<title>Preu Pisos Les Corts Barcelona: An\u00e0lisi Barri a Barri Euro\/m\u00b2<\/title>\n<meta name=\"description\" content=\"Preu Pisos Les Corts Barcelona. Evoluci\u00f3 i Projecci\u00f3 de Preus Euro\/m\u00b2 als 3 Barris que el Composen. Accedeix Ara a Tota l&#039;Informaci\u00f3.\" \/>\n<meta name=\"robots\" content=\"index, follow, max-snippet:-1, max-image-preview:large, max-video-preview:-1\" \/>\n<link rel=\"canonical\" href=\"https:\/\/puntohabitat.es\/ca\/preu-pisos-les-corts-barcelona\/\" \/>\n<meta property=\"og:locale\" content=\"ca_ES\" \/>\n<meta property=\"og:type\" content=\"article\" \/>\n<meta property=\"og:title\" content=\"Preu Pisos Les Corts Barcelona: An\u00e0lisi Barri a Barri Euro\/m\u00b2\" \/>\n<meta property=\"og:description\" content=\"Preu Pisos Les Corts Barcelona. Evoluci\u00f3 i Projecci\u00f3 de Preus Euro\/m\u00b2 als 3 Barris que el Composen. Accedeix Ara a Tota l&#039;Informaci\u00f3.\" \/>\n<meta property=\"og:url\" content=\"https:\/\/puntohabitat.es\/ca\/preu-pisos-les-corts-barcelona\/\" \/>\n<meta property=\"og:site_name\" content=\"PUNTO HABITAT\" \/>\n<meta property=\"article:publisher\" content=\"https:\/\/www.facebook.com\/puntohabitat\" \/>\n<meta property=\"article:author\" content=\"https:\/\/www.facebook.com\/puntohabitat\/\" \/>\n<meta property=\"article:published_time\" content=\"2025-02-04T19:38:26+00:00\" \/>\n<meta property=\"article:modified_time\" content=\"2025-02-25T17:13:35+00:00\" \/>\n<meta property=\"og:image\" content=\"https:\/\/puntohabitat.es\/wp-content\/uploads\/2025\/02\/Placa-de-la-Concordia-copia-1.webp\" \/>\n\t<meta property=\"og:image:width\" content=\"1200\" \/>\n\t<meta property=\"og:image:height\" content=\"900\" \/>\n\t<meta property=\"og:image:type\" content=\"image\/webp\" \/>\n<meta name=\"author\" content=\"PUNTO HABITAT\" \/>\n<meta name=\"twitter:card\" content=\"summary_large_image\" \/>\n<meta name=\"twitter:creator\" content=\"@https:\/\/twitter.com\/puntohabitat\" \/>\n<meta name=\"twitter:site\" content=\"@puntohabitat\" \/>\n<meta name=\"twitter:label1\" content=\"Escrit per\" \/>\n\t<meta name=\"twitter:data1\" content=\"PUNTO HABITAT\" \/>\n\t<meta name=\"twitter:label2\" content=\"Temps estimat de lectura\" \/>\n\t<meta name=\"twitter:data2\" content=\"9 minuts\" \/>\n<script type=\"application\/ld+json\" class=\"yoast-schema-graph\">{\"@context\":\"https:\\\/\\\/schema.org\",\"@graph\":[{\"@type\":\"Article\",\"@id\":\"https:\\\/\\\/puntohabitat.es\\\/ca\\\/preu-pisos-les-corts-barcelona\\\/#article\",\"isPartOf\":{\"@id\":\"https:\\\/\\\/puntohabitat.es\\\/ca\\\/preu-pisos-les-corts-barcelona\\\/\"},\"author\":{\"name\":\"PUNTO HABITAT\",\"@id\":\"https:\\\/\\\/puntohabitat.es\\\/ca\\\/#\\\/schema\\\/person\\\/940c5335a3c27822cf280cc5edbe208f\"},\"headline\":\"Preu Pisos Les Corts Barcelona\",\"datePublished\":\"2025-02-04T19:38:26+00:00\",\"dateModified\":\"2025-02-25T17:13:35+00:00\",\"mainEntityOfPage\":{\"@id\":\"https:\\\/\\\/puntohabitat.es\\\/ca\\\/preu-pisos-les-corts-barcelona\\\/\"},\"wordCount\":1132,\"publisher\":{\"@id\":\"https:\\\/\\\/puntohabitat.es\\\/ca\\\/#organization\"},\"image\":{\"@id\":\"https:\\\/\\\/puntohabitat.es\\\/ca\\\/preu-pisos-les-corts-barcelona\\\/#primaryimage\"},\"thumbnailUrl\":\"https:\\\/\\\/puntohabitat.es\\\/wp-content\\\/uploads\\\/2025\\\/02\\\/Placa-de-la-Concordia-copia-1.webp\",\"keywords\":[\"Barcelona\",\"Valoraci\u00f3 pis\",\"Vendre Pis\"],\"articleSection\":[\"Venda\",\"Viure a Barcelona\"],\"inLanguage\":\"ca\"},{\"@type\":\"WebPage\",\"@id\":\"https:\\\/\\\/puntohabitat.es\\\/ca\\\/preu-pisos-les-corts-barcelona\\\/\",\"url\":\"https:\\\/\\\/puntohabitat.es\\\/ca\\\/preu-pisos-les-corts-barcelona\\\/\",\"name\":\"Preu Pisos Les Corts Barcelona: An\u00e0lisi Barri a Barri Euro\\\/m\u00b2\",\"isPartOf\":{\"@id\":\"https:\\\/\\\/puntohabitat.es\\\/ca\\\/#website\"},\"primaryImageOfPage\":{\"@id\":\"https:\\\/\\\/puntohabitat.es\\\/ca\\\/preu-pisos-les-corts-barcelona\\\/#primaryimage\"},\"image\":{\"@id\":\"https:\\\/\\\/puntohabitat.es\\\/ca\\\/preu-pisos-les-corts-barcelona\\\/#primaryimage\"},\"thumbnailUrl\":\"https:\\\/\\\/puntohabitat.es\\\/wp-content\\\/uploads\\\/2025\\\/02\\\/Placa-de-la-Concordia-copia-1.webp\",\"datePublished\":\"2025-02-04T19:38:26+00:00\",\"dateModified\":\"2025-02-25T17:13:35+00:00\",\"description\":\"Preu Pisos Les Corts Barcelona. Evoluci\u00f3 i Projecci\u00f3 de Preus Euro\\\/m\u00b2 als 3 Barris que el Composen. Accedeix Ara a Tota l'Informaci\u00f3.\",\"breadcrumb\":{\"@id\":\"https:\\\/\\\/puntohabitat.es\\\/ca\\\/preu-pisos-les-corts-barcelona\\\/#breadcrumb\"},\"inLanguage\":\"ca\",\"potentialAction\":[{\"@type\":\"ReadAction\",\"target\":[\"https:\\\/\\\/puntohabitat.es\\\/ca\\\/preu-pisos-les-corts-barcelona\\\/\"]}]},{\"@type\":\"ImageObject\",\"inLanguage\":\"ca\",\"@id\":\"https:\\\/\\\/puntohabitat.es\\\/ca\\\/preu-pisos-les-corts-barcelona\\\/#primaryimage\",\"url\":\"https:\\\/\\\/puntohabitat.es\\\/wp-content\\\/uploads\\\/2025\\\/02\\\/Placa-de-la-Concordia-copia-1.webp\",\"contentUrl\":\"https:\\\/\\\/puntohabitat.es\\\/wp-content\\\/uploads\\\/2025\\\/02\\\/Placa-de-la-Concordia-copia-1.webp\",\"width\":1200,\"height\":900,\"caption\":\"Precio Vivienda Les Corts Barcelona\"},{\"@type\":\"BreadcrumbList\",\"@id\":\"https:\\\/\\\/puntohabitat.es\\\/ca\\\/preu-pisos-les-corts-barcelona\\\/#breadcrumb\",\"itemListElement\":[{\"@type\":\"ListItem\",\"position\":1,\"name\":\"Inicio\",\"item\":\"https:\\\/\\\/puntohabitat.es\\\/ca\\\/\"},{\"@type\":\"ListItem\",\"position\":2,\"name\":\"Preu Pisos Les Corts Barcelona\"}]},{\"@type\":\"WebSite\",\"@id\":\"https:\\\/\\\/puntohabitat.es\\\/ca\\\/#website\",\"url\":\"https:\\\/\\\/puntohabitat.es\\\/ca\\\/\",\"name\":\"PUNTO HABITAT\",\"description\":\"Inmobiliaria Barcelona | Venta y alquiler de pisos Barcelona | Gesti\u00f3n de alquiler\",\"publisher\":{\"@id\":\"https:\\\/\\\/puntohabitat.es\\\/ca\\\/#organization\"},\"potentialAction\":[{\"@type\":\"SearchAction\",\"target\":{\"@type\":\"EntryPoint\",\"urlTemplate\":\"https:\\\/\\\/puntohabitat.es\\\/ca\\\/?s={search_term_string}\"},\"query-input\":{\"@type\":\"PropertyValueSpecification\",\"valueRequired\":true,\"valueName\":\"search_term_string\"}}],\"inLanguage\":\"ca\"},{\"@type\":\"Organization\",\"@id\":\"https:\\\/\\\/puntohabitat.es\\\/ca\\\/#organization\",\"name\":\"PUNTO HABITAT\",\"url\":\"https:\\\/\\\/puntohabitat.es\\\/ca\\\/\",\"logo\":{\"@type\":\"ImageObject\",\"inLanguage\":\"ca\",\"@id\":\"https:\\\/\\\/puntohabitat.es\\\/ca\\\/#\\\/schema\\\/logo\\\/image\\\/\",\"url\":\"https:\\\/\\\/puntohabitat.es\\\/wp-content\\\/uploads\\\/2022\\\/06\\\/icono-apple-ipad-retina.jpg\",\"contentUrl\":\"https:\\\/\\\/puntohabitat.es\\\/wp-content\\\/uploads\\\/2022\\\/06\\\/icono-apple-ipad-retina.jpg\",\"width\":145,\"height\":145,\"caption\":\"PUNTO HABITAT\"},\"image\":{\"@id\":\"https:\\\/\\\/puntohabitat.es\\\/ca\\\/#\\\/schema\\\/logo\\\/image\\\/\"},\"sameAs\":[\"https:\\\/\\\/www.facebook.com\\\/puntohabitat\",\"https:\\\/\\\/x.com\\\/puntohabitat\",\"https:\\\/\\\/www.instagram.com\\\/puntohabitat\\\/\",\"https:\\\/\\\/www.linkedin.com\\\/in\\\/puntohabitat\\\/\",\"https:\\\/\\\/www.youtube.com\\\/c\\\/puntohabitatinmobiliariaBarcelona\",\"https:\\\/\\\/www.tiktok.com\\\/@puntohabitat\"]},{\"@type\":\"Person\",\"@id\":\"https:\\\/\\\/puntohabitat.es\\\/ca\\\/#\\\/schema\\\/person\\\/940c5335a3c27822cf280cc5edbe208f\",\"name\":\"PUNTO HABITAT\",\"description\":\"PUNTO HABITAT | Inmobiliaria Barcelona | 1995 Servicio personalizado en la gesti\u00f3n de venta y alquiler de inmuebles.\",\"sameAs\":[\"https:\\\/\\\/puntohabitat.es\",\"https:\\\/\\\/www.facebook.com\\\/puntohabitat\\\/\",\"https:\\\/\\\/www.instagram.com\\\/puntohabitat\\\/\",\"https:\\\/\\\/es.linkedin.com\\\/in\\\/puntohabitat\",\"https:\\\/\\\/www.pinterest.es\\\/puntohabitat\\\/\",\"https:\\\/\\\/x.com\\\/https:\\\/\\\/twitter.com\\\/puntohabitat\",\"https:\\\/\\\/www.youtube.com\\\/c\\\/puntohabitatinmobiliariaBarcelona\"]}]}<\/script>\n<!-- \/ Yoast SEO plugin. -->","yoast_head_json":{"title":"Preu Pisos Les Corts Barcelona: An\u00e0lisi Barri a Barri Euro\/m\u00b2","description":"Preu Pisos Les Corts Barcelona. Evoluci\u00f3 i Projecci\u00f3 de Preus Euro\/m\u00b2 als 3 Barris que el Composen. Accedeix Ara a Tota l'Informaci\u00f3.","robots":{"index":"index","follow":"follow","max-snippet":"max-snippet:-1","max-image-preview":"max-image-preview:large","max-video-preview":"max-video-preview:-1"},"canonical":"https:\/\/puntohabitat.es\/ca\/preu-pisos-les-corts-barcelona\/","og_locale":"ca_ES","og_type":"article","og_title":"Preu Pisos Les Corts Barcelona: An\u00e0lisi Barri a Barri Euro\/m\u00b2","og_description":"Preu Pisos Les Corts Barcelona. Evoluci\u00f3 i Projecci\u00f3 de Preus Euro\/m\u00b2 als 3 Barris que el Composen. Accedeix Ara a Tota l'Informaci\u00f3.","og_url":"https:\/\/puntohabitat.es\/ca\/preu-pisos-les-corts-barcelona\/","og_site_name":"PUNTO HABITAT","article_publisher":"https:\/\/www.facebook.com\/puntohabitat","article_author":"https:\/\/www.facebook.com\/puntohabitat\/","article_published_time":"2025-02-04T19:38:26+00:00","article_modified_time":"2025-02-25T17:13:35+00:00","og_image":[{"width":1200,"height":900,"url":"https:\/\/puntohabitat.es\/wp-content\/uploads\/2025\/02\/Placa-de-la-Concordia-copia-1.webp","type":"image\/webp"}],"author":"PUNTO HABITAT","twitter_card":"summary_large_image","twitter_creator":"@https:\/\/twitter.com\/puntohabitat","twitter_site":"@puntohabitat","twitter_misc":{"Escrit per":"PUNTO HABITAT","Temps estimat de lectura":"9 minuts"},"schema":{"@context":"https:\/\/schema.org","@graph":[{"@type":"Article","@id":"https:\/\/puntohabitat.es\/ca\/preu-pisos-les-corts-barcelona\/#article","isPartOf":{"@id":"https:\/\/puntohabitat.es\/ca\/preu-pisos-les-corts-barcelona\/"},"author":{"name":"PUNTO HABITAT","@id":"https:\/\/puntohabitat.es\/ca\/#\/schema\/person\/940c5335a3c27822cf280cc5edbe208f"},"headline":"Preu Pisos Les Corts Barcelona","datePublished":"2025-02-04T19:38:26+00:00","dateModified":"2025-02-25T17:13:35+00:00","mainEntityOfPage":{"@id":"https:\/\/puntohabitat.es\/ca\/preu-pisos-les-corts-barcelona\/"},"wordCount":1132,"publisher":{"@id":"https:\/\/puntohabitat.es\/ca\/#organization"},"image":{"@id":"https:\/\/puntohabitat.es\/ca\/preu-pisos-les-corts-barcelona\/#primaryimage"},"thumbnailUrl":"https:\/\/puntohabitat.es\/wp-content\/uploads\/2025\/02\/Placa-de-la-Concordia-copia-1.webp","keywords":["Barcelona","Valoraci\u00f3 pis","Vendre Pis"],"articleSection":["Venda","Viure a Barcelona"],"inLanguage":"ca"},{"@type":"WebPage","@id":"https:\/\/puntohabitat.es\/ca\/preu-pisos-les-corts-barcelona\/","url":"https:\/\/puntohabitat.es\/ca\/preu-pisos-les-corts-barcelona\/","name":"Preu Pisos Les Corts Barcelona: An\u00e0lisi Barri a Barri Euro\/m\u00b2","isPartOf":{"@id":"https:\/\/puntohabitat.es\/ca\/#website"},"primaryImageOfPage":{"@id":"https:\/\/puntohabitat.es\/ca\/preu-pisos-les-corts-barcelona\/#primaryimage"},"image":{"@id":"https:\/\/puntohabitat.es\/ca\/preu-pisos-les-corts-barcelona\/#primaryimage"},"thumbnailUrl":"https:\/\/puntohabitat.es\/wp-content\/uploads\/2025\/02\/Placa-de-la-Concordia-copia-1.webp","datePublished":"2025-02-04T19:38:26+00:00","dateModified":"2025-02-25T17:13:35+00:00","description":"Preu Pisos Les Corts Barcelona. Evoluci\u00f3 i Projecci\u00f3 de Preus Euro\/m\u00b2 als 3 Barris que el Composen. Accedeix Ara a Tota l'Informaci\u00f3.","breadcrumb":{"@id":"https:\/\/puntohabitat.es\/ca\/preu-pisos-les-corts-barcelona\/#breadcrumb"},"inLanguage":"ca","potentialAction":[{"@type":"ReadAction","target":["https:\/\/puntohabitat.es\/ca\/preu-pisos-les-corts-barcelona\/"]}]},{"@type":"ImageObject","inLanguage":"ca","@id":"https:\/\/puntohabitat.es\/ca\/preu-pisos-les-corts-barcelona\/#primaryimage","url":"https:\/\/puntohabitat.es\/wp-content\/uploads\/2025\/02\/Placa-de-la-Concordia-copia-1.webp","contentUrl":"https:\/\/puntohabitat.es\/wp-content\/uploads\/2025\/02\/Placa-de-la-Concordia-copia-1.webp","width":1200,"height":900,"caption":"Precio Vivienda Les Corts Barcelona"},{"@type":"BreadcrumbList","@id":"https:\/\/puntohabitat.es\/ca\/preu-pisos-les-corts-barcelona\/#breadcrumb","itemListElement":[{"@type":"ListItem","position":1,"name":"Inicio","item":"https:\/\/puntohabitat.es\/ca\/"},{"@type":"ListItem","position":2,"name":"Preu Pisos Les Corts Barcelona"}]},{"@type":"WebSite","@id":"https:\/\/puntohabitat.es\/ca\/#website","url":"https:\/\/puntohabitat.es\/ca\/","name":"PUNTO HABITAT","description":"Inmobiliaria Barcelona | Venta y alquiler de pisos Barcelona | Gesti\u00f3n de alquiler","publisher":{"@id":"https:\/\/puntohabitat.es\/ca\/#organization"},"potentialAction":[{"@type":"SearchAction","target":{"@type":"EntryPoint","urlTemplate":"https:\/\/puntohabitat.es\/ca\/?s={search_term_string}"},"query-input":{"@type":"PropertyValueSpecification","valueRequired":true,"valueName":"search_term_string"}}],"inLanguage":"ca"},{"@type":"Organization","@id":"https:\/\/puntohabitat.es\/ca\/#organization","name":"PUNTO HABITAT","url":"https:\/\/puntohabitat.es\/ca\/","logo":{"@type":"ImageObject","inLanguage":"ca","@id":"https:\/\/puntohabitat.es\/ca\/#\/schema\/logo\/image\/","url":"https:\/\/puntohabitat.es\/wp-content\/uploads\/2022\/06\/icono-apple-ipad-retina.jpg","contentUrl":"https:\/\/puntohabitat.es\/wp-content\/uploads\/2022\/06\/icono-apple-ipad-retina.jpg","width":145,"height":145,"caption":"PUNTO HABITAT"},"image":{"@id":"https:\/\/puntohabitat.es\/ca\/#\/schema\/logo\/image\/"},"sameAs":["https:\/\/www.facebook.com\/puntohabitat","https:\/\/x.com\/puntohabitat","https:\/\/www.instagram.com\/puntohabitat\/","https:\/\/www.linkedin.com\/in\/puntohabitat\/","https:\/\/www.youtube.com\/c\/puntohabitatinmobiliariaBarcelona","https:\/\/www.tiktok.com\/@puntohabitat"]},{"@type":"Person","@id":"https:\/\/puntohabitat.es\/ca\/#\/schema\/person\/940c5335a3c27822cf280cc5edbe208f","name":"PUNTO HABITAT","description":"PUNTO HABITAT | Inmobiliaria Barcelona | 1995 Servicio personalizado en la gesti\u00f3n de venta y alquiler de inmuebles.","sameAs":["https:\/\/puntohabitat.es","https:\/\/www.facebook.com\/puntohabitat\/","https:\/\/www.instagram.com\/puntohabitat\/","https:\/\/es.linkedin.com\/in\/puntohabitat","https:\/\/www.pinterest.es\/puntohabitat\/","https:\/\/x.com\/https:\/\/twitter.com\/puntohabitat","https:\/\/www.youtube.com\/c\/puntohabitatinmobiliariaBarcelona"]}]}},"_links":{"self":[{"href":"https:\/\/puntohabitat.es\/ca\/wp-json\/wp\/v2\/posts\/82358","targetHints":{"allow":["GET"]}}],"collection":[{"href":"https:\/\/puntohabitat.es\/ca\/wp-json\/wp\/v2\/posts"}],"about":[{"href":"https:\/\/puntohabitat.es\/ca\/wp-json\/wp\/v2\/types\/post"}],"author":[{"embeddable":true,"href":"https:\/\/puntohabitat.es\/ca\/wp-json\/wp\/v2\/users\/2"}],"replies":[{"embeddable":true,"href":"https:\/\/puntohabitat.es\/ca\/wp-json\/wp\/v2\/comments?post=82358"}],"version-history":[{"count":0,"href":"https:\/\/puntohabitat.es\/ca\/wp-json\/wp\/v2\/posts\/82358\/revisions"}],"wp:featuredmedia":[{"embeddable":true,"href":"https:\/\/puntohabitat.es\/ca\/wp-json\/wp\/v2\/media\/83220"}],"wp:attachment":[{"href":"https:\/\/puntohabitat.es\/ca\/wp-json\/wp\/v2\/media?parent=82358"}],"wp:term":[{"taxonomy":"category","embeddable":true,"href":"https:\/\/puntohabitat.es\/ca\/wp-json\/wp\/v2\/categories?post=82358"},{"taxonomy":"post_tag","embeddable":true,"href":"https:\/\/puntohabitat.es\/ca\/wp-json\/wp\/v2\/tags?post=82358"}],"curies":[{"name":"wp","href":"https:\/\/api.w.org\/{rel}","templated":true}]}}