{"id":84106,"date":"2025-02-19T15:38:28","date_gmt":"2025-02-19T14:38:28","guid":{"rendered":"https:\/\/puntohabitat.es\/impostos-venda-pis-2025\/"},"modified":"2025-08-07T18:15:33","modified_gmt":"2025-08-07T16:15:33","slug":"impostos-venda-pis-2025","status":"publish","type":"post","link":"https:\/\/puntohabitat.es\/ca\/impostos-venda-pis-2025\/","title":{"rendered":"Impostos Venda Pis 2025"},"content":{"rendered":"\t\t<div data-elementor-type=\"wp-post\" data-elementor-id=\"84106\" class=\"elementor elementor-84106 elementor-84035\" data-elementor-post-type=\"post\">\n\t\t\t\t\t\t<section data-particle_enable=\"false\" data-particle-mobile-disabled=\"false\" class=\"elementor-section elementor-top-section elementor-element elementor-element-1e01047 elementor-section-boxed elementor-section-height-default elementor-section-height-default\" data-id=\"1e01047\" data-element_type=\"section\" data-e-type=\"section\">\n\t\t\t\t\t\t<div class=\"elementor-container elementor-column-gap-default\">\n\t\t\t\t\t<div class=\"elementor-column elementor-col-100 elementor-top-column elementor-element elementor-element-7f45348\" data-id=\"7f45348\" data-element_type=\"column\" data-e-type=\"column\">\n\t\t\t<div class=\"elementor-widget-wrap\">\n\t\t\t\t\t\t\t<\/div>\n\t\t<\/div>\n\t\t\t\t\t<\/div>\n\t\t<\/section>\n\t\t\t\t<section data-particle_enable=\"false\" data-particle-mobile-disabled=\"false\" class=\"elementor-section elementor-top-section elementor-element elementor-element-2d4cdae elementor-section-full_width elementor-section-height-min-height elementor-section-height-default elementor-section-items-middle\" data-id=\"2d4cdae\" data-element_type=\"section\" data-e-type=\"section\" data-settings=\"{&quot;background_background&quot;:&quot;classic&quot;}\">\n\t\t\t\t\t\t\t<div class=\"elementor-background-overlay\"><\/div>\n\t\t\t\t\t\t\t<div class=\"elementor-container elementor-column-gap-default\">\n\t\t\t\t\t<div class=\"elementor-column elementor-col-100 elementor-top-column elementor-element elementor-element-eb2c371\" data-id=\"eb2c371\" data-element_type=\"column\" data-e-type=\"column\">\n\t\t\t<div class=\"elementor-widget-wrap elementor-element-populated\">\n\t\t\t\t\t\t<section data-particle_enable=\"false\" data-particle-mobile-disabled=\"false\" class=\"elementor-section elementor-inner-section elementor-element elementor-element-e1d9bab elementor-section-content-middle elementor-section-boxed elementor-section-height-default elementor-section-height-default\" data-id=\"e1d9bab\" data-element_type=\"section\" data-e-type=\"section\" data-settings=\"{&quot;background_background&quot;:&quot;classic&quot;}\">\n\t\t\t\t\t\t<div class=\"elementor-container elementor-column-gap-default\">\n\t\t\t\t\t<div class=\"elementor-column elementor-col-50 elementor-inner-column elementor-element elementor-element-14e7d63\" data-id=\"14e7d63\" data-element_type=\"column\" data-e-type=\"column\">\n\t\t\t<div class=\"elementor-widget-wrap\">\n\t\t\t\t\t\t\t<\/div>\n\t\t<\/div>\n\t\t\t\t<div class=\"elementor-column elementor-col-50 elementor-inner-column elementor-element elementor-element-f65b420\" data-id=\"f65b420\" data-element_type=\"column\" data-e-type=\"column\">\n\t\t\t<div class=\"elementor-widget-wrap elementor-element-populated\">\n\t\t\t\t\t\t<div class=\"elementor-element elementor-element-2e4c119 elementor-widget elementor-widget-heading\" data-id=\"2e4c119\" data-element_type=\"widget\" data-e-type=\"widget\" data-widget_type=\"heading.default\">\n\t\t\t\t<div class=\"elementor-widget-container\">\n\t\t\t\t\t<h1 class=\"elementor-heading-title elementor-size-default\">Impostos Venda Pis 2025<\/h1>\t\t\t\t<\/div>\n\t\t\t\t<\/div>\n\t\t\t\t\t<\/div>\n\t\t<\/div>\n\t\t\t\t\t<\/div>\n\t\t<\/section>\n\t\t\t\t\t<\/div>\n\t\t<\/div>\n\t\t\t\t\t<\/div>\n\t\t<\/section>\n\t\t\t\t<section data-particle_enable=\"false\" data-particle-mobile-disabled=\"false\" class=\"elementor-section elementor-top-section elementor-element elementor-element-87b7bab elementor-section-boxed elementor-section-height-default elementor-section-height-default\" data-id=\"87b7bab\" data-element_type=\"section\" data-e-type=\"section\">\n\t\t\t\t\t\t<div class=\"elementor-container elementor-column-gap-default\">\n\t\t\t\t\t<div class=\"elementor-column elementor-col-100 elementor-top-column elementor-element elementor-element-b574a2d\" data-id=\"b574a2d\" data-element_type=\"column\" data-e-type=\"column\">\n\t\t\t<div class=\"elementor-widget-wrap\">\n\t\t\t\t\t\t\t<\/div>\n\t\t<\/div>\n\t\t\t\t\t<\/div>\n\t\t<\/section>\n\t\t\t\t<section data-particle_enable=\"false\" data-particle-mobile-disabled=\"false\" class=\"elementor-section elementor-top-section elementor-element elementor-element-f92e139 elementor-section-boxed elementor-section-height-default elementor-section-height-default\" data-id=\"f92e139\" data-element_type=\"section\" data-e-type=\"section\">\n\t\t\t\t\t\t<div class=\"elementor-container elementor-column-gap-default\">\n\t\t\t\t\t<div class=\"elementor-column elementor-col-100 elementor-top-column elementor-element elementor-element-88d4e2b\" data-id=\"88d4e2b\" data-element_type=\"column\" data-e-type=\"column\">\n\t\t\t<div class=\"elementor-widget-wrap elementor-element-populated\">\n\t\t\t\t\t\t<div class=\"elementor-element elementor-element-2cb93eb elementor-widget elementor-widget-text-editor\" data-id=\"2cb93eb\" data-element_type=\"widget\" data-e-type=\"widget\" data-widget_type=\"text-editor.default\">\n\t\t\t\t<div class=\"elementor-widget-container\">\n\t\t\t\t\t\t\t\t\t19 de febrer de 2025\t\t\t\t\t\t\t\t<\/div>\n\t\t\t\t<\/div>\n\t\t\t\t<div class=\"elementor-element elementor-element-6691758 elementor-author-box--image-valign-middle elementor-author-box--avatar-yes elementor-author-box--name-yes elementor-author-box--biography-yes elementor-author-box--link-no elementor-widget elementor-widget-author-box\" data-id=\"6691758\" data-element_type=\"widget\" data-e-type=\"widget\" data-widget_type=\"author-box.default\">\n\t\t\t\t<div class=\"elementor-widget-container\">\n\t\t\t\t\t\t\t<div class=\"elementor-author-box\">\n\t\t\t\t\t\t\t<div  class=\"elementor-author-box__avatar\">\n\t\t\t\t\t<img decoding=\"async\" src=\"https:\/\/secure.gravatar.com\/avatar\/2773bca6c07e7af4bf869eb5d10584666289bf322520dcdbd0c35dfa92289cd2?s=300&#038;d=mm&#038;r=g\" alt=\"Picture of PUNTO HABITAT\" loading=\"lazy\">\n\t\t\t\t<\/div>\n\t\t\t\n\t\t\t<div class=\"elementor-author-box__text\">\n\t\t\t\t\t\t\t\t\t<div >\n\t\t\t\t\t\t<h6 class=\"elementor-author-box__name\">\n\t\t\t\t\t\t\tPUNTO HABITAT\t\t\t\t\t\t<\/h6>\n\t\t\t\t\t<\/div>\n\t\t\t\t\n\t\t\t\t\t\t\t\t\t<div class=\"elementor-author-box__bio\">\n\t\t\t\t\t\tPUNTO HABITAT | Inmobiliaria Barcelona | 1995 \r\nServicio personalizado en la gesti\u00f3n de venta y alquiler de inmuebles.\t\t\t\t\t<\/div>\n\t\t\t\t\n\t\t\t\t\t\t\t<\/div>\n\t\t<\/div>\n\t\t\t\t\t\t<\/div>\n\t\t\t\t<\/div>\n\t\t\t\t\t<\/div>\n\t\t<\/div>\n\t\t\t\t\t<\/div>\n\t\t<\/section>\n\t\t\t\t<section data-particle_enable=\"false\" data-particle-mobile-disabled=\"false\" class=\"elementor-section elementor-top-section elementor-element elementor-element-06804ba elementor-section-boxed elementor-section-height-default elementor-section-height-default\" data-id=\"06804ba\" data-element_type=\"section\" data-e-type=\"section\">\n\t\t\t\t\t\t<div class=\"elementor-container elementor-column-gap-default\">\n\t\t\t\t\t<div class=\"elementor-column elementor-col-100 elementor-top-column elementor-element elementor-element-d4dd610\" data-id=\"d4dd610\" data-element_type=\"column\" data-e-type=\"column\">\n\t\t\t<div class=\"elementor-widget-wrap elementor-element-populated\">\n\t\t\t\t\t\t<div class=\"elementor-element elementor-element-313b1b8 elementor-widget elementor-widget-heading\" data-id=\"313b1b8\" data-element_type=\"widget\" data-e-type=\"widget\" data-widget_type=\"heading.default\">\n\t\t\t\t<div class=\"elementor-widget-container\">\n\t\t\t\t\t<h2 class=\"elementor-heading-title elementor-size-default\">Impostos Venda Pis 2025: Guia Completa per a Venedors a Barcelona<\/h2>\t\t\t\t<\/div>\n\t\t\t\t<\/div>\n\t\t\t\t<div class=\"elementor-element elementor-element-9932dd1 elementor-widget elementor-widget-text-editor\" data-id=\"9932dd1\" data-element_type=\"widget\" data-e-type=\"widget\" data-widget_type=\"text-editor.default\">\n\t\t\t\t<div class=\"elementor-widget-container\">\n\t\t\t\t\t\t\t\t\t<p data-pm-slice=\"1 1 []\">Impostos Venda Pis 2025: Est\u00e0s pensant a vendre el teu pis a Barcelona el 2025? Abans de fer-ho, \u00e9s clau con\u00e8ixer els impostos i despeses que haur\u00e0s d\u2019afrontar.<\/p>\r\nLa venda d\u2019un pis \u00e9s un proc\u00e9s que involucra no nom\u00e9s aspectes legals i administratius, sin\u00f3 tamb\u00e9 fiscals.\r\n\r\nCon\u00e8ixer els impostos aplicables el 2025 a Barcelona et permetr\u00e0 planificar millor la teva transacci\u00f3 i evitar sorpreses.\r\n\r\nEn aquest article, detallem tots els tributs i deduccions que has de considerar en vendre el teu immoble.\t\t\t\t\t\t\t\t<\/div>\n\t\t\t\t<\/div>\n\t\t\t\t<div class=\"elementor-element elementor-element-65cd67e elementor-widget elementor-widget-image\" data-id=\"65cd67e\" data-element_type=\"widget\" data-e-type=\"widget\" data-widget_type=\"image.default\">\n\t\t\t\t<div class=\"elementor-widget-container\">\n\t\t\t\t\t\t\t\t\t\t\t\t\t\t\t<img fetchpriority=\"high\" decoding=\"async\" width=\"1024\" height=\"683\" src=\"https:\/\/puntohabitat.es\/wp-content\/uploads\/2025\/02\/Impuestos-Venta-Vivienda-2025-1024x683.webp\" class=\"attachment-large size-large wp-image-84044\" alt=\"Impuestos Venta Vivienda 2025\" srcset=\"https:\/\/puntohabitat.es\/wp-content\/uploads\/2025\/02\/Impuestos-Venta-Vivienda-2025-1024x683.webp 1024w, https:\/\/puntohabitat.es\/wp-content\/uploads\/2025\/02\/Impuestos-Venta-Vivienda-2025-300x200.webp 300w, https:\/\/puntohabitat.es\/wp-content\/uploads\/2025\/02\/Impuestos-Venta-Vivienda-2025-768x512.webp 768w, https:\/\/puntohabitat.es\/wp-content\/uploads\/2025\/02\/Impuestos-Venta-Vivienda-2025-900x600.webp 900w, https:\/\/puntohabitat.es\/wp-content\/uploads\/2025\/02\/Impuestos-Venta-Vivienda-2025-496x331.webp 496w, https:\/\/puntohabitat.es\/wp-content\/uploads\/2025\/02\/Impuestos-Venta-Vivienda-2025.webp 1200w\" sizes=\"(max-width: 1024px) 100vw, 1024px\" \/>\t\t\t\t\t\t\t\t\t\t\t\t\t\t\t<\/div>\n\t\t\t\t<\/div>\n\t\t\t\t<div class=\"elementor-element elementor-element-c97ca99 elementor-widget elementor-widget-heading\" data-id=\"c97ca99\" data-element_type=\"widget\" data-e-type=\"widget\" data-widget_type=\"heading.default\">\n\t\t\t\t<div class=\"elementor-widget-container\">\n\t\t\t\t\t<h3 class=\"elementor-heading-title elementor-size-default\">1. Impost sobre la Renda de les Persones F\u00edsiques (IRPF)<\/h3>\t\t\t\t<\/div>\n\t\t\t\t<\/div>\n\t\t\t\t<div class=\"elementor-element elementor-element-b6cac2d elementor-widget elementor-widget-text-editor\" data-id=\"b6cac2d\" data-element_type=\"widget\" data-e-type=\"widget\" data-widget_type=\"text-editor.default\">\n\t\t\t\t<div class=\"elementor-widget-container\">\n\t\t\t\t\t\t\t\t\t<p data-pm-slice=\"1 1 []\">En vendre un pis, \u00e9s probable que obtinguis un guany patrimonial, el qual est\u00e0 subjecte a l&#8217;IRPF. El guany es calcula com la difer\u00e8ncia entre el preu de venda i el preu d&#8217;adquisici\u00f3, ajustat per certes despeses i millores.<\/p>\t\t\t\t\t\t\t\t<\/div>\n\t\t\t\t<\/div>\n\t\t\t\t<div class=\"elementor-element elementor-element-7e4b5a1 elementor-widget elementor-widget-heading\" data-id=\"7e4b5a1\" data-element_type=\"widget\" data-e-type=\"widget\" data-widget_type=\"heading.default\">\n\t\t\t\t<div class=\"elementor-widget-container\">\n\t\t\t\t\t<h4 class=\"elementor-heading-title elementor-size-default\">Trams i Tipus Impositius<\/h4>\t\t\t\t<\/div>\n\t\t\t\t<\/div>\n\t\t\t\t<div class=\"elementor-element elementor-element-7414e8e elementor-widget elementor-widget-text-editor\" data-id=\"7414e8e\" data-element_type=\"widget\" data-e-type=\"widget\" data-widget_type=\"text-editor.default\">\n\t\t\t\t<div class=\"elementor-widget-container\">\n\t\t\t\t\t\t\t\t\t<p data-pm-slice=\"1 3 []\">El 2025, els tipus impositius aplicables als guanys patrimonials obtinguts per la venda del teu pis s\u00f3n progressius:<\/p>\r\n\r\n<ul data-spread=\"false\">\r\n \t<li><strong>Fins a 6.000 euros<\/strong>: 19%<\/li>\r\n \t<li><strong>De 6.001 a 50.000 euros<\/strong>: 21%<\/li>\r\n \t<li><strong>De 50.001 a 200.000 euros<\/strong>: 23%<\/li>\r\n \t<li><strong>M\u00e9s de 200.000 euros<\/strong>: 26%<\/li>\r\n<\/ul>\t\t\t\t\t\t\t\t<\/div>\n\t\t\t\t<\/div>\n\t\t\t\t<div class=\"elementor-element elementor-element-6d34592 elementor-widget elementor-widget-heading\" data-id=\"6d34592\" data-element_type=\"widget\" data-e-type=\"widget\" data-widget_type=\"heading.default\">\n\t\t\t\t<div class=\"elementor-widget-container\">\n\t\t\t\t\t<h4 class=\"elementor-heading-title elementor-size-default\">Exempcions i Deduccions<\/h4>\t\t\t\t<\/div>\n\t\t\t\t<\/div>\n\t\t\t\t<div class=\"elementor-element elementor-element-ca120a6 elementor-widget elementor-widget-text-editor\" data-id=\"ca120a6\" data-element_type=\"widget\" data-e-type=\"widget\" data-widget_type=\"text-editor.default\">\n\t\t\t\t<div class=\"elementor-widget-container\">\n\t\t\t\t\t\t\t\t\t<ul data-spread=\"false\" data-pm-slice=\"3 3 []\">\r\n \t<li><strong>Reinversi\u00f3 en pis habitual<\/strong>: Si reinverteixes l&#8217;import obtingut en la compra d&#8217;un altre pis habitual en un termini de dos anys, est\u00e0s exempt de pagar IRPF. \u00c9s important que la reinversi\u00f3 es realitzi en un pis que vagis a utilitzar com a resid\u00e8ncia habitual i que l\u2019operaci\u00f3 quedi degudament registrada a la teva declaraci\u00f3 fiscal.<\/li>\r\n \t<li><strong>Majors de 65 anys<\/strong>: Exempts si venen el seu pis habitual i han residit en ell durant els \u00faltims tres anys. No necessiten reinvertir els diners en un altre pis per acollir-se a l&#8217;exempci\u00f3.<\/li>\r\n \t<li><strong>Persones en situaci\u00f3 de depend\u00e8ncia severa o gran depend\u00e8ncia<\/strong>: Tamb\u00e9 poden beneficiar-se de l&#8217;exempci\u00f3 si el pis venut era la seva resid\u00e8ncia habitual.<\/li>\r\n \t<li><strong>Despeses dedu\u00efbles<\/strong>: Pots restar del benefici les despeses d&#8217;adquisici\u00f3, millores realitzades, despeses de notari, registre i comissions immobili\u00e0ries. Tamb\u00e9 es poden deduir els impostos i taxes relacionats amb la compra inicial del pis.<\/li>\r\n<\/ul>\t\t\t\t\t\t\t\t<\/div>\n\t\t\t\t<\/div>\n\t\t\t\t<div class=\"elementor-element elementor-element-bf4e95c elementor-widget elementor-widget-image\" data-id=\"bf4e95c\" data-element_type=\"widget\" data-e-type=\"widget\" data-widget_type=\"image.default\">\n\t\t\t\t<div class=\"elementor-widget-container\">\n\t\t\t\t\t\t\t\t\t\t\t\t\t\t\t<img decoding=\"async\" src=\"https:\/\/puntohabitat.es\/wp-content\/uploads\/2025\/02\/Impuestos-Venta-Vivienda-2025-1.webp\" title=\"\" alt=\"Impuestos Venta Vivienda 2025\" loading=\"lazy\" \/>\t\t\t\t\t\t\t\t\t\t\t\t\t\t\t<\/div>\n\t\t\t\t<\/div>\n\t\t\t\t<div class=\"elementor-element elementor-element-1d31fa4 elementor-widget elementor-widget-heading\" data-id=\"1d31fa4\" data-element_type=\"widget\" data-e-type=\"widget\" data-widget_type=\"heading.default\">\n\t\t\t\t<div class=\"elementor-widget-container\">\n\t\t\t\t\t<h3 class=\"elementor-heading-title elementor-size-default\">2. Impost sobre l'Increment de Valor dels Terrenys de Naturalesa Urbana (Plusv\u00e0lua Municipal)<\/h3>\t\t\t\t<\/div>\n\t\t\t\t<\/div>\n\t\t\t\t<div class=\"elementor-element elementor-element-9ed2c75 elementor-widget elementor-widget-text-editor\" data-id=\"9ed2c75\" data-element_type=\"widget\" data-e-type=\"widget\" data-widget_type=\"text-editor.default\">\n\t\t\t\t<div class=\"elementor-widget-container\">\n\t\t\t\t\t\t\t\t\t<p data-pm-slice=\"1 1 []\">Aquest impost municipal grava l&#8217;increment de valor del terreny des de l&#8217;adquisici\u00f3 fins a la venda.<\/p>\r\nSi vols saber exactament com calcular la plusv\u00e0lua despr\u00e9s de la venda del teu pis, segueix aquest enlla\u00e7.\r\n<h4 data-pm-slice=\"1 1 []\"><a href=\"https:\/\/puntohabitat.es\/ca\/blog\/calcular-la-plusvalua-municipal-a-barcelona\/\" target=\"_blank\" rel=\"noopener\">Calcular la Plusv\u00e0lua Municipal a Barcelona<\/a><\/h4>\t\t\t\t\t\t\t\t<\/div>\n\t\t\t\t<\/div>\n\t\t\t\t<div class=\"elementor-element elementor-element-c4d16aa elementor-widget elementor-widget-heading\" data-id=\"c4d16aa\" data-element_type=\"widget\" data-e-type=\"widget\" data-widget_type=\"heading.default\">\n\t\t\t\t<div class=\"elementor-widget-container\">\n\t\t\t\t\t<h4 class=\"elementor-heading-title elementor-size-default\">C\u00e0lcul de l\u2019Impost sobre l\u2019Increment de Valor dels Terrenys de Naturalesa Urbana<\/h4>\t\t\t\t<\/div>\n\t\t\t\t<\/div>\n\t\t\t\t<div class=\"elementor-element elementor-element-c2795e4 elementor-widget elementor-widget-text-editor\" data-id=\"c2795e4\" data-element_type=\"widget\" data-e-type=\"widget\" data-widget_type=\"text-editor.default\">\n\t\t\t\t<div class=\"elementor-widget-container\">\n\t\t\t\t\t\t\t\t\t<p data-pm-slice=\"1 3 []\">Per calcular la Plusv\u00e0lua despr\u00e9s de la venda del teu pis, haur\u00e0s de recopilar les dades seg\u00fcents:<\/p>\r\n\r\n<ul data-spread=\"false\">\r\n \t<li><strong>Valor cadastral del terreny<\/strong>: Pots consultar-lo en el rebut de l\u2019IBI.<\/li>\r\n \t<li><strong>Anys de tinen\u00e7a<\/strong>: Per\u00edode durant el qual has estat propietari.<\/li>\r\n \t<li><strong>Coeficients i tipus impositius<\/strong>: Establerts per l&#8217;Ajuntament de Barcelona.<\/li>\r\n<\/ul>\t\t\t\t\t\t\t\t<\/div>\n\t\t\t\t<\/div>\n\t\t\t\t<div class=\"elementor-element elementor-element-00632e9 elementor-widget elementor-widget-heading\" data-id=\"00632e9\" data-element_type=\"widget\" data-e-type=\"widget\" data-widget_type=\"heading.default\">\n\t\t\t\t<div class=\"elementor-widget-container\">\n\t\t\t\t\t<h4 class=\"elementor-heading-title elementor-size-default\">Deduccions i Exempcions<\/h4>\t\t\t\t<\/div>\n\t\t\t\t<\/div>\n\t\t\t\t<div class=\"elementor-element elementor-element-8bc262e elementor-widget elementor-widget-text-editor\" data-id=\"8bc262e\" data-element_type=\"widget\" data-e-type=\"widget\" data-widget_type=\"text-editor.default\">\n\t\t\t\t<div class=\"elementor-widget-container\">\n\t\t\t\t\t\t\t\t\t<ul data-spread=\"false\" data-pm-slice=\"3 3 []\">\r\n \t<li><strong>Si es ven amb p\u00e8rdues<\/strong>: Pots sol\u00b7licitar l&#8217;exempci\u00f3 de la plusv\u00e0lua si demostres que no hi ha hagut guany. Has de presentar la documentaci\u00f3 necess\u00e0ria davant l&#8217;ajuntament.<\/li>\r\n \t<li><strong>Daci\u00f3 en pagament<\/strong>: En casos de lliurament del pis per cancel\u00b7lar deutes hipotecaris, est\u00e0 exempt de pagament.<\/li>\r\n \t<li><strong>Her\u00e8ncies i donacions<\/strong>: Depenent del grau de parentiu amb l&#8217;hereu o beneficiari, es poden aplicar reduccions en la base imposable de l&#8217;impost.<\/li>\r\n<\/ul>\t\t\t\t\t\t\t\t<\/div>\n\t\t\t\t<\/div>\n\t\t\t\t<div class=\"elementor-element elementor-element-087e824 elementor-widget elementor-widget-heading\" data-id=\"087e824\" data-element_type=\"widget\" data-e-type=\"widget\" data-widget_type=\"heading.default\">\n\t\t\t\t<div class=\"elementor-widget-container\">\n\t\t\t\t\t<h2 class=\"elementor-heading-title elementor-size-default\">3. Despeses de Cancel\u00b7laci\u00f3 de la Hipoteca del Pis Transm\u00e8s<\/h2>\t\t\t\t<\/div>\n\t\t\t\t<\/div>\n\t\t\t\t<div class=\"elementor-element elementor-element-b008ec6 elementor-widget elementor-widget-text-editor\" data-id=\"b008ec6\" data-element_type=\"widget\" data-e-type=\"widget\" data-widget_type=\"text-editor.default\">\n\t\t\t\t<div class=\"elementor-widget-container\">\n\t\t\t\t\t\t\t\t\t<p data-pm-slice=\"1 1 []\">Molts dels pisos que es venen encara tenen una part de la hipoteca pendent de pagament. En aquests casos, el venedor ha de liquidar el saldo pendent abans de completar la transacci\u00f3. Aquest proc\u00e9s comporta costos registrals per a la cancel\u00b7laci\u00f3 de la hipoteca, els quals poden deduir-se en la declaraci\u00f3 de la renda.<\/p>\r\nA m\u00e9s, algunes entitats banc\u00e0ries poden aplicar comissions per cancel\u00b7laci\u00f3 anticipada, per la qual cosa \u00e9s recomanable consultar amb el banc les condicions del pr\u00e9stec que vas signar abans de procedir amb la venda.\t\t\t\t\t\t\t\t<\/div>\n\t\t\t\t<\/div>\n\t\t\t\t<div class=\"elementor-element elementor-element-c60e334 elementor-widget elementor-widget-heading\" data-id=\"c60e334\" data-element_type=\"widget\" data-e-type=\"widget\" data-widget_type=\"heading.default\">\n\t\t\t\t<div class=\"elementor-widget-container\">\n\t\t\t\t\t<h2 class=\"elementor-heading-title elementor-size-default\">4. C\u00e8dula d'Habitabilitat<\/h2>\t\t\t\t<\/div>\n\t\t\t\t<\/div>\n\t\t\t\t<div class=\"elementor-element elementor-element-f9c94fd elementor-widget elementor-widget-text-editor\" data-id=\"f9c94fd\" data-element_type=\"widget\" data-e-type=\"widget\" data-widget_type=\"text-editor.default\">\n\t\t\t\t<div class=\"elementor-widget-container\">\n\t\t\t\t\t\t\t\t\t<p data-pm-slice=\"1 1 []\">La c\u00e8dula d&#8217;habitabilitat \u00e9s un document obligatori per a la venda d&#8217;un pis a Barcelona. Aquest certificat acredita que el pis compleix amb les condicions d\u2019habitabilitat necess\u00e0ries per ser utilitzat com a resid\u00e8ncia. Si la c\u00e8dula est\u00e0 caducada, el venedor ha de renovar-la abans de formalitzar la compravenda.<\/p>\r\nA <strong>PUNTO HABITAT<\/strong>, obsequiem als propietaris que ens confien la venda del seu pis amb la tramitaci\u00f3 gratu\u00efta de la <strong>c\u00e8dula d\u2019habitabilitat i el certificat d&#8217;efici\u00e8ncia energ\u00e8tica<\/strong>, en cas de ser necessaris. Aix\u00f2 representa un important estalvi econ\u00f2mic i facilita el proc\u00e9s de venda.\t\t\t\t\t\t\t\t<\/div>\n\t\t\t\t<\/div>\n\t\t\t\t<div class=\"elementor-element elementor-element-4581f42 elementor-widget elementor-widget-heading\" data-id=\"4581f42\" data-element_type=\"widget\" data-e-type=\"widget\" data-widget_type=\"heading.default\">\n\t\t\t\t<div class=\"elementor-widget-container\">\n\t\t\t\t\t<h2 class=\"elementor-heading-title elementor-size-default\">5. Certificat de Comunitat de Propietaris<\/h2>\t\t\t\t<\/div>\n\t\t\t\t<\/div>\n\t\t\t\t<div class=\"elementor-element elementor-element-8b8d7f1 elementor-widget elementor-widget-text-editor\" data-id=\"8b8d7f1\" data-element_type=\"widget\" data-e-type=\"widget\" data-widget_type=\"text-editor.default\">\n\t\t\t\t<div class=\"elementor-widget-container\">\n\t\t\t\t\t\t\t\t\t<p data-pm-slice=\"1 1 []\">Per formalitzar la venda d&#8217;un pis, el venedor ha d&#8217;acreditar que est\u00e0 al corrent en el pagament de la comunitat de propietaris. Abans de la signatura davant notari, \u00e9s obligatori presentar un certificat em\u00e8s per l&#8217;administrador de la finca o el president de la comunitat que acrediti la inexist\u00e8ncia de deutes.<\/p>\t\t\t\t\t\t\t\t<\/div>\n\t\t\t\t<\/div>\n\t\t\t\t\t<\/div>\n\t\t<\/div>\n\t\t\t\t\t<\/div>\n\t\t<\/section>\n\t\t\t\t<section data-particle_enable=\"false\" data-particle-mobile-disabled=\"false\" class=\"elementor-section elementor-top-section elementor-element elementor-element-38c6dea elementor-section-boxed elementor-section-height-default elementor-section-height-default\" data-id=\"38c6dea\" data-element_type=\"section\" data-e-type=\"section\">\n\t\t\t\t\t\t<div class=\"elementor-container elementor-column-gap-default\">\n\t\t\t\t\t<div class=\"elementor-column elementor-col-100 elementor-top-column elementor-element elementor-element-d155366\" data-id=\"d155366\" data-element_type=\"column\" data-e-type=\"column\">\n\t\t\t<div class=\"elementor-widget-wrap elementor-element-populated\">\n\t\t\t\t\t\t<div class=\"elementor-element elementor-element-4add6df elementor-widget elementor-widget-image\" data-id=\"4add6df\" data-element_type=\"widget\" data-e-type=\"widget\" data-widget_type=\"image.default\">\n\t\t\t\t<div class=\"elementor-widget-container\">\n\t\t\t\t\t\t\t\t\t\t\t\t\t\t\t<img decoding=\"async\" src=\"https:\/\/puntohabitat.es\/wp-content\/uploads\/2025\/02\/Impuestos-Venta-Vivienda-2025-2.webp\" title=\"\" alt=\"Impuestos Venta Vivienda 2025\" loading=\"lazy\" \/>\t\t\t\t\t\t\t\t\t\t\t\t\t\t\t<\/div>\n\t\t\t\t<\/div>\n\t\t\t\t<div class=\"elementor-element elementor-element-36f0e26 elementor-widget elementor-widget-heading\" data-id=\"36f0e26\" data-element_type=\"widget\" data-e-type=\"widget\" data-widget_type=\"heading.default\">\n\t\t\t\t<div class=\"elementor-widget-container\">\n\t\t\t\t\t<h2 class=\"elementor-heading-title elementor-size-default\">Impostos Venda Pis 2025: m\u00e9s informaci\u00f3<\/h2>\t\t\t\t<\/div>\n\t\t\t\t<\/div>\n\t\t\t\t<div class=\"elementor-element elementor-element-b9bca10 elementor-widget elementor-widget-text-editor\" data-id=\"b9bca10\" data-element_type=\"widget\" data-e-type=\"widget\" data-widget_type=\"text-editor.default\">\n\t\t\t\t<div class=\"elementor-widget-container\">\n\t\t\t\t\t\t\t\t\t<p data-pm-slice=\"1 1 []\">Vendre un pis a Barcelona el 2025 comporta diverses obligacions fiscals i despeses que \u00e9s essencial con\u00e8ixer. Des de l&#8217;IRPF fins a la plusv\u00e0lua municipal, passant per les despeses notarials i registrals, cada impost i tr\u00e0mit t\u00e9 la seva import\u00e0ncia en l&#8217;operaci\u00f3 de compravenda. A m\u00e9s, comptar amb una c\u00e8dula d&#8217;habitabilitat en vigor i un certificat d&#8217;efici\u00e8ncia energ\u00e8tica actualitzat \u00e9s fonamental perqu\u00e8 la transacci\u00f3 es realitzi sense problemes.<\/p>\r\nSi necessites ajuda o assessorament en la venda del teu pis, a <strong>PUNTO HABITAT<\/strong> estem a la teva disposici\u00f3 per guiar-te en tot el proc\u00e9s. El nostre equip d&#8217;experts titulats t\u2019ajudar\u00e0 a gestionar els tr\u00e0mits i optimitzar la c\u00e0rrega fiscal derivada de la transacci\u00f3. A m\u00e9s, si confies en nosaltres per a la venda del teu pis, t\u2019obsequiarem amb la <strong>c\u00e8dula d&#8217;habitabilitat i el certificat d&#8217;efici\u00e8ncia energ\u00e8tica<\/strong> en cas de necessitar-los.\r\n\r\nNo dubtis a <strong>contactar-nos<\/strong> per resoldre qualsevol dubte o rebre un servei professional que faciliti la venda del teu immoble a Barcelona el 2025.\t\t\t\t\t\t\t\t<\/div>\n\t\t\t\t<\/div>\n\t\t\t\t\t<\/div>\n\t\t<\/div>\n\t\t\t\t\t<\/div>\n\t\t<\/section>\n\t\t\t\t<section data-particle_enable=\"false\" data-particle-mobile-disabled=\"false\" class=\"elementor-section elementor-top-section elementor-element elementor-element-9b7e5a6 elementor-section-boxed elementor-section-height-default elementor-section-height-default\" data-id=\"9b7e5a6\" data-element_type=\"section\" data-e-type=\"section\">\n\t\t\t\t\t\t<div class=\"elementor-container elementor-column-gap-default\">\n\t\t\t\t\t<div class=\"elementor-column elementor-col-100 elementor-top-column elementor-element elementor-element-bff4535\" data-id=\"bff4535\" data-element_type=\"column\" data-e-type=\"column\">\n\t\t\t<div class=\"elementor-widget-wrap elementor-element-populated\">\n\t\t\t\t\t\t<div class=\"elementor-element elementor-element-2439c40 elementor-widget elementor-widget-html\" data-id=\"2439c40\" data-element_type=\"widget\" data-e-type=\"widget\" data-widget_type=\"html.default\">\n\t\t\t\t<div class=\"elementor-widget-container\">\n\t\t\t\t\t<div class=\"cta-valoracion\">\r\n  <div class=\"cta-contenido\">\r\n    <h2>\u00bfQuieres saber cu\u00e1nto vale tu piso?<\/h2>\r\n    <p>Calcula el valor de tu vivienda en menos de 2 minutos con nuestra\u00a0herramienta\u00a0online\u00a0gratuita.<\/p>\r\n    <a href=\"https:\/\/puntohabitat.es\/ca\/valoracio-online\/\" target=\"_blank\" class=\"cta-boton\">Valorar mi vivienda<\/a>\r\n  <\/div>\r\n<\/div>\r\n\r\n<style>\r\n  @import url('https:\/\/fonts.googleapis.com\/css2?family=Inter:wght@400;500&family=Playfair+Display:wght@500;700&display=swap');\r\n\r\n  .cta-valoracion {\r\n    background-color: #f9f7f4;\r\n    border-radius: 24px;\r\n    padding: 60px 40px;\r\n    text-align: center;\r\n    max-width: 900px;\r\n    margin: 80px auto;\r\n    font-family: 'Inter', sans-serif;\r\n  }\r\n\r\n  .cta-valoracion h2 {\r\n    font-family: 'Playfair Display', serif;\r\n    font-size: 34px;\r\n    font-weight: 700;\r\n    color: #2e2b28;\r\n    margin-bottom: 20px;\r\n  }\r\n\r\n  .cta-valoracion p {\r\n    font-size: 18px;\r\n    color: #4e453e;\r\n    margin-bottom: 32px;\r\n    line-height: 1.5;\r\n  }\r\n\r\n  .cta-boton {\r\n    display: inline-block;\r\n    color: #6e5c50;\r\n    border: 2px solid #6e5c50;\r\n    padding: 12px 24px;\r\n    border-radius: 8px;\r\n    font-weight: 500;\r\n    text-decoration: none;\r\n    font-size: 16px;\r\n    transition: all 0.3s ease;\r\n  }\r\n\r\n  .cta-boton:hover {\r\n    background-color: #6e5c50;\r\n    color: #fff;\r\n  }\r\n\r\n  @media (max-width: 768px) {\r\n    .cta-valoracion {\r\n      padding: 40px 20px;\r\n    }\r\n\r\n    .cta-valoracion h2 {\r\n      font-size: 26px;\r\n    }\r\n\r\n    .cta-valoracion p {\r\n      font-size: 16px;\r\n    }\r\n  }\r\n<\/style>\r\n\r\n\r\n\r\n\r\n   \t\t\t\t<\/div>\n\t\t\t\t<\/div>\n\t\t\t\t<div class=\"elementor-element elementor-element-ef344ae elementor-widget elementor-widget-heading\" data-id=\"ef344ae\" data-element_type=\"widget\" data-e-type=\"widget\" data-widget_type=\"heading.default\">\n\t\t\t\t<div class=\"elementor-widget-container\">\n\t\t\t\t\t<h2 class=\"elementor-heading-title elementor-size-default\">Tamb\u00e9 et pot interessar<\/h2>\t\t\t\t<\/div>\n\t\t\t\t<\/div>\n\t\t\t\t<div class=\"elementor-element elementor-element-fe06f86 elementor-grid-1 elementor-posts--thumbnail-left elementor-grid-tablet-1 elementor-grid-mobile-1 elementor-widget elementor-widget-posts\" data-id=\"fe06f86\" data-element_type=\"widget\" data-e-type=\"widget\" data-settings=\"{&quot;classic_row_gap&quot;:{&quot;unit&quot;:&quot;px&quot;,&quot;size&quot;:&quot;20&quot;,&quot;sizes&quot;:[]},&quot;classic_columns&quot;:&quot;1&quot;,&quot;classic_columns_tablet&quot;:&quot;1&quot;,&quot;classic_columns_mobile&quot;:&quot;1&quot;,&quot;classic_row_gap_tablet&quot;:{&quot;unit&quot;:&quot;px&quot;,&quot;size&quot;:&quot;&quot;,&quot;sizes&quot;:[]},&quot;classic_row_gap_mobile&quot;:{&quot;unit&quot;:&quot;px&quot;,&quot;size&quot;:&quot;&quot;,&quot;sizes&quot;:[]}}\" data-widget_type=\"posts.classic\">\n\t\t\t\t<div class=\"elementor-widget-container\">\n\t\t\t\t\t\t\t<div class=\"elementor-posts-container elementor-posts elementor-posts--skin-classic elementor-grid\" role=\"list\">\n\t\t\t\t<article class=\"elementor-post elementor-grid-item post-91653 post type-post status-publish format-standard has-post-thumbnail hentry category-alquiler category-legal tag-immobiliaria-lloguer-barcelona tag-lloguer-barcelona\" role=\"listitem\">\n\t\t\t\t<a class=\"elementor-post__thumbnail__link\" href=\"https:\/\/puntohabitat.es\/ca\/llei-lloguer-temporal\/\" tabindex=\"-1\" target=&quot;_blank&quot;>\n\t\t\t<div class=\"elementor-post__thumbnail\"><img decoding=\"async\" width=\"300\" height=\"200\" src=\"https:\/\/puntohabitat.es\/wp-content\/uploads\/2025\/12\/Nueva-Ley-Alquiler-Temporal-Catalunya--300x200.webp\" class=\"attachment-medium size-medium wp-image-91483\" alt=\"Nueva Ley Alquiler Temporal Catalunya\" srcset=\"https:\/\/puntohabitat.es\/wp-content\/uploads\/2025\/12\/Nueva-Ley-Alquiler-Temporal-Catalunya--300x200.webp 300w, https:\/\/puntohabitat.es\/wp-content\/uploads\/2025\/12\/Nueva-Ley-Alquiler-Temporal-Catalunya--1024x683.webp 1024w, https:\/\/puntohabitat.es\/wp-content\/uploads\/2025\/12\/Nueva-Ley-Alquiler-Temporal-Catalunya--768x512.webp 768w, https:\/\/puntohabitat.es\/wp-content\/uploads\/2025\/12\/Nueva-Ley-Alquiler-Temporal-Catalunya--1170x785.webp 1170w, https:\/\/puntohabitat.es\/wp-content\/uploads\/2025\/12\/Nueva-Ley-Alquiler-Temporal-Catalunya--900x600.webp 900w, https:\/\/puntohabitat.es\/wp-content\/uploads\/2025\/12\/Nueva-Ley-Alquiler-Temporal-Catalunya--496x331.webp 496w, https:\/\/puntohabitat.es\/wp-content\/uploads\/2025\/12\/Nueva-Ley-Alquiler-Temporal-Catalunya-.webp 1200w\" sizes=\"(max-width: 300px) 100vw, 300px\" \/><\/div>\n\t\t<\/a>\n\t\t\t\t<div class=\"elementor-post__text\">\n\t\t\t\t<h5 class=\"elementor-post__title\">\n\t\t\t<a href=\"https:\/\/puntohabitat.es\/ca\/llei-lloguer-temporal\/\" target=&quot;_blank&quot;>\n\t\t\t\tLLei del lloguer temporal a Barcelona y Catalunya\t\t\t<\/a>\n\t\t<\/h5>\n\t\t\t\t<\/div>\n\t\t\t\t<\/article>\n\t\t\t\t<article class=\"elementor-post elementor-grid-item post-90481 post type-post status-publish format-standard has-post-thumbnail hentry category-venda category-viure-a-barcelona tag-barcelona-ca tag-valoracio-pis tag-vendre-pis tag-viure-a-barcelona\" role=\"listitem\">\n\t\t\t\t<a class=\"elementor-post__thumbnail__link\" href=\"https:\/\/puntohabitat.es\/ca\/bombolla-immobiliaria-barcelona-2025\/\" tabindex=\"-1\" target=&quot;_blank&quot;>\n\t\t\t<div class=\"elementor-post__thumbnail\"><img decoding=\"async\" width=\"300\" height=\"200\" src=\"https:\/\/puntohabitat.es\/wp-content\/uploads\/2025\/08\/20250822_1633_Barcelona-y-Burbuja-Inmobiliaria_simple_compose_01k3932jjyf0xvg8rnd9ck452r-300x200.webp\" class=\"attachment-medium size-medium wp-image-90357\" alt=\"Tr\u00e1mites vender piso Barcelona\" srcset=\"https:\/\/puntohabitat.es\/wp-content\/uploads\/2025\/08\/20250822_1633_Barcelona-y-Burbuja-Inmobiliaria_simple_compose_01k3932jjyf0xvg8rnd9ck452r-300x200.webp 300w, https:\/\/puntohabitat.es\/wp-content\/uploads\/2025\/08\/20250822_1633_Barcelona-y-Burbuja-Inmobiliaria_simple_compose_01k3932jjyf0xvg8rnd9ck452r-768x512.webp 768w, https:\/\/puntohabitat.es\/wp-content\/uploads\/2025\/08\/20250822_1633_Barcelona-y-Burbuja-Inmobiliaria_simple_compose_01k3932jjyf0xvg8rnd9ck452r-1024x683.webp 1024w, https:\/\/puntohabitat.es\/wp-content\/uploads\/2025\/08\/20250822_1633_Barcelona-y-Burbuja-Inmobiliaria_simple_compose_01k3932jjyf0xvg8rnd9ck452r-1170x785.webp 1170w, https:\/\/puntohabitat.es\/wp-content\/uploads\/2025\/08\/20250822_1633_Barcelona-y-Burbuja-Inmobiliaria_simple_compose_01k3932jjyf0xvg8rnd9ck452r-900x600.webp 900w, https:\/\/puntohabitat.es\/wp-content\/uploads\/2025\/08\/20250822_1633_Barcelona-y-Burbuja-Inmobiliaria_simple_compose_01k3932jjyf0xvg8rnd9ck452r-496x331.webp 496w, https:\/\/puntohabitat.es\/wp-content\/uploads\/2025\/08\/20250822_1633_Barcelona-y-Burbuja-Inmobiliaria_simple_compose_01k3932jjyf0xvg8rnd9ck452r.webp 1200w\" sizes=\"(max-width: 300px) 100vw, 300px\" \/><\/div>\n\t\t<\/a>\n\t\t\t\t<div class=\"elementor-post__text\">\n\t\t\t\t<h5 class=\"elementor-post__title\">\n\t\t\t<a href=\"https:\/\/puntohabitat.es\/ca\/bombolla-immobiliaria-barcelona-2025\/\" target=&quot;_blank&quot;>\n\t\t\t\tBarcelona viu una nova bombolla immobili\u00e0ria?\t\t\t<\/a>\n\t\t<\/h5>\n\t\t\t\t<\/div>\n\t\t\t\t<\/article>\n\t\t\t\t<article class=\"elementor-post elementor-grid-item post-89553 post type-post status-publish format-standard has-post-thumbnail hentry category-lloguer tag-immobiliaria-lloguer-barcelona tag-lloguer-barcelona\" role=\"listitem\">\n\t\t\t\t<a class=\"elementor-post__thumbnail__link\" href=\"https:\/\/puntohabitat.es\/ca\/com-actualitzar-la-renda-del-lloguer-el-2025\/\" tabindex=\"-1\" target=&quot;_blank&quot;>\n\t\t\t<div class=\"elementor-post__thumbnail\"><img loading=\"lazy\" decoding=\"async\" width=\"300\" height=\"200\" src=\"https:\/\/puntohabitat.es\/wp-content\/uploads\/2025\/08\/AdobeStock_325588734-300x200.webp\" class=\"attachment-medium size-medium wp-image-89525\" alt=\"\" srcset=\"https:\/\/puntohabitat.es\/wp-content\/uploads\/2025\/08\/AdobeStock_325588734-300x200.webp 300w, https:\/\/puntohabitat.es\/wp-content\/uploads\/2025\/08\/AdobeStock_325588734-768x512.webp 768w, https:\/\/puntohabitat.es\/wp-content\/uploads\/2025\/08\/AdobeStock_325588734-1024x683.webp 1024w, https:\/\/puntohabitat.es\/wp-content\/uploads\/2025\/08\/AdobeStock_325588734-1170x785.webp 1170w, https:\/\/puntohabitat.es\/wp-content\/uploads\/2025\/08\/AdobeStock_325588734-900x600.webp 900w, https:\/\/puntohabitat.es\/wp-content\/uploads\/2025\/08\/AdobeStock_325588734-496x331.webp 496w, https:\/\/puntohabitat.es\/wp-content\/uploads\/2025\/08\/AdobeStock_325588734.webp 1200w\" sizes=\"(max-width: 300px) 100vw, 300px\" \/><\/div>\n\t\t<\/a>\n\t\t\t\t<div class=\"elementor-post__text\">\n\t\t\t\t<h5 class=\"elementor-post__title\">\n\t\t\t<a href=\"https:\/\/puntohabitat.es\/ca\/com-actualitzar-la-renda-del-lloguer-el-2025\/\" target=&quot;_blank&quot;>\n\t\t\t\tCom actualitzar la renda del lloguer el 2025\t\t\t<\/a>\n\t\t<\/h5>\n\t\t\t\t<\/div>\n\t\t\t\t<\/article>\n\t\t\t\t<\/div>\n\t\t\n\t\t\t\t\t\t<\/div>\n\t\t\t\t<\/div>\n\t\t\t\t\t<\/div>\n\t\t<\/div>\n\t\t\t\t\t<\/div>\n\t\t<\/section>\n\t\t\t\t<section data-particle_enable=\"false\" data-particle-mobile-disabled=\"false\" class=\"elementor-section elementor-top-section elementor-element elementor-element-9318ad3 elementor-section-boxed elementor-section-height-default elementor-section-height-default\" data-id=\"9318ad3\" data-element_type=\"section\" data-e-type=\"section\">\n\t\t\t\t\t\t<div class=\"elementor-container elementor-column-gap-default\">\n\t\t\t\t\t<div class=\"elementor-column elementor-col-50 elementor-top-column elementor-element elementor-element-5c1c32f\" data-id=\"5c1c32f\" data-element_type=\"column\" data-e-type=\"column\">\n\t\t\t<div class=\"elementor-widget-wrap elementor-element-populated\">\n\t\t\t\t\t\t<div class=\"elementor-element elementor-element-0f72958 elementor-widget elementor-widget-image\" data-id=\"0f72958\" data-element_type=\"widget\" data-e-type=\"widget\" data-widget_type=\"image.default\">\n\t\t\t\t<div class=\"elementor-widget-container\">\n\t\t\t\t\t\t\t\t\t\t\t\t\t\t\t<img loading=\"lazy\" decoding=\"async\" width=\"1024\" height=\"768\" src=\"https:\/\/puntohabitat.es\/wp-content\/uploads\/2025\/03\/Inmobiliaria-Barcelona-PUNTO-HABITAT-1024x768.jpg\" class=\"attachment-large size-large wp-image-85868\" alt=\"Inmobiliaria-Barcelona-PUNTO-HABITAT\" srcset=\"https:\/\/puntohabitat.es\/wp-content\/uploads\/2025\/03\/Inmobiliaria-Barcelona-PUNTO-HABITAT-1024x768.jpg 1024w, https:\/\/puntohabitat.es\/wp-content\/uploads\/2025\/03\/Inmobiliaria-Barcelona-PUNTO-HABITAT-300x225.jpg 300w, https:\/\/puntohabitat.es\/wp-content\/uploads\/2025\/03\/Inmobiliaria-Barcelona-PUNTO-HABITAT-768x576.jpg 768w, https:\/\/puntohabitat.es\/wp-content\/uploads\/2025\/03\/Inmobiliaria-Barcelona-PUNTO-HABITAT-592x444.jpg 592w, https:\/\/puntohabitat.es\/wp-content\/uploads\/2025\/03\/Inmobiliaria-Barcelona-PUNTO-HABITAT-584x438.jpg 584w, https:\/\/puntohabitat.es\/wp-content\/uploads\/2025\/03\/Inmobiliaria-Barcelona-PUNTO-HABITAT-800x600.jpg 800w, https:\/\/puntohabitat.es\/wp-content\/uploads\/2025\/03\/Inmobiliaria-Barcelona-PUNTO-HABITAT-120x90.jpg 120w, https:\/\/puntohabitat.es\/wp-content\/uploads\/2025\/03\/Inmobiliaria-Barcelona-PUNTO-HABITAT-496x372.jpg 496w, https:\/\/puntohabitat.es\/wp-content\/uploads\/2025\/03\/Inmobiliaria-Barcelona-PUNTO-HABITAT.jpg 1200w\" sizes=\"(max-width: 1024px) 100vw, 1024px\" \/>\t\t\t\t\t\t\t\t\t\t\t\t\t\t\t<\/div>\n\t\t\t\t<\/div>\n\t\t\t\t\t<\/div>\n\t\t<\/div>\n\t\t\t\t<div class=\"elementor-column elementor-col-50 elementor-top-column elementor-element elementor-element-53179e0\" data-id=\"53179e0\" data-element_type=\"column\" data-e-type=\"column\">\n\t\t\t<div class=\"elementor-widget-wrap elementor-element-populated\">\n\t\t\t\t\t\t<div class=\"elementor-element elementor-element-2eac02e elementor-widget elementor-widget-image\" data-id=\"2eac02e\" data-element_type=\"widget\" data-e-type=\"widget\" data-widget_type=\"image.default\">\n\t\t\t\t<div class=\"elementor-widget-container\">\n\t\t\t\t\t\t\t\t\t\t\t\t\t\t\t\t<a href=\"https:\/\/puntohabitat.es\/ca\/\">\n\t\t\t\t\t\t\t<img loading=\"lazy\" decoding=\"async\" width=\"300\" height=\"20\" src=\"https:\/\/puntohabitat.es\/wp-content\/uploads\/2022\/05\/logo-web-transparente-e1662796605608-300x20.png\" class=\"attachment-medium size-medium wp-image-67886\" alt=\"\" srcset=\"https:\/\/puntohabitat.es\/wp-content\/uploads\/2022\/05\/logo-web-transparente-e1662796605608-300x20.png 300w, https:\/\/puntohabitat.es\/wp-content\/uploads\/2022\/05\/logo-web-transparente-e1662796605608-1024x70.png 1024w, https:\/\/puntohabitat.es\/wp-content\/uploads\/2022\/05\/logo-web-transparente-e1662796605608-768x52.png 768w, https:\/\/puntohabitat.es\/wp-content\/uploads\/2022\/05\/logo-web-transparente-e1662796605608-1536x104.png 1536w, https:\/\/puntohabitat.es\/wp-content\/uploads\/2022\/05\/logo-web-transparente-e1662796605608-2048x139.png 2048w, https:\/\/puntohabitat.es\/wp-content\/uploads\/2022\/05\/logo-web-transparente-e1662796605608-150x10.png 150w, https:\/\/puntohabitat.es\/wp-content\/uploads\/2022\/05\/logo-web-transparente-e1662796605608-350x24.png 350w, https:\/\/puntohabitat.es\/wp-content\/uploads\/2022\/05\/logo-web-transparente-e1662796605608-320x22.png 320w, https:\/\/puntohabitat.es\/wp-content\/uploads\/2022\/05\/logo-web-transparente-e1662796605608-480x33.png 480w, https:\/\/puntohabitat.es\/wp-content\/uploads\/2022\/05\/logo-web-transparente-e1662796605608-800x54.png 800w\" sizes=\"(max-width: 300px) 100vw, 300px\" \/>\t\t\t\t\t\t\t\t<\/a>\n\t\t\t\t\t\t\t\t\t\t\t\t\t\t\t<\/div>\n\t\t\t\t<\/div>\n\t\t\t\t<div class=\"elementor-element elementor-element-e95f992 elementor-widget elementor-widget-text-editor\" data-id=\"e95f992\" data-element_type=\"widget\" data-e-type=\"widget\" data-widget_type=\"text-editor.default\">\n\t\t\t\t<div class=\"elementor-widget-container\">\n\t\t\t\t\t\t\t\t\t<strong>Confian\u00e7a, experi\u00e8ncia i proximitat al mercat immobiliari de Barcelona.<\/strong><br data-start=\"71\" data-end=\"74\" \/>A <a href=\"https:\/\/puntohabitat.es\/ca\/\">PUNTO HABITAT<\/a> fa m\u00e9s de 30 anys que ajudem propietaris com tu a vendre o llogar el seu habitatge amb seguretat i resultats. T&#8217;acompanyem durant tot el proc\u00e9s amb un servei transparent i adaptat a les teves necessitats.\t\t\t\t\t\t\t\t<\/div>\n\t\t\t\t<\/div>\n\t\t\t\t\t<\/div>\n\t\t<\/div>\n\t\t\t\t\t<\/div>\n\t\t<\/section>\n\t\t\t\t<section data-particle_enable=\"false\" data-particle-mobile-disabled=\"false\" class=\"elementor-section elementor-top-section elementor-element elementor-element-2dfee9fb elementor-section-boxed elementor-section-height-default elementor-section-height-default\" data-id=\"2dfee9fb\" data-element_type=\"section\" data-e-type=\"section\">\n\t\t\t\t\t\t<div class=\"elementor-container elementor-column-gap-default\">\n\t\t\t\t\t<div class=\"elementor-column elementor-col-100 elementor-top-column elementor-element elementor-element-9be4a84\" data-id=\"9be4a84\" data-element_type=\"column\" data-e-type=\"column\">\n\t\t\t<div class=\"elementor-widget-wrap elementor-element-populated\">\n\t\t\t\t\t\t<div class=\"elementor-element elementor-element-25a37e26 elementor-widget elementor-widget-global elementor-global-70640 elementor-widget-text-editor\" data-id=\"25a37e26\" data-element_type=\"widget\" data-e-type=\"widget\" data-widget_type=\"text-editor.default\">\n\t\t\t\t<div class=\"elementor-widget-container\">\n\t\t\t\t\t\t\t\t\t<p style=\"text-align: center;\">Inmobiliaria en Barcelona desde 1995<\/p>\t\t\t\t\t\t\t\t<\/div>\n\t\t\t\t<\/div>\n\t\t\t\t<div class=\"elementor-element elementor-element-335b95f9 elementor-widget elementor-widget-text-editor\" data-id=\"335b95f9\" data-element_type=\"widget\" data-e-type=\"widget\" data-widget_type=\"text-editor.default\">\n\t\t\t\t<div class=\"elementor-widget-container\">\n\t\t\t\t\t\t\t\t\t<p style=\"text-align: center;\">Contacta amb nosaltres per a resoldre qualsevol dubte sobre el mercat immobiliari a Barcelona.<\/p>\r\n<p style=\"text-align: center;\">Si prefereixes un assessorament personalitzat, vine a les nostres oficines: t&#8217;hi esperem.<\/p>\r\n<p style=\"text-align: center;\"><strong><a href=\"https:\/\/goo.gl\/maps\/9AmaF68C5Ys9imkr5\">OFICINA PUNTO HABITAT SANT JOAN<\/a><\/strong><\/p>\r\n<p style=\"text-align: center;\"><strong><a href=\"https:\/\/goo.gl\/maps\/QtN46yjZxVexqGKQ9\">OFICINA PUNTO HABITAT GAUD\u00cd<\/a><\/strong><\/p>\t\t\t\t\t\t\t\t<\/div>\n\t\t\t\t<\/div>\n\t\t\t\t\t<\/div>\n\t\t<\/div>\n\t\t\t\t\t<\/div>\n\t\t<\/section>\n\t\t\t\t<section data-particle_enable=\"false\" data-particle-mobile-disabled=\"false\" class=\"elementor-section elementor-top-section elementor-element elementor-element-cb4305c elementor-reverse-tablet elementor-reverse-mobile elementor-section-boxed elementor-section-height-default elementor-section-height-default\" data-id=\"cb4305c\" data-element_type=\"section\" data-e-type=\"section\">\n\t\t\t\t\t\t<div class=\"elementor-container elementor-column-gap-default\">\n\t\t\t\t\t<div class=\"elementor-column elementor-col-33 elementor-top-column elementor-element elementor-element-9af82aa\" data-id=\"9af82aa\" data-element_type=\"column\" data-e-type=\"column\">\n\t\t\t<div class=\"elementor-widget-wrap elementor-element-populated\">\n\t\t\t\t\t\t<div class=\"elementor-element elementor-element-991edf9 elementor-align-center elementor-widget elementor-widget-button\" data-id=\"991edf9\" data-element_type=\"widget\" data-e-type=\"widget\" data-widget_type=\"button.default\">\n\t\t\t\t<div class=\"elementor-widget-container\">\n\t\t\t\t\t\t\t\t\t<div class=\"elementor-button-wrapper\">\n\t\t\t\t\t<a class=\"elementor-button elementor-button-link elementor-size-sm elementor-animation-grow\" href=\"https:\/\/puntohabitat.es\/ca\/vendre-el-teu-pis-a-barcelona\/\">\n\t\t\t\t\t\t<span class=\"elementor-button-content-wrapper\">\n\t\t\t\t\t\t\t\t\t<span class=\"elementor-button-text\">Vendre Pis<\/span>\n\t\t\t\t\t<\/span>\n\t\t\t\t\t<\/a>\n\t\t\t\t<\/div>\n\t\t\t\t\t\t\t\t<\/div>\n\t\t\t\t<\/div>\n\t\t\t\t\t<\/div>\n\t\t<\/div>\n\t\t\t\t<div class=\"elementor-column elementor-col-33 elementor-top-column elementor-element elementor-element-cdba8f9\" data-id=\"cdba8f9\" data-element_type=\"column\" data-e-type=\"column\">\n\t\t\t<div class=\"elementor-widget-wrap elementor-element-populated\">\n\t\t\t\t\t\t<div class=\"elementor-element elementor-element-1db515c elementor-align-center elementor-widget elementor-widget-button\" data-id=\"1db515c\" data-element_type=\"widget\" data-e-type=\"widget\" data-widget_type=\"button.default\">\n\t\t\t\t<div class=\"elementor-widget-container\">\n\t\t\t\t\t\t\t\t\t<div class=\"elementor-button-wrapper\">\n\t\t\t\t\t<a class=\"elementor-button elementor-button-link elementor-size-sm elementor-animation-grow\" href=\"https:\/\/puntohabitat.es\/ca\/llogar-el-teu-pis-a-barcelona\/\">\n\t\t\t\t\t\t<span class=\"elementor-button-content-wrapper\">\n\t\t\t\t\t\t\t\t\t<span class=\"elementor-button-text\">Llogar el meu Pis<\/span>\n\t\t\t\t\t<\/span>\n\t\t\t\t\t<\/a>\n\t\t\t\t<\/div>\n\t\t\t\t\t\t\t\t<\/div>\n\t\t\t\t<\/div>\n\t\t\t\t\t<\/div>\n\t\t<\/div>\n\t\t\t\t<div class=\"elementor-column elementor-col-33 elementor-top-column elementor-element elementor-element-35b0f3b\" data-id=\"35b0f3b\" data-element_type=\"column\" data-e-type=\"column\">\n\t\t\t<div class=\"elementor-widget-wrap elementor-element-populated\">\n\t\t\t\t\t\t<div class=\"elementor-element elementor-element-8b72134 elementor-align-center elementor-widget elementor-widget-button\" data-id=\"8b72134\" data-element_type=\"widget\" data-e-type=\"widget\" data-widget_type=\"button.default\">\n\t\t\t\t<div class=\"elementor-widget-container\">\n\t\t\t\t\t\t\t\t\t<div class=\"elementor-button-wrapper\">\n\t\t\t\t\t<a class=\"elementor-button elementor-button-link elementor-size-sm elementor-animation-grow\" href=\"https:\/\/puntohabitat.es\/ca\/gestio-de-lloguer\/\">\n\t\t\t\t\t\t<span class=\"elementor-button-content-wrapper\">\n\t\t\t\t\t\t\t\t\t<span class=\"elementor-button-text\">Gesti\u00f3 de Lloguer<\/span>\n\t\t\t\t\t<\/span>\n\t\t\t\t\t<\/a>\n\t\t\t\t<\/div>\n\t\t\t\t\t\t\t\t<\/div>\n\t\t\t\t<\/div>\n\t\t\t\t\t<\/div>\n\t\t<\/div>\n\t\t\t\t\t<\/div>\n\t\t<\/section>\n\t\t\t\t<section data-particle_enable=\"false\" data-particle-mobile-disabled=\"false\" class=\"elementor-section elementor-top-section elementor-element elementor-element-117f331 elementor-section-boxed elementor-section-height-default elementor-section-height-default\" data-id=\"117f331\" data-element_type=\"section\" data-e-type=\"section\">\n\t\t\t\t\t\t<div class=\"elementor-container elementor-column-gap-default\">\n\t\t\t\t\t<div class=\"elementor-column elementor-col-33 elementor-top-column elementor-element elementor-element-6650e2c\" data-id=\"6650e2c\" data-element_type=\"column\" data-e-type=\"column\">\n\t\t\t<div class=\"elementor-widget-wrap elementor-element-populated\">\n\t\t\t\t\t\t<div class=\"elementor-element elementor-element-b63d5f8 elementor-align-center elementor-widget elementor-widget-button\" data-id=\"b63d5f8\" data-element_type=\"widget\" data-e-type=\"widget\" data-widget_type=\"button.default\">\n\t\t\t\t<div class=\"elementor-widget-container\">\n\t\t\t\t\t\t\t\t\t<div class=\"elementor-button-wrapper\">\n\t\t\t\t\t<a class=\"elementor-button elementor-button-link elementor-size-sm elementor-animation-grow\" href=\"https:\/\/puntohabitat.es\/ca\/pisos-venda-barcelona\/\">\n\t\t\t\t\t\t<span class=\"elementor-button-content-wrapper\">\n\t\t\t\t\t\t\t\t\t<span class=\"elementor-button-text\">Pisos Venda<\/span>\n\t\t\t\t\t<\/span>\n\t\t\t\t\t<\/a>\n\t\t\t\t<\/div>\n\t\t\t\t\t\t\t\t<\/div>\n\t\t\t\t<\/div>\n\t\t\t\t\t<\/div>\n\t\t<\/div>\n\t\t\t\t<div class=\"elementor-column elementor-col-33 elementor-top-column elementor-element elementor-element-95259e8\" data-id=\"95259e8\" data-element_type=\"column\" data-e-type=\"column\">\n\t\t\t<div class=\"elementor-widget-wrap elementor-element-populated\">\n\t\t\t\t\t\t<div class=\"elementor-element elementor-element-a861351 elementor-align-center elementor-widget elementor-widget-button\" data-id=\"a861351\" data-element_type=\"widget\" data-e-type=\"widget\" data-widget_type=\"button.default\">\n\t\t\t\t<div class=\"elementor-widget-container\">\n\t\t\t\t\t\t\t\t\t<div class=\"elementor-button-wrapper\">\n\t\t\t\t\t<a class=\"elementor-button elementor-button-link elementor-size-sm elementor-animation-grow\" href=\"https:\/\/puntohabitat.es\/ca\/propietats-en-lloguer\/\">\n\t\t\t\t\t\t<span class=\"elementor-button-content-wrapper\">\n\t\t\t\t\t\t\t\t\t<span class=\"elementor-button-text\">Pisos Lloguer<\/span>\n\t\t\t\t\t<\/span>\n\t\t\t\t\t<\/a>\n\t\t\t\t<\/div>\n\t\t\t\t\t\t\t\t<\/div>\n\t\t\t\t<\/div>\n\t\t\t\t\t<\/div>\n\t\t<\/div>\n\t\t\t\t<div class=\"elementor-column elementor-col-33 elementor-top-column elementor-element elementor-element-5338f8d\" data-id=\"5338f8d\" data-element_type=\"column\" data-e-type=\"column\">\n\t\t\t<div class=\"elementor-widget-wrap elementor-element-populated\">\n\t\t\t\t\t\t<div class=\"elementor-element elementor-element-33ed5b9 elementor-align-center elementor-widget elementor-widget-button\" data-id=\"33ed5b9\" data-element_type=\"widget\" data-e-type=\"widget\" data-widget_type=\"button.default\">\n\t\t\t\t<div class=\"elementor-widget-container\">\n\t\t\t\t\t\t\t\t\t<div class=\"elementor-button-wrapper\">\n\t\t\t\t\t<a class=\"elementor-button elementor-button-link elementor-size-sm elementor-animation-grow\" href=\"https:\/\/puntohabitat.es\/ca\/contacte\/\">\n\t\t\t\t\t\t<span class=\"elementor-button-content-wrapper\">\n\t\t\t\t\t\t\t\t\t<span class=\"elementor-button-text\">Contacte<\/span>\n\t\t\t\t\t<\/span>\n\t\t\t\t\t<\/a>\n\t\t\t\t<\/div>\n\t\t\t\t\t\t\t\t<\/div>\n\t\t\t\t<\/div>\n\t\t\t\t\t<\/div>\n\t\t<\/div>\n\t\t\t\t\t<\/div>\n\t\t<\/section>\n\t\t\t\t<\/div>\n\t\t","protected":false},"excerpt":{"rendered":"<p>Impostos Venda Pis 2025: Guia Completa per a Venedors a<\/p>\n","protected":false},"author":2,"featured_media":84043,"comment_status":"closed","ping_status":"closed","sticky":false,"template":"","format":"standard","meta":{"footnotes":""},"categories":[242,180],"tags":[204],"class_list":["post-84106","post","type-post","status-publish","format-standard","has-post-thumbnail","hentry","category-fiscalitat","category-venda","tag-vendre-pis"],"yoast_head":"<!-- This site is optimized with the Yoast SEO plugin v27.5 - https:\/\/yoast.com\/product\/yoast-seo-wordpress\/ -->\n<title>Impostos Venda Pis 2025<\/title>\n<meta name=\"description\" content=\"Descobreix els impostos que haur\u00e0s de pagar al vendre el teu pis a Barcelona i les exempcions, deduccions i consells per a optimitzar la teva c\u00e0rrega fiscal\" \/>\n<meta name=\"robots\" content=\"index, follow, max-snippet:-1, max-image-preview:large, max-video-preview:-1\" \/>\n<link rel=\"canonical\" href=\"https:\/\/puntohabitat.es\/ca\/impostos-venda-pis-2025\/\" \/>\n<meta property=\"og:locale\" content=\"ca_ES\" \/>\n<meta property=\"og:type\" content=\"article\" \/>\n<meta property=\"og:title\" content=\"Impostos Venda Pis 2025\" \/>\n<meta property=\"og:description\" content=\"Descobreix els impostos que haur\u00e0s de pagar al vendre el teu pis a Barcelona i les exempcions, deduccions i consells per a optimitzar la teva c\u00e0rrega fiscal\" \/>\n<meta property=\"og:url\" content=\"https:\/\/puntohabitat.es\/ca\/impostos-venda-pis-2025\/\" \/>\n<meta property=\"og:site_name\" content=\"PUNTO HABITAT\" \/>\n<meta property=\"article:publisher\" content=\"https:\/\/www.facebook.com\/puntohabitat\" \/>\n<meta property=\"article:author\" content=\"https:\/\/www.facebook.com\/puntohabitat\/\" \/>\n<meta property=\"article:published_time\" content=\"2025-02-19T14:38:28+00:00\" \/>\n<meta property=\"article:modified_time\" content=\"2025-08-07T16:15:33+00:00\" \/>\n<meta property=\"og:image\" content=\"https:\/\/puntohabitat.es\/wp-content\/uploads\/2025\/02\/Impuestos-Venta-Vivienda-2025.webp\" \/>\n\t<meta property=\"og:image:width\" content=\"1200\" \/>\n\t<meta property=\"og:image:height\" content=\"800\" \/>\n\t<meta property=\"og:image:type\" content=\"image\/webp\" \/>\n<meta name=\"author\" content=\"PUNTO HABITAT\" \/>\n<meta name=\"twitter:card\" content=\"summary_large_image\" \/>\n<meta name=\"twitter:creator\" content=\"@https:\/\/twitter.com\/puntohabitat\" \/>\n<meta name=\"twitter:site\" content=\"@puntohabitat\" \/>\n<meta name=\"twitter:label1\" content=\"Escrit per\" \/>\n\t<meta name=\"twitter:data1\" content=\"PUNTO HABITAT\" \/>\n\t<meta name=\"twitter:label2\" content=\"Temps estimat de lectura\" \/>\n\t<meta name=\"twitter:data2\" content=\"6 minuts\" \/>\n<script type=\"application\/ld+json\" class=\"yoast-schema-graph\">{\"@context\":\"https:\\\/\\\/schema.org\",\"@graph\":[{\"@type\":\"Article\",\"@id\":\"https:\\\/\\\/puntohabitat.es\\\/ca\\\/impostos-venda-pis-2025\\\/#article\",\"isPartOf\":{\"@id\":\"https:\\\/\\\/puntohabitat.es\\\/ca\\\/impostos-venda-pis-2025\\\/\"},\"author\":{\"name\":\"PUNTO HABITAT\",\"@id\":\"https:\\\/\\\/puntohabitat.es\\\/ca\\\/#\\\/schema\\\/person\\\/940c5335a3c27822cf280cc5edbe208f\"},\"headline\":\"Impostos Venda Pis 2025\",\"datePublished\":\"2025-02-19T14:38:28+00:00\",\"dateModified\":\"2025-08-07T16:15:33+00:00\",\"mainEntityOfPage\":{\"@id\":\"https:\\\/\\\/puntohabitat.es\\\/ca\\\/impostos-venda-pis-2025\\\/\"},\"wordCount\":1158,\"publisher\":{\"@id\":\"https:\\\/\\\/puntohabitat.es\\\/ca\\\/#organization\"},\"image\":{\"@id\":\"https:\\\/\\\/puntohabitat.es\\\/ca\\\/impostos-venda-pis-2025\\\/#primaryimage\"},\"thumbnailUrl\":\"https:\\\/\\\/puntohabitat.es\\\/wp-content\\\/uploads\\\/2025\\\/02\\\/Impuestos-Venta-Vivienda-2025.webp\",\"keywords\":[\"Vendre Pis\"],\"articleSection\":[\"Fiscalitat\",\"Venda\"],\"inLanguage\":\"ca\"},{\"@type\":\"WebPage\",\"@id\":\"https:\\\/\\\/puntohabitat.es\\\/ca\\\/impostos-venda-pis-2025\\\/\",\"url\":\"https:\\\/\\\/puntohabitat.es\\\/ca\\\/impostos-venda-pis-2025\\\/\",\"name\":\"Impostos Venda Pis 2025\",\"isPartOf\":{\"@id\":\"https:\\\/\\\/puntohabitat.es\\\/ca\\\/#website\"},\"primaryImageOfPage\":{\"@id\":\"https:\\\/\\\/puntohabitat.es\\\/ca\\\/impostos-venda-pis-2025\\\/#primaryimage\"},\"image\":{\"@id\":\"https:\\\/\\\/puntohabitat.es\\\/ca\\\/impostos-venda-pis-2025\\\/#primaryimage\"},\"thumbnailUrl\":\"https:\\\/\\\/puntohabitat.es\\\/wp-content\\\/uploads\\\/2025\\\/02\\\/Impuestos-Venta-Vivienda-2025.webp\",\"datePublished\":\"2025-02-19T14:38:28+00:00\",\"dateModified\":\"2025-08-07T16:15:33+00:00\",\"description\":\"Descobreix els impostos que haur\u00e0s de pagar al vendre el teu pis a Barcelona i les exempcions, deduccions i consells per a optimitzar la teva c\u00e0rrega fiscal\",\"breadcrumb\":{\"@id\":\"https:\\\/\\\/puntohabitat.es\\\/ca\\\/impostos-venda-pis-2025\\\/#breadcrumb\"},\"inLanguage\":\"ca\",\"potentialAction\":[{\"@type\":\"ReadAction\",\"target\":[\"https:\\\/\\\/puntohabitat.es\\\/ca\\\/impostos-venda-pis-2025\\\/\"]}]},{\"@type\":\"ImageObject\",\"inLanguage\":\"ca\",\"@id\":\"https:\\\/\\\/puntohabitat.es\\\/ca\\\/impostos-venda-pis-2025\\\/#primaryimage\",\"url\":\"https:\\\/\\\/puntohabitat.es\\\/wp-content\\\/uploads\\\/2025\\\/02\\\/Impuestos-Venta-Vivienda-2025.webp\",\"contentUrl\":\"https:\\\/\\\/puntohabitat.es\\\/wp-content\\\/uploads\\\/2025\\\/02\\\/Impuestos-Venta-Vivienda-2025.webp\",\"width\":1200,\"height\":800,\"caption\":\"Impuestos Venta Vivienda 2025\"},{\"@type\":\"BreadcrumbList\",\"@id\":\"https:\\\/\\\/puntohabitat.es\\\/ca\\\/impostos-venda-pis-2025\\\/#breadcrumb\",\"itemListElement\":[{\"@type\":\"ListItem\",\"position\":1,\"name\":\"Inicio\",\"item\":\"https:\\\/\\\/puntohabitat.es\\\/ca\\\/\"},{\"@type\":\"ListItem\",\"position\":2,\"name\":\"Impostos Venda Pis 2025\"}]},{\"@type\":\"WebSite\",\"@id\":\"https:\\\/\\\/puntohabitat.es\\\/ca\\\/#website\",\"url\":\"https:\\\/\\\/puntohabitat.es\\\/ca\\\/\",\"name\":\"PUNTO HABITAT\",\"description\":\"Inmobiliaria Barcelona | Venta y alquiler de pisos Barcelona | Gesti\u00f3n de alquiler\",\"publisher\":{\"@id\":\"https:\\\/\\\/puntohabitat.es\\\/ca\\\/#organization\"},\"potentialAction\":[{\"@type\":\"SearchAction\",\"target\":{\"@type\":\"EntryPoint\",\"urlTemplate\":\"https:\\\/\\\/puntohabitat.es\\\/ca\\\/?s={search_term_string}\"},\"query-input\":{\"@type\":\"PropertyValueSpecification\",\"valueRequired\":true,\"valueName\":\"search_term_string\"}}],\"inLanguage\":\"ca\"},{\"@type\":\"Organization\",\"@id\":\"https:\\\/\\\/puntohabitat.es\\\/ca\\\/#organization\",\"name\":\"PUNTO HABITAT\",\"url\":\"https:\\\/\\\/puntohabitat.es\\\/ca\\\/\",\"logo\":{\"@type\":\"ImageObject\",\"inLanguage\":\"ca\",\"@id\":\"https:\\\/\\\/puntohabitat.es\\\/ca\\\/#\\\/schema\\\/logo\\\/image\\\/\",\"url\":\"https:\\\/\\\/puntohabitat.es\\\/wp-content\\\/uploads\\\/2022\\\/06\\\/icono-apple-ipad-retina.jpg\",\"contentUrl\":\"https:\\\/\\\/puntohabitat.es\\\/wp-content\\\/uploads\\\/2022\\\/06\\\/icono-apple-ipad-retina.jpg\",\"width\":145,\"height\":145,\"caption\":\"PUNTO HABITAT\"},\"image\":{\"@id\":\"https:\\\/\\\/puntohabitat.es\\\/ca\\\/#\\\/schema\\\/logo\\\/image\\\/\"},\"sameAs\":[\"https:\\\/\\\/www.facebook.com\\\/puntohabitat\",\"https:\\\/\\\/x.com\\\/puntohabitat\",\"https:\\\/\\\/www.instagram.com\\\/puntohabitat\\\/\",\"https:\\\/\\\/www.linkedin.com\\\/in\\\/puntohabitat\\\/\",\"https:\\\/\\\/www.youtube.com\\\/c\\\/puntohabitatinmobiliariaBarcelona\",\"https:\\\/\\\/www.tiktok.com\\\/@puntohabitat\"]},{\"@type\":\"Person\",\"@id\":\"https:\\\/\\\/puntohabitat.es\\\/ca\\\/#\\\/schema\\\/person\\\/940c5335a3c27822cf280cc5edbe208f\",\"name\":\"PUNTO HABITAT\",\"description\":\"PUNTO HABITAT | Inmobiliaria Barcelona | 1995 Servicio personalizado en la gesti\u00f3n de venta y alquiler de inmuebles.\",\"sameAs\":[\"https:\\\/\\\/puntohabitat.es\",\"https:\\\/\\\/www.facebook.com\\\/puntohabitat\\\/\",\"https:\\\/\\\/www.instagram.com\\\/puntohabitat\\\/\",\"https:\\\/\\\/es.linkedin.com\\\/in\\\/puntohabitat\",\"https:\\\/\\\/www.pinterest.es\\\/puntohabitat\\\/\",\"https:\\\/\\\/x.com\\\/https:\\\/\\\/twitter.com\\\/puntohabitat\",\"https:\\\/\\\/www.youtube.com\\\/c\\\/puntohabitatinmobiliariaBarcelona\"]}]}<\/script>\n<!-- \/ Yoast SEO plugin. -->","yoast_head_json":{"title":"Impostos Venda Pis 2025","description":"Descobreix els impostos que haur\u00e0s de pagar al vendre el teu pis a Barcelona i les exempcions, deduccions i consells per a optimitzar la teva c\u00e0rrega fiscal","robots":{"index":"index","follow":"follow","max-snippet":"max-snippet:-1","max-image-preview":"max-image-preview:large","max-video-preview":"max-video-preview:-1"},"canonical":"https:\/\/puntohabitat.es\/ca\/impostos-venda-pis-2025\/","og_locale":"ca_ES","og_type":"article","og_title":"Impostos Venda Pis 2025","og_description":"Descobreix els impostos que haur\u00e0s de pagar al vendre el teu pis a Barcelona i les exempcions, deduccions i consells per a optimitzar la teva c\u00e0rrega fiscal","og_url":"https:\/\/puntohabitat.es\/ca\/impostos-venda-pis-2025\/","og_site_name":"PUNTO HABITAT","article_publisher":"https:\/\/www.facebook.com\/puntohabitat","article_author":"https:\/\/www.facebook.com\/puntohabitat\/","article_published_time":"2025-02-19T14:38:28+00:00","article_modified_time":"2025-08-07T16:15:33+00:00","og_image":[{"width":1200,"height":800,"url":"https:\/\/puntohabitat.es\/wp-content\/uploads\/2025\/02\/Impuestos-Venta-Vivienda-2025.webp","type":"image\/webp"}],"author":"PUNTO HABITAT","twitter_card":"summary_large_image","twitter_creator":"@https:\/\/twitter.com\/puntohabitat","twitter_site":"@puntohabitat","twitter_misc":{"Escrit per":"PUNTO HABITAT","Temps estimat de lectura":"6 minuts"},"schema":{"@context":"https:\/\/schema.org","@graph":[{"@type":"Article","@id":"https:\/\/puntohabitat.es\/ca\/impostos-venda-pis-2025\/#article","isPartOf":{"@id":"https:\/\/puntohabitat.es\/ca\/impostos-venda-pis-2025\/"},"author":{"name":"PUNTO HABITAT","@id":"https:\/\/puntohabitat.es\/ca\/#\/schema\/person\/940c5335a3c27822cf280cc5edbe208f"},"headline":"Impostos Venda Pis 2025","datePublished":"2025-02-19T14:38:28+00:00","dateModified":"2025-08-07T16:15:33+00:00","mainEntityOfPage":{"@id":"https:\/\/puntohabitat.es\/ca\/impostos-venda-pis-2025\/"},"wordCount":1158,"publisher":{"@id":"https:\/\/puntohabitat.es\/ca\/#organization"},"image":{"@id":"https:\/\/puntohabitat.es\/ca\/impostos-venda-pis-2025\/#primaryimage"},"thumbnailUrl":"https:\/\/puntohabitat.es\/wp-content\/uploads\/2025\/02\/Impuestos-Venta-Vivienda-2025.webp","keywords":["Vendre Pis"],"articleSection":["Fiscalitat","Venda"],"inLanguage":"ca"},{"@type":"WebPage","@id":"https:\/\/puntohabitat.es\/ca\/impostos-venda-pis-2025\/","url":"https:\/\/puntohabitat.es\/ca\/impostos-venda-pis-2025\/","name":"Impostos Venda Pis 2025","isPartOf":{"@id":"https:\/\/puntohabitat.es\/ca\/#website"},"primaryImageOfPage":{"@id":"https:\/\/puntohabitat.es\/ca\/impostos-venda-pis-2025\/#primaryimage"},"image":{"@id":"https:\/\/puntohabitat.es\/ca\/impostos-venda-pis-2025\/#primaryimage"},"thumbnailUrl":"https:\/\/puntohabitat.es\/wp-content\/uploads\/2025\/02\/Impuestos-Venta-Vivienda-2025.webp","datePublished":"2025-02-19T14:38:28+00:00","dateModified":"2025-08-07T16:15:33+00:00","description":"Descobreix els impostos que haur\u00e0s de pagar al vendre el teu pis a Barcelona i les exempcions, deduccions i consells per a optimitzar la teva c\u00e0rrega fiscal","breadcrumb":{"@id":"https:\/\/puntohabitat.es\/ca\/impostos-venda-pis-2025\/#breadcrumb"},"inLanguage":"ca","potentialAction":[{"@type":"ReadAction","target":["https:\/\/puntohabitat.es\/ca\/impostos-venda-pis-2025\/"]}]},{"@type":"ImageObject","inLanguage":"ca","@id":"https:\/\/puntohabitat.es\/ca\/impostos-venda-pis-2025\/#primaryimage","url":"https:\/\/puntohabitat.es\/wp-content\/uploads\/2025\/02\/Impuestos-Venta-Vivienda-2025.webp","contentUrl":"https:\/\/puntohabitat.es\/wp-content\/uploads\/2025\/02\/Impuestos-Venta-Vivienda-2025.webp","width":1200,"height":800,"caption":"Impuestos Venta Vivienda 2025"},{"@type":"BreadcrumbList","@id":"https:\/\/puntohabitat.es\/ca\/impostos-venda-pis-2025\/#breadcrumb","itemListElement":[{"@type":"ListItem","position":1,"name":"Inicio","item":"https:\/\/puntohabitat.es\/ca\/"},{"@type":"ListItem","position":2,"name":"Impostos Venda Pis 2025"}]},{"@type":"WebSite","@id":"https:\/\/puntohabitat.es\/ca\/#website","url":"https:\/\/puntohabitat.es\/ca\/","name":"PUNTO HABITAT","description":"Inmobiliaria Barcelona | Venta y alquiler de pisos Barcelona | Gesti\u00f3n de alquiler","publisher":{"@id":"https:\/\/puntohabitat.es\/ca\/#organization"},"potentialAction":[{"@type":"SearchAction","target":{"@type":"EntryPoint","urlTemplate":"https:\/\/puntohabitat.es\/ca\/?s={search_term_string}"},"query-input":{"@type":"PropertyValueSpecification","valueRequired":true,"valueName":"search_term_string"}}],"inLanguage":"ca"},{"@type":"Organization","@id":"https:\/\/puntohabitat.es\/ca\/#organization","name":"PUNTO HABITAT","url":"https:\/\/puntohabitat.es\/ca\/","logo":{"@type":"ImageObject","inLanguage":"ca","@id":"https:\/\/puntohabitat.es\/ca\/#\/schema\/logo\/image\/","url":"https:\/\/puntohabitat.es\/wp-content\/uploads\/2022\/06\/icono-apple-ipad-retina.jpg","contentUrl":"https:\/\/puntohabitat.es\/wp-content\/uploads\/2022\/06\/icono-apple-ipad-retina.jpg","width":145,"height":145,"caption":"PUNTO HABITAT"},"image":{"@id":"https:\/\/puntohabitat.es\/ca\/#\/schema\/logo\/image\/"},"sameAs":["https:\/\/www.facebook.com\/puntohabitat","https:\/\/x.com\/puntohabitat","https:\/\/www.instagram.com\/puntohabitat\/","https:\/\/www.linkedin.com\/in\/puntohabitat\/","https:\/\/www.youtube.com\/c\/puntohabitatinmobiliariaBarcelona","https:\/\/www.tiktok.com\/@puntohabitat"]},{"@type":"Person","@id":"https:\/\/puntohabitat.es\/ca\/#\/schema\/person\/940c5335a3c27822cf280cc5edbe208f","name":"PUNTO HABITAT","description":"PUNTO HABITAT | Inmobiliaria Barcelona | 1995 Servicio personalizado en la gesti\u00f3n de venta y alquiler de inmuebles.","sameAs":["https:\/\/puntohabitat.es","https:\/\/www.facebook.com\/puntohabitat\/","https:\/\/www.instagram.com\/puntohabitat\/","https:\/\/es.linkedin.com\/in\/puntohabitat","https:\/\/www.pinterest.es\/puntohabitat\/","https:\/\/x.com\/https:\/\/twitter.com\/puntohabitat","https:\/\/www.youtube.com\/c\/puntohabitatinmobiliariaBarcelona"]}]}},"_links":{"self":[{"href":"https:\/\/puntohabitat.es\/ca\/wp-json\/wp\/v2\/posts\/84106","targetHints":{"allow":["GET"]}}],"collection":[{"href":"https:\/\/puntohabitat.es\/ca\/wp-json\/wp\/v2\/posts"}],"about":[{"href":"https:\/\/puntohabitat.es\/ca\/wp-json\/wp\/v2\/types\/post"}],"author":[{"embeddable":true,"href":"https:\/\/puntohabitat.es\/ca\/wp-json\/wp\/v2\/users\/2"}],"replies":[{"embeddable":true,"href":"https:\/\/puntohabitat.es\/ca\/wp-json\/wp\/v2\/comments?post=84106"}],"version-history":[{"count":0,"href":"https:\/\/puntohabitat.es\/ca\/wp-json\/wp\/v2\/posts\/84106\/revisions"}],"wp:featuredmedia":[{"embeddable":true,"href":"https:\/\/puntohabitat.es\/ca\/wp-json\/wp\/v2\/media\/84043"}],"wp:attachment":[{"href":"https:\/\/puntohabitat.es\/ca\/wp-json\/wp\/v2\/media?parent=84106"}],"wp:term":[{"taxonomy":"category","embeddable":true,"href":"https:\/\/puntohabitat.es\/ca\/wp-json\/wp\/v2\/categories?post=84106"},{"taxonomy":"post_tag","embeddable":true,"href":"https:\/\/puntohabitat.es\/ca\/wp-json\/wp\/v2\/tags?post=84106"}],"curies":[{"name":"wp","href":"https:\/\/api.w.org\/{rel}","templated":true}]}}