{"id":84110,"date":"2025-02-16T19:35:55","date_gmt":"2025-02-16T18:35:55","guid":{"rendered":"https:\/\/puntohabitat.es\/preu-pisos-barcelona-barris-e-m%c2%b2\/"},"modified":"2025-08-07T18:15:32","modified_gmt":"2025-08-07T16:15:32","slug":"preu-pisos-barcelona-barris-e-m%c2%b2","status":"publish","type":"post","link":"https:\/\/puntohabitat.es\/ca\/preu-pisos-barcelona-barris-e-m%c2%b2\/","title":{"rendered":"Preu Pisos Barcelona Barris \u20ac\/m\u00b2"},"content":{"rendered":"\t\t<div data-elementor-type=\"wp-post\" data-elementor-id=\"84110\" class=\"elementor elementor-84110 elementor-83784\" data-elementor-post-type=\"post\">\n\t\t\t\t\t\t<section data-particle_enable=\"false\" data-particle-mobile-disabled=\"false\" class=\"elementor-section elementor-top-section elementor-element elementor-element-4af10bc elementor-section-full_width elementor-section-height-min-height elementor-section-height-default elementor-section-items-middle\" data-id=\"4af10bc\" data-element_type=\"section\" data-e-type=\"section\" data-settings=\"{&quot;background_background&quot;:&quot;classic&quot;}\">\n\t\t\t\t\t\t\t<div class=\"elementor-background-overlay\"><\/div>\n\t\t\t\t\t\t\t<div class=\"elementor-container elementor-column-gap-default\">\n\t\t\t\t\t<div class=\"elementor-column elementor-col-100 elementor-top-column elementor-element elementor-element-42e7c64\" data-id=\"42e7c64\" data-element_type=\"column\" data-e-type=\"column\">\n\t\t\t<div class=\"elementor-widget-wrap elementor-element-populated\">\n\t\t\t\t\t\t<section data-particle_enable=\"false\" data-particle-mobile-disabled=\"false\" class=\"elementor-section elementor-inner-section elementor-element elementor-element-662218d elementor-section-content-middle elementor-section-boxed elementor-section-height-default elementor-section-height-default\" data-id=\"662218d\" data-element_type=\"section\" data-e-type=\"section\" data-settings=\"{&quot;background_background&quot;:&quot;classic&quot;}\">\n\t\t\t\t\t\t<div class=\"elementor-container elementor-column-gap-default\">\n\t\t\t\t\t<div class=\"elementor-column elementor-col-50 elementor-inner-column elementor-element elementor-element-582af2f\" data-id=\"582af2f\" data-element_type=\"column\" data-e-type=\"column\">\n\t\t\t<div class=\"elementor-widget-wrap\">\n\t\t\t\t\t\t\t<\/div>\n\t\t<\/div>\n\t\t\t\t<div class=\"elementor-column elementor-col-50 elementor-inner-column elementor-element elementor-element-deb489c\" data-id=\"deb489c\" data-element_type=\"column\" data-e-type=\"column\">\n\t\t\t<div class=\"elementor-widget-wrap elementor-element-populated\">\n\t\t\t\t\t\t<div class=\"elementor-element elementor-element-6eb4fc6 elementor-widget elementor-widget-heading\" data-id=\"6eb4fc6\" data-element_type=\"widget\" data-e-type=\"widget\" data-widget_type=\"heading.default\">\n\t\t\t\t<div class=\"elementor-widget-container\">\n\t\t\t\t\t<h1 class=\"elementor-heading-title elementor-size-default\">Preu Pisos Barcelona Barris \u20ac\/m\u00b2<\/h1>\t\t\t\t<\/div>\n\t\t\t\t<\/div>\n\t\t\t\t\t<\/div>\n\t\t<\/div>\n\t\t\t\t\t<\/div>\n\t\t<\/section>\n\t\t\t\t\t<\/div>\n\t\t<\/div>\n\t\t\t\t\t<\/div>\n\t\t<\/section>\n\t\t\t\t<section data-particle_enable=\"false\" data-particle-mobile-disabled=\"false\" class=\"elementor-section elementor-top-section elementor-element elementor-element-75fd3c4 elementor-section-boxed elementor-section-height-default elementor-section-height-default\" data-id=\"75fd3c4\" data-element_type=\"section\" data-e-type=\"section\">\n\t\t\t\t\t\t<div class=\"elementor-container elementor-column-gap-default\">\n\t\t\t\t\t<div class=\"elementor-column elementor-col-100 elementor-top-column elementor-element elementor-element-875f148\" data-id=\"875f148\" data-element_type=\"column\" data-e-type=\"column\">\n\t\t\t<div class=\"elementor-widget-wrap elementor-element-populated\">\n\t\t\t\t\t\t<div class=\"elementor-element elementor-element-ce16047 elementor-widget elementor-widget-text-editor\" data-id=\"ce16047\" data-element_type=\"widget\" data-e-type=\"widget\" data-widget_type=\"text-editor.default\">\n\t\t\t\t<div class=\"elementor-widget-container\">\n\t\t\t\t\t\t\t\t\t16 de febrer de 2025\t\t\t\t\t\t\t\t<\/div>\n\t\t\t\t<\/div>\n\t\t\t\t<div class=\"elementor-element elementor-element-d2cbbd3 elementor-author-box--image-valign-middle elementor-author-box--avatar-yes elementor-author-box--name-yes elementor-author-box--biography-yes elementor-author-box--link-no elementor-widget elementor-widget-author-box\" data-id=\"d2cbbd3\" data-element_type=\"widget\" data-e-type=\"widget\" data-widget_type=\"author-box.default\">\n\t\t\t\t<div class=\"elementor-widget-container\">\n\t\t\t\t\t\t\t<div class=\"elementor-author-box\">\n\t\t\t\t\t\t\t<div  class=\"elementor-author-box__avatar\">\n\t\t\t\t\t<img decoding=\"async\" src=\"https:\/\/secure.gravatar.com\/avatar\/2773bca6c07e7af4bf869eb5d10584666289bf322520dcdbd0c35dfa92289cd2?s=300&#038;d=mm&#038;r=g\" alt=\"Picture of PUNTO HABITAT\" loading=\"lazy\">\n\t\t\t\t<\/div>\n\t\t\t\n\t\t\t<div class=\"elementor-author-box__text\">\n\t\t\t\t\t\t\t\t\t<div >\n\t\t\t\t\t\t<h6 class=\"elementor-author-box__name\">\n\t\t\t\t\t\t\tPUNTO HABITAT\t\t\t\t\t\t<\/h6>\n\t\t\t\t\t<\/div>\n\t\t\t\t\n\t\t\t\t\t\t\t\t\t<div class=\"elementor-author-box__bio\">\n\t\t\t\t\t\tPUNTO HABITAT | Inmobiliaria Barcelona | 1995 \r\nServicio personalizado en la gesti\u00f3n de venta y alquiler de inmuebles.\t\t\t\t\t<\/div>\n\t\t\t\t\n\t\t\t\t\t\t\t<\/div>\n\t\t<\/div>\n\t\t\t\t\t\t<\/div>\n\t\t\t\t<\/div>\n\t\t\t\t\t<\/div>\n\t\t<\/div>\n\t\t\t\t\t<\/div>\n\t\t<\/section>\n\t\t\t\t<section data-particle_enable=\"false\" data-particle-mobile-disabled=\"false\" class=\"elementor-section elementor-top-section elementor-element elementor-element-aec8275 elementor-section-boxed elementor-section-height-default elementor-section-height-default\" data-id=\"aec8275\" data-element_type=\"section\" data-e-type=\"section\">\n\t\t\t\t\t\t<div class=\"elementor-container elementor-column-gap-default\">\n\t\t\t\t\t<div class=\"elementor-column elementor-col-100 elementor-top-column elementor-element elementor-element-2eaf904\" data-id=\"2eaf904\" data-element_type=\"column\" data-e-type=\"column\">\n\t\t\t<div class=\"elementor-widget-wrap elementor-element-populated\">\n\t\t\t\t\t\t<div class=\"elementor-element elementor-element-e74720b elementor-widget elementor-widget-heading\" data-id=\"e74720b\" data-element_type=\"widget\" data-e-type=\"widget\" data-widget_type=\"heading.default\">\n\t\t\t\t<div class=\"elementor-widget-container\">\n\t\t\t\t\t<h2 class=\"elementor-heading-title elementor-size-default\">Evoluci\u00f3 dels Preus de l\u2019Habitatge a Barcelona 2021-2024<\/h2>\t\t\t\t<\/div>\n\t\t\t\t<\/div>\n\t\t\t\t<div class=\"elementor-element elementor-element-0c9b5a1 elementor-widget elementor-widget-text-editor\" data-id=\"0c9b5a1\" data-element_type=\"widget\" data-e-type=\"widget\" data-widget_type=\"text-editor.default\">\n\t\t\t\t<div class=\"elementor-widget-container\">\n\t\t\t\t\t\t\t\t\t<strong>Preu Pisos Barcelona Barris \u20ac\/m\u00b2<\/strong>:\r\n<p data-start=\"176\" data-end=\"338\">El mercat immobiliari de Barcelona ha experimentat canvis importants en els darrers anys, amb fluctuacions en els preus de l\u2019habitatge als diferents districtes.<\/p>\r\n<p data-start=\"340\" data-end=\"502\">Aquesta an\u00e0lisi t\u00e9 com a objectiu proporcionar una visi\u00f3 detallada de l\u2019evoluci\u00f3 del preu per metre quadrat a Barcelona i els seus districtes entre 2021 i 2024.<\/p>\r\n<p data-start=\"504\" data-end=\"711\">Explorarem com han variat els preus en cada zona, identificarem els districtes amb un major creixement i aquells amb un comportament m\u00e9s estable, i analitzarem les possibles raons darrere d\u2019aquests canvis.<\/p>\r\n<p data-start=\"713\" data-end=\"1009\">Entendre aquestes tend\u00e8ncies \u00e9s fonamental tant per a compradors com per a inversors que busquen oportunitats en el sector immobiliari de la ciutat. A trav\u00e9s de taules comparatives i gr\u00e0fics visuals, aquest estudi ofereix una panor\u00e0mica clara sobre el comportament del mercat en aquest per\u00edode.<\/p>\t\t\t\t\t\t\t\t<\/div>\n\t\t\t\t<\/div>\n\t\t\t\t<div class=\"elementor-element elementor-element-edcf6ee elementor-widget elementor-widget-heading\" data-id=\"edcf6ee\" data-element_type=\"widget\" data-e-type=\"widget\" data-widget_type=\"heading.default\">\n\t\t\t\t<div class=\"elementor-widget-container\">\n\t\t\t\t\t<h2 class=\"elementor-heading-title elementor-size-default\">Comparativa de Preus als 10 Districtes: A quins districtes de Barcelona ha crescut m\u00e9s el preu del \u20ac\/m\u00b2 i a quins menys?<\/h2>\t\t\t\t<\/div>\n\t\t\t\t<\/div>\n\t\t\t\t<div class=\"elementor-element elementor-element-3199764 elementor-widget elementor-widget-text-editor\" data-id=\"3199764\" data-element_type=\"widget\" data-e-type=\"widget\" data-widget_type=\"text-editor.default\">\n\t\t\t\t<div class=\"elementor-widget-container\">\n\t\t\t\t\t\t\t\t\t<p data-start=\"1150\" data-end=\"1348\">En els darrers quatre anys, alguns districtes de Barcelona han experimentat un augment del preu de l\u2019habitatge per sobre del creixement mitj\u00e0 de la ciutat, mentre que altres s\u2019han quedat per sota.<\/p>\r\n<p data-start=\"1350\" data-end=\"1448\">A continuaci\u00f3, presentem l\u2019evoluci\u00f3 dels preus entre 2021 i 2024 als 10 districtes de Barcelona.<\/p>\t\t\t\t\t\t\t\t<\/div>\n\t\t\t\t<\/div>\n\t\t\t\t<div class=\"elementor-element elementor-element-88c161e elementor-widget elementor-widget-heading\" data-id=\"88c161e\" data-element_type=\"widget\" data-e-type=\"widget\" data-widget_type=\"heading.default\">\n\t\t\t\t<div class=\"elementor-widget-container\">\n\t\t\t\t\t<h3 class=\"elementor-heading-title elementor-size-default\">Preu Piso Barcelona: Comparativa \u20ac\/m\u00b2 per Districtes<\/h3>\t\t\t\t<\/div>\n\t\t\t\t<\/div>\n\t\t\t\t<div class=\"elementor-element elementor-element-12cbdbf elementor-widget elementor-widget-text-editor\" data-id=\"12cbdbf\" data-element_type=\"widget\" data-e-type=\"widget\" data-widget_type=\"text-editor.default\">\n\t\t\t\t<div class=\"elementor-widget-container\">\n\t\t\t\t\t\t\t\t\t<p data-start=\"0\" data-end=\"144\">Dels 10 districtes de Barcelona, 5 han superat la mitjana de creixement de la ciutat (+15,33%), mentre que els altres 5 s\u2019han quedat per sota.<\/p>\r\n<p data-start=\"146\" data-end=\"466\">Els districtes amb m\u00e9s creixement s\u00f3n <strong data-start=\"184\" data-end=\"199\">Sant Andreu<\/strong> (+20,31%), <strong data-start=\"211\" data-end=\"225\">Nou Barris<\/strong> (+19,07%), <strong data-start=\"237\" data-end=\"249\">Eixample<\/strong> (+18,35%), <strong data-start=\"261\" data-end=\"275\">Sant Mart\u00ed<\/strong> (+17,74%) i <strong data-start=\"288\" data-end=\"301\">Les Corts<\/strong> (+16,67%). Destacen <strong data-start=\"322\" data-end=\"337\">Sant Andreu<\/strong> i <strong data-start=\"340\" data-end=\"354\">Nou Barris<\/strong>, que lideren les pujades impulsats per l\u2019inter\u00e8s creixent entre compradors que busquen preus m\u00e9s assequibles.<\/p>\r\n<p data-start=\"468\" data-end=\"755\">Els districtes amb un creixement per sota de la mitjana del conjunt de Barcelona s\u00f3n <strong data-start=\"553\" data-end=\"563\">Gr\u00e0cia<\/strong> (+14,38%), <strong data-start=\"575\" data-end=\"598\">Sarri\u00e0-Sant Gervasi<\/strong> (+13,20%), <strong data-start=\"610\" data-end=\"628\">Horta-Guinard\u00f3<\/strong> (+10,91%), <strong data-start=\"640\" data-end=\"658\">Sants-Montju\u00efc<\/strong> (+9,57%) i <strong data-start=\"670\" data-end=\"686\">Ciutat Vella<\/strong> (+8,08%), tots amb increments inferiors a la mitjana de Barcelona.<\/p>\r\n<p data-start=\"757\" data-end=\"867\" data-is-last-node=\"\" data-is-only-node=\"\">Si accedeixes a aquesta p\u00e0gina des d\u2019un dispositiu m\u00f2bil, podr\u00e0s apreciar millor el r\u00e0nquing en aquest gr\u00e0fic.<\/p>\t\t\t\t\t\t\t\t<\/div>\n\t\t\t\t<\/div>\n\t\t\t\t<div class=\"elementor-element elementor-element-c68a398 elementor-widget elementor-widget-eael-fancy-chart\" data-id=\"c68a398\" data-element_type=\"widget\" data-e-type=\"widget\" data-widget_type=\"eael-fancy-chart.default\">\n\t\t\t\t<div class=\"elementor-widget-container\">\n\t\t\t\t\t\t\t<div data-options=\"{&quot;chart&quot;:{&quot;toolbar&quot;:{&quot;show&quot;:&quot;&quot;},&quot;type&quot;:&quot;bar&quot;,&quot;background&quot;:&quot;&quot;,&quot;height&quot;:&quot;450px&quot;,&quot;width&quot;:&quot;100%&quot;,&quot;animations&quot;:{&quot;enabled&quot;:&quot;true&quot;,&quot;easing&quot;:&quot;easeinout&quot;,&quot;speed&quot;:1100,&quot;animateGradually&quot;:{&quot;delay&quot;:250}},&quot;offsetX&quot;:0,&quot;offsetY&quot;:0,&quot;stacked&quot;:false},&quot;series&quot;:[{&quot;name&quot;:&quot;%&quot;,&quot;data&quot;:[&quot;20.31&quot;,&quot; 19.07&quot;,&quot; 18.35&quot;,&quot; 17.74&quot;,&quot; 16.21&quot;,&quot; 14.38&quot;,&quot; 13.20&quot;,&quot; 10.91&quot;,&quot; 9.57&quot;,&quot; 8.08&quot;]}],&quot;xaxis&quot;:{&quot;categories&quot;:[&quot;Sant Andreu&quot;,&quot;Nou Barris&quot;,&quot;Eixample&quot;,&quot;Les Corts&quot;,&quot;Sant Mart\\u00ed&quot;,&quot;Gr\\u00e0cia&quot;,&quot;Sarri\\u00e0-Sant Gervasi&quot;,&quot;Horta-Guinard\\u00f3&quot;,&quot;Sants-Montju\\u00efc&quot;,&quot;Ciutat Vella&quot;],&quot;position&quot;:&quot;bottom&quot;,&quot;labels&quot;:{&quot;show&quot;:&quot;&quot;,&quot;style&quot;:{&quot;cssClass&quot;:&quot;eael_fancy_cahrt_xaxis&quot;,&quot;colors&quot;:&quot;&quot;}}},&quot;yaxis&quot;:{&quot;show&quot;:true,&quot;opposite&quot;:&quot;&quot;,&quot;labels&quot;:{&quot;show&quot;:&quot;yes&quot;,&quot;style&quot;:{&quot;cssClass&quot;:&quot;eael_fancy_cahrt_yaxis&quot;,&quot;colors&quot;:&quot;&quot;}}},&quot;legend&quot;:{&quot;show&quot;:&quot;&quot;,&quot;position&quot;:&quot;top&quot;,&quot;labels&quot;:{&quot;colors&quot;:&quot;#333&quot;},&quot;fontSize&quot;:&quot;12px&quot;,&quot;horizontalAlign&quot;:&quot;&quot;,&quot;markers&quot;:{&quot;width&quot;:&quot;&quot;,&quot;height&quot;:&quot;&quot;,&quot;strokeWidth&quot;:&quot;0&quot;,&quot;strokeColor&quot;:&quot;#fff&quot;,&quot;radius&quot;:&quot;&quot;,&quot;offsetX&quot;:&quot;&quot;,&quot;offsetY&quot;:&quot;&quot;}},&quot;tooltip&quot;:{&quot;enabled&quot;:&quot;yes&quot;,&quot;y&quot;:{&quot;prefix&quot;:&quot;\\u20ac&quot;,&quot;suffix&quot;:&quot;&quot;}},&quot;grid&quot;:{&quot;show&quot;:&quot;true&quot;,&quot;borderColor&quot;:&quot;#ddd&quot;,&quot;strokeDashArray&quot;:0,&quot;xaxis&quot;:{&quot;lines&quot;:{&quot;show&quot;:&quot;&quot;}},&quot;yaxis&quot;:{&quot;lines&quot;:{&quot;show&quot;:&quot;true&quot;}}},&quot;plotOptions&quot;:{&quot;bar&quot;:{&quot;borderRadius&quot;:&quot;&quot;,&quot;dataLabels&quot;:{&quot;position&quot;:&quot;center&quot;},&quot;horizontal&quot;:true,&quot;columnWidth&quot;:40,&quot;barHeight&quot;:40}},&quot;stroke&quot;:{&quot;show&quot;:&quot;true&quot;,&quot;lineCap&quot;:&quot;butt&quot;,&quot;colors&quot;:[&quot;#FFF&quot;],&quot;width&quot;:2,&quot;dashArray&quot;:0},&quot;dataLabels&quot;:{&quot;enabled&quot;:false,&quot;style&quot;:{&quot;colors&quot;:[&quot;#fff&quot;],&quot;fontSize&quot;:&quot;12px&quot;}},&quot;colors&quot;:[&quot;#D3904C&quot;],&quot;fill&quot;:{&quot;colors&quot;:[&quot;#D3904C&quot;],&quot;opacity&quot;:0.9,&quot;type&quot;:&quot;solid&quot;}}\" class=\"eael_fanct_chart_wrapper\">\n\t\t\t<div class=\"eael_fancy_chart_header\">\n\t\t\t\t\t\t\t\t<h2 class=\"eael_fancy_chart_title\">\n\t\t\t\tRanking Subidas Acumuladas por Distritos Barcelona\t\t\t<\/h2>\n\t\t\t\t\t\t\t<p>\n\t\t\t\t\t2021 - 2024\t\t\t\t<\/p>\n\t\t\t\t\t<\/div>\n\t\t<div class=\"eael_fancy_chart\" id=\"eael_fancy_chart-c68a398\"><\/div>\n\t\t<\/div>\n\t\t\t\t\t\t<\/div>\n\t\t\t\t<\/div>\n\t\t\t\t\t<\/div>\n\t\t<\/div>\n\t\t\t\t\t<\/div>\n\t\t<\/section>\n\t\t\t\t<section data-particle_enable=\"false\" data-particle-mobile-disabled=\"false\" class=\"elementor-section elementor-top-section elementor-element elementor-element-7230e06 elementor-section-boxed elementor-section-height-default elementor-section-height-default\" data-id=\"7230e06\" data-element_type=\"section\" data-e-type=\"section\">\n\t\t\t\t\t\t<div class=\"elementor-container elementor-column-gap-default\">\n\t\t\t\t\t<div class=\"elementor-column elementor-col-100 elementor-top-column elementor-element elementor-element-763a712\" data-id=\"763a712\" data-element_type=\"column\" data-e-type=\"column\">\n\t\t\t<div class=\"elementor-widget-wrap elementor-element-populated\">\n\t\t\t\t\t\t<div class=\"elementor-element elementor-element-0ae0118 elementor-widget elementor-widget-heading\" data-id=\"0ae0118\" data-element_type=\"widget\" data-e-type=\"widget\" data-widget_type=\"heading.default\">\n\t\t\t\t<div class=\"elementor-widget-container\">\n\t\t\t\t\t<h2 class=\"elementor-heading-title elementor-size-default\">Preu Pisos Barcelona Barris \u20ac\/m\u00b2: R\u00e0nquing de Barris<\/h2>\t\t\t\t<\/div>\n\t\t\t\t<\/div>\n\t\t\t\t<div class=\"elementor-element elementor-element-fc792e4 elementor-widget elementor-widget-text-editor\" data-id=\"fc792e4\" data-element_type=\"widget\" data-e-type=\"widget\" data-widget_type=\"text-editor.default\">\n\t\t\t\t<div class=\"elementor-widget-container\">\n\t\t\t\t\t\t\t\t\t\ud83d\udccd <strong data-start=\"2635\" data-end=\"2684\">Quins s\u00f3n els 5 barris m\u00e9s cars de Barcelona?<\/strong><br data-start=\"2684\" data-end=\"2687\" \/>\ud83d\udccd <strong data-start=\"2690\" data-end=\"2713\">I els 5 m\u00e9s barats?<\/strong><br data-start=\"2713\" data-end=\"2716\" \/>\ud83d\udccd <strong data-start=\"2719\" data-end=\"2798\">Quin \u00e9s el TOP 5 de barris de la ciutat Comtal on m\u00e9s ha augmentat el preu?<\/strong><br data-start=\"2798\" data-end=\"2801\" \/>\ud83d\udccd <strong data-start=\"2804\" data-end=\"2887\">Quins s\u00f3n els barris que m\u00e9s s\u2019han revaloritzat en cadascun dels 10 districtes?<\/strong>\t\t\t\t\t\t\t\t<\/div>\n\t\t\t\t<\/div>\n\t\t\t\t<div class=\"elementor-element elementor-element-124c982 elementor-widget elementor-widget-heading\" data-id=\"124c982\" data-element_type=\"widget\" data-e-type=\"widget\" data-widget_type=\"heading.default\">\n\t\t\t\t<div class=\"elementor-widget-container\">\n\t\t\t\t\t<h3 class=\"elementor-heading-title elementor-size-default\">Els 5 Barris m\u00e9s Cars de Barcelona<\/h3>\t\t\t\t<\/div>\n\t\t\t\t<\/div>\n\t\t\t\t<div class=\"elementor-element elementor-element-1af55f0 elementor-widget elementor-widget-text-editor\" data-id=\"1af55f0\" data-element_type=\"widget\" data-e-type=\"widget\" data-widget_type=\"text-editor.default\">\n\t\t\t\t<div class=\"elementor-widget-container\">\n\t\t\t\t\t\t\t\t\t<p data-start=\"124\" data-end=\"601\">Els barris m\u00e9s exclusius de Barcelona han seguit consolidant-se com els de major preu per metre quadrat, amb pujades importants en els darrers tres anys. En aquest per\u00edode, el preu de l\u2019habitatge en aquests barris ha seguit una tend\u00e8ncia a l\u2019al\u00e7a, impulsada per la seva alta demanda i l\u2019escassetat d\u2019oferta en zones premium. A m\u00e9s, factors com la revaloritzaci\u00f3 de propietats de luxe i l\u2019atracci\u00f3 d\u2019inversors internacionals han refor\u00e7at l\u2019augment dels preus en algunes \u00e0rees.<\/p>\r\n<p data-start=\"603\" data-end=\"663\">A continuaci\u00f3, els 5 barris m\u00e9s cars de Barcelona el 2024:<\/p>\r\n\r\n<h4 data-start=\"665\" data-end=\"698\"><strong data-start=\"670\" data-end=\"696\">Sarri\u00e0 \u2013 6.220,51 \u20ac\/m\u00b2<\/strong><\/h4>\r\n<p data-start=\"700\" data-end=\"944\">Situat al districte de Sarri\u00e0-Sant Gervasi, aquest barri ha mantingut la seva exclusivitat i es posiciona com el m\u00e9s car de Barcelona. El seu creixement ha estat sostingut, amb una forta demanda d\u2019habitatges de luxe i xalets amb grans espais.<\/p>\r\n\r\n<h4 data-start=\"946\" data-end=\"995\"><strong data-start=\"951\" data-end=\"993\">La Dreta de l\u2019Eixample \u2013 5.858,58 \u20ac\/m\u00b2<\/strong><\/h4>\r\n<p data-start=\"997\" data-end=\"1223\">El cor de l\u2019Eixample mant\u00e9 el seu estatus com una de les zones m\u00e9s cotitzades de la ciutat. El seu atractiu hist\u00f2ric, la seva proximitat al Passeig de Gr\u00e0cia i l\u2019oferta d\u2019habitatges modernistes continuen elevant el seu preu.<\/p>\r\n\r\n<h4 data-start=\"1225\" data-end=\"1289\"><strong data-start=\"1230\" data-end=\"1287\">Vallvidrera, el Tibidabo i les Planes \u2013 5.589,22 \u20ac\/m\u00b2<\/strong><\/h4>\r\n<p data-start=\"1291\" data-end=\"1536\">Aquest barri, situat a la part alta de la ciutat, continua sent un dels m\u00e9s exclusius gr\u00e0cies a la seva tranquil\u00b7litat i les seves vistes privilegiades. La baixa densitat d\u2019habitatges i l\u2019entorn natural han contribu\u00eft a mantenir preus elevats.<\/p>\r\n\r\n<h4 data-start=\"1538\" data-end=\"1609\"><strong data-start=\"1543\" data-end=\"1607\">Diagonal Mar i el Front Mar\u00edtim del Poblenou \u2013 5.362,66 \u20ac\/m\u00b2<\/strong><\/h4>\r\n<p data-start=\"1611\" data-end=\"1780\">La zona m\u00e9s luxosa de la costa barcelonina ha continuat augmentant de preu gr\u00e0cies a la seva exclusivitat i l\u2019escassetat d\u2019habitatges d\u2019alt standing amb vistes al mar.<\/p>\r\n\r\n<h4 data-start=\"1782\" data-end=\"1835\"><strong data-start=\"1787\" data-end=\"1833\">Sant Gervasi \u2013 la Bonanova \u2013 5.339,29 \u20ac\/m\u00b2<\/strong><\/h4>\r\n<p data-start=\"1837\" data-end=\"2038\">Aquest barri continua sent una refer\u00e8ncia en el sector premium. La seva oferta d\u2019habitatges de grans dimensions i la proximitat a escoles internacionals i centres m\u00e8dics han impulsat la seva demanda.<\/p>\r\n<p data-start=\"2040\" data-end=\"2353\">Aquests barris han mantingut preus elevats gr\u00e0cies a l\u2019estabilitat del mercat de luxe i a l\u2019escassetat de s\u00f2l per a noves promocions en zones premium. La demanda segueix sent alta, fet que ha perm\u00e8s que els seus valors continu\u00efn a l\u2019al\u00e7a, fins i tot en els anys en qu\u00e8 s\u2019han endurit les condicions hipotec\u00e0ries.<\/p>\t\t\t\t\t\t\t\t<\/div>\n\t\t\t\t<\/div>\n\t\t\t\t<div class=\"elementor-element elementor-element-cb4b78d elementor-widget elementor-widget-eael-fancy-chart\" data-id=\"cb4b78d\" data-element_type=\"widget\" data-e-type=\"widget\" data-widget_type=\"eael-fancy-chart.default\">\n\t\t\t\t<div class=\"elementor-widget-container\">\n\t\t\t\t\t\t\t<div data-options=\"{&quot;chart&quot;:{&quot;toolbar&quot;:{&quot;show&quot;:&quot;&quot;},&quot;type&quot;:&quot;bar&quot;,&quot;background&quot;:&quot;&quot;,&quot;height&quot;:&quot;450px&quot;,&quot;width&quot;:&quot;100%&quot;,&quot;animations&quot;:{&quot;enabled&quot;:&quot;true&quot;,&quot;easing&quot;:&quot;easeinout&quot;,&quot;speed&quot;:1100,&quot;animateGradually&quot;:{&quot;delay&quot;:250}},&quot;offsetX&quot;:0,&quot;offsetY&quot;:0,&quot;stacked&quot;:false},&quot;series&quot;:[{&quot;name&quot;:&quot;\\u20ac&quot;,&quot;data&quot;:[&quot;6221&quot;,&quot; 5859&quot;,&quot; 5589&quot;,&quot; 5363&quot;,&quot; 5339&quot;]}],&quot;xaxis&quot;:{&quot;categories&quot;:[&quot;Sarri\\u00e0&quot;,&quot;La Dreta de Eixample&quot;,&quot;Vallvidrera&quot;,&quot;Diagonal Mar&quot;,&quot;Sant Gervasi - La Bonanova&quot;],&quot;position&quot;:&quot;bottom&quot;,&quot;labels&quot;:{&quot;show&quot;:&quot;&quot;,&quot;style&quot;:{&quot;cssClass&quot;:&quot;eael_fancy_cahrt_xaxis&quot;,&quot;colors&quot;:&quot;&quot;}}},&quot;yaxis&quot;:{&quot;show&quot;:true,&quot;opposite&quot;:&quot;&quot;,&quot;labels&quot;:{&quot;show&quot;:&quot;yes&quot;,&quot;style&quot;:{&quot;cssClass&quot;:&quot;eael_fancy_cahrt_yaxis&quot;,&quot;colors&quot;:&quot;&quot;}}},&quot;legend&quot;:{&quot;show&quot;:&quot;&quot;,&quot;position&quot;:&quot;top&quot;,&quot;labels&quot;:{&quot;colors&quot;:&quot;#333&quot;},&quot;fontSize&quot;:&quot;12px&quot;,&quot;horizontalAlign&quot;:&quot;&quot;,&quot;markers&quot;:{&quot;width&quot;:&quot;&quot;,&quot;height&quot;:&quot;&quot;,&quot;strokeWidth&quot;:&quot;0&quot;,&quot;strokeColor&quot;:&quot;#fff&quot;,&quot;radius&quot;:&quot;&quot;,&quot;offsetX&quot;:&quot;&quot;,&quot;offsetY&quot;:&quot;&quot;}},&quot;tooltip&quot;:{&quot;enabled&quot;:&quot;yes&quot;,&quot;y&quot;:{&quot;prefix&quot;:&quot;\\u20ac&quot;,&quot;suffix&quot;:&quot;&quot;}},&quot;grid&quot;:{&quot;show&quot;:&quot;true&quot;,&quot;borderColor&quot;:&quot;#ddd&quot;,&quot;strokeDashArray&quot;:0,&quot;xaxis&quot;:{&quot;lines&quot;:{&quot;show&quot;:&quot;&quot;}},&quot;yaxis&quot;:{&quot;lines&quot;:{&quot;show&quot;:&quot;true&quot;}}},&quot;plotOptions&quot;:{&quot;bar&quot;:{&quot;borderRadius&quot;:&quot;&quot;,&quot;dataLabels&quot;:{&quot;position&quot;:&quot;center&quot;},&quot;horizontal&quot;:true,&quot;columnWidth&quot;:40,&quot;barHeight&quot;:40}},&quot;stroke&quot;:{&quot;show&quot;:&quot;true&quot;,&quot;lineCap&quot;:&quot;butt&quot;,&quot;colors&quot;:[&quot;#FFF&quot;],&quot;width&quot;:2,&quot;dashArray&quot;:0},&quot;dataLabels&quot;:{&quot;enabled&quot;:false,&quot;style&quot;:{&quot;colors&quot;:[&quot;#fff&quot;],&quot;fontSize&quot;:&quot;12px&quot;}},&quot;colors&quot;:[&quot;#D3904C&quot;],&quot;fill&quot;:{&quot;colors&quot;:[&quot;#D3904C&quot;],&quot;opacity&quot;:0.9,&quot;type&quot;:&quot;solid&quot;}}\" class=\"eael_fanct_chart_wrapper\">\n\t\t\t<div class=\"eael_fancy_chart_header\">\n\t\t\t\t\t\t\t\t<h2 class=\"eael_fancy_chart_title\">\n\t\t\t\tLos 5 barrios m\u00e1s caros de Barcelona\t\t\t<\/h2>\n\t\t\t\t\t<\/div>\n\t\t<div class=\"eael_fancy_chart\" id=\"eael_fancy_chart-cb4b78d\"><\/div>\n\t\t<\/div>\n\t\t\t\t\t\t<\/div>\n\t\t\t\t<\/div>\n\t\t\t\t<div class=\"elementor-element elementor-element-6577263 elementor-widget elementor-widget-heading\" data-id=\"6577263\" data-element_type=\"widget\" data-e-type=\"widget\" data-widget_type=\"heading.default\">\n\t\t\t\t<div class=\"elementor-widget-container\">\n\t\t\t\t\t<h3 class=\"elementor-heading-title elementor-size-default\">Els 5 Barris m\u00e9s Barats de Barcelona<\/h3>\t\t\t\t<\/div>\n\t\t\t\t<\/div>\n\t\t\t\t<div class=\"elementor-element elementor-element-8d3cfa9 elementor-widget elementor-widget-text-editor\" data-id=\"8d3cfa9\" data-element_type=\"widget\" data-e-type=\"widget\" data-widget_type=\"text-editor.default\">\n\t\t\t\t<div class=\"elementor-widget-container\">\n\t\t\t\t\t\t\t\t\t<p data-start=\"0\" data-end=\"179\">Els barris m\u00e9s barats de Barcelona es concentren als districtes de Nou Barris i Sant Andreu, on l\u2019oferta d\u2019habitatge continua sent m\u00e9s accessible en comparaci\u00f3 amb altres zones.<\/p>\r\n<p data-start=\"181\" data-end=\"532\">Tanmateix, \u00e9s important destacar que aquests barris han registrat creixements de preu significatius en els darrers anys, amb alguns assolint pujades superiors a la mitjana de la ciutat. Aix\u00f2 indica una tend\u00e8ncia a la revaloritzaci\u00f3 d\u2019aquestes \u00e0rees, impulsada per l\u2019augment de la demanda de compradors que busquen habitatges a preus m\u00e9s assequibles.<\/p>\r\n<p data-start=\"534\" data-end=\"609\">A continuaci\u00f3, el r\u00e0nquing dels 5 barris m\u00e9s barats de Barcelona el 2024:<\/p>\r\n<p data-start=\"611\" data-end=\"909\">\ud83d\udd39 <strong data-start=\"614\" data-end=\"634\">Ciutat Meridiana<\/strong> &#8211; 1.805,22 \u20ac\/m\u00b2<br data-start=\"650\" data-end=\"653\" \/>Conegut hist\u00f2ricament pels seus preus baixos, aquest barri ha experimentat una revaloritzaci\u00f3 progressiva en els darrers anys, tot i que continua sent el m\u00e9s barat de la ciutat. El seu major atractiu \u00e9s el preu accessible en comparaci\u00f3 amb altres barris.<\/p>\r\n<p data-start=\"911\" data-end=\"1208\">\ud83d\udd39 <strong data-start=\"914\" data-end=\"928\">Torre Bar\u00f3<\/strong> &#8211; 1.867,45 \u20ac\/m\u00b2<br data-start=\"944\" data-end=\"947\" \/>Aquest barri, de plena actualitat pel gran \u00e8xit de la pel\u00b7l\u00edcula <em data-start=\"1012\" data-end=\"1021\">&#8220;El 47&#8221;<\/em>, \u00e9s una de les zones amb menor densitat de poblaci\u00f3 i una oferta d\u2019habitatge m\u00e9s limitada. Tot i que els preus han pujat, continua sent una de les opcions m\u00e9s econ\u00f2miques de la ciutat.<\/p>\r\n<p data-start=\"1210\" data-end=\"1404\">\ud83d\udd39 <strong data-start=\"1213\" data-end=\"1225\">Vallbona<\/strong> &#8211; 1.902,36 \u20ac\/m\u00b2<br data-start=\"1241\" data-end=\"1244\" \/>Aquest barri de Nou Barris ha registrat un creixement moderat en els darrers anys, per\u00f2 continua sent una de les \u00e0rees amb el preu per metre quadrat m\u00e9s baix.<\/p>\r\n<p data-start=\"1406\" data-end=\"1635\">\ud83d\udd39 <strong data-start=\"1409\" data-end=\"1427\">Trinitat Vella<\/strong> &#8211; 2.112,84 \u20ac\/m\u00b2<br data-start=\"1443\" data-end=\"1446\" \/>Situat al districte de Sant Andreu, aquest barri ha mostrat una certa recuperaci\u00f3 en els darrers anys, tot i que continua mantenint preus baixos en comparaci\u00f3 amb la mitjana de la ciutat.<\/p>\r\n<p data-start=\"1637\" data-end=\"1837\" data-is-last-node=\"\">\ud83d\udd39 <strong data-start=\"1640\" data-end=\"1656\">Les Roquetes<\/strong> &#8211; 2.215,47 \u20ac\/m\u00b2<br data-start=\"1672\" data-end=\"1675\" \/>Un altre barri de Nou Barris que ha mantingut preus baixos, tot i que amb una tend\u00e8ncia a l\u2019al\u00e7a impulsada per l\u2019augment de la demanda d\u2019habitatges assequibles.<\/p>\t\t\t\t\t\t\t\t<\/div>\n\t\t\t\t<\/div>\n\t\t\t\t<div class=\"elementor-element elementor-element-aff4a11 elementor-widget elementor-widget-eael-fancy-chart\" data-id=\"aff4a11\" data-element_type=\"widget\" data-e-type=\"widget\" data-widget_type=\"eael-fancy-chart.default\">\n\t\t\t\t<div class=\"elementor-widget-container\">\n\t\t\t\t\t\t\t<div data-options=\"{&quot;chart&quot;:{&quot;toolbar&quot;:{&quot;show&quot;:&quot;&quot;},&quot;type&quot;:&quot;bar&quot;,&quot;background&quot;:&quot;&quot;,&quot;height&quot;:&quot;450px&quot;,&quot;width&quot;:&quot;100%&quot;,&quot;animations&quot;:{&quot;enabled&quot;:&quot;true&quot;,&quot;easing&quot;:&quot;easeinout&quot;,&quot;speed&quot;:1100,&quot;animateGradually&quot;:{&quot;delay&quot;:250}},&quot;offsetX&quot;:0,&quot;offsetY&quot;:0,&quot;stacked&quot;:false},&quot;series&quot;:[{&quot;name&quot;:&quot;\\u20ac&quot;,&quot;data&quot;:[&quot;1805&quot;,&quot; 1867&quot;,&quot; 1902&quot;,&quot; 2113&quot;,&quot; 2215&quot;]}],&quot;xaxis&quot;:{&quot;categories&quot;:[&quot;Ciutat Meridiana&quot;,&quot;Torre Bar\\u00f3&quot;,&quot;Vallbona&quot;,&quot;Trinitat Vella&quot;,&quot;Les Roquetes&quot;],&quot;position&quot;:&quot;bottom&quot;,&quot;labels&quot;:{&quot;show&quot;:&quot;&quot;,&quot;style&quot;:{&quot;cssClass&quot;:&quot;eael_fancy_cahrt_xaxis&quot;,&quot;colors&quot;:&quot;&quot;}}},&quot;yaxis&quot;:{&quot;show&quot;:true,&quot;opposite&quot;:&quot;&quot;,&quot;labels&quot;:{&quot;show&quot;:&quot;yes&quot;,&quot;style&quot;:{&quot;cssClass&quot;:&quot;eael_fancy_cahrt_yaxis&quot;,&quot;colors&quot;:&quot;&quot;}}},&quot;legend&quot;:{&quot;show&quot;:&quot;&quot;,&quot;position&quot;:&quot;top&quot;,&quot;labels&quot;:{&quot;colors&quot;:&quot;#333&quot;},&quot;fontSize&quot;:&quot;12px&quot;,&quot;horizontalAlign&quot;:&quot;&quot;,&quot;markers&quot;:{&quot;width&quot;:&quot;&quot;,&quot;height&quot;:&quot;&quot;,&quot;strokeWidth&quot;:&quot;0&quot;,&quot;strokeColor&quot;:&quot;#fff&quot;,&quot;radius&quot;:&quot;&quot;,&quot;offsetX&quot;:&quot;&quot;,&quot;offsetY&quot;:&quot;&quot;}},&quot;tooltip&quot;:{&quot;enabled&quot;:&quot;yes&quot;,&quot;y&quot;:{&quot;prefix&quot;:&quot;\\u20ac&quot;,&quot;suffix&quot;:&quot;&quot;}},&quot;grid&quot;:{&quot;show&quot;:&quot;true&quot;,&quot;borderColor&quot;:&quot;#ddd&quot;,&quot;strokeDashArray&quot;:0,&quot;xaxis&quot;:{&quot;lines&quot;:{&quot;show&quot;:&quot;&quot;}},&quot;yaxis&quot;:{&quot;lines&quot;:{&quot;show&quot;:&quot;true&quot;}}},&quot;plotOptions&quot;:{&quot;bar&quot;:{&quot;borderRadius&quot;:&quot;&quot;,&quot;dataLabels&quot;:{&quot;position&quot;:&quot;center&quot;},&quot;horizontal&quot;:true,&quot;columnWidth&quot;:40,&quot;barHeight&quot;:40}},&quot;stroke&quot;:{&quot;show&quot;:&quot;true&quot;,&quot;lineCap&quot;:&quot;butt&quot;,&quot;colors&quot;:[&quot;#FFF&quot;],&quot;width&quot;:2,&quot;dashArray&quot;:0},&quot;dataLabels&quot;:{&quot;enabled&quot;:false,&quot;style&quot;:{&quot;colors&quot;:[&quot;#fff&quot;],&quot;fontSize&quot;:&quot;12px&quot;}},&quot;colors&quot;:[&quot;#D3904C&quot;],&quot;fill&quot;:{&quot;colors&quot;:[&quot;#D3904C&quot;],&quot;opacity&quot;:0.9,&quot;type&quot;:&quot;solid&quot;}}\" class=\"eael_fanct_chart_wrapper\">\n\t\t\t<div class=\"eael_fancy_chart_header\">\n\t\t\t\t\t\t\t\t<h2 class=\"eael_fancy_chart_title\">\n\t\t\t\tLos 5 barrios m\u00e1s baratos de Barcelona\t\t\t<\/h2>\n\t\t\t\t\t<\/div>\n\t\t<div class=\"eael_fancy_chart\" id=\"eael_fancy_chart-aff4a11\"><\/div>\n\t\t<\/div>\n\t\t\t\t\t\t<\/div>\n\t\t\t\t<\/div>\n\t\t\t\t<div class=\"elementor-element elementor-element-03d6ebe elementor-widget elementor-widget-text-editor\" data-id=\"03d6ebe\" data-element_type=\"widget\" data-e-type=\"widget\" data-widget_type=\"text-editor.default\">\n\t\t\t\t<div class=\"elementor-widget-container\">\n\t\t\t\t\t\t\t\t\tTot i que aquests barris es mantenen com els que tenen els preus m\u00e9s baixos de Barcelona, cal destacar que aquestes zones han registrat un creixement considerable en els darrers tres anys; per exemple, <strong>Nou Barris ha estat el districte on els preus han pujat m\u00e9s (+19,07%),<\/strong> reflectint un augment en l\u2019inter\u00e8s dels compradors que busquen alternatives m\u00e9s assequibles a la ciutat.\r\n\r\nAquests barris estan experimentant un gran augment de la demanda, cosa que podria traduir-se en una futura revaloritzaci\u00f3. Per a aquells que busquen comprar habitatge a preus m\u00e9s assequibles amb expectatives de creixement, aquestes zones poden representar una bona oportunitat d\u2019inversi\u00f3.\t\t\t\t\t\t\t\t<\/div>\n\t\t\t\t<\/div>\n\t\t\t\t<div class=\"elementor-element elementor-element-71cf896 elementor-widget elementor-widget-heading\" data-id=\"71cf896\" data-element_type=\"widget\" data-e-type=\"widget\" data-widget_type=\"heading.default\">\n\t\t\t\t<div class=\"elementor-widget-container\">\n\t\t\t\t\t<h2 class=\"elementor-heading-title elementor-size-default\">Els 5 barris amb mejor augment de preu a Barcelona<\/h2>\t\t\t\t<\/div>\n\t\t\t\t<\/div>\n\t\t\t\t<div class=\"elementor-element elementor-element-58e86cd elementor-widget elementor-widget-text-editor\" data-id=\"58e86cd\" data-element_type=\"widget\" data-e-type=\"widget\" data-widget_type=\"text-editor.default\">\n\t\t\t\t<div class=\"elementor-widget-container\">\n\t\t\t\t\t\t\t\t\t<p data-start=\"0\" data-end=\"420\">El creixement dels preus de l\u2019habitatge a Barcelona no s\u2019ha distribu\u00eft de manera uniforme ni s\u2019ha concentrat en un \u00fanic districte. A difer\u00e8ncia del que es podria esperar en mercats immobiliaris m\u00e9s homogenis, les majors pujades de preu han tingut lloc en barris de diferents districtes, des de zones d\u2019alt poder adquisitiu fins a \u00e0rees hist\u00f2ricament m\u00e9s assequibles que estan experimentant un proc\u00e9s de revaloritzaci\u00f3.<\/p>\r\n<p data-start=\"422\" data-end=\"594\">Aquest fenomen respon a una combinaci\u00f3 de factors com la gentrificaci\u00f3, les millores en transport i infraestructures i la creixent atracci\u00f3 tur\u00edstica de la ciutat comtal.<\/p>\r\n<p data-start=\"596\" data-end=\"725\">Els cinc barris de Barcelona que han registrat el major increment percentual en els preus de l\u2019habitatge entre 2021 i 2024 s\u00f3n:<\/p>\r\n<p data-start=\"727\" data-end=\"1053\">\ud83d\udd39 <strong data-start=\"730\" data-end=\"791\">Diagonal Mar i el Front Mar\u00edtim del Poblenou (Sant Mart\u00ed)<\/strong> \u2013 +37,89%<br data-start=\"801\" data-end=\"804\" \/>Situat al litoral de Barcelona, aquest barri ha experimentat un gran desenvolupament en els darrers anys amb la consolidaci\u00f3 de moderns complexos residencials i la seva proximitat a la platja, atraient tant compradors nacionals com internacionals.<\/p>\r\n<p data-start=\"1055\" data-end=\"1359\">\ud83d\udd39 <strong data-start=\"1058\" data-end=\"1092\">La Trinitat Vella (Nou Barris)<\/strong> \u2013 +37,85%<br data-start=\"1102\" data-end=\"1105\" \/>Tot i que tradicionalment ha estat un barri amb preus m\u00e9s baixos, la seva revaloritzaci\u00f3 est\u00e0 impulsada per millores en infraestructures i en la connectivitat amb la resta de la ciutat, fet que el converteix en una opci\u00f3 atractiva per a nous residents.<\/p>\r\n<p data-start=\"1361\" data-end=\"1545\">\ud83d\udd39 <strong data-start=\"1364\" data-end=\"1396\">Sarri\u00e0 (Sarri\u00e0-Sant Gervasi)<\/strong> \u2013 +29,20%<br data-start=\"1406\" data-end=\"1409\" \/>Conegut pel seu prestigi i alta qualitat de vida, Sarri\u00e0 ha mantingut el seu estatus com una de les zones m\u00e9s exclusives de Barcelona.<\/p>\r\n<p data-start=\"1547\" data-end=\"1797\">\ud83d\udd39 <strong data-start=\"1550\" data-end=\"1576\">Horta (Horta-Guinard\u00f3)<\/strong> \u2013 +23,99%<br data-start=\"1586\" data-end=\"1589\" \/>Aquest barri, amb un entorn residencial, ha experimentat una pujada de preus impulsada per la seva qualitat de vida i per una oferta d\u2019habitatge m\u00e9s assequible en comparaci\u00f3 amb altres zones m\u00e9s c\u00e8ntriques.<\/p>\r\n<p data-start=\"1799\" data-end=\"2046\">\ud83d\udd39 <strong data-start=\"1802\" data-end=\"1828\">Canyelles (Nou Barris)<\/strong> \u2013 +23,40%<br data-start=\"1838\" data-end=\"1841\" \/>Situat al districte de Nou Barris, Canyelles ha vist un increment en la demanda gr\u00e0cies a la seva accessibilitat i a uns preus encara relativament assequibles en comparaci\u00f3 amb altres zones de Barcelona.<\/p>\r\n<p data-start=\"2048\" data-end=\"2497\" data-is-last-node=\"\">Aquest r\u00e0nquing reflecteix com la revaloritzaci\u00f3 no es limita als barris de luxe o a les zones m\u00e9s c\u00e8ntriques, sin\u00f3 que s\u2019est\u00e9n tamb\u00e9 a districtes m\u00e9s perif\u00e8rics, impulsada pel seu atractiu en termes de qualitat de vida i millores en infraestructures. La diversitat d\u2019aquests barris en termes de localitzaci\u00f3 i perfil socioecon\u00f2mic refor\u00e7a la idea que l\u2019augment dels preus respon a una transformaci\u00f3 generalitzada del mercat immobiliari a Barcelona.<\/p>\t\t\t\t\t\t\t\t<\/div>\n\t\t\t\t<\/div>\n\t\t\t\t<div class=\"elementor-element elementor-element-974004c elementor-widget elementor-widget-eael-fancy-chart\" data-id=\"974004c\" data-element_type=\"widget\" data-e-type=\"widget\" data-widget_type=\"eael-fancy-chart.default\">\n\t\t\t\t<div class=\"elementor-widget-container\">\n\t\t\t\t\t\t\t<div data-options=\"{&quot;chart&quot;:{&quot;toolbar&quot;:{&quot;show&quot;:&quot;&quot;},&quot;type&quot;:&quot;bar&quot;,&quot;background&quot;:&quot;&quot;,&quot;height&quot;:&quot;450px&quot;,&quot;width&quot;:&quot;100%&quot;,&quot;animations&quot;:{&quot;enabled&quot;:&quot;true&quot;,&quot;easing&quot;:&quot;easeinout&quot;,&quot;speed&quot;:1100,&quot;animateGradually&quot;:{&quot;delay&quot;:250}},&quot;offsetX&quot;:0,&quot;offsetY&quot;:0,&quot;stacked&quot;:false},&quot;series&quot;:[{&quot;name&quot;:&quot;%&quot;,&quot;data&quot;:[&quot;37.89&quot;,&quot; 37.85&quot;,&quot; 29.20&quot;,&quot; 23.99&quot;,&quot; 23.40&quot;]}],&quot;xaxis&quot;:{&quot;categories&quot;:[&quot;Diagonal Mar&quot;,&quot;Trinitat Vella&quot;,&quot;Sarri\\u00e0&quot;,&quot;Horta&quot;,&quot;Canyelles&quot;],&quot;position&quot;:&quot;bottom&quot;,&quot;labels&quot;:{&quot;show&quot;:&quot;&quot;,&quot;style&quot;:{&quot;cssClass&quot;:&quot;eael_fancy_cahrt_xaxis&quot;,&quot;colors&quot;:&quot;&quot;}}},&quot;yaxis&quot;:{&quot;show&quot;:true,&quot;opposite&quot;:&quot;&quot;,&quot;labels&quot;:{&quot;show&quot;:&quot;yes&quot;,&quot;style&quot;:{&quot;cssClass&quot;:&quot;eael_fancy_cahrt_yaxis&quot;,&quot;colors&quot;:&quot;&quot;}}},&quot;legend&quot;:{&quot;show&quot;:&quot;&quot;,&quot;position&quot;:&quot;top&quot;,&quot;labels&quot;:{&quot;colors&quot;:&quot;#333&quot;},&quot;fontSize&quot;:&quot;12px&quot;,&quot;horizontalAlign&quot;:&quot;&quot;,&quot;markers&quot;:{&quot;width&quot;:&quot;&quot;,&quot;height&quot;:&quot;&quot;,&quot;strokeWidth&quot;:&quot;0&quot;,&quot;strokeColor&quot;:&quot;#fff&quot;,&quot;radius&quot;:&quot;&quot;,&quot;offsetX&quot;:&quot;&quot;,&quot;offsetY&quot;:&quot;&quot;}},&quot;tooltip&quot;:{&quot;enabled&quot;:&quot;yes&quot;,&quot;y&quot;:{&quot;prefix&quot;:&quot;\\u20ac&quot;,&quot;suffix&quot;:&quot;&quot;}},&quot;grid&quot;:{&quot;show&quot;:&quot;true&quot;,&quot;borderColor&quot;:&quot;#ddd&quot;,&quot;strokeDashArray&quot;:0,&quot;xaxis&quot;:{&quot;lines&quot;:{&quot;show&quot;:&quot;&quot;}},&quot;yaxis&quot;:{&quot;lines&quot;:{&quot;show&quot;:&quot;true&quot;}}},&quot;plotOptions&quot;:{&quot;bar&quot;:{&quot;borderRadius&quot;:&quot;&quot;,&quot;dataLabels&quot;:{&quot;position&quot;:&quot;center&quot;},&quot;horizontal&quot;:true,&quot;columnWidth&quot;:40,&quot;barHeight&quot;:40}},&quot;stroke&quot;:{&quot;show&quot;:&quot;true&quot;,&quot;lineCap&quot;:&quot;butt&quot;,&quot;colors&quot;:[&quot;#FFF&quot;],&quot;width&quot;:2,&quot;dashArray&quot;:0},&quot;dataLabels&quot;:{&quot;enabled&quot;:false,&quot;style&quot;:{&quot;colors&quot;:[&quot;#fff&quot;],&quot;fontSize&quot;:&quot;12px&quot;}},&quot;colors&quot;:[&quot;#D3904C&quot;],&quot;fill&quot;:{&quot;colors&quot;:[&quot;#D3904C&quot;],&quot;opacity&quot;:0.9,&quot;type&quot;:&quot;solid&quot;}}\" class=\"eael_fanct_chart_wrapper\">\n\t\t\t<div class=\"eael_fancy_chart_header\">\n\t\t\t\t\t\t\t\t<h2 class=\"eael_fancy_chart_title\">\n\t\t\t\tTop 5 Barrios Barcelona con Mayor Aumento de Precios\t\t\t<\/h2>\n\t\t\t\t\t<\/div>\n\t\t<div class=\"eael_fancy_chart\" id=\"eael_fancy_chart-974004c\"><\/div>\n\t\t<\/div>\n\t\t\t\t\t\t<\/div>\n\t\t\t\t<\/div>\n\t\t\t\t<div class=\"elementor-element elementor-element-22f2287 elementor-widget elementor-widget-heading\" data-id=\"22f2287\" data-element_type=\"widget\" data-e-type=\"widget\" data-widget_type=\"heading.default\">\n\t\t\t\t<div class=\"elementor-widget-container\">\n\t\t\t\t\t<h3 class=\"elementor-heading-title elementor-size-default\">Barris amb Major Pujada de Preus a Cada Districte (2021-2024)<\/h3>\t\t\t\t<\/div>\n\t\t\t\t<\/div>\n\t\t\t\t<div class=\"elementor-element elementor-element-d6643cb elementor-widget elementor-widget-text-editor\" data-id=\"d6643cb\" data-element_type=\"widget\" data-e-type=\"widget\" data-widget_type=\"text-editor.default\">\n\t\t\t\t<div class=\"elementor-widget-container\">\n\t\t\t\t\t\t\t\t\t<p data-start=\"3167\" data-end=\"3582\">A difer\u00e8ncia de les an\u00e0lisis ja realitzades, en qu\u00e8 hem identificat els r\u00e0nquings globals de la ciutat de Barcelona, en aquest apartat ens enfoquem a determinar quin barri ha liderat el creixement dins de cadascun dels deu districtes de Barcelona. Aix\u00f2 ens permet comprendre millor com es distribueix la revaloritzaci\u00f3 en diferents punts de la ciutat i quins factors poden estar impulsant el creixement a cada \u00e0rea.<\/p>\r\n<p data-start=\"3584\" data-end=\"4134\">Les raons darrere d\u2019aquestes pujades s\u00f3n diverses. En alguns casos, es deu a un proc\u00e9s de renovaci\u00f3 urbana i millores en infraestructures que han fet que certes zones siguin m\u00e9s atractives per a residents i inversors. En altres, l\u2019augment de la demanda per habitatges en barris tradicionalment menys cotitzats ha portat a una pujada en els preus. A m\u00e9s, factors com la gentrificaci\u00f3, l\u2019expansi\u00f3 de zones comercials i la millora de la connectivitat amb la resta de la ciutat han influ\u00eft en el creixement del valor de l\u2019habitatge en diferents barris.<\/p>\r\n<p data-start=\"4136\" data-end=\"4265\">A continuaci\u00f3, presentem els barris amb un major increment de preus en cada districte de Barcelona durant el per\u00edode 2021-2024:<\/p>\r\n<p data-start=\"4267\" data-end=\"4827\">\ud83c\udfe1 <strong data-start=\"4270\" data-end=\"4286\">Ciutat Vella<\/strong> \u2013 Sant Pere, Santa Caterina i la Ribera (+12.72%)<br data-start=\"4336\" data-end=\"4339\" \/>\ud83c\udfe1 <strong data-start=\"4342\" data-end=\"4354\">Eixample<\/strong> \u2013 La Dreta de l\u2019Eixample (+22.44%)<br data-start=\"4389\" data-end=\"4392\" \/>\ud83c\udfe1 <strong data-start=\"4395\" data-end=\"4405\">Gr\u00e0cia<\/strong> \u2013 La Vila de Gr\u00e0cia (+18.07%)<br data-start=\"4435\" data-end=\"4438\" \/>\ud83c\udfe1 <strong data-start=\"4441\" data-end=\"4459\">Horta-Guinard\u00f3<\/strong> \u2013 Horta (+23.99%)<br data-start=\"4477\" data-end=\"4480\" \/>\ud83c\udfe1 <strong data-start=\"4483\" data-end=\"4496\">Les Corts<\/strong> \u2013 La Maternitat i Sant Ramon (+22.27%)<br data-start=\"4535\" data-end=\"4538\" \/>\ud83c\udfe1 <strong data-start=\"4541\" data-end=\"4555\">Nou Barris<\/strong> \u2013 La Trinitat Vella (+37.85%)<br data-start=\"4585\" data-end=\"4588\" \/>\ud83c\udfe1 <strong data-start=\"4591\" data-end=\"4606\">Sant Andreu<\/strong> \u2013 Bar\u00f3 de Viver (+16.39%)<br data-start=\"4632\" data-end=\"4635\" \/>\ud83c\udfe1 <strong data-start=\"4638\" data-end=\"4652\">Sant Mart\u00ed<\/strong> \u2013 Diagonal Mar i el Front Mar\u00edtim del Poblenou (+37.89%)<br data-start=\"4709\" data-end=\"4712\" \/>\ud83c\udfe1 <strong data-start=\"4715\" data-end=\"4733\">Sants-Montju\u00efc<\/strong> \u2013 El Poble Sec \u2013 Parc de Montju\u00efc (+14.00%)<br data-start=\"4777\" data-end=\"4780\" \/>\ud83c\udfe1 <strong data-start=\"4783\" data-end=\"4806\">Sarri\u00e0-Sant Gervasi<\/strong> \u2013 Sarri\u00e0 (+29.20%)<\/p>\t\t\t\t\t\t\t\t<\/div>\n\t\t\t\t<\/div>\n\t\t\t\t\t<\/div>\n\t\t<\/div>\n\t\t\t\t\t<\/div>\n\t\t<\/section>\n\t\t\t\t<section data-particle_enable=\"false\" data-particle-mobile-disabled=\"false\" class=\"elementor-section elementor-top-section elementor-element elementor-element-2c0b8ac elementor-section-boxed elementor-section-height-default elementor-section-height-default\" data-id=\"2c0b8ac\" data-element_type=\"section\" data-e-type=\"section\">\n\t\t\t\t\t\t<div class=\"elementor-container elementor-column-gap-default\">\n\t\t\t\t\t<div class=\"elementor-column elementor-col-100 elementor-top-column elementor-element elementor-element-3c090b6\" data-id=\"3c090b6\" data-element_type=\"column\" data-e-type=\"column\">\n\t\t\t<div class=\"elementor-widget-wrap elementor-element-populated\">\n\t\t\t\t\t\t<div class=\"elementor-element elementor-element-935e3eb elementor-widget elementor-widget-heading\" data-id=\"935e3eb\" data-element_type=\"widget\" data-e-type=\"widget\" data-widget_type=\"heading.default\">\n\t\t\t\t<div class=\"elementor-widget-container\">\n\t\t\t\t\t<h2 class=\"elementor-heading-title elementor-size-default\">Preu Pisos Barcelona Barris \u20ac\/m\u00b2: An\u00e0lisi Individualitzada de Cada Districte<\/h2>\t\t\t\t<\/div>\n\t\t\t\t<\/div>\n\t\t\t\t<div class=\"elementor-element elementor-element-3e4ec07 elementor-widget elementor-widget-text-editor\" data-id=\"3e4ec07\" data-element_type=\"widget\" data-e-type=\"widget\" data-widget_type=\"text-editor.default\">\n\t\t\t\t<div class=\"elementor-widget-container\">\n\t\t\t\t\t\t\t\t\t<p data-start=\"148\" data-end=\"358\">Per oferir un estudi m\u00e9s detallat i permetre una millor comprensi\u00f3 de com han evolucionat els preus en cada zona de la ciutat, hem preparat an\u00e0lisis espec\u00edfics per a cadascun dels deu districtes de Barcelona.<\/p>\r\n<p data-start=\"360\" data-end=\"611\">En aquests informes individualitzats es profunditza en les tend\u00e8ncies immobili\u00e0ries de cada districte, explorant els barris amb un creixement m\u00e9s alt i m\u00e9s baix, les causes de la revaloritzaci\u00f3 i altres factors clau que estan influenciant el mercat.<\/p>\r\n<p data-start=\"613\" data-end=\"710\">Aqu\u00ed tens els enlla\u00e7os perqu\u00e8 puguis con\u00e8ixer la situaci\u00f3 del mercat immobiliari a cada barri:<\/p>\r\n<p data-start=\"712\" data-end=\"1074\">\ud83d\udccc <strong data-start=\"715\" data-end=\"742\">Preu Habitatge Eixample<\/strong><br data-start=\"742\" data-end=\"745\" \/>\ud83d\udccc <strong data-start=\"748\" data-end=\"777\">Preu Habitatge Sant Mart\u00ed<\/strong><br data-start=\"777\" data-end=\"780\" \/>\ud83d\udccc <strong data-start=\"783\" data-end=\"821\">Preu Habitatge Sarri\u00e0-Sant Gervasi<\/strong><br data-start=\"821\" data-end=\"824\" \/>\ud83d\udccc <strong data-start=\"827\" data-end=\"852\">Preu Habitatge Gr\u00e0cia<\/strong><br data-start=\"852\" data-end=\"855\" \/>\ud83d\udccc <strong data-start=\"858\" data-end=\"891\">Preu Habitatge Sants-Montju\u00efc<\/strong><br data-start=\"891\" data-end=\"894\" \/>\ud83d\udccc <strong data-start=\"897\" data-end=\"927\">Preu Habitatge Sant Andreu<\/strong><br data-start=\"927\" data-end=\"930\" \/>\ud83d\udccc <strong data-start=\"933\" data-end=\"962\">Preu Habitatge Nou Barris<\/strong><\/p>\t\t\t\t\t\t\t\t<\/div>\n\t\t\t\t<\/div>\n\t\t\t\t\t<\/div>\n\t\t<\/div>\n\t\t\t\t\t<\/div>\n\t\t<\/section>\n\t\t\t\t<section data-particle_enable=\"false\" data-particle-mobile-disabled=\"false\" class=\"elementor-section elementor-top-section elementor-element elementor-element-bdb06fd elementor-section-boxed elementor-section-height-default elementor-section-height-default\" data-id=\"bdb06fd\" data-element_type=\"section\" data-e-type=\"section\">\n\t\t\t\t\t\t<div class=\"elementor-container elementor-column-gap-default\">\n\t\t\t\t\t<div class=\"elementor-column elementor-col-100 elementor-top-column elementor-element elementor-element-1cfc4db\" data-id=\"1cfc4db\" data-element_type=\"column\" data-e-type=\"column\">\n\t\t\t<div class=\"elementor-widget-wrap elementor-element-populated\">\n\t\t\t\t\t\t<div class=\"elementor-element elementor-element-d8c272f elementor-widget elementor-widget-heading\" data-id=\"d8c272f\" data-element_type=\"widget\" data-e-type=\"widget\" data-widget_type=\"heading.default\">\n\t\t\t\t<div class=\"elementor-widget-container\">\n\t\t\t\t\t<h2 class=\"elementor-heading-title elementor-size-default\">Com ha variat el preu del teu pis a Barcelona en els darrers mesos?<\/h2>\t\t\t\t<\/div>\n\t\t\t\t<\/div>\n\t\t\t\t<div class=\"elementor-element elementor-element-d7e4ca2 elementor-widget elementor-widget-html\" data-id=\"d7e4ca2\" data-element_type=\"widget\" data-e-type=\"widget\" data-widget_type=\"html.default\">\n\t\t\t\t<div class=\"elementor-widget-container\">\n\t\t\t\t\t<script src=\"https:\/\/cdnjs.cloudflare.com\/ajax\/libs\/iframe-resizer\/4.3.6\/iframeResizer.min.js\"><\/script>\r\n<script>\r\nfunction initResizer() {\r\niFrameResize({\r\nheightCalculationMethod: 'documentElementOffset',\r\nonScroll: ({ x, y }) => {\r\n\/\/ prevent default behavior\r\nwindow.scrollTo({\r\ntop: y,\r\nleft: x,\r\nbehavior: 'smooth'\r\n})\r\nreturn false;\r\n}\r\n}, '#valuationFrame');\r\n}\r\n<\/script>\r\n<iframe style=\"min-width: 100%; border:none;\" title=\"valuation\"\r\nsrc=\"https:\/\/puntohabitat-bcn.valuation.realadvisor.es\/appraise?language=es\" id=\"valuationFrame\" onload=\"initResizer()\">\r\n<\/iframe>\t\t\t\t<\/div>\n\t\t\t\t<\/div>\n\t\t\t\t\t<\/div>\n\t\t<\/div>\n\t\t\t\t\t<\/div>\n\t\t<\/section>\n\t\t\t\t<section data-particle_enable=\"false\" data-particle-mobile-disabled=\"false\" class=\"elementor-section elementor-top-section elementor-element elementor-element-c0d4a8b elementor-section-boxed elementor-section-height-default elementor-section-height-default\" data-id=\"c0d4a8b\" data-element_type=\"section\" data-e-type=\"section\">\n\t\t\t\t\t\t<div class=\"elementor-container elementor-column-gap-default\">\n\t\t\t\t\t<div class=\"elementor-column elementor-col-100 elementor-top-column elementor-element elementor-element-1893111\" data-id=\"1893111\" data-element_type=\"column\" data-e-type=\"column\">\n\t\t\t<div class=\"elementor-widget-wrap elementor-element-populated\">\n\t\t\t\t\t\t<div class=\"elementor-element elementor-element-a206e6f elementor-widget elementor-widget-heading\" data-id=\"a206e6f\" data-element_type=\"widget\" data-e-type=\"widget\" data-widget_type=\"heading.default\">\n\t\t\t\t<div class=\"elementor-widget-container\">\n\t\t\t\t\t<h2 class=\"elementor-heading-title elementor-size-default\">Preu Pisos Barcelona Barris \u20ac\/m\u00b2: m\u00e9s informaci\u00f3<\/h2>\t\t\t\t<\/div>\n\t\t\t\t<\/div>\n\t\t\t\t<div class=\"elementor-element elementor-element-bda4200 elementor-widget elementor-widget-text-editor\" data-id=\"bda4200\" data-element_type=\"widget\" data-e-type=\"widget\" data-widget_type=\"text-editor.default\">\n\t\t\t\t<div class=\"elementor-widget-container\">\n\t\t\t\t\t\t\t\t\tEn properes entrades analitzarem l\u2019evoluci\u00f3 del nombre de transmissions realitzades a la ciutat de Barcelona i l\u2019evoluci\u00f3 del preu unitari mitj\u00e0 perqu\u00e8 pugueu disposar d\u2019una informaci\u00f3 m\u00e9s completa.\t\t\t\t\t\t\t\t<\/div>\n\t\t\t\t<\/div>\n\t\t\t\t<div class=\"elementor-element elementor-element-fc3cf5c elementor-widget elementor-widget-text-editor\" data-id=\"fc3cf5c\" data-element_type=\"widget\" data-e-type=\"widget\" data-widget_type=\"text-editor.default\">\n\t\t\t\t<div class=\"elementor-widget-container\">\n\t\t\t\t\t\t\t\t\tSi et cal m\u00e9s informaci\u00f3 o vols resoldre qualsevol dubte, contacta ara.\r\n\r\nT&#8217;atendrem inmediatament.\t\t\t\t\t\t\t\t<\/div>\n\t\t\t\t<\/div>\n\t\t\t\t\t<\/div>\n\t\t<\/div>\n\t\t\t\t\t<\/div>\n\t\t<\/section>\n\t\t\t\t<section data-particle_enable=\"false\" data-particle-mobile-disabled=\"false\" class=\"elementor-section elementor-top-section elementor-element elementor-element-6f70929 elementor-section-boxed elementor-section-height-default elementor-section-height-default\" data-id=\"6f70929\" data-element_type=\"section\" data-e-type=\"section\">\n\t\t\t\t\t\t<div class=\"elementor-container elementor-column-gap-default\">\n\t\t\t\t\t<div class=\"elementor-column elementor-col-33 elementor-top-column elementor-element elementor-element-9ee1c3a\" data-id=\"9ee1c3a\" data-element_type=\"column\" data-e-type=\"column\">\n\t\t\t<div class=\"elementor-widget-wrap elementor-element-populated\">\n\t\t\t\t\t\t<div class=\"elementor-element elementor-element-2dea99b elementor-view-default elementor-widget elementor-widget-icon\" data-id=\"2dea99b\" data-element_type=\"widget\" data-e-type=\"widget\" data-widget_type=\"icon.default\">\n\t\t\t\t<div class=\"elementor-widget-container\">\n\t\t\t\t\t\t\t<div class=\"elementor-icon-wrapper\">\n\t\t\t<a class=\"elementor-icon\" href=\"https:\/\/wa.me\/34615776631\">\n\t\t\t<i aria-hidden=\"true\" class=\"fab fa-whatsapp\"><\/i>\t\t\t<\/a>\n\t\t<\/div>\n\t\t\t\t\t\t<\/div>\n\t\t\t\t<\/div>\n\t\t\t\t\t<\/div>\n\t\t<\/div>\n\t\t\t\t<div class=\"elementor-column elementor-col-33 elementor-top-column elementor-element elementor-element-0def4f7\" data-id=\"0def4f7\" data-element_type=\"column\" data-e-type=\"column\">\n\t\t\t<div class=\"elementor-widget-wrap elementor-element-populated\">\n\t\t\t\t\t\t<div class=\"elementor-element elementor-element-654a628 elementor-view-default elementor-widget elementor-widget-icon\" data-id=\"654a628\" data-element_type=\"widget\" data-e-type=\"widget\" data-widget_type=\"icon.default\">\n\t\t\t\t<div class=\"elementor-widget-container\">\n\t\t\t\t\t\t\t<div class=\"elementor-icon-wrapper\">\n\t\t\t<a class=\"elementor-icon\" href=\"tel:934558535\">\n\t\t\t<i aria-hidden=\"true\" class=\"icon icon-mobile\"><\/i>\t\t\t<\/a>\n\t\t<\/div>\n\t\t\t\t\t\t<\/div>\n\t\t\t\t<\/div>\n\t\t\t\t\t<\/div>\n\t\t<\/div>\n\t\t\t\t<div class=\"elementor-column elementor-col-33 elementor-top-column elementor-element elementor-element-5bc5526\" data-id=\"5bc5526\" data-element_type=\"column\" data-e-type=\"column\">\n\t\t\t<div class=\"elementor-widget-wrap elementor-element-populated\">\n\t\t\t\t\t\t<div class=\"elementor-element elementor-element-ab6d852 elementor-view-default elementor-widget elementor-widget-icon\" data-id=\"ab6d852\" data-element_type=\"widget\" data-e-type=\"widget\" data-widget_type=\"icon.default\">\n\t\t\t\t<div class=\"elementor-widget-container\">\n\t\t\t\t\t\t\t<div class=\"elementor-icon-wrapper\">\n\t\t\t<a class=\"elementor-icon\" href=\"mailto:info@puntohabitat.es\">\n\t\t\t<i aria-hidden=\"true\" class=\"icon icon-mail\"><\/i>\t\t\t<\/a>\n\t\t<\/div>\n\t\t\t\t\t\t<\/div>\n\t\t\t\t<\/div>\n\t\t\t\t\t<\/div>\n\t\t<\/div>\n\t\t\t\t\t<\/div>\n\t\t<\/section>\n\t\t\t\t<section data-particle_enable=\"false\" data-particle-mobile-disabled=\"false\" class=\"elementor-section elementor-top-section elementor-element elementor-element-c16135a elementor-section-boxed elementor-section-height-default elementor-section-height-default\" data-id=\"c16135a\" data-element_type=\"section\" data-e-type=\"section\">\n\t\t\t\t\t\t<div class=\"elementor-container elementor-column-gap-default\">\n\t\t\t\t\t<div class=\"elementor-column elementor-col-50 elementor-top-column elementor-element elementor-element-11b5311\" data-id=\"11b5311\" data-element_type=\"column\" data-e-type=\"column\">\n\t\t\t<div class=\"elementor-widget-wrap elementor-element-populated\">\n\t\t\t\t\t\t<div class=\"elementor-element elementor-element-4b9eff3 elementor-widget elementor-widget-image\" data-id=\"4b9eff3\" data-element_type=\"widget\" data-e-type=\"widget\" data-widget_type=\"image.default\">\n\t\t\t\t<div class=\"elementor-widget-container\">\n\t\t\t\t\t\t\t\t\t\t\t\t\t\t\t<img fetchpriority=\"high\" decoding=\"async\" width=\"1024\" height=\"768\" src=\"https:\/\/puntohabitat.es\/wp-content\/uploads\/2025\/03\/Inmobiliaria-Barcelona-PUNTO-HABITAT-1024x768.jpg\" class=\"attachment-large size-large wp-image-85868\" alt=\"Inmobiliaria-Barcelona-PUNTO-HABITAT\" srcset=\"https:\/\/puntohabitat.es\/wp-content\/uploads\/2025\/03\/Inmobiliaria-Barcelona-PUNTO-HABITAT-1024x768.jpg 1024w, https:\/\/puntohabitat.es\/wp-content\/uploads\/2025\/03\/Inmobiliaria-Barcelona-PUNTO-HABITAT-300x225.jpg 300w, https:\/\/puntohabitat.es\/wp-content\/uploads\/2025\/03\/Inmobiliaria-Barcelona-PUNTO-HABITAT-768x576.jpg 768w, https:\/\/puntohabitat.es\/wp-content\/uploads\/2025\/03\/Inmobiliaria-Barcelona-PUNTO-HABITAT-592x444.jpg 592w, https:\/\/puntohabitat.es\/wp-content\/uploads\/2025\/03\/Inmobiliaria-Barcelona-PUNTO-HABITAT-584x438.jpg 584w, https:\/\/puntohabitat.es\/wp-content\/uploads\/2025\/03\/Inmobiliaria-Barcelona-PUNTO-HABITAT-800x600.jpg 800w, https:\/\/puntohabitat.es\/wp-content\/uploads\/2025\/03\/Inmobiliaria-Barcelona-PUNTO-HABITAT-120x90.jpg 120w, https:\/\/puntohabitat.es\/wp-content\/uploads\/2025\/03\/Inmobiliaria-Barcelona-PUNTO-HABITAT-496x372.jpg 496w, https:\/\/puntohabitat.es\/wp-content\/uploads\/2025\/03\/Inmobiliaria-Barcelona-PUNTO-HABITAT.jpg 1200w\" sizes=\"(max-width: 1024px) 100vw, 1024px\" \/>\t\t\t\t\t\t\t\t\t\t\t\t\t\t\t<\/div>\n\t\t\t\t<\/div>\n\t\t\t\t\t<\/div>\n\t\t<\/div>\n\t\t\t\t<div class=\"elementor-column elementor-col-50 elementor-top-column elementor-element elementor-element-17ddec9\" data-id=\"17ddec9\" data-element_type=\"column\" data-e-type=\"column\">\n\t\t\t<div class=\"elementor-widget-wrap elementor-element-populated\">\n\t\t\t\t\t\t<div class=\"elementor-element elementor-element-5877be0 elementor-widget elementor-widget-image\" data-id=\"5877be0\" data-element_type=\"widget\" data-e-type=\"widget\" data-widget_type=\"image.default\">\n\t\t\t\t<div class=\"elementor-widget-container\">\n\t\t\t\t\t\t\t\t\t\t\t\t\t\t\t\t<a href=\"https:\/\/puntohabitat.es\/ca\/\">\n\t\t\t\t\t\t\t<img decoding=\"async\" width=\"300\" height=\"20\" src=\"https:\/\/puntohabitat.es\/wp-content\/uploads\/2022\/05\/logo-web-transparente-e1662796605608-300x20.png\" class=\"attachment-medium size-medium wp-image-67886\" alt=\"\" srcset=\"https:\/\/puntohabitat.es\/wp-content\/uploads\/2022\/05\/logo-web-transparente-e1662796605608-300x20.png 300w, https:\/\/puntohabitat.es\/wp-content\/uploads\/2022\/05\/logo-web-transparente-e1662796605608-1024x70.png 1024w, https:\/\/puntohabitat.es\/wp-content\/uploads\/2022\/05\/logo-web-transparente-e1662796605608-768x52.png 768w, https:\/\/puntohabitat.es\/wp-content\/uploads\/2022\/05\/logo-web-transparente-e1662796605608-1536x104.png 1536w, https:\/\/puntohabitat.es\/wp-content\/uploads\/2022\/05\/logo-web-transparente-e1662796605608-2048x139.png 2048w, https:\/\/puntohabitat.es\/wp-content\/uploads\/2022\/05\/logo-web-transparente-e1662796605608-150x10.png 150w, https:\/\/puntohabitat.es\/wp-content\/uploads\/2022\/05\/logo-web-transparente-e1662796605608-350x24.png 350w, https:\/\/puntohabitat.es\/wp-content\/uploads\/2022\/05\/logo-web-transparente-e1662796605608-320x22.png 320w, https:\/\/puntohabitat.es\/wp-content\/uploads\/2022\/05\/logo-web-transparente-e1662796605608-480x33.png 480w, https:\/\/puntohabitat.es\/wp-content\/uploads\/2022\/05\/logo-web-transparente-e1662796605608-800x54.png 800w\" sizes=\"(max-width: 300px) 100vw, 300px\" \/>\t\t\t\t\t\t\t\t<\/a>\n\t\t\t\t\t\t\t\t\t\t\t\t\t\t\t<\/div>\n\t\t\t\t<\/div>\n\t\t\t\t<div class=\"elementor-element elementor-element-0ee79a8 elementor-widget elementor-widget-text-editor\" data-id=\"0ee79a8\" data-element_type=\"widget\" data-e-type=\"widget\" data-widget_type=\"text-editor.default\">\n\t\t\t\t<div class=\"elementor-widget-container\">\n\t\t\t\t\t\t\t\t\t<strong>Confian\u00e7a, experi\u00e8ncia i proximitat al mercat immobiliari de Barcelona.<\/strong><br data-start=\"71\" data-end=\"74\" \/>A <a href=\"https:\/\/puntohabitat.es\/ca\/\">PUNTO HABITAT<\/a> fa m\u00e9s de 30 anys que ajudem propietaris com tu a vendre o llogar el seu habitatge amb seguretat i resultats. T&#8217;acompanyem durant tot el proc\u00e9s amb un servei transparent i adaptat a les teves necessitats.\t\t\t\t\t\t\t\t<\/div>\n\t\t\t\t<\/div>\n\t\t\t\t\t<\/div>\n\t\t<\/div>\n\t\t\t\t\t<\/div>\n\t\t<\/section>\n\t\t\t\t<section data-particle_enable=\"false\" data-particle-mobile-disabled=\"false\" class=\"elementor-section elementor-top-section elementor-element elementor-element-7576398 elementor-section-boxed elementor-section-height-default elementor-section-height-default\" data-id=\"7576398\" data-element_type=\"section\" data-e-type=\"section\">\n\t\t\t\t\t\t<div class=\"elementor-container elementor-column-gap-default\">\n\t\t\t\t\t<div class=\"elementor-column elementor-col-100 elementor-top-column elementor-element elementor-element-9a30004\" data-id=\"9a30004\" data-element_type=\"column\" data-e-type=\"column\">\n\t\t\t<div class=\"elementor-widget-wrap elementor-element-populated\">\n\t\t\t\t\t\t<div class=\"elementor-element elementor-element-2c891c4 elementor-widget elementor-widget-global elementor-global-70640 elementor-widget-text-editor\" data-id=\"2c891c4\" data-element_type=\"widget\" data-e-type=\"widget\" data-widget_type=\"text-editor.default\">\n\t\t\t\t<div class=\"elementor-widget-container\">\n\t\t\t\t\t\t\t\t\t<p style=\"text-align: center;\">Inmobiliaria en Barcelona desde 1995<\/p>\t\t\t\t\t\t\t\t<\/div>\n\t\t\t\t<\/div>\n\t\t\t\t<div class=\"elementor-element elementor-element-4fb5e77 elementor-widget elementor-widget-text-editor\" data-id=\"4fb5e77\" data-element_type=\"widget\" data-e-type=\"widget\" data-widget_type=\"text-editor.default\">\n\t\t\t\t<div class=\"elementor-widget-container\">\n\t\t\t\t\t\t\t\t\tContacta amb nosaltres per a resoldre qualsevol dubte sobre el mercat immobiliari a Barcelona.\r\n\r\nSi prefereixes un assessorament personalitzat, vine a les nostres oficines: t&#8217;hi esperem.\t\t\t\t\t\t\t\t<\/div>\n\t\t\t\t<\/div>\n\t\t\t\t\t<\/div>\n\t\t<\/div>\n\t\t\t\t\t<\/div>\n\t\t<\/section>\n\t\t\t\t<section data-particle_enable=\"false\" data-particle-mobile-disabled=\"false\" class=\"elementor-section elementor-top-section elementor-element elementor-element-f9b58c2 elementor-reverse-tablet elementor-reverse-mobile elementor-section-boxed elementor-section-height-default elementor-section-height-default\" data-id=\"f9b58c2\" data-element_type=\"section\" data-e-type=\"section\">\n\t\t\t\t\t\t<div class=\"elementor-container elementor-column-gap-default\">\n\t\t\t\t\t<div class=\"elementor-column elementor-col-33 elementor-top-column elementor-element elementor-element-4fb9965\" data-id=\"4fb9965\" data-element_type=\"column\" data-e-type=\"column\">\n\t\t\t<div class=\"elementor-widget-wrap elementor-element-populated\">\n\t\t\t\t\t\t<div class=\"elementor-element elementor-element-db5e80d elementor-align-center elementor-widget elementor-widget-button\" data-id=\"db5e80d\" data-element_type=\"widget\" data-e-type=\"widget\" data-widget_type=\"button.default\">\n\t\t\t\t<div class=\"elementor-widget-container\">\n\t\t\t\t\t\t\t\t\t<div class=\"elementor-button-wrapper\">\n\t\t\t\t\t<a class=\"elementor-button elementor-button-link elementor-size-sm elementor-animation-grow\" href=\"https:\/\/puntohabitat.es\/ca\/vendre-el-teu-pis-a-barcelona\/\">\n\t\t\t\t\t\t<span class=\"elementor-button-content-wrapper\">\n\t\t\t\t\t\t\t\t\t<span class=\"elementor-button-text\">Vendre Pis<\/span>\n\t\t\t\t\t<\/span>\n\t\t\t\t\t<\/a>\n\t\t\t\t<\/div>\n\t\t\t\t\t\t\t\t<\/div>\n\t\t\t\t<\/div>\n\t\t\t\t\t<\/div>\n\t\t<\/div>\n\t\t\t\t<div class=\"elementor-column elementor-col-33 elementor-top-column elementor-element elementor-element-3b4dbb5\" data-id=\"3b4dbb5\" data-element_type=\"column\" data-e-type=\"column\">\n\t\t\t<div class=\"elementor-widget-wrap elementor-element-populated\">\n\t\t\t\t\t\t<div class=\"elementor-element elementor-element-d04aba6 elementor-align-center elementor-widget elementor-widget-button\" data-id=\"d04aba6\" data-element_type=\"widget\" data-e-type=\"widget\" data-widget_type=\"button.default\">\n\t\t\t\t<div class=\"elementor-widget-container\">\n\t\t\t\t\t\t\t\t\t<div class=\"elementor-button-wrapper\">\n\t\t\t\t\t<a class=\"elementor-button elementor-button-link elementor-size-sm elementor-animation-grow\" href=\"https:\/\/puntohabitat.es\/ca\/llogar-el-teu-pis-a-barcelona\/\">\n\t\t\t\t\t\t<span class=\"elementor-button-content-wrapper\">\n\t\t\t\t\t\t\t\t\t<span class=\"elementor-button-text\">Llogar el meu Pis<\/span>\n\t\t\t\t\t<\/span>\n\t\t\t\t\t<\/a>\n\t\t\t\t<\/div>\n\t\t\t\t\t\t\t\t<\/div>\n\t\t\t\t<\/div>\n\t\t\t\t\t<\/div>\n\t\t<\/div>\n\t\t\t\t<div class=\"elementor-column elementor-col-33 elementor-top-column elementor-element elementor-element-3cc4d7a\" data-id=\"3cc4d7a\" data-element_type=\"column\" data-e-type=\"column\">\n\t\t\t<div class=\"elementor-widget-wrap elementor-element-populated\">\n\t\t\t\t\t\t<div class=\"elementor-element elementor-element-d606727 elementor-align-center elementor-widget elementor-widget-button\" data-id=\"d606727\" data-element_type=\"widget\" data-e-type=\"widget\" data-widget_type=\"button.default\">\n\t\t\t\t<div class=\"elementor-widget-container\">\n\t\t\t\t\t\t\t\t\t<div class=\"elementor-button-wrapper\">\n\t\t\t\t\t<a class=\"elementor-button elementor-button-link elementor-size-sm elementor-animation-grow\" href=\"https:\/\/puntohabitat.es\/ca\/gestio-de-lloguer\/\">\n\t\t\t\t\t\t<span class=\"elementor-button-content-wrapper\">\n\t\t\t\t\t\t\t\t\t<span class=\"elementor-button-text\">Gesti\u00f3 de Lloguer<\/span>\n\t\t\t\t\t<\/span>\n\t\t\t\t\t<\/a>\n\t\t\t\t<\/div>\n\t\t\t\t\t\t\t\t<\/div>\n\t\t\t\t<\/div>\n\t\t\t\t\t<\/div>\n\t\t<\/div>\n\t\t\t\t\t<\/div>\n\t\t<\/section>\n\t\t\t\t<section data-particle_enable=\"false\" data-particle-mobile-disabled=\"false\" class=\"elementor-section elementor-top-section elementor-element elementor-element-54bb8d5 elementor-section-boxed elementor-section-height-default elementor-section-height-default\" data-id=\"54bb8d5\" data-element_type=\"section\" data-e-type=\"section\">\n\t\t\t\t\t\t<div class=\"elementor-container elementor-column-gap-default\">\n\t\t\t\t\t<div class=\"elementor-column elementor-col-33 elementor-top-column elementor-element elementor-element-6c1c322\" data-id=\"6c1c322\" data-element_type=\"column\" data-e-type=\"column\">\n\t\t\t<div class=\"elementor-widget-wrap elementor-element-populated\">\n\t\t\t\t\t\t<div class=\"elementor-element elementor-element-95caab5 elementor-align-center elementor-widget elementor-widget-button\" data-id=\"95caab5\" data-element_type=\"widget\" data-e-type=\"widget\" data-widget_type=\"button.default\">\n\t\t\t\t<div class=\"elementor-widget-container\">\n\t\t\t\t\t\t\t\t\t<div class=\"elementor-button-wrapper\">\n\t\t\t\t\t<a class=\"elementor-button elementor-button-link elementor-size-sm elementor-animation-grow\" href=\"https:\/\/puntohabitat.es\/ca\/pisos-venda-barcelona\/\">\n\t\t\t\t\t\t<span class=\"elementor-button-content-wrapper\">\n\t\t\t\t\t\t\t\t\t<span class=\"elementor-button-text\">Pisos Venda<\/span>\n\t\t\t\t\t<\/span>\n\t\t\t\t\t<\/a>\n\t\t\t\t<\/div>\n\t\t\t\t\t\t\t\t<\/div>\n\t\t\t\t<\/div>\n\t\t\t\t\t<\/div>\n\t\t<\/div>\n\t\t\t\t<div class=\"elementor-column elementor-col-33 elementor-top-column elementor-element elementor-element-4ba2636\" data-id=\"4ba2636\" data-element_type=\"column\" data-e-type=\"column\">\n\t\t\t<div class=\"elementor-widget-wrap elementor-element-populated\">\n\t\t\t\t\t\t<div class=\"elementor-element elementor-element-294ce3e elementor-align-center elementor-widget elementor-widget-button\" data-id=\"294ce3e\" data-element_type=\"widget\" data-e-type=\"widget\" data-widget_type=\"button.default\">\n\t\t\t\t<div class=\"elementor-widget-container\">\n\t\t\t\t\t\t\t\t\t<div class=\"elementor-button-wrapper\">\n\t\t\t\t\t<a class=\"elementor-button elementor-button-link elementor-size-sm elementor-animation-grow\" href=\"https:\/\/puntohabitat.es\/ca\/propietats-en-lloguer\/\">\n\t\t\t\t\t\t<span class=\"elementor-button-content-wrapper\">\n\t\t\t\t\t\t\t\t\t<span class=\"elementor-button-text\">Pisos Lloguer<\/span>\n\t\t\t\t\t<\/span>\n\t\t\t\t\t<\/a>\n\t\t\t\t<\/div>\n\t\t\t\t\t\t\t\t<\/div>\n\t\t\t\t<\/div>\n\t\t\t\t\t<\/div>\n\t\t<\/div>\n\t\t\t\t<div class=\"elementor-column elementor-col-33 elementor-top-column elementor-element elementor-element-46c4124\" data-id=\"46c4124\" data-element_type=\"column\" data-e-type=\"column\">\n\t\t\t<div class=\"elementor-widget-wrap elementor-element-populated\">\n\t\t\t\t\t\t<div class=\"elementor-element elementor-element-af8bff8 elementor-align-center elementor-widget elementor-widget-button\" data-id=\"af8bff8\" data-element_type=\"widget\" data-e-type=\"widget\" data-widget_type=\"button.default\">\n\t\t\t\t<div class=\"elementor-widget-container\">\n\t\t\t\t\t\t\t\t\t<div class=\"elementor-button-wrapper\">\n\t\t\t\t\t<a class=\"elementor-button elementor-button-link elementor-size-sm elementor-animation-grow\" href=\"https:\/\/puntohabitat.es\/ca\/contacte\/\">\n\t\t\t\t\t\t<span class=\"elementor-button-content-wrapper\">\n\t\t\t\t\t\t\t\t\t<span class=\"elementor-button-text\">Contacte<\/span>\n\t\t\t\t\t<\/span>\n\t\t\t\t\t<\/a>\n\t\t\t\t<\/div>\n\t\t\t\t\t\t\t\t<\/div>\n\t\t\t\t<\/div>\n\t\t\t\t\t<\/div>\n\t\t<\/div>\n\t\t\t\t\t<\/div>\n\t\t<\/section>\n\t\t\t\t<\/div>\n\t\t","protected":false},"excerpt":{"rendered":"<p>Preu Pisos Barcelona Barris \u20ac\/m\u00b2 Evoluci\u00f3 dels Preus de l\u2019Habitatge a Barcelona 2021-2024 Preu Pisos Barcelona Barris \u20ac\/m\u00b2: El mercat immobiliari de Barcelona ha experimentat canvis importants en els darrers anys, amb fluctuacions en els preus de l\u2019habitatge als diferents districtes. Aquesta an\u00e0lisi t\u00e9 com a objectiu proporcionar una visi\u00f3 detallada de l\u2019evoluci\u00f3 del preu [&hellip;]<\/p>\n","protected":false},"author":2,"featured_media":83786,"comment_status":"closed","ping_status":"closed","sticky":false,"template":"","format":"standard","meta":{"footnotes":""},"categories":[180,179],"tags":[190,201,204,195],"class_list":["post-84110","post","type-post","status-publish","format-standard","has-post-thumbnail","hentry","category-venda","category-viure-a-barcelona","tag-barcelona-ca","tag-valoracio-pis","tag-vendre-pis","tag-viure-a-barcelona"],"yoast_head":"<!-- This site is optimized with the Yoast SEO plugin v27.5 - https:\/\/yoast.com\/product\/yoast-seo-wordpress\/ -->\n<title>Preu Pisos Barcelona Barris \u20ac\/m\u00b2. Claus per a comprar o vendre<\/title>\n<meta name=\"description\" content=\"Preu Pisos Barcelona Barris \u20ac\/m\u00b2. Descobreix el preu mitj\u00e0 per metre quadrat als barris de Bcn: totes les claus per comprar o vendre\" \/>\n<meta name=\"robots\" content=\"index, follow, max-snippet:-1, max-image-preview:large, max-video-preview:-1\" \/>\n<link rel=\"canonical\" href=\"https:\/\/puntohabitat.es\/ca\/preu-pisos-barcelona-barris-e-m%c2%b2\/\" \/>\n<meta property=\"og:locale\" content=\"ca_ES\" \/>\n<meta property=\"og:type\" content=\"article\" \/>\n<meta property=\"og:title\" content=\"Preu Pisos Barcelona Barris \u20ac\/m\u00b2. Claus per a comprar o vendre\" \/>\n<meta property=\"og:description\" content=\"Preu Pisos Barcelona Barris \u20ac\/m\u00b2. Descobreix el preu mitj\u00e0 per metre quadrat als barris de Bcn: totes les claus per comprar o vendre\" \/>\n<meta property=\"og:url\" content=\"https:\/\/puntohabitat.es\/ca\/preu-pisos-barcelona-barris-e-m%c2%b2\/\" \/>\n<meta property=\"og:site_name\" content=\"PUNTO HABITAT\" \/>\n<meta property=\"article:publisher\" content=\"https:\/\/www.facebook.com\/puntohabitat\" \/>\n<meta property=\"article:author\" content=\"https:\/\/www.facebook.com\/puntohabitat\/\" \/>\n<meta property=\"article:published_time\" content=\"2025-02-16T18:35:55+00:00\" \/>\n<meta property=\"article:modified_time\" content=\"2025-08-07T16:15:32+00:00\" \/>\n<meta property=\"og:image\" content=\"https:\/\/puntohabitat.es\/wp-content\/uploads\/2025\/02\/AdobeStock_207604091-1.webp\" \/>\n\t<meta property=\"og:image:width\" content=\"1200\" \/>\n\t<meta property=\"og:image:height\" content=\"568\" \/>\n\t<meta property=\"og:image:type\" content=\"image\/webp\" \/>\n<meta name=\"author\" content=\"PUNTO HABITAT\" \/>\n<meta name=\"twitter:card\" content=\"summary_large_image\" \/>\n<meta name=\"twitter:creator\" content=\"@https:\/\/twitter.com\/puntohabitat\" \/>\n<meta name=\"twitter:site\" content=\"@puntohabitat\" \/>\n<meta name=\"twitter:label1\" content=\"Escrit per\" \/>\n\t<meta name=\"twitter:data1\" content=\"PUNTO HABITAT\" \/>\n\t<meta name=\"twitter:label2\" content=\"Temps estimat de lectura\" \/>\n\t<meta name=\"twitter:data2\" content=\"13 minuts\" \/>\n<script type=\"application\/ld+json\" class=\"yoast-schema-graph\">{\"@context\":\"https:\\\/\\\/schema.org\",\"@graph\":[{\"@type\":\"Article\",\"@id\":\"https:\\\/\\\/puntohabitat.es\\\/ca\\\/preu-pisos-barcelona-barris-e-m%c2%b2\\\/#article\",\"isPartOf\":{\"@id\":\"https:\\\/\\\/puntohabitat.es\\\/ca\\\/preu-pisos-barcelona-barris-e-m%c2%b2\\\/\"},\"author\":{\"name\":\"PUNTO HABITAT\",\"@id\":\"https:\\\/\\\/puntohabitat.es\\\/ca\\\/#\\\/schema\\\/person\\\/940c5335a3c27822cf280cc5edbe208f\"},\"headline\":\"Preu Pisos Barcelona Barris \u20ac\\\/m\u00b2\",\"datePublished\":\"2025-02-16T18:35:55+00:00\",\"dateModified\":\"2025-08-07T16:15:32+00:00\",\"mainEntityOfPage\":{\"@id\":\"https:\\\/\\\/puntohabitat.es\\\/ca\\\/preu-pisos-barcelona-barris-e-m%c2%b2\\\/\"},\"wordCount\":2247,\"publisher\":{\"@id\":\"https:\\\/\\\/puntohabitat.es\\\/ca\\\/#organization\"},\"image\":{\"@id\":\"https:\\\/\\\/puntohabitat.es\\\/ca\\\/preu-pisos-barcelona-barris-e-m%c2%b2\\\/#primaryimage\"},\"thumbnailUrl\":\"https:\\\/\\\/puntohabitat.es\\\/wp-content\\\/uploads\\\/2025\\\/02\\\/AdobeStock_207604091-1.webp\",\"keywords\":[\"Barcelona\",\"Valoraci\u00f3 pis\",\"Vendre Pis\",\"Viure a Barcelona\"],\"articleSection\":[\"Venda\",\"Viure a Barcelona\"],\"inLanguage\":\"ca\"},{\"@type\":\"WebPage\",\"@id\":\"https:\\\/\\\/puntohabitat.es\\\/ca\\\/preu-pisos-barcelona-barris-e-m%c2%b2\\\/\",\"url\":\"https:\\\/\\\/puntohabitat.es\\\/ca\\\/preu-pisos-barcelona-barris-e-m%c2%b2\\\/\",\"name\":\"Preu Pisos Barcelona Barris \u20ac\\\/m\u00b2. Claus per a comprar o vendre\",\"isPartOf\":{\"@id\":\"https:\\\/\\\/puntohabitat.es\\\/ca\\\/#website\"},\"primaryImageOfPage\":{\"@id\":\"https:\\\/\\\/puntohabitat.es\\\/ca\\\/preu-pisos-barcelona-barris-e-m%c2%b2\\\/#primaryimage\"},\"image\":{\"@id\":\"https:\\\/\\\/puntohabitat.es\\\/ca\\\/preu-pisos-barcelona-barris-e-m%c2%b2\\\/#primaryimage\"},\"thumbnailUrl\":\"https:\\\/\\\/puntohabitat.es\\\/wp-content\\\/uploads\\\/2025\\\/02\\\/AdobeStock_207604091-1.webp\",\"datePublished\":\"2025-02-16T18:35:55+00:00\",\"dateModified\":\"2025-08-07T16:15:32+00:00\",\"description\":\"Preu Pisos Barcelona Barris \u20ac\\\/m\u00b2. Descobreix el preu mitj\u00e0 per metre quadrat als barris de Bcn: totes les claus per comprar o vendre\",\"breadcrumb\":{\"@id\":\"https:\\\/\\\/puntohabitat.es\\\/ca\\\/preu-pisos-barcelona-barris-e-m%c2%b2\\\/#breadcrumb\"},\"inLanguage\":\"ca\",\"potentialAction\":[{\"@type\":\"ReadAction\",\"target\":[\"https:\\\/\\\/puntohabitat.es\\\/ca\\\/preu-pisos-barcelona-barris-e-m%c2%b2\\\/\"]}]},{\"@type\":\"ImageObject\",\"inLanguage\":\"ca\",\"@id\":\"https:\\\/\\\/puntohabitat.es\\\/ca\\\/preu-pisos-barcelona-barris-e-m%c2%b2\\\/#primaryimage\",\"url\":\"https:\\\/\\\/puntohabitat.es\\\/wp-content\\\/uploads\\\/2025\\\/02\\\/AdobeStock_207604091-1.webp\",\"contentUrl\":\"https:\\\/\\\/puntohabitat.es\\\/wp-content\\\/uploads\\\/2025\\\/02\\\/AdobeStock_207604091-1.webp\",\"width\":1200,\"height\":568,\"caption\":\"Precio Pisos Barcelona Barrios \u20ac\\\/m\u00b2\"},{\"@type\":\"BreadcrumbList\",\"@id\":\"https:\\\/\\\/puntohabitat.es\\\/ca\\\/preu-pisos-barcelona-barris-e-m%c2%b2\\\/#breadcrumb\",\"itemListElement\":[{\"@type\":\"ListItem\",\"position\":1,\"name\":\"Inicio\",\"item\":\"https:\\\/\\\/puntohabitat.es\\\/ca\\\/\"},{\"@type\":\"ListItem\",\"position\":2,\"name\":\"Preu Pisos Barcelona Barris \u20ac\\\/m\u00b2\"}]},{\"@type\":\"WebSite\",\"@id\":\"https:\\\/\\\/puntohabitat.es\\\/ca\\\/#website\",\"url\":\"https:\\\/\\\/puntohabitat.es\\\/ca\\\/\",\"name\":\"PUNTO HABITAT\",\"description\":\"Inmobiliaria Barcelona | Venta y alquiler de pisos Barcelona | Gesti\u00f3n de alquiler\",\"publisher\":{\"@id\":\"https:\\\/\\\/puntohabitat.es\\\/ca\\\/#organization\"},\"potentialAction\":[{\"@type\":\"SearchAction\",\"target\":{\"@type\":\"EntryPoint\",\"urlTemplate\":\"https:\\\/\\\/puntohabitat.es\\\/ca\\\/?s={search_term_string}\"},\"query-input\":{\"@type\":\"PropertyValueSpecification\",\"valueRequired\":true,\"valueName\":\"search_term_string\"}}],\"inLanguage\":\"ca\"},{\"@type\":\"Organization\",\"@id\":\"https:\\\/\\\/puntohabitat.es\\\/ca\\\/#organization\",\"name\":\"PUNTO HABITAT\",\"url\":\"https:\\\/\\\/puntohabitat.es\\\/ca\\\/\",\"logo\":{\"@type\":\"ImageObject\",\"inLanguage\":\"ca\",\"@id\":\"https:\\\/\\\/puntohabitat.es\\\/ca\\\/#\\\/schema\\\/logo\\\/image\\\/\",\"url\":\"https:\\\/\\\/puntohabitat.es\\\/wp-content\\\/uploads\\\/2022\\\/06\\\/icono-apple-ipad-retina.jpg\",\"contentUrl\":\"https:\\\/\\\/puntohabitat.es\\\/wp-content\\\/uploads\\\/2022\\\/06\\\/icono-apple-ipad-retina.jpg\",\"width\":145,\"height\":145,\"caption\":\"PUNTO HABITAT\"},\"image\":{\"@id\":\"https:\\\/\\\/puntohabitat.es\\\/ca\\\/#\\\/schema\\\/logo\\\/image\\\/\"},\"sameAs\":[\"https:\\\/\\\/www.facebook.com\\\/puntohabitat\",\"https:\\\/\\\/x.com\\\/puntohabitat\",\"https:\\\/\\\/www.instagram.com\\\/puntohabitat\\\/\",\"https:\\\/\\\/www.linkedin.com\\\/in\\\/puntohabitat\\\/\",\"https:\\\/\\\/www.youtube.com\\\/c\\\/puntohabitatinmobiliariaBarcelona\",\"https:\\\/\\\/www.tiktok.com\\\/@puntohabitat\"]},{\"@type\":\"Person\",\"@id\":\"https:\\\/\\\/puntohabitat.es\\\/ca\\\/#\\\/schema\\\/person\\\/940c5335a3c27822cf280cc5edbe208f\",\"name\":\"PUNTO HABITAT\",\"description\":\"PUNTO HABITAT | Inmobiliaria Barcelona | 1995 Servicio personalizado en la gesti\u00f3n de venta y alquiler de inmuebles.\",\"sameAs\":[\"https:\\\/\\\/puntohabitat.es\",\"https:\\\/\\\/www.facebook.com\\\/puntohabitat\\\/\",\"https:\\\/\\\/www.instagram.com\\\/puntohabitat\\\/\",\"https:\\\/\\\/es.linkedin.com\\\/in\\\/puntohabitat\",\"https:\\\/\\\/www.pinterest.es\\\/puntohabitat\\\/\",\"https:\\\/\\\/x.com\\\/https:\\\/\\\/twitter.com\\\/puntohabitat\",\"https:\\\/\\\/www.youtube.com\\\/c\\\/puntohabitatinmobiliariaBarcelona\"]}]}<\/script>\n<!-- \/ Yoast SEO plugin. -->","yoast_head_json":{"title":"Preu Pisos Barcelona Barris \u20ac\/m\u00b2. Claus per a comprar o vendre","description":"Preu Pisos Barcelona Barris \u20ac\/m\u00b2. Descobreix el preu mitj\u00e0 per metre quadrat als barris de Bcn: totes les claus per comprar o vendre","robots":{"index":"index","follow":"follow","max-snippet":"max-snippet:-1","max-image-preview":"max-image-preview:large","max-video-preview":"max-video-preview:-1"},"canonical":"https:\/\/puntohabitat.es\/ca\/preu-pisos-barcelona-barris-e-m%c2%b2\/","og_locale":"ca_ES","og_type":"article","og_title":"Preu Pisos Barcelona Barris \u20ac\/m\u00b2. Claus per a comprar o vendre","og_description":"Preu Pisos Barcelona Barris \u20ac\/m\u00b2. Descobreix el preu mitj\u00e0 per metre quadrat als barris de Bcn: totes les claus per comprar o vendre","og_url":"https:\/\/puntohabitat.es\/ca\/preu-pisos-barcelona-barris-e-m%c2%b2\/","og_site_name":"PUNTO HABITAT","article_publisher":"https:\/\/www.facebook.com\/puntohabitat","article_author":"https:\/\/www.facebook.com\/puntohabitat\/","article_published_time":"2025-02-16T18:35:55+00:00","article_modified_time":"2025-08-07T16:15:32+00:00","og_image":[{"width":1200,"height":568,"url":"https:\/\/puntohabitat.es\/wp-content\/uploads\/2025\/02\/AdobeStock_207604091-1.webp","type":"image\/webp"}],"author":"PUNTO HABITAT","twitter_card":"summary_large_image","twitter_creator":"@https:\/\/twitter.com\/puntohabitat","twitter_site":"@puntohabitat","twitter_misc":{"Escrit per":"PUNTO HABITAT","Temps estimat de lectura":"13 minuts"},"schema":{"@context":"https:\/\/schema.org","@graph":[{"@type":"Article","@id":"https:\/\/puntohabitat.es\/ca\/preu-pisos-barcelona-barris-e-m%c2%b2\/#article","isPartOf":{"@id":"https:\/\/puntohabitat.es\/ca\/preu-pisos-barcelona-barris-e-m%c2%b2\/"},"author":{"name":"PUNTO HABITAT","@id":"https:\/\/puntohabitat.es\/ca\/#\/schema\/person\/940c5335a3c27822cf280cc5edbe208f"},"headline":"Preu Pisos Barcelona Barris \u20ac\/m\u00b2","datePublished":"2025-02-16T18:35:55+00:00","dateModified":"2025-08-07T16:15:32+00:00","mainEntityOfPage":{"@id":"https:\/\/puntohabitat.es\/ca\/preu-pisos-barcelona-barris-e-m%c2%b2\/"},"wordCount":2247,"publisher":{"@id":"https:\/\/puntohabitat.es\/ca\/#organization"},"image":{"@id":"https:\/\/puntohabitat.es\/ca\/preu-pisos-barcelona-barris-e-m%c2%b2\/#primaryimage"},"thumbnailUrl":"https:\/\/puntohabitat.es\/wp-content\/uploads\/2025\/02\/AdobeStock_207604091-1.webp","keywords":["Barcelona","Valoraci\u00f3 pis","Vendre Pis","Viure a Barcelona"],"articleSection":["Venda","Viure a Barcelona"],"inLanguage":"ca"},{"@type":"WebPage","@id":"https:\/\/puntohabitat.es\/ca\/preu-pisos-barcelona-barris-e-m%c2%b2\/","url":"https:\/\/puntohabitat.es\/ca\/preu-pisos-barcelona-barris-e-m%c2%b2\/","name":"Preu Pisos Barcelona Barris \u20ac\/m\u00b2. Claus per a comprar o vendre","isPartOf":{"@id":"https:\/\/puntohabitat.es\/ca\/#website"},"primaryImageOfPage":{"@id":"https:\/\/puntohabitat.es\/ca\/preu-pisos-barcelona-barris-e-m%c2%b2\/#primaryimage"},"image":{"@id":"https:\/\/puntohabitat.es\/ca\/preu-pisos-barcelona-barris-e-m%c2%b2\/#primaryimage"},"thumbnailUrl":"https:\/\/puntohabitat.es\/wp-content\/uploads\/2025\/02\/AdobeStock_207604091-1.webp","datePublished":"2025-02-16T18:35:55+00:00","dateModified":"2025-08-07T16:15:32+00:00","description":"Preu Pisos Barcelona Barris \u20ac\/m\u00b2. Descobreix el preu mitj\u00e0 per metre quadrat als barris de Bcn: totes les claus per comprar o vendre","breadcrumb":{"@id":"https:\/\/puntohabitat.es\/ca\/preu-pisos-barcelona-barris-e-m%c2%b2\/#breadcrumb"},"inLanguage":"ca","potentialAction":[{"@type":"ReadAction","target":["https:\/\/puntohabitat.es\/ca\/preu-pisos-barcelona-barris-e-m%c2%b2\/"]}]},{"@type":"ImageObject","inLanguage":"ca","@id":"https:\/\/puntohabitat.es\/ca\/preu-pisos-barcelona-barris-e-m%c2%b2\/#primaryimage","url":"https:\/\/puntohabitat.es\/wp-content\/uploads\/2025\/02\/AdobeStock_207604091-1.webp","contentUrl":"https:\/\/puntohabitat.es\/wp-content\/uploads\/2025\/02\/AdobeStock_207604091-1.webp","width":1200,"height":568,"caption":"Precio Pisos Barcelona Barrios \u20ac\/m\u00b2"},{"@type":"BreadcrumbList","@id":"https:\/\/puntohabitat.es\/ca\/preu-pisos-barcelona-barris-e-m%c2%b2\/#breadcrumb","itemListElement":[{"@type":"ListItem","position":1,"name":"Inicio","item":"https:\/\/puntohabitat.es\/ca\/"},{"@type":"ListItem","position":2,"name":"Preu Pisos Barcelona Barris \u20ac\/m\u00b2"}]},{"@type":"WebSite","@id":"https:\/\/puntohabitat.es\/ca\/#website","url":"https:\/\/puntohabitat.es\/ca\/","name":"PUNTO HABITAT","description":"Inmobiliaria Barcelona | Venta y alquiler de pisos Barcelona | Gesti\u00f3n de alquiler","publisher":{"@id":"https:\/\/puntohabitat.es\/ca\/#organization"},"potentialAction":[{"@type":"SearchAction","target":{"@type":"EntryPoint","urlTemplate":"https:\/\/puntohabitat.es\/ca\/?s={search_term_string}"},"query-input":{"@type":"PropertyValueSpecification","valueRequired":true,"valueName":"search_term_string"}}],"inLanguage":"ca"},{"@type":"Organization","@id":"https:\/\/puntohabitat.es\/ca\/#organization","name":"PUNTO HABITAT","url":"https:\/\/puntohabitat.es\/ca\/","logo":{"@type":"ImageObject","inLanguage":"ca","@id":"https:\/\/puntohabitat.es\/ca\/#\/schema\/logo\/image\/","url":"https:\/\/puntohabitat.es\/wp-content\/uploads\/2022\/06\/icono-apple-ipad-retina.jpg","contentUrl":"https:\/\/puntohabitat.es\/wp-content\/uploads\/2022\/06\/icono-apple-ipad-retina.jpg","width":145,"height":145,"caption":"PUNTO HABITAT"},"image":{"@id":"https:\/\/puntohabitat.es\/ca\/#\/schema\/logo\/image\/"},"sameAs":["https:\/\/www.facebook.com\/puntohabitat","https:\/\/x.com\/puntohabitat","https:\/\/www.instagram.com\/puntohabitat\/","https:\/\/www.linkedin.com\/in\/puntohabitat\/","https:\/\/www.youtube.com\/c\/puntohabitatinmobiliariaBarcelona","https:\/\/www.tiktok.com\/@puntohabitat"]},{"@type":"Person","@id":"https:\/\/puntohabitat.es\/ca\/#\/schema\/person\/940c5335a3c27822cf280cc5edbe208f","name":"PUNTO HABITAT","description":"PUNTO HABITAT | Inmobiliaria Barcelona | 1995 Servicio personalizado en la gesti\u00f3n de venta y alquiler de inmuebles.","sameAs":["https:\/\/puntohabitat.es","https:\/\/www.facebook.com\/puntohabitat\/","https:\/\/www.instagram.com\/puntohabitat\/","https:\/\/es.linkedin.com\/in\/puntohabitat","https:\/\/www.pinterest.es\/puntohabitat\/","https:\/\/x.com\/https:\/\/twitter.com\/puntohabitat","https:\/\/www.youtube.com\/c\/puntohabitatinmobiliariaBarcelona"]}]}},"_links":{"self":[{"href":"https:\/\/puntohabitat.es\/ca\/wp-json\/wp\/v2\/posts\/84110","targetHints":{"allow":["GET"]}}],"collection":[{"href":"https:\/\/puntohabitat.es\/ca\/wp-json\/wp\/v2\/posts"}],"about":[{"href":"https:\/\/puntohabitat.es\/ca\/wp-json\/wp\/v2\/types\/post"}],"author":[{"embeddable":true,"href":"https:\/\/puntohabitat.es\/ca\/wp-json\/wp\/v2\/users\/2"}],"replies":[{"embeddable":true,"href":"https:\/\/puntohabitat.es\/ca\/wp-json\/wp\/v2\/comments?post=84110"}],"version-history":[{"count":0,"href":"https:\/\/puntohabitat.es\/ca\/wp-json\/wp\/v2\/posts\/84110\/revisions"}],"wp:featuredmedia":[{"embeddable":true,"href":"https:\/\/puntohabitat.es\/ca\/wp-json\/wp\/v2\/media\/83786"}],"wp:attachment":[{"href":"https:\/\/puntohabitat.es\/ca\/wp-json\/wp\/v2\/media?parent=84110"}],"wp:term":[{"taxonomy":"category","embeddable":true,"href":"https:\/\/puntohabitat.es\/ca\/wp-json\/wp\/v2\/categories?post=84110"},{"taxonomy":"post_tag","embeddable":true,"href":"https:\/\/puntohabitat.es\/ca\/wp-json\/wp\/v2\/tags?post=84110"}],"curies":[{"name":"wp","href":"https:\/\/api.w.org\/{rel}","templated":true}]}}