{"id":85667,"date":"2025-03-17T08:33:03","date_gmt":"2025-03-17T07:33:03","guid":{"rendered":"https:\/\/puntohabitat.es\/fiscalitat-en-la-venda-dhabitatges-per-a-majors-de-65-anys\/"},"modified":"2025-08-07T18:15:34","modified_gmt":"2025-08-07T16:15:34","slug":"fiscalitat-en-la-venda-dhabitatges-per-a-majors-de-65-anys","status":"publish","type":"post","link":"https:\/\/puntohabitat.es\/ca\/fiscalitat-en-la-venda-dhabitatges-per-a-majors-de-65-anys\/","title":{"rendered":"Fiscalitat en la Venda d&#8217;Habitatges per a Majors de 65 anys"},"content":{"rendered":"\t\t<div data-elementor-type=\"wp-post\" data-elementor-id=\"85667\" class=\"elementor elementor-85667 elementor-85641\" data-elementor-post-type=\"post\">\n\t\t\t\t\t\t<section data-particle_enable=\"false\" data-particle-mobile-disabled=\"false\" class=\"elementor-section elementor-top-section elementor-element elementor-element-75ceec6 elementor-section-full_width elementor-section-height-min-height elementor-section-height-default elementor-section-items-middle\" data-id=\"75ceec6\" data-element_type=\"section\" data-e-type=\"section\" data-settings=\"{&quot;background_background&quot;:&quot;classic&quot;}\">\n\t\t\t\t\t\t\t<div class=\"elementor-background-overlay\"><\/div>\n\t\t\t\t\t\t\t<div class=\"elementor-container elementor-column-gap-default\">\n\t\t\t\t\t<div class=\"elementor-column elementor-col-100 elementor-top-column elementor-element elementor-element-5d5df5b\" data-id=\"5d5df5b\" data-element_type=\"column\" data-e-type=\"column\">\n\t\t\t<div class=\"elementor-widget-wrap elementor-element-populated\">\n\t\t\t\t\t\t<section data-particle_enable=\"false\" data-particle-mobile-disabled=\"false\" class=\"elementor-section elementor-inner-section elementor-element elementor-element-b95f192 elementor-section-content-middle elementor-section-boxed elementor-section-height-default elementor-section-height-default\" data-id=\"b95f192\" data-element_type=\"section\" data-e-type=\"section\" data-settings=\"{&quot;background_background&quot;:&quot;classic&quot;}\">\n\t\t\t\t\t\t<div class=\"elementor-container elementor-column-gap-default\">\n\t\t\t\t\t<div class=\"elementor-column elementor-col-50 elementor-inner-column elementor-element elementor-element-3c8fa5b\" data-id=\"3c8fa5b\" data-element_type=\"column\" data-e-type=\"column\">\n\t\t\t<div class=\"elementor-widget-wrap\">\n\t\t\t\t\t\t\t<\/div>\n\t\t<\/div>\n\t\t\t\t<div class=\"elementor-column elementor-col-50 elementor-inner-column elementor-element elementor-element-4daf135\" data-id=\"4daf135\" data-element_type=\"column\" data-e-type=\"column\">\n\t\t\t<div class=\"elementor-widget-wrap\">\n\t\t\t\t\t\t\t<\/div>\n\t\t<\/div>\n\t\t\t\t\t<\/div>\n\t\t<\/section>\n\t\t\t\t<div class=\"elementor-element elementor-element-1dc70dd elementor-widget elementor-widget-heading\" data-id=\"1dc70dd\" data-element_type=\"widget\" data-e-type=\"widget\" data-widget_type=\"heading.default\">\n\t\t\t\t<div class=\"elementor-widget-container\">\n\t\t\t\t\t<h1 class=\"elementor-heading-title elementor-size-default\">Fiscalitat en la Venda d&#8217;Habitatges per a Majors de 65 anys<\/h1>\t\t\t\t<\/div>\n\t\t\t\t<\/div>\n\t\t\t\t\t<\/div>\n\t\t<\/div>\n\t\t\t\t\t<\/div>\n\t\t<\/section>\n\t\t\t\t<section data-particle_enable=\"false\" data-particle-mobile-disabled=\"false\" class=\"elementor-section elementor-top-section elementor-element elementor-element-35b3e0c elementor-section-boxed elementor-section-height-default elementor-section-height-default\" data-id=\"35b3e0c\" data-element_type=\"section\" data-e-type=\"section\">\n\t\t\t\t\t\t<div class=\"elementor-container elementor-column-gap-default\">\n\t\t\t\t\t<div class=\"elementor-column elementor-col-100 elementor-top-column elementor-element elementor-element-bbe9e6c\" data-id=\"bbe9e6c\" data-element_type=\"column\" data-e-type=\"column\">\n\t\t\t<div class=\"elementor-widget-wrap elementor-element-populated\">\n\t\t\t\t\t\t<div class=\"elementor-element elementor-element-f33f9e8 elementor-widget elementor-widget-text-editor\" data-id=\"f33f9e8\" data-element_type=\"widget\" data-e-type=\"widget\" data-widget_type=\"text-editor.default\">\n\t\t\t\t<div class=\"elementor-widget-container\">\n\t\t\t\t\t\t\t\t\t17 de mar\u00e7 de 2025\t\t\t\t\t\t\t\t<\/div>\n\t\t\t\t<\/div>\n\t\t\t\t<div class=\"elementor-element elementor-element-a47881d elementor-author-box--image-valign-middle elementor-author-box--avatar-yes elementor-author-box--name-yes elementor-author-box--biography-yes elementor-author-box--link-no elementor-widget elementor-widget-author-box\" data-id=\"a47881d\" data-element_type=\"widget\" data-e-type=\"widget\" data-widget_type=\"author-box.default\">\n\t\t\t\t<div class=\"elementor-widget-container\">\n\t\t\t\t\t\t\t<div class=\"elementor-author-box\">\n\t\t\t\t\t\t\t<div  class=\"elementor-author-box__avatar\">\n\t\t\t\t\t<img decoding=\"async\" src=\"https:\/\/secure.gravatar.com\/avatar\/2773bca6c07e7af4bf869eb5d10584666289bf322520dcdbd0c35dfa92289cd2?s=300&#038;d=mm&#038;r=g\" alt=\"Picture of PUNTO HABITAT\" loading=\"lazy\">\n\t\t\t\t<\/div>\n\t\t\t\n\t\t\t<div class=\"elementor-author-box__text\">\n\t\t\t\t\t\t\t\t\t<div >\n\t\t\t\t\t\t<h6 class=\"elementor-author-box__name\">\n\t\t\t\t\t\t\tPUNTO HABITAT\t\t\t\t\t\t<\/h6>\n\t\t\t\t\t<\/div>\n\t\t\t\t\n\t\t\t\t\t\t\t\t\t<div class=\"elementor-author-box__bio\">\n\t\t\t\t\t\tPUNTO HABITAT | Inmobiliaria Barcelona | 1995 \r\nServicio personalizado en la gesti\u00f3n de venta y alquiler de inmuebles.\t\t\t\t\t<\/div>\n\t\t\t\t\n\t\t\t\t\t\t\t<\/div>\n\t\t<\/div>\n\t\t\t\t\t\t<\/div>\n\t\t\t\t<\/div>\n\t\t\t\t\t<\/div>\n\t\t<\/div>\n\t\t\t\t\t<\/div>\n\t\t<\/section>\n\t\t\t\t<section data-particle_enable=\"false\" data-particle-mobile-disabled=\"false\" class=\"elementor-section elementor-top-section elementor-element elementor-element-0585cbc elementor-section-boxed elementor-section-height-default elementor-section-height-default\" data-id=\"0585cbc\" data-element_type=\"section\" data-e-type=\"section\">\n\t\t\t\t\t\t<div class=\"elementor-container elementor-column-gap-default\">\n\t\t\t\t\t<div class=\"elementor-column elementor-col-100 elementor-top-column elementor-element elementor-element-3ea13c8\" data-id=\"3ea13c8\" data-element_type=\"column\" data-e-type=\"column\">\n\t\t\t<div class=\"elementor-widget-wrap elementor-element-populated\">\n\t\t\t\t\t\t<div class=\"elementor-element elementor-element-b8077cb elementor-widget elementor-widget-text-editor\" data-id=\"b8077cb\" data-element_type=\"widget\" data-e-type=\"widget\" data-widget_type=\"text-editor.default\">\n\t\t\t\t<div class=\"elementor-widget-container\">\n\t\t\t\t\t\t\t\t\tLa fiscalitat en la venda d&#8217;habitatge per a majors de 65 anys a Espanya ofereix avantatges importants que poden reduir o fins i tot eliminar impostos. Si et trobes en aquesta situaci\u00f3, \u00e9s clau con\u00e8ixer les implicacions fiscals per optimitzar l&#8217;operaci\u00f3 i evitar pagar m\u00e9s del necessari.\t\t\t\t\t\t\t\t<\/div>\n\t\t\t\t<\/div>\n\t\t\t\t<div class=\"elementor-element elementor-element-afa68fb elementor-widget elementor-widget-heading\" data-id=\"afa68fb\" data-element_type=\"widget\" data-e-type=\"widget\" data-widget_type=\"heading.default\">\n\t\t\t\t<div class=\"elementor-widget-container\">\n\t\t\t\t\t<h2 class=\"elementor-heading-title elementor-size-default\">Com tributa la venda d\u2019un habitatge si ets major de 65 anys?<\/h2>\t\t\t\t<\/div>\n\t\t\t\t<\/div>\n\t\t\t\t<div class=\"elementor-element elementor-element-d85c114 elementor-widget elementor-widget-text-editor\" data-id=\"d85c114\" data-element_type=\"widget\" data-e-type=\"widget\" data-widget_type=\"text-editor.default\">\n\t\t\t\t<div class=\"elementor-widget-container\">\n\t\t\t\t\t\t\t\t\tQuan una persona major de 65 anys ven un habitatge, el guany patrimonial es calcula restant el preu de compra (ajustat per despeses i impostos) del preu de venda. Aquest guany s\u2019inclou a la base de l\u2019estalvi de l\u2019IRPF i tributa amb els seg\u00fcents tipus impositius el 2025:<br><ul>\r\n \t<li>Fins a 6.000 \u20ac: <strong>19%<\/strong><\/li>\r\n \t<li>De 6.000 a 50.000 \u20ac: <strong>21%<\/strong><\/li>\r\n \t<li>De 50.000 a 200.000 \u20ac: <strong>23%<\/strong><\/li>\r\n \t<li>De 200.000 a 300.000 \u20ac: <strong>27%<\/strong><\/li>\r\n \t<li>M\u00e9s de 300.000 \u20ac: <strong>28%<\/strong><\/li>\r\n<\/ul><br>Tanmateix, si tens 65 anys o m\u00e9s, hi ha exempcions fiscals que poden reduir aquesta c\u00e0rrega impositiva.\t\t\t\t\t\t\t\t<\/div>\n\t\t\t\t<\/div>\n\t\t\t\t<div class=\"elementor-element elementor-element-5a46526 elementor-widget elementor-widget-image\" data-id=\"5a46526\" data-element_type=\"widget\" data-e-type=\"widget\" data-widget_type=\"image.default\">\n\t\t\t\t<div class=\"elementor-widget-container\">\n\t\t\t\t\t\t\t\t\t\t\t\t\t\t\t<img fetchpriority=\"high\" decoding=\"async\" width=\"1024\" height=\"684\" src=\"https:\/\/puntohabitat.es\/wp-content\/uploads\/2025\/03\/Fiscalidad-en-la-Venta-de-Vivienda-para-Mayores-de-65-anos-1024x684.webp\" class=\"attachment-large size-large wp-image-85644\" alt=\"Fiscalidad en la Venta de Vivienda para Mayores de 65 a\u00f1os\" srcset=\"https:\/\/puntohabitat.es\/wp-content\/uploads\/2025\/03\/Fiscalidad-en-la-Venta-de-Vivienda-para-Mayores-de-65-anos-1024x684.webp 1024w, https:\/\/puntohabitat.es\/wp-content\/uploads\/2025\/03\/Fiscalidad-en-la-Venta-de-Vivienda-para-Mayores-de-65-anos-300x200.webp 300w, https:\/\/puntohabitat.es\/wp-content\/uploads\/2025\/03\/Fiscalidad-en-la-Venta-de-Vivienda-para-Mayores-de-65-anos-768x513.webp 768w, https:\/\/puntohabitat.es\/wp-content\/uploads\/2025\/03\/Fiscalidad-en-la-Venta-de-Vivienda-para-Mayores-de-65-anos-899x600.webp 899w, https:\/\/puntohabitat.es\/wp-content\/uploads\/2025\/03\/Fiscalidad-en-la-Venta-de-Vivienda-para-Mayores-de-65-anos-496x331.webp 496w, https:\/\/puntohabitat.es\/wp-content\/uploads\/2025\/03\/Fiscalidad-en-la-Venta-de-Vivienda-para-Mayores-de-65-anos.webp 1200w\" sizes=\"(max-width: 1024px) 100vw, 1024px\" \/>\t\t\t\t\t\t\t\t\t\t\t\t\t\t\t<\/div>\n\t\t\t\t<\/div>\n\t\t\t\t\t<\/div>\n\t\t<\/div>\n\t\t\t\t\t<\/div>\n\t\t<\/section>\n\t\t\t\t<section data-particle_enable=\"false\" data-particle-mobile-disabled=\"false\" class=\"elementor-section elementor-top-section elementor-element elementor-element-ba2bb22 elementor-section-boxed elementor-section-height-default elementor-section-height-default\" data-id=\"ba2bb22\" data-element_type=\"section\" data-e-type=\"section\">\n\t\t\t\t\t\t<div class=\"elementor-container elementor-column-gap-default\">\n\t\t\t\t\t<div class=\"elementor-column elementor-col-100 elementor-top-column elementor-element elementor-element-d5b720b\" data-id=\"d5b720b\" data-element_type=\"column\" data-e-type=\"column\">\n\t\t\t<div class=\"elementor-widget-wrap elementor-element-populated\">\n\t\t\t\t\t\t<div class=\"elementor-element elementor-element-9e354db elementor-widget elementor-widget-heading\" data-id=\"9e354db\" data-element_type=\"widget\" data-e-type=\"widget\" data-widget_type=\"heading.default\">\n\t\t\t\t<div class=\"elementor-widget-container\">\n\t\t\t\t\t<h3 class=\"elementor-heading-title elementor-size-default\">Exempci\u00f3 total en la venda de l'habitatge habitual<\/h3>\t\t\t\t<\/div>\n\t\t\t\t<\/div>\n\t\t\t\t<div class=\"elementor-element elementor-element-29d08b6 elementor-widget elementor-widget-text-editor\" data-id=\"29d08b6\" data-element_type=\"widget\" data-e-type=\"widget\" data-widget_type=\"text-editor.default\">\n\t\t\t\t<div class=\"elementor-widget-container\">\n\t\t\t\t\t\t\t\t\tSi l&#8217;habitatge que vens ha estat la teva resid\u00e8ncia habitual durant almenys tres anys i tens 65 anys o m\u00e9s en el moment de la venda, el guany patrimonial est\u00e0 totalment exempt de tributaci\u00f3. Aix\u00ed ho estableix l&#8217;article 33.4.b) de la Llei de l&#8217;IRPF (Llei 35\/2006).<br><br>\ud83d\udccc No \u00e9s necessari reinvertir els diners ni complir cap altre requisit addicional.\t\t\t\t\t\t\t\t<\/div>\n\t\t\t\t<\/div>\n\t\t\t\t<div class=\"elementor-element elementor-element-8f4637b elementor-widget elementor-widget-heading\" data-id=\"8f4637b\" data-element_type=\"widget\" data-e-type=\"widget\" data-widget_type=\"heading.default\">\n\t\t\t\t<div class=\"elementor-widget-container\">\n\t\t\t\t\t<h3 class=\"elementor-heading-title elementor-size-default\">I si el pis estava llogat abans de vendre\u2019l?<\/h3>\t\t\t\t<\/div>\n\t\t\t\t<\/div>\n\t\t\t\t<div class=\"elementor-element elementor-element-39b2699 elementor-widget elementor-widget-text-editor\" data-id=\"39b2699\" data-element_type=\"widget\" data-e-type=\"widget\" data-widget_type=\"text-editor.default\">\n\t\t\t\t<div class=\"elementor-widget-container\">\n\t\t\t\t\t\t\t\t\tHas llogat el teu habitatge abans de vendre\u2019l? No et preocupis, encara pots estar exempt de pagar impostos.<br><br>La llei permet que continu\u00efs gaudint de l\u2019exempci\u00f3 de l\u2019IRPF si:<br><ul>\r\n \t<li>Tens <strong>m\u00e9s de 65 anys<\/strong> en el moment de la venda,<\/li>\r\n \t<li>L\u2019habitatge va ser la teva resid\u00e8ncia habitual durant <strong>almenys 3 anys abans<\/strong> que es perfeccion\u00e9s la compravenda, i<\/li>\r\n \t<li><strong>Hi vas viure en algun moment dins dels 2 anys anteriors a la venda<\/strong>, encara que despr\u00e9s la lloguessis.<\/li>\r\n<\/ul><br>Aix\u00f2 est\u00e0 avalat per la normativa de l\u2019IRPF i per consultes vinculants de la Direcci\u00f3 General de Tributs (com la V1480-13 o la V3468-15), que reconeixen que la <strong>condici\u00f3 d\u2019habitatge habitual es mant\u00e9<\/strong> durant aquest termini.<br><br>En resum: <strong>si fa menys de 2 anys que vas deixar de viure-hi, pots vendre-la sense tributar per la plusv\u00e0lua.<\/strong>\t\t\t\t\t\t\t\t<\/div>\n\t\t\t\t<\/div>\n\t\t\t\t<div class=\"elementor-element elementor-element-af6c16c elementor-widget elementor-widget-heading\" data-id=\"af6c16c\" data-element_type=\"widget\" data-e-type=\"widget\" data-widget_type=\"heading.default\">\n\t\t\t\t<div class=\"elementor-widget-container\">\n\t\t\t\t\t<h3 class=\"elementor-heading-title elementor-size-default\">Exempci\u00f3 en la venda d'una segona resid\u00e8ncia: Renda Vital\u00edcia<\/h3>\t\t\t\t<\/div>\n\t\t\t\t<\/div>\n\t\t\t\t<div class=\"elementor-element elementor-element-f7da152 elementor-widget elementor-widget-text-editor\" data-id=\"f7da152\" data-element_type=\"widget\" data-e-type=\"widget\" data-widget_type=\"text-editor.default\">\n\t\t\t\t<div class=\"elementor-widget-container\">\n\t\t\t\t\t\t\t\t\tSi vens un habitatge que no \u00e9s la teva resid\u00e8ncia habitual, el guany patrimonial tributa com hem explicat abans. No obstant aix\u00f2, pots evitar el pagament de l&#8217;impost si utilitzes els diners de la venda per contractar una <strong>renda vital\u00edcia assegurada<\/strong> en els <strong>sis mesos seg\u00fcents<\/strong> a l&#8217;operaci\u00f3.<br><br>\u2705 <strong>L\u00edmit d&#8217;exempci\u00f3:<\/strong> Fins a <strong>240.000 euros<\/strong>.<br>\u2705 <strong>Ha de contractar-se a nom del venedor.<\/strong><br><br>Aquesta opci\u00f3 \u00e9s especialment \u00fatil per a aquells que vulguin <strong>assegurar ingressos recurrents<\/strong> despr\u00e9s de la venda.\t\t\t\t\t\t\t\t<\/div>\n\t\t\t\t<\/div>\n\t\t\t\t<div class=\"elementor-element elementor-element-361a608 elementor-widget elementor-widget-heading\" data-id=\"361a608\" data-element_type=\"widget\" data-e-type=\"widget\" data-widget_type=\"heading.default\">\n\t\t\t\t<div class=\"elementor-widget-container\">\n\t\t\t\t\t<h2 class=\"elementor-heading-title elementor-size-default\">Venda de la nua propietat<\/h2>\t\t\t\t<\/div>\n\t\t\t\t<\/div>\n\t\t\t\t<div class=\"elementor-element elementor-element-e8a22e4 elementor-widget elementor-widget-text-editor\" data-id=\"e8a22e4\" data-element_type=\"widget\" data-e-type=\"widget\" data-widget_type=\"text-editor.default\">\n\t\t\t\t<div class=\"elementor-widget-container\">\n\t\t\t\t\t\t\t\t\tVendre el teu pis i continuar vivint-hi: \u00e9s possible?<br><br>S\u00ed, \u00e9s possible i, a m\u00e9s, \u00e9s una opci\u00f3 molt interessant per a moltes persones grans que necessiten liquiditat per\u00f2 volen continuar vivint a casa seva.<br><br>Aquesta possibilitat s\u2019emmarca dins la venda de la \u201cnua propietat\u201d:<br><br>Tu vens el pis, per\u00f2 et quedes a viure-hi per sempre.<br><br>La persona que el compra no pot fer-lo servir ni llogar-lo fins que tu ja no el necessitis.<br><br>Tu continues sent el propietari de l\u2019\u00fas de l\u2019habitatge (el que s\u2019anomena \u201cusufructe vitalici\u201d).<br><br>Si tens m\u00e9s de 65 anys i aquest habitatge \u00e9s la teva resid\u00e8ncia habitual, <strong>tampoc no haur\u00e0s de pagar impostos per la venda de la nua propietat.<\/strong>\t\t\t\t\t\t\t\t<\/div>\n\t\t\t\t<\/div>\n\t\t\t\t<div class=\"elementor-element elementor-element-be08ce1 elementor-widget elementor-widget-html\" data-id=\"be08ce1\" data-element_type=\"widget\" data-e-type=\"widget\" data-widget_type=\"html.default\">\n\t\t\t\t<div class=\"elementor-widget-container\">\n\t\t\t\t\t<div style=\"font-family: Poppins, sans-serif; border: 1px solid #ddd; border-radius: 10px; overflow: hidden; box-shadow: 0 0 10px rgba(0,0,0,0.04); font-size: 16px;\">\r\n  <div style=\"background-color: #e0e0e0; padding: 14px 20px; font-weight: bold; font-size: 18px;\">\r\n    \ud83c\udfe0 Propiedad Completa <span style=\"font-weight: normal;\">(antes de vender)<\/span>\r\n  <\/div><br><br>  <div style=\"padding: 14px 20px; border-bottom: 1px solid #eee;\">\r\n    \ud83d\udd39 <strong style=\"color: #0047ab;\">Se divide en:<\/strong> Usufructo + Nuda propiedad\r\n  <\/div><br><br>  <div style=\"padding: 14px 20px; border-bottom: 1px solid #eee;\">\r\n    \u2705 <strong style=\"color: #2e7d32;\">Usufructo:<\/strong> Derecho a usar y disfrutar de la vivienda. El usufructuario puede seguir viviendo en ella o alquilarla.\r\n  <\/div><br><br>  <div style=\"padding: 14px 20px; border-bottom: 1px solid #eee;\">\r\n    \u23f3 <strong style=\"color: #8d6e63;\">Nuda propiedad:<\/strong> El nudo propietario adquiere la titularidad, pero no puede usar la vivienda hasta que finalice el usufructo (por fallecimiento o renuncia del usufructuario).\r\n  <\/div><br><br>  <div style=\"padding: 14px 20px;\">\r\n    \ud83d\udcb0 <strong style=\"color: #2e7d32;\">Beneficio fiscal:<\/strong> Si el usufructuario tiene m\u00e1s de 65 a\u00f1os y transmite su vivienda habitual (aunque solo venda la nuda propiedad), la ganancia patrimonial est\u00e1 exenta de tributaci\u00f3n en el IRPF.\r\n  <\/div><br><\/div><br>\t\t\t\t<\/div>\n\t\t\t\t<\/div>\n\t\t\t\t<div class=\"elementor-element elementor-element-c481e79 elementor-widget elementor-widget-text-editor\" data-id=\"c481e79\" data-element_type=\"widget\" data-e-type=\"widget\" data-widget_type=\"text-editor.default\">\n\t\t\t\t<div class=\"elementor-widget-container\">\n\t\t\t\t\t\t\t\t\tSi vols ampliar la informaci\u00f3 per saber com regula el nostre ordenament <a href=\"https:\/\/puntohabitat.es\/blog\/venta-nuda-propiedad-usufructo\/\">la nua propietat, fes clic aqu\u00ed.<\/a>\t\t\t\t\t\t\t\t<\/div>\n\t\t\t\t<\/div>\n\t\t\t\t\t<\/div>\n\t\t<\/div>\n\t\t\t\t\t<\/div>\n\t\t<\/section>\n\t\t\t\t<section data-particle_enable=\"false\" data-particle-mobile-disabled=\"false\" class=\"elementor-section elementor-top-section elementor-element elementor-element-c14bbeb elementor-section-boxed elementor-section-height-default elementor-section-height-default\" data-id=\"c14bbeb\" data-element_type=\"section\" data-e-type=\"section\">\n\t\t\t\t\t\t<div class=\"elementor-container elementor-column-gap-default\">\n\t\t\t\t\t<div class=\"elementor-column elementor-col-100 elementor-top-column elementor-element elementor-element-f7ae1ad\" data-id=\"f7ae1ad\" data-element_type=\"column\" data-e-type=\"column\">\n\t\t\t<div class=\"elementor-widget-wrap elementor-element-populated\">\n\t\t\t\t\t\t<div class=\"elementor-element elementor-element-43ec174 elementor-widget elementor-widget-heading\" data-id=\"43ec174\" data-element_type=\"widget\" data-e-type=\"widget\" data-widget_type=\"heading.default\">\n\t\t\t\t<div class=\"elementor-widget-container\">\n\t\t\t\t\t<h2 class=\"elementor-heading-title elementor-size-default\">Altres impostos a considerar en la venda d\u2019habitatge per a majors de 65 anys<\/h2>\t\t\t\t<\/div>\n\t\t\t\t<\/div>\n\t\t\t\t<div class=\"elementor-element elementor-element-6b2f4df elementor-widget elementor-widget-text-editor\" data-id=\"6b2f4df\" data-element_type=\"widget\" data-e-type=\"widget\" data-widget_type=\"text-editor.default\">\n\t\t\t\t<div class=\"elementor-widget-container\">\n\t\t\t\t\t\t\t\t\tA m\u00e9s de l&#8217;IRPF, la venda d&#8217;un habitatge implicar\u00e0 la generaci\u00f3 d&#8217;altres tributs que haurem de considerar.\t\t\t\t\t\t\t\t<\/div>\n\t\t\t\t<\/div>\n\t\t\t\t<div class=\"elementor-element elementor-element-c03c5dc elementor-widget elementor-widget-heading\" data-id=\"c03c5dc\" data-element_type=\"widget\" data-e-type=\"widget\" data-widget_type=\"heading.default\">\n\t\t\t\t<div class=\"elementor-widget-container\">\n\t\t\t\t\t<h3 class=\"elementor-heading-title elementor-size-default\">Plusv\u00e0lua municipal: Sempre s\u2019ha de pagar?<\/h3>\t\t\t\t<\/div>\n\t\t\t\t<\/div>\n\t\t\t\t<div class=\"elementor-element elementor-element-0f2778c elementor-widget elementor-widget-text-editor\" data-id=\"0f2778c\" data-element_type=\"widget\" data-e-type=\"widget\" data-widget_type=\"text-editor.default\">\n\t\t\t\t<div class=\"elementor-widget-container\">\n\t\t\t\t\t\t\t\t\tL&#8217;<strong>Impost sobre l&#8217;Increment de Valor dels Terrenys de Naturalesa Urbana (IIVTNU)<\/strong>, conegut com a <strong>plusv\u00e0lua municipal<\/strong>, s&#8217;aplica a totes les vendes d&#8217;immobles urbans sense importar l&#8217;edat del venedor. \u00c9s un impost municipal que grava l&#8217;augment del valor del s\u00f2l des de l&#8217;adquisici\u00f3 fins a la venda.<br><br>A <strong>Barcelona<\/strong> i altres municipis de <strong>Catalunya<\/strong>, es pot calcular de dues maneres:<br><br>1\ufe0f\u20e3 <strong>M\u00e8tode Objectiu<\/strong>: Basat en coeficients aplicats al valor cadastral.<br>2\ufe0f\u20e3 <strong>M\u00e8tode Real<\/strong>: Basat en la plusv\u00e0lua efectiva obtinguda en la venda.<br><br>\ud83d\udccc <strong>Es pot triar el m\u00e8tode m\u00e9s favorable<\/strong> per reduir l&#8217;impost. A m\u00e9s, si es demostra que no hi ha hagut un increment en el valor del s\u00f2l, \u00e9s possible <strong>sol\u00b7licitar l&#8217;exempci\u00f3 i no pagar aquest impost<\/strong>.<br><br>\u270d\ufe0f <em>Si vols saber m\u00e9s sobre com es calcula aquest impost a Barcelona, consulta la nostra <a href=\"https:\/\/puntohabitat.es\/ca\/blog\/calcular-la-plusvalua-municipal-a-barcelona\/\" target=\"_blank\" rel=\"noopener\">guia per calcular la plusv\u00e0lua municipal a Barcelona.<\/a><\/em>\t\t\t\t\t\t\t\t<\/div>\n\t\t\t\t<\/div>\n\t\t\t\t\t<\/div>\n\t\t<\/div>\n\t\t\t\t\t<\/div>\n\t\t<\/section>\n\t\t\t\t<section data-particle_enable=\"false\" data-particle-mobile-disabled=\"false\" class=\"elementor-section elementor-top-section elementor-element elementor-element-e8f425f elementor-section-boxed elementor-section-height-default elementor-section-height-default\" data-id=\"e8f425f\" data-element_type=\"section\" data-e-type=\"section\">\n\t\t\t\t\t\t<div class=\"elementor-container elementor-column-gap-default\">\n\t\t\t\t\t<div class=\"elementor-column elementor-col-100 elementor-top-column elementor-element elementor-element-5250c38\" data-id=\"5250c38\" data-element_type=\"column\" data-e-type=\"column\">\n\t\t\t<div class=\"elementor-widget-wrap elementor-element-populated\">\n\t\t\t\t\t\t<div class=\"elementor-element elementor-element-4cb2e7a elementor-widget elementor-widget-image\" data-id=\"4cb2e7a\" data-element_type=\"widget\" data-e-type=\"widget\" data-widget_type=\"image.default\">\n\t\t\t\t<div class=\"elementor-widget-container\">\n\t\t\t\t\t\t\t\t\t\t\t\t\t\t\t<img decoding=\"async\" width=\"1024\" height=\"220\" src=\"https:\/\/puntohabitat.es\/wp-content\/uploads\/2025\/03\/Fiscalidad-en-la-Venta-de-Vivienda-para-Mayores-de-65-Anos--1024x220.webp\" class=\"attachment-large size-large wp-image-85647\" alt=\"Fiscalidad en la Venta de Vivienda para Mayores de 65 An\u0303os\" srcset=\"https:\/\/puntohabitat.es\/wp-content\/uploads\/2025\/03\/Fiscalidad-en-la-Venta-de-Vivienda-para-Mayores-de-65-Anos--1024x220.webp 1024w, https:\/\/puntohabitat.es\/wp-content\/uploads\/2025\/03\/Fiscalidad-en-la-Venta-de-Vivienda-para-Mayores-de-65-Anos--300x65.webp 300w, https:\/\/puntohabitat.es\/wp-content\/uploads\/2025\/03\/Fiscalidad-en-la-Venta-de-Vivienda-para-Mayores-de-65-Anos--768x165.webp 768w, https:\/\/puntohabitat.es\/wp-content\/uploads\/2025\/03\/Fiscalidad-en-la-Venta-de-Vivienda-para-Mayores-de-65-Anos--496x107.webp 496w, https:\/\/puntohabitat.es\/wp-content\/uploads\/2025\/03\/Fiscalidad-en-la-Venta-de-Vivienda-para-Mayores-de-65-Anos-.webp 1200w\" sizes=\"(max-width: 1024px) 100vw, 1024px\" \/>\t\t\t\t\t\t\t\t\t\t\t\t\t\t\t<\/div>\n\t\t\t\t<\/div>\n\t\t\t\t<div class=\"elementor-element elementor-element-ec7e273 elementor-widget elementor-widget-heading\" data-id=\"ec7e273\" data-element_type=\"widget\" data-e-type=\"widget\" data-widget_type=\"heading.default\">\n\t\t\t\t<div class=\"elementor-widget-container\">\n\t\t\t\t\t<h2 class=\"elementor-heading-title elementor-size-default\">Venda d\u2019un habitatge amb diversos propietaris majors de 65 anys<\/h2>\t\t\t\t<\/div>\n\t\t\t\t<\/div>\n\t\t\t\t<div class=\"elementor-element elementor-element-38fff28 elementor-widget elementor-widget-text-editor\" data-id=\"38fff28\" data-element_type=\"widget\" data-e-type=\"widget\" data-widget_type=\"text-editor.default\">\n\t\t\t\t<div class=\"elementor-widget-container\">\n\t\t\t\t\t\t\t\t\tSi l&#8217;habitatge t\u00e9 diversos titulars i algun d&#8217;ells \u00e9s major de 65 anys, l&#8217;exempci\u00f3 en l&#8217;IRPF nom\u00e9s s&#8217;aplicar\u00e0 al seu percentatge de propietat.<br><br>\ud83d\udd39 Si <strong>tots els propietaris<\/strong> s\u00f3n majors de 65 anys i l&#8217;habitatge era l&#8217;habitual, cadascun podr\u00e0 aplicar l&#8217;exempci\u00f3 en la seva part corresponent.<br>\ud83d\udd39 Si nom\u00e9s alguns compleixen els requisits, la seva part estar\u00e0 exempta, per\u00f2 la resta haur\u00e0 de tributar segons les normes generals.<br>\ud83d\udd39 En el cas d&#8217;una <strong>segona resid\u00e8ncia<\/strong>, cada copropietari podr\u00e0 acollir-se a l&#8217;exempci\u00f3 per <strong>renda vital\u00edcia<\/strong> si compleix les condicions.\t\t\t\t\t\t\t\t<\/div>\n\t\t\t\t<\/div>\n\t\t\t\t\t<\/div>\n\t\t<\/div>\n\t\t\t\t\t<\/div>\n\t\t<\/section>\n\t\t\t\t<section data-particle_enable=\"false\" data-particle-mobile-disabled=\"false\" class=\"elementor-section elementor-top-section elementor-element elementor-element-b13eddc elementor-section-boxed elementor-section-height-default elementor-section-height-default\" data-id=\"b13eddc\" data-element_type=\"section\" data-e-type=\"section\">\n\t\t\t\t\t\t<div class=\"elementor-container elementor-column-gap-default\">\n\t\t\t\t\t<div class=\"elementor-column elementor-col-100 elementor-top-column elementor-element elementor-element-12e84bf\" data-id=\"12e84bf\" data-element_type=\"column\" data-e-type=\"column\">\n\t\t\t<div class=\"elementor-widget-wrap elementor-element-populated\">\n\t\t\t\t\t\t<div class=\"elementor-element elementor-element-c09945f elementor-widget elementor-widget-heading\" data-id=\"c09945f\" data-element_type=\"widget\" data-e-type=\"widget\" data-widget_type=\"heading.default\">\n\t\t\t\t<div class=\"elementor-widget-container\">\n\t\t\t\t\t<h2 class=\"elementor-heading-title elementor-size-default\">Fiscalitat en la Venda d\u2019Habitatge per a Majors de 65 Anys: Conclusi\u00f3<\/h2>\t\t\t\t<\/div>\n\t\t\t\t<\/div>\n\t\t\t\t<div class=\"elementor-element elementor-element-f2aa14f elementor-widget elementor-widget-text-editor\" data-id=\"f2aa14f\" data-element_type=\"widget\" data-e-type=\"widget\" data-widget_type=\"text-editor.default\">\n\t\t\t\t<div class=\"elementor-widget-container\">\n\t\t\t\t\t\t\t\t\tLa venda d\u2019un habitatge per a majors de 65 anys a Espanya ofereix <strong>avantatges fiscals significatius<\/strong>, per\u00f2 tamb\u00e9 \u00e9s important con\u00e8ixer b\u00e9 la normativa per evitar imprevistos:<br><br>\u2705 <strong>Exempci\u00f3 total en la venda de l&#8217;habitatge habitual.<\/strong><br>\u2705 <strong>Exempci\u00f3 en la venda d&#8217;una segona resid\u00e8ncia<\/strong> si es reinverteix en una <strong>renda vital\u00edcia<\/strong>.<br>\u2705 <strong>La plusv\u00e0lua municipal s&#8217;aplica<\/strong> independentment de l&#8217;edat, per\u00f2 es pot <strong>reduir amb el m\u00e8tode adequat<\/strong>.<br><br>A <strong>PUNTO HABITAT<\/strong>, som especialistes en el mercat immobiliari i en l\u2019assessorament per a la venda d\u2019habitatges. Si tens <strong>m\u00e9s de 65 anys<\/strong> i est\u00e0s pensant a vendre la teva propietat, t\u2019ajudem a gestionar tot el proc\u00e9s perqu\u00e8 puguis <strong>beneficiar-te de les exempcions fiscals<\/strong> i <strong>optimitzar l\u2019operaci\u00f3<\/strong>.<br><br>\ud83d\udccc <strong>Tens dubtes sobre com aplicar aquestes exempcions?<\/strong> Contacta amb nosaltres i t\u2019assessorarem en cada pas.\t\t\t\t\t\t\t\t<\/div>\n\t\t\t\t<\/div>\n\t\t\t\t\t<\/div>\n\t\t<\/div>\n\t\t\t\t\t<\/div>\n\t\t<\/section>\n\t\t\t\t<section data-particle_enable=\"false\" data-particle-mobile-disabled=\"false\" class=\"elementor-section elementor-top-section elementor-element elementor-element-478f6f2 elementor-section-boxed elementor-section-height-default elementor-section-height-default\" data-id=\"478f6f2\" data-element_type=\"section\" data-e-type=\"section\">\n\t\t\t\t\t\t<div class=\"elementor-container elementor-column-gap-default\">\n\t\t\t\t\t<div class=\"elementor-column elementor-col-100 elementor-top-column elementor-element elementor-element-951e6dc\" data-id=\"951e6dc\" data-element_type=\"column\" data-e-type=\"column\">\n\t\t\t<div class=\"elementor-widget-wrap elementor-element-populated\">\n\t\t\t\t\t\t<div class=\"elementor-element elementor-element-bf54c8d elementor-widget elementor-widget-html\" data-id=\"bf54c8d\" data-element_type=\"widget\" data-e-type=\"widget\" data-widget_type=\"html.default\">\n\t\t\t\t<div class=\"elementor-widget-container\">\n\t\t\t\t\t<div class=\"cta-valoracion\">\r\n  <div class=\"cta-contenido\">\r\n    <h2>\u00bfQuieres saber cu\u00e1nto vale tu piso?<\/h2>\r\n    <p>Calcula el valor de tu vivienda en menos de 2 minutos con nuestra\u00a0herramienta\u00a0online\u00a0gratuita.<\/p>\r\n    <a href=\"https:\/\/puntohabitat.es\/ca\/valoracio-online\/\" target=\"_blank\" class=\"cta-boton\">Valorar mi vivienda<\/a>\r\n  <\/div><br><\/div><br><br><style>\r\n  @import url('https:\/\/fonts.googleapis.com\/css2?family=Inter:wght@400;500&family=Playfair+Display:wght@500;700&display=swap');\r\n\r\n  .cta-valoracion {\r\n    background-color: #f9f7f4;\r\n    border-radius: 24px;\r\n    padding: 60px 40px;\r\n    text-align: center;\r\n    max-width: 900px;\r\n    margin: 80px auto;\r\n    font-family: 'Inter', sans-serif;\r\n  }\r\n\r\n  .cta-valoracion h2 {\r\n    font-family: 'Playfair Display', serif;\r\n    font-size: 34px;\r\n    font-weight: 700;\r\n    color: #2e2b28;\r\n    margin-bottom: 20px;\r\n  }\r\n\r\n  .cta-valoracion p {\r\n    font-size: 18px;\r\n    color: #4e453e;\r\n    margin-bottom: 32px;\r\n    line-height: 1.5;\r\n  }\r\n\r\n  .cta-boton {\r\n    display: inline-block;\r\n    color: #6e5c50;\r\n    border: 2px solid #6e5c50;\r\n    padding: 12px 24px;\r\n    border-radius: 8px;\r\n    font-weight: 500;\r\n    text-decoration: none;\r\n    font-size: 16px;\r\n    transition: all 0.3s ease;\r\n  }\r\n\r\n  .cta-boton:hover {\r\n    background-color: #6e5c50;\r\n    color: #fff;\r\n  }\r\n\r\n  @media (max-width: 768px) {\r\n    .cta-valoracion {\r\n      padding: 40px 20px;\r\n    }\r\n\r\n    .cta-valoracion h2 {\r\n      font-size: 26px;\r\n    }\r\n\r\n    .cta-valoracion p {\r\n      font-size: 16px;\r\n    }\r\n  }\r\n<\/style><br><br><br><br><br>   \t\t\t\t<\/div>\n\t\t\t\t<\/div>\n\t\t\t\t<div class=\"elementor-element elementor-element-3e78de2 elementor-widget elementor-widget-heading\" data-id=\"3e78de2\" data-element_type=\"widget\" data-e-type=\"widget\" data-widget_type=\"heading.default\">\n\t\t\t\t<div class=\"elementor-widget-container\">\n\t\t\t\t\t<h2 class=\"elementor-heading-title elementor-size-default\">Tamb\u00e9 et pot interessar<\/h2>\t\t\t\t<\/div>\n\t\t\t\t<\/div>\n\t\t\t\t<div class=\"elementor-element elementor-element-ad729a5 elementor-grid-1 elementor-posts--thumbnail-left elementor-grid-tablet-1 elementor-grid-mobile-1 elementor-widget elementor-widget-posts\" data-id=\"ad729a5\" data-element_type=\"widget\" data-e-type=\"widget\" data-settings=\"{&quot;classic_row_gap&quot;:{&quot;unit&quot;:&quot;px&quot;,&quot;size&quot;:&quot;20&quot;,&quot;sizes&quot;:[]},&quot;classic_columns&quot;:&quot;1&quot;,&quot;classic_columns_tablet&quot;:&quot;1&quot;,&quot;classic_columns_mobile&quot;:&quot;1&quot;,&quot;classic_row_gap_tablet&quot;:{&quot;unit&quot;:&quot;px&quot;,&quot;size&quot;:&quot;&quot;,&quot;sizes&quot;:[]},&quot;classic_row_gap_mobile&quot;:{&quot;unit&quot;:&quot;px&quot;,&quot;size&quot;:&quot;&quot;,&quot;sizes&quot;:[]}}\" data-widget_type=\"posts.classic\">\n\t\t\t\t<div class=\"elementor-widget-container\">\n\t\t\t\t\t\t\t<div class=\"elementor-posts-container elementor-posts elementor-posts--skin-classic elementor-grid\" role=\"list\">\n\t\t\t\t<article class=\"elementor-post elementor-grid-item post-91653 post type-post status-publish format-standard has-post-thumbnail hentry category-alquiler category-legal tag-immobiliaria-lloguer-barcelona tag-lloguer-barcelona\" role=\"listitem\">\n\t\t\t\t<a class=\"elementor-post__thumbnail__link\" href=\"https:\/\/puntohabitat.es\/ca\/llei-lloguer-temporal\/\" tabindex=\"-1\" target=&quot;_blank&quot;>\n\t\t\t<div class=\"elementor-post__thumbnail\"><img decoding=\"async\" width=\"300\" height=\"200\" src=\"https:\/\/puntohabitat.es\/wp-content\/uploads\/2025\/12\/Nueva-Ley-Alquiler-Temporal-Catalunya--300x200.webp\" class=\"attachment-medium size-medium wp-image-91483\" alt=\"Nueva Ley Alquiler Temporal Catalunya\" srcset=\"https:\/\/puntohabitat.es\/wp-content\/uploads\/2025\/12\/Nueva-Ley-Alquiler-Temporal-Catalunya--300x200.webp 300w, https:\/\/puntohabitat.es\/wp-content\/uploads\/2025\/12\/Nueva-Ley-Alquiler-Temporal-Catalunya--1024x683.webp 1024w, https:\/\/puntohabitat.es\/wp-content\/uploads\/2025\/12\/Nueva-Ley-Alquiler-Temporal-Catalunya--768x512.webp 768w, https:\/\/puntohabitat.es\/wp-content\/uploads\/2025\/12\/Nueva-Ley-Alquiler-Temporal-Catalunya--1170x785.webp 1170w, https:\/\/puntohabitat.es\/wp-content\/uploads\/2025\/12\/Nueva-Ley-Alquiler-Temporal-Catalunya--900x600.webp 900w, https:\/\/puntohabitat.es\/wp-content\/uploads\/2025\/12\/Nueva-Ley-Alquiler-Temporal-Catalunya--496x331.webp 496w, https:\/\/puntohabitat.es\/wp-content\/uploads\/2025\/12\/Nueva-Ley-Alquiler-Temporal-Catalunya-.webp 1200w\" sizes=\"(max-width: 300px) 100vw, 300px\" \/><\/div>\n\t\t<\/a>\n\t\t\t\t<div class=\"elementor-post__text\">\n\t\t\t\t<h5 class=\"elementor-post__title\">\n\t\t\t<a href=\"https:\/\/puntohabitat.es\/ca\/llei-lloguer-temporal\/\" target=&quot;_blank&quot;>\n\t\t\t\tLLei del lloguer temporal a Barcelona y Catalunya\t\t\t<\/a>\n\t\t<\/h5>\n\t\t\t\t<\/div>\n\t\t\t\t<\/article>\n\t\t\t\t<article class=\"elementor-post elementor-grid-item post-90481 post type-post status-publish format-standard has-post-thumbnail hentry category-venda category-viure-a-barcelona tag-barcelona-ca tag-valoracio-pis tag-vendre-pis tag-viure-a-barcelona\" role=\"listitem\">\n\t\t\t\t<a class=\"elementor-post__thumbnail__link\" href=\"https:\/\/puntohabitat.es\/ca\/bombolla-immobiliaria-barcelona-2025\/\" tabindex=\"-1\" target=&quot;_blank&quot;>\n\t\t\t<div class=\"elementor-post__thumbnail\"><img loading=\"lazy\" decoding=\"async\" width=\"300\" height=\"200\" src=\"https:\/\/puntohabitat.es\/wp-content\/uploads\/2025\/08\/20250822_1633_Barcelona-y-Burbuja-Inmobiliaria_simple_compose_01k3932jjyf0xvg8rnd9ck452r-300x200.webp\" class=\"attachment-medium size-medium wp-image-90357\" alt=\"Tr\u00e1mites vender piso Barcelona\" srcset=\"https:\/\/puntohabitat.es\/wp-content\/uploads\/2025\/08\/20250822_1633_Barcelona-y-Burbuja-Inmobiliaria_simple_compose_01k3932jjyf0xvg8rnd9ck452r-300x200.webp 300w, https:\/\/puntohabitat.es\/wp-content\/uploads\/2025\/08\/20250822_1633_Barcelona-y-Burbuja-Inmobiliaria_simple_compose_01k3932jjyf0xvg8rnd9ck452r-768x512.webp 768w, https:\/\/puntohabitat.es\/wp-content\/uploads\/2025\/08\/20250822_1633_Barcelona-y-Burbuja-Inmobiliaria_simple_compose_01k3932jjyf0xvg8rnd9ck452r-1024x683.webp 1024w, https:\/\/puntohabitat.es\/wp-content\/uploads\/2025\/08\/20250822_1633_Barcelona-y-Burbuja-Inmobiliaria_simple_compose_01k3932jjyf0xvg8rnd9ck452r-1170x785.webp 1170w, https:\/\/puntohabitat.es\/wp-content\/uploads\/2025\/08\/20250822_1633_Barcelona-y-Burbuja-Inmobiliaria_simple_compose_01k3932jjyf0xvg8rnd9ck452r-900x600.webp 900w, https:\/\/puntohabitat.es\/wp-content\/uploads\/2025\/08\/20250822_1633_Barcelona-y-Burbuja-Inmobiliaria_simple_compose_01k3932jjyf0xvg8rnd9ck452r-496x331.webp 496w, https:\/\/puntohabitat.es\/wp-content\/uploads\/2025\/08\/20250822_1633_Barcelona-y-Burbuja-Inmobiliaria_simple_compose_01k3932jjyf0xvg8rnd9ck452r.webp 1200w\" sizes=\"(max-width: 300px) 100vw, 300px\" \/><\/div>\n\t\t<\/a>\n\t\t\t\t<div class=\"elementor-post__text\">\n\t\t\t\t<h5 class=\"elementor-post__title\">\n\t\t\t<a href=\"https:\/\/puntohabitat.es\/ca\/bombolla-immobiliaria-barcelona-2025\/\" target=&quot;_blank&quot;>\n\t\t\t\tBarcelona viu una nova bombolla immobili\u00e0ria?\t\t\t<\/a>\n\t\t<\/h5>\n\t\t\t\t<\/div>\n\t\t\t\t<\/article>\n\t\t\t\t<article class=\"elementor-post elementor-grid-item post-89553 post type-post status-publish format-standard has-post-thumbnail hentry category-lloguer tag-immobiliaria-lloguer-barcelona tag-lloguer-barcelona\" role=\"listitem\">\n\t\t\t\t<a class=\"elementor-post__thumbnail__link\" href=\"https:\/\/puntohabitat.es\/ca\/com-actualitzar-la-renda-del-lloguer-el-2025\/\" tabindex=\"-1\" target=&quot;_blank&quot;>\n\t\t\t<div class=\"elementor-post__thumbnail\"><img loading=\"lazy\" decoding=\"async\" width=\"300\" height=\"200\" src=\"https:\/\/puntohabitat.es\/wp-content\/uploads\/2025\/08\/AdobeStock_325588734-300x200.webp\" class=\"attachment-medium size-medium wp-image-89525\" alt=\"\" srcset=\"https:\/\/puntohabitat.es\/wp-content\/uploads\/2025\/08\/AdobeStock_325588734-300x200.webp 300w, https:\/\/puntohabitat.es\/wp-content\/uploads\/2025\/08\/AdobeStock_325588734-768x512.webp 768w, https:\/\/puntohabitat.es\/wp-content\/uploads\/2025\/08\/AdobeStock_325588734-1024x683.webp 1024w, https:\/\/puntohabitat.es\/wp-content\/uploads\/2025\/08\/AdobeStock_325588734-1170x785.webp 1170w, https:\/\/puntohabitat.es\/wp-content\/uploads\/2025\/08\/AdobeStock_325588734-900x600.webp 900w, https:\/\/puntohabitat.es\/wp-content\/uploads\/2025\/08\/AdobeStock_325588734-496x331.webp 496w, https:\/\/puntohabitat.es\/wp-content\/uploads\/2025\/08\/AdobeStock_325588734.webp 1200w\" sizes=\"(max-width: 300px) 100vw, 300px\" \/><\/div>\n\t\t<\/a>\n\t\t\t\t<div class=\"elementor-post__text\">\n\t\t\t\t<h5 class=\"elementor-post__title\">\n\t\t\t<a href=\"https:\/\/puntohabitat.es\/ca\/com-actualitzar-la-renda-del-lloguer-el-2025\/\" target=&quot;_blank&quot;>\n\t\t\t\tCom actualitzar la renda del lloguer el 2025\t\t\t<\/a>\n\t\t<\/h5>\n\t\t\t\t<\/div>\n\t\t\t\t<\/article>\n\t\t\t\t<\/div>\n\t\t\n\t\t\t\t\t\t<\/div>\n\t\t\t\t<\/div>\n\t\t\t\t\t<\/div>\n\t\t<\/div>\n\t\t\t\t\t<\/div>\n\t\t<\/section>\n\t\t\t\t<section data-particle_enable=\"false\" data-particle-mobile-disabled=\"false\" class=\"elementor-section elementor-top-section elementor-element elementor-element-8220267 elementor-section-boxed elementor-section-height-default elementor-section-height-default\" data-id=\"8220267\" data-element_type=\"section\" data-e-type=\"section\">\n\t\t\t\t\t\t<div class=\"elementor-container elementor-column-gap-default\">\n\t\t\t\t\t<div class=\"elementor-column elementor-col-50 elementor-top-column elementor-element elementor-element-15a6203\" data-id=\"15a6203\" data-element_type=\"column\" data-e-type=\"column\">\n\t\t\t<div class=\"elementor-widget-wrap elementor-element-populated\">\n\t\t\t\t\t\t<div class=\"elementor-element elementor-element-2e4e217 elementor-widget elementor-widget-image\" data-id=\"2e4e217\" data-element_type=\"widget\" data-e-type=\"widget\" data-widget_type=\"image.default\">\n\t\t\t\t<div class=\"elementor-widget-container\">\n\t\t\t\t\t\t\t\t\t\t\t\t\t\t\t<img loading=\"lazy\" decoding=\"async\" width=\"1024\" height=\"768\" src=\"https:\/\/puntohabitat.es\/wp-content\/uploads\/2025\/03\/Inmobiliaria-Barcelona-PUNTO-HABITAT-1024x768.jpg\" class=\"attachment-large size-large wp-image-85868\" alt=\"Inmobiliaria-Barcelona-PUNTO-HABITAT\" srcset=\"https:\/\/puntohabitat.es\/wp-content\/uploads\/2025\/03\/Inmobiliaria-Barcelona-PUNTO-HABITAT-1024x768.jpg 1024w, https:\/\/puntohabitat.es\/wp-content\/uploads\/2025\/03\/Inmobiliaria-Barcelona-PUNTO-HABITAT-300x225.jpg 300w, https:\/\/puntohabitat.es\/wp-content\/uploads\/2025\/03\/Inmobiliaria-Barcelona-PUNTO-HABITAT-768x576.jpg 768w, https:\/\/puntohabitat.es\/wp-content\/uploads\/2025\/03\/Inmobiliaria-Barcelona-PUNTO-HABITAT-592x444.jpg 592w, https:\/\/puntohabitat.es\/wp-content\/uploads\/2025\/03\/Inmobiliaria-Barcelona-PUNTO-HABITAT-584x438.jpg 584w, https:\/\/puntohabitat.es\/wp-content\/uploads\/2025\/03\/Inmobiliaria-Barcelona-PUNTO-HABITAT-800x600.jpg 800w, https:\/\/puntohabitat.es\/wp-content\/uploads\/2025\/03\/Inmobiliaria-Barcelona-PUNTO-HABITAT-120x90.jpg 120w, https:\/\/puntohabitat.es\/wp-content\/uploads\/2025\/03\/Inmobiliaria-Barcelona-PUNTO-HABITAT-496x372.jpg 496w, https:\/\/puntohabitat.es\/wp-content\/uploads\/2025\/03\/Inmobiliaria-Barcelona-PUNTO-HABITAT.jpg 1200w\" sizes=\"(max-width: 1024px) 100vw, 1024px\" \/>\t\t\t\t\t\t\t\t\t\t\t\t\t\t\t<\/div>\n\t\t\t\t<\/div>\n\t\t\t\t\t<\/div>\n\t\t<\/div>\n\t\t\t\t<div class=\"elementor-column elementor-col-50 elementor-top-column elementor-element elementor-element-4bf5c4e\" data-id=\"4bf5c4e\" data-element_type=\"column\" data-e-type=\"column\">\n\t\t\t<div class=\"elementor-widget-wrap elementor-element-populated\">\n\t\t\t\t\t\t<div class=\"elementor-element elementor-element-467c0c4 elementor-widget elementor-widget-image\" data-id=\"467c0c4\" data-element_type=\"widget\" data-e-type=\"widget\" data-widget_type=\"image.default\">\n\t\t\t\t<div class=\"elementor-widget-container\">\n\t\t\t\t\t\t\t\t\t\t\t\t\t\t\t\t<a href=\"https:\/\/puntohabitat.es\/ca\/\">\n\t\t\t\t\t\t\t<img loading=\"lazy\" decoding=\"async\" width=\"300\" height=\"20\" src=\"https:\/\/puntohabitat.es\/wp-content\/uploads\/2022\/05\/logo-web-transparente-e1662796605608-300x20.png\" class=\"attachment-medium size-medium wp-image-67886\" alt=\"\" srcset=\"https:\/\/puntohabitat.es\/wp-content\/uploads\/2022\/05\/logo-web-transparente-e1662796605608-300x20.png 300w, https:\/\/puntohabitat.es\/wp-content\/uploads\/2022\/05\/logo-web-transparente-e1662796605608-1024x70.png 1024w, https:\/\/puntohabitat.es\/wp-content\/uploads\/2022\/05\/logo-web-transparente-e1662796605608-768x52.png 768w, https:\/\/puntohabitat.es\/wp-content\/uploads\/2022\/05\/logo-web-transparente-e1662796605608-1536x104.png 1536w, https:\/\/puntohabitat.es\/wp-content\/uploads\/2022\/05\/logo-web-transparente-e1662796605608-2048x139.png 2048w, https:\/\/puntohabitat.es\/wp-content\/uploads\/2022\/05\/logo-web-transparente-e1662796605608-150x10.png 150w, https:\/\/puntohabitat.es\/wp-content\/uploads\/2022\/05\/logo-web-transparente-e1662796605608-350x24.png 350w, https:\/\/puntohabitat.es\/wp-content\/uploads\/2022\/05\/logo-web-transparente-e1662796605608-320x22.png 320w, https:\/\/puntohabitat.es\/wp-content\/uploads\/2022\/05\/logo-web-transparente-e1662796605608-480x33.png 480w, https:\/\/puntohabitat.es\/wp-content\/uploads\/2022\/05\/logo-web-transparente-e1662796605608-800x54.png 800w\" sizes=\"(max-width: 300px) 100vw, 300px\" \/>\t\t\t\t\t\t\t\t<\/a>\n\t\t\t\t\t\t\t\t\t\t\t\t\t\t\t<\/div>\n\t\t\t\t<\/div>\n\t\t\t\t<div class=\"elementor-element elementor-element-0ac3100 elementor-widget elementor-widget-text-editor\" data-id=\"0ac3100\" data-element_type=\"widget\" data-e-type=\"widget\" data-widget_type=\"text-editor.default\">\n\t\t\t\t<div class=\"elementor-widget-container\">\n\t\t\t\t\t\t\t\t\t<strong>Confian\u00e7a, experi\u00e8ncia i proximitat al mercat immobiliari de Barcelona.<\/strong><br data-start=\"71\" data-end=\"74\" \/>A <a href=\"https:\/\/puntohabitat.es\/ca\/\">PUNTO HABITAT<\/a> fa m\u00e9s de 30 anys que ajudem propietaris com tu a vendre o llogar el seu habitatge amb seguretat i resultats. T&#8217;acompanyem durant tot el proc\u00e9s amb un servei transparent i adaptat a les teves necessitats.\t\t\t\t\t\t\t\t<\/div>\n\t\t\t\t<\/div>\n\t\t\t\t\t<\/div>\n\t\t<\/div>\n\t\t\t\t\t<\/div>\n\t\t<\/section>\n\t\t\t\t<section data-particle_enable=\"false\" data-particle-mobile-disabled=\"false\" class=\"elementor-section elementor-top-section elementor-element elementor-element-4dac4ec elementor-reverse-tablet elementor-reverse-mobile elementor-section-boxed elementor-section-height-default elementor-section-height-default\" data-id=\"4dac4ec\" data-element_type=\"section\" data-e-type=\"section\">\n\t\t\t\t\t\t<div class=\"elementor-container elementor-column-gap-default\">\n\t\t\t\t\t<div class=\"elementor-column elementor-col-33 elementor-top-column elementor-element elementor-element-16bb893\" data-id=\"16bb893\" data-element_type=\"column\" data-e-type=\"column\">\n\t\t\t<div class=\"elementor-widget-wrap elementor-element-populated\">\n\t\t\t\t\t\t<div class=\"elementor-element elementor-element-601e7e7 elementor-align-center elementor-widget elementor-widget-button\" data-id=\"601e7e7\" data-element_type=\"widget\" data-e-type=\"widget\" data-widget_type=\"button.default\">\n\t\t\t\t<div class=\"elementor-widget-container\">\n\t\t\t\t\t\t\t\t\t<div class=\"elementor-button-wrapper\">\n\t\t\t\t\t<a class=\"elementor-button elementor-button-link elementor-size-sm elementor-animation-grow\" href=\"https:\/\/puntohabitat.es\/ca\/vendre-el-teu-pis-a-barcelona\/\">\n\t\t\t\t\t\t<span class=\"elementor-button-content-wrapper\">\n\t\t\t\t\t\t\t\t\t<span class=\"elementor-button-text\">Vendre Pis<\/span>\n\t\t\t\t\t<\/span>\n\t\t\t\t\t<\/a>\n\t\t\t\t<\/div>\n\t\t\t\t\t\t\t\t<\/div>\n\t\t\t\t<\/div>\n\t\t\t\t\t<\/div>\n\t\t<\/div>\n\t\t\t\t<div class=\"elementor-column elementor-col-33 elementor-top-column elementor-element elementor-element-365a348\" data-id=\"365a348\" data-element_type=\"column\" data-e-type=\"column\">\n\t\t\t<div class=\"elementor-widget-wrap elementor-element-populated\">\n\t\t\t\t\t\t<div class=\"elementor-element elementor-element-bb77fdd elementor-align-center elementor-widget elementor-widget-button\" data-id=\"bb77fdd\" data-element_type=\"widget\" data-e-type=\"widget\" data-widget_type=\"button.default\">\n\t\t\t\t<div class=\"elementor-widget-container\">\n\t\t\t\t\t\t\t\t\t<div class=\"elementor-button-wrapper\">\n\t\t\t\t\t<a class=\"elementor-button elementor-button-link elementor-size-sm elementor-animation-grow\" href=\"https:\/\/puntohabitat.es\/ca\/llogar-el-teu-pis-a-barcelona\/\">\n\t\t\t\t\t\t<span class=\"elementor-button-content-wrapper\">\n\t\t\t\t\t\t\t\t\t<span class=\"elementor-button-text\">Llogar el meu Pis<\/span>\n\t\t\t\t\t<\/span>\n\t\t\t\t\t<\/a>\n\t\t\t\t<\/div>\n\t\t\t\t\t\t\t\t<\/div>\n\t\t\t\t<\/div>\n\t\t\t\t\t<\/div>\n\t\t<\/div>\n\t\t\t\t<div class=\"elementor-column elementor-col-33 elementor-top-column elementor-element elementor-element-93b9ec3\" data-id=\"93b9ec3\" data-element_type=\"column\" data-e-type=\"column\">\n\t\t\t<div class=\"elementor-widget-wrap elementor-element-populated\">\n\t\t\t\t\t\t<div class=\"elementor-element elementor-element-43642ed elementor-align-center elementor-widget elementor-widget-button\" data-id=\"43642ed\" data-element_type=\"widget\" data-e-type=\"widget\" data-widget_type=\"button.default\">\n\t\t\t\t<div class=\"elementor-widget-container\">\n\t\t\t\t\t\t\t\t\t<div class=\"elementor-button-wrapper\">\n\t\t\t\t\t<a class=\"elementor-button elementor-button-link elementor-size-sm elementor-animation-grow\" href=\"https:\/\/puntohabitat.es\/ca\/gestio-de-lloguer\/\">\n\t\t\t\t\t\t<span class=\"elementor-button-content-wrapper\">\n\t\t\t\t\t\t\t\t\t<span class=\"elementor-button-text\">Gesti\u00f3 de Lloguer<\/span>\n\t\t\t\t\t<\/span>\n\t\t\t\t\t<\/a>\n\t\t\t\t<\/div>\n\t\t\t\t\t\t\t\t<\/div>\n\t\t\t\t<\/div>\n\t\t\t\t\t<\/div>\n\t\t<\/div>\n\t\t\t\t\t<\/div>\n\t\t<\/section>\n\t\t\t\t<section data-particle_enable=\"false\" data-particle-mobile-disabled=\"false\" class=\"elementor-section elementor-top-section elementor-element elementor-element-364651b elementor-section-boxed elementor-section-height-default elementor-section-height-default\" data-id=\"364651b\" data-element_type=\"section\" data-e-type=\"section\">\n\t\t\t\t\t\t<div class=\"elementor-container elementor-column-gap-default\">\n\t\t\t\t\t<div class=\"elementor-column elementor-col-33 elementor-top-column elementor-element elementor-element-6bd10be\" data-id=\"6bd10be\" data-element_type=\"column\" data-e-type=\"column\">\n\t\t\t<div class=\"elementor-widget-wrap elementor-element-populated\">\n\t\t\t\t\t\t<div class=\"elementor-element elementor-element-65f0aa7 elementor-align-center elementor-widget elementor-widget-button\" data-id=\"65f0aa7\" data-element_type=\"widget\" data-e-type=\"widget\" data-widget_type=\"button.default\">\n\t\t\t\t<div class=\"elementor-widget-container\">\n\t\t\t\t\t\t\t\t\t<div class=\"elementor-button-wrapper\">\n\t\t\t\t\t<a class=\"elementor-button elementor-button-link elementor-size-sm elementor-animation-grow\" href=\"https:\/\/puntohabitat.es\/ca\/pisos-venda-barcelona\/\">\n\t\t\t\t\t\t<span class=\"elementor-button-content-wrapper\">\n\t\t\t\t\t\t\t\t\t<span class=\"elementor-button-text\">Pisos Venda<\/span>\n\t\t\t\t\t<\/span>\n\t\t\t\t\t<\/a>\n\t\t\t\t<\/div>\n\t\t\t\t\t\t\t\t<\/div>\n\t\t\t\t<\/div>\n\t\t\t\t\t<\/div>\n\t\t<\/div>\n\t\t\t\t<div class=\"elementor-column elementor-col-33 elementor-top-column elementor-element elementor-element-16865e3\" data-id=\"16865e3\" data-element_type=\"column\" data-e-type=\"column\">\n\t\t\t<div class=\"elementor-widget-wrap elementor-element-populated\">\n\t\t\t\t\t\t<div class=\"elementor-element elementor-element-a9f45fb elementor-align-center elementor-widget elementor-widget-button\" data-id=\"a9f45fb\" data-element_type=\"widget\" data-e-type=\"widget\" data-widget_type=\"button.default\">\n\t\t\t\t<div class=\"elementor-widget-container\">\n\t\t\t\t\t\t\t\t\t<div class=\"elementor-button-wrapper\">\n\t\t\t\t\t<a class=\"elementor-button elementor-button-link elementor-size-sm elementor-animation-grow\" href=\"https:\/\/puntohabitat.es\/ca\/propietats-en-lloguer\/\">\n\t\t\t\t\t\t<span class=\"elementor-button-content-wrapper\">\n\t\t\t\t\t\t\t\t\t<span class=\"elementor-button-text\">Pisos Lloguer<\/span>\n\t\t\t\t\t<\/span>\n\t\t\t\t\t<\/a>\n\t\t\t\t<\/div>\n\t\t\t\t\t\t\t\t<\/div>\n\t\t\t\t<\/div>\n\t\t\t\t\t<\/div>\n\t\t<\/div>\n\t\t\t\t<div class=\"elementor-column elementor-col-33 elementor-top-column elementor-element elementor-element-df32fac\" data-id=\"df32fac\" data-element_type=\"column\" data-e-type=\"column\">\n\t\t\t<div class=\"elementor-widget-wrap elementor-element-populated\">\n\t\t\t\t\t\t<div class=\"elementor-element elementor-element-a458ffa elementor-align-center elementor-widget elementor-widget-button\" data-id=\"a458ffa\" data-element_type=\"widget\" data-e-type=\"widget\" data-widget_type=\"button.default\">\n\t\t\t\t<div class=\"elementor-widget-container\">\n\t\t\t\t\t\t\t\t\t<div class=\"elementor-button-wrapper\">\n\t\t\t\t\t<a class=\"elementor-button elementor-button-link elementor-size-sm elementor-animation-grow\" href=\"https:\/\/puntohabitat.es\/ca\/contacte\/\">\n\t\t\t\t\t\t<span class=\"elementor-button-content-wrapper\">\n\t\t\t\t\t\t\t\t\t<span class=\"elementor-button-text\">Contacte<\/span>\n\t\t\t\t\t<\/span>\n\t\t\t\t\t<\/a>\n\t\t\t\t<\/div>\n\t\t\t\t\t\t\t\t<\/div>\n\t\t\t\t<\/div>\n\t\t\t\t\t<\/div>\n\t\t<\/div>\n\t\t\t\t\t<\/div>\n\t\t<\/section>\n\t\t\t\t<section data-particle_enable=\"false\" data-particle-mobile-disabled=\"false\" class=\"elementor-section elementor-top-section elementor-element elementor-element-80bf303 elementor-section-boxed elementor-section-height-default elementor-section-height-default\" data-id=\"80bf303\" data-element_type=\"section\" data-e-type=\"section\">\n\t\t\t\t\t\t<div class=\"elementor-container elementor-column-gap-default\">\n\t\t\t\t\t<div class=\"elementor-column elementor-col-100 elementor-top-column elementor-element elementor-element-beecc1d\" data-id=\"beecc1d\" data-element_type=\"column\" data-e-type=\"column\">\n\t\t\t<div class=\"elementor-widget-wrap elementor-element-populated\">\n\t\t\t\t\t\t<div class=\"elementor-element elementor-element-8e24fc2 elementor-widget elementor-widget-html\" data-id=\"8e24fc2\" data-element_type=\"widget\" data-e-type=\"widget\" data-widget_type=\"html.default\">\n\t\t\t\t<div class=\"elementor-widget-container\">\n\t\t\t\t\t<script type=\"application\/ld+json\">{\"@context\":\"https:\/\/schema.org\",\"@graph\":[{\"@type\":\"RealEstateAgent\",\"@id\":\"https:\/\/puntohabitat.es\/#puntohabitat\",\"name\":\"PUNTO HABITAT\",\"url\":\"https:\/\/puntohabitat.es\/\",\"logo\":{\"@type\":\"ImageObject\",\"url\":\"https:\/\/puntohabitat.es\/wp-content\/uploads\/2023\/12\/logo-ph-oscuro.svg\"},\"email\":\"info@puntohabitat.es\",\"telephone\":\"+34 934 558 535\",\"address\":{\"@type\":\"PostalAddress\",\"streetAddress\":\"Carrer de la Ind\u00fastria 137\",\"addressLocality\":\"Barcelona\",\"postalCode\":\"08025\",\"addressCountry\":\"ES\"}},{\"@type\":\"BlogPosting\",\"headline\":\"Fiscalitat en la venda d\u2019habitatges per a majors de 65 anys\",\"description\":\"Guia pr\u00e0ctica sobre tributaci\u00f3, exempcions fiscals i opcions com nuda propietat i renda vital\u00edcia a la venda per a majors de 65 anys.\",\"author\":{\"@type\":\"Organization\",\"name\":\"PUNTO HABITAT\"},\"publisher\":{\"@id\":\"https:\/\/puntohabitat.es\/#puntohabitat\"},\"url\":\"https:\/\/puntohabitat.es\/ca\/blog\/fiscalitat-en-la-venda-dhabitatges-per-a-majors-de-65-anys\/\",\"datePublished\":\"2025-03-17\",\"dateModified\":\"2025-03-17\",\"inLanguage\":\"ca\",\"image\":{\"@type\":\"ImageObject\",\"url\":\"https:\/\/puntohabitat.es\/wp-content\/uploads\/2025\/03\/fiscalitat-venta-mayores.jpg\"},\"mainEntityOfPage\":{\"@type\":\"WebPage\",\"@id\":\"https:\/\/puntohabitat.es\/ca\/blog\/fiscalitat-en-la-venda-dhabitatges-per-a-majors-de-65-anys\/\"},\"hasPart\":{\"@type\":\"WebPage\",\"@id\":\"https:\/\/puntohabitat.es\/blog\/fiscalidad-venta-vivienda-mayores-65-anos\/\"}},{\"@type\":\"FAQPage\",\"inLanguage\":\"ca\",\"mainEntity\":[{\"@type\":\"Question\",\"name\":\"Tributen IRPF els majors de 65 anys al vendre el seu habitatge?\",\"acceptedAnswer\":{\"@type\":\"Answer\",\"text\":\"No, si \u00e9s la seva resid\u00e8ncia habitual durant almenys 3 anys i tenen 65 o m\u00e9s en el moment de la venda, estan exempts.\"}},{\"@type\":\"Question\",\"name\":\"I si l\u2019habitatge va estar llogat abans de vendre\u2019l?\",\"acceptedAnswer\":{\"@type\":\"Answer\",\"text\":\"L\u2019exempci\u00f3 es mant\u00e9 si va ser resid\u00e8ncia habitual durant almenys 3 anys i es va habitar en els 2 anys previs a la venda.\"}},{\"@type\":\"Question\",\"name\":\"Hi ha exempci\u00f3 quan es ven una segona resid\u00e8ncia?\",\"acceptedAnswer\":{\"@type\":\"Answer\",\"text\":\"S\u00ed, si es reinverteix l\u2019import en una renda vital\u00edcia assegurada dins dels 6 mesos i fins a 240.000\u202f\u20ac.\"}},{\"@type\":\"Question\",\"name\":\"Es paguen impostos si nom\u00e9s es ven la nuda propietat?\",\"acceptedAnswer\":{\"@type\":\"Answer\",\"text\":\"No, si l\u2019usufructuari t\u00e9 m\u00e9s de 65 anys i \u00e9s la seva resid\u00e8ncia habitual, tamb\u00e9 est\u00e0 exempt de tributar.\"}},{\"@type\":\"Question\",\"name\":\"La plusv\u00e0lua municipal sempre s\u2019ha de pagar?\",\"acceptedAnswer\":{\"@type\":\"Answer\",\"text\":\"S\u00ed, excepte si es demostra que no hi ha hagut increment del valor del s\u00f2l. Es pot triar el m\u00e8tode m\u00e9s favorable.\"}},{\"@type\":\"Question\",\"name\":\"I si hi ha diversos propietaris majors de 65 anys?\",\"acceptedAnswer\":{\"@type\":\"Answer\",\"text\":\"La exenci\u00f3 d\u2019IRPF s\u2019aplica nom\u00e9s sobre la part proporcional del titular major de 65 anys.\"}}]}]}<\/script><br><br>\t\t\t\t<\/div>\n\t\t\t\t<\/div>\n\t\t\t\t\t<\/div>\n\t\t<\/div>\n\t\t\t\t\t<\/div>\n\t\t<\/section>\n\t\t\t\t<\/div>\n\t\t","protected":false},"excerpt":{"rendered":"<p>La fiscalitat en la venda d&#8217;habitatge per a majors de<\/p>\n","protected":false},"author":2,"featured_media":85646,"comment_status":"closed","ping_status":"closed","sticky":false,"template":"","format":"standard","meta":{"footnotes":""},"categories":[242,180],"tags":[253,254,204],"class_list":["post-85667","post","type-post","status-publish","format-standard","has-post-thumbnail","hentry","category-fiscalitat","category-venda","tag-exempcio-irpf","tag-fiscalitat-venda-pis","tag-vendre-pis"],"yoast_head":"<!-- This site is optimized with the Yoast SEO plugin v27.5 - https:\/\/yoast.com\/product\/yoast-seo-wordpress\/ -->\n<title>Fiscalitat en la Venda d&#039;Habitatges per a Majors de 65 anys<\/title>\n<meta name=\"description\" content=\"Fiscalitat en la Venda d&#039;Habitatges per a Majors de 65 anys: descobreix les exempcions a l&#039;IRPF i plusv\u00e0lua per a redu\u00efr impostos\" \/>\n<meta name=\"robots\" content=\"index, follow, max-snippet:-1, max-image-preview:large, max-video-preview:-1\" \/>\n<link rel=\"canonical\" href=\"https:\/\/puntohabitat.es\/ca\/fiscalitat-en-la-venda-dhabitatges-per-a-majors-de-65-anys\/\" \/>\n<meta property=\"og:locale\" content=\"ca_ES\" \/>\n<meta property=\"og:type\" content=\"article\" \/>\n<meta property=\"og:title\" content=\"Fiscalitat en la Venda d&#039;Habitatges per a Majors de 65 anys\" \/>\n<meta property=\"og:description\" content=\"Fiscalitat en la Venda d&#039;Habitatges per a Majors de 65 anys: descobreix les exempcions a l&#039;IRPF i plusv\u00e0lua per a redu\u00efr impostos\" \/>\n<meta property=\"og:url\" content=\"https:\/\/puntohabitat.es\/ca\/fiscalitat-en-la-venda-dhabitatges-per-a-majors-de-65-anys\/\" \/>\n<meta property=\"og:site_name\" content=\"PUNTO HABITAT\" \/>\n<meta property=\"article:publisher\" content=\"https:\/\/www.facebook.com\/puntohabitat\" \/>\n<meta property=\"article:author\" content=\"https:\/\/www.facebook.com\/puntohabitat\/\" \/>\n<meta property=\"article:published_time\" content=\"2025-03-17T07:33:03+00:00\" \/>\n<meta property=\"article:modified_time\" content=\"2025-08-07T16:15:34+00:00\" \/>\n<meta property=\"og:image\" content=\"https:\/\/puntohabitat.es\/wp-content\/uploads\/2025\/03\/Fiscalidad-en-la-Venta-de-Vivienda-para-Mayores-de-65-Anos-.webp\" \/>\n\t<meta property=\"og:image:width\" content=\"1200\" \/>\n\t<meta property=\"og:image:height\" content=\"258\" \/>\n\t<meta property=\"og:image:type\" content=\"image\/webp\" \/>\n<meta name=\"author\" content=\"PUNTO HABITAT\" \/>\n<meta name=\"twitter:card\" content=\"summary_large_image\" \/>\n<meta name=\"twitter:creator\" content=\"@https:\/\/twitter.com\/puntohabitat\" \/>\n<meta name=\"twitter:site\" content=\"@puntohabitat\" \/>\n<meta name=\"twitter:label1\" content=\"Escrit per\" \/>\n\t<meta name=\"twitter:data1\" content=\"PUNTO HABITAT\" \/>\n\t<meta name=\"twitter:label2\" content=\"Temps estimat de lectura\" \/>\n\t<meta name=\"twitter:data2\" content=\"6 minuts\" \/>\n<script type=\"application\/ld+json\" class=\"yoast-schema-graph\">{\"@context\":\"https:\\\/\\\/schema.org\",\"@graph\":[{\"@type\":\"Article\",\"@id\":\"https:\\\/\\\/puntohabitat.es\\\/ca\\\/fiscalitat-en-la-venda-dhabitatges-per-a-majors-de-65-anys\\\/#article\",\"isPartOf\":{\"@id\":\"https:\\\/\\\/puntohabitat.es\\\/ca\\\/fiscalitat-en-la-venda-dhabitatges-per-a-majors-de-65-anys\\\/\"},\"author\":{\"name\":\"PUNTO HABITAT\",\"@id\":\"https:\\\/\\\/puntohabitat.es\\\/ca\\\/#\\\/schema\\\/person\\\/940c5335a3c27822cf280cc5edbe208f\"},\"headline\":\"Fiscalitat en la Venda d&#8217;Habitatges per a Majors de 65 anys\",\"datePublished\":\"2025-03-17T07:33:03+00:00\",\"dateModified\":\"2025-08-07T16:15:34+00:00\",\"mainEntityOfPage\":{\"@id\":\"https:\\\/\\\/puntohabitat.es\\\/ca\\\/fiscalitat-en-la-venda-dhabitatges-per-a-majors-de-65-anys\\\/\"},\"wordCount\":1263,\"publisher\":{\"@id\":\"https:\\\/\\\/puntohabitat.es\\\/ca\\\/#organization\"},\"image\":{\"@id\":\"https:\\\/\\\/puntohabitat.es\\\/ca\\\/fiscalitat-en-la-venda-dhabitatges-per-a-majors-de-65-anys\\\/#primaryimage\"},\"thumbnailUrl\":\"https:\\\/\\\/puntohabitat.es\\\/wp-content\\\/uploads\\\/2025\\\/03\\\/Fiscalidad-en-la-Venta-de-Vivienda-para-Mayores-de-65-Anos-.webp\",\"keywords\":[\"exempci\u00f3 IRPF\",\"fiscalitat venda pis\",\"Vendre Pis\"],\"articleSection\":[\"Fiscalitat\",\"Venda\"],\"inLanguage\":\"ca\"},{\"@type\":\"WebPage\",\"@id\":\"https:\\\/\\\/puntohabitat.es\\\/ca\\\/fiscalitat-en-la-venda-dhabitatges-per-a-majors-de-65-anys\\\/\",\"url\":\"https:\\\/\\\/puntohabitat.es\\\/ca\\\/fiscalitat-en-la-venda-dhabitatges-per-a-majors-de-65-anys\\\/\",\"name\":\"Fiscalitat en la Venda d'Habitatges per a Majors de 65 anys\",\"isPartOf\":{\"@id\":\"https:\\\/\\\/puntohabitat.es\\\/ca\\\/#website\"},\"primaryImageOfPage\":{\"@id\":\"https:\\\/\\\/puntohabitat.es\\\/ca\\\/fiscalitat-en-la-venda-dhabitatges-per-a-majors-de-65-anys\\\/#primaryimage\"},\"image\":{\"@id\":\"https:\\\/\\\/puntohabitat.es\\\/ca\\\/fiscalitat-en-la-venda-dhabitatges-per-a-majors-de-65-anys\\\/#primaryimage\"},\"thumbnailUrl\":\"https:\\\/\\\/puntohabitat.es\\\/wp-content\\\/uploads\\\/2025\\\/03\\\/Fiscalidad-en-la-Venta-de-Vivienda-para-Mayores-de-65-Anos-.webp\",\"datePublished\":\"2025-03-17T07:33:03+00:00\",\"dateModified\":\"2025-08-07T16:15:34+00:00\",\"description\":\"Fiscalitat en la Venda d'Habitatges per a Majors de 65 anys: descobreix les exempcions a l'IRPF i plusv\u00e0lua per a redu\u00efr impostos\",\"breadcrumb\":{\"@id\":\"https:\\\/\\\/puntohabitat.es\\\/ca\\\/fiscalitat-en-la-venda-dhabitatges-per-a-majors-de-65-anys\\\/#breadcrumb\"},\"inLanguage\":\"ca\",\"potentialAction\":[{\"@type\":\"ReadAction\",\"target\":[\"https:\\\/\\\/puntohabitat.es\\\/ca\\\/fiscalitat-en-la-venda-dhabitatges-per-a-majors-de-65-anys\\\/\"]}]},{\"@type\":\"ImageObject\",\"inLanguage\":\"ca\",\"@id\":\"https:\\\/\\\/puntohabitat.es\\\/ca\\\/fiscalitat-en-la-venda-dhabitatges-per-a-majors-de-65-anys\\\/#primaryimage\",\"url\":\"https:\\\/\\\/puntohabitat.es\\\/wp-content\\\/uploads\\\/2025\\\/03\\\/Fiscalidad-en-la-Venta-de-Vivienda-para-Mayores-de-65-Anos-.webp\",\"contentUrl\":\"https:\\\/\\\/puntohabitat.es\\\/wp-content\\\/uploads\\\/2025\\\/03\\\/Fiscalidad-en-la-Venta-de-Vivienda-para-Mayores-de-65-Anos-.webp\",\"width\":1200,\"height\":258,\"caption\":\"Fiscalidad en la Venta de Vivienda para Mayores de 65 An\u0303os\"},{\"@type\":\"BreadcrumbList\",\"@id\":\"https:\\\/\\\/puntohabitat.es\\\/ca\\\/fiscalitat-en-la-venda-dhabitatges-per-a-majors-de-65-anys\\\/#breadcrumb\",\"itemListElement\":[{\"@type\":\"ListItem\",\"position\":1,\"name\":\"Inicio\",\"item\":\"https:\\\/\\\/puntohabitat.es\\\/ca\\\/\"},{\"@type\":\"ListItem\",\"position\":2,\"name\":\"Fiscalitat en la Venda d&#8217;Habitatges per a Majors de 65 anys\"}]},{\"@type\":\"WebSite\",\"@id\":\"https:\\\/\\\/puntohabitat.es\\\/ca\\\/#website\",\"url\":\"https:\\\/\\\/puntohabitat.es\\\/ca\\\/\",\"name\":\"PUNTO HABITAT\",\"description\":\"Inmobiliaria Barcelona | Venta y alquiler de pisos Barcelona | Gesti\u00f3n de alquiler\",\"publisher\":{\"@id\":\"https:\\\/\\\/puntohabitat.es\\\/ca\\\/#organization\"},\"potentialAction\":[{\"@type\":\"SearchAction\",\"target\":{\"@type\":\"EntryPoint\",\"urlTemplate\":\"https:\\\/\\\/puntohabitat.es\\\/ca\\\/?s={search_term_string}\"},\"query-input\":{\"@type\":\"PropertyValueSpecification\",\"valueRequired\":true,\"valueName\":\"search_term_string\"}}],\"inLanguage\":\"ca\"},{\"@type\":\"Organization\",\"@id\":\"https:\\\/\\\/puntohabitat.es\\\/ca\\\/#organization\",\"name\":\"PUNTO HABITAT\",\"url\":\"https:\\\/\\\/puntohabitat.es\\\/ca\\\/\",\"logo\":{\"@type\":\"ImageObject\",\"inLanguage\":\"ca\",\"@id\":\"https:\\\/\\\/puntohabitat.es\\\/ca\\\/#\\\/schema\\\/logo\\\/image\\\/\",\"url\":\"https:\\\/\\\/puntohabitat.es\\\/wp-content\\\/uploads\\\/2022\\\/06\\\/icono-apple-ipad-retina.jpg\",\"contentUrl\":\"https:\\\/\\\/puntohabitat.es\\\/wp-content\\\/uploads\\\/2022\\\/06\\\/icono-apple-ipad-retina.jpg\",\"width\":145,\"height\":145,\"caption\":\"PUNTO HABITAT\"},\"image\":{\"@id\":\"https:\\\/\\\/puntohabitat.es\\\/ca\\\/#\\\/schema\\\/logo\\\/image\\\/\"},\"sameAs\":[\"https:\\\/\\\/www.facebook.com\\\/puntohabitat\",\"https:\\\/\\\/x.com\\\/puntohabitat\",\"https:\\\/\\\/www.instagram.com\\\/puntohabitat\\\/\",\"https:\\\/\\\/www.linkedin.com\\\/in\\\/puntohabitat\\\/\",\"https:\\\/\\\/www.youtube.com\\\/c\\\/puntohabitatinmobiliariaBarcelona\",\"https:\\\/\\\/www.tiktok.com\\\/@puntohabitat\"]},{\"@type\":\"Person\",\"@id\":\"https:\\\/\\\/puntohabitat.es\\\/ca\\\/#\\\/schema\\\/person\\\/940c5335a3c27822cf280cc5edbe208f\",\"name\":\"PUNTO HABITAT\",\"description\":\"PUNTO HABITAT | Inmobiliaria Barcelona | 1995 Servicio personalizado en la gesti\u00f3n de venta y alquiler de inmuebles.\",\"sameAs\":[\"https:\\\/\\\/puntohabitat.es\",\"https:\\\/\\\/www.facebook.com\\\/puntohabitat\\\/\",\"https:\\\/\\\/www.instagram.com\\\/puntohabitat\\\/\",\"https:\\\/\\\/es.linkedin.com\\\/in\\\/puntohabitat\",\"https:\\\/\\\/www.pinterest.es\\\/puntohabitat\\\/\",\"https:\\\/\\\/x.com\\\/https:\\\/\\\/twitter.com\\\/puntohabitat\",\"https:\\\/\\\/www.youtube.com\\\/c\\\/puntohabitatinmobiliariaBarcelona\"]}]}<\/script>\n<!-- \/ Yoast SEO plugin. -->","yoast_head_json":{"title":"Fiscalitat en la Venda d'Habitatges per a Majors de 65 anys","description":"Fiscalitat en la Venda d'Habitatges per a Majors de 65 anys: descobreix les exempcions a l'IRPF i plusv\u00e0lua per a redu\u00efr impostos","robots":{"index":"index","follow":"follow","max-snippet":"max-snippet:-1","max-image-preview":"max-image-preview:large","max-video-preview":"max-video-preview:-1"},"canonical":"https:\/\/puntohabitat.es\/ca\/fiscalitat-en-la-venda-dhabitatges-per-a-majors-de-65-anys\/","og_locale":"ca_ES","og_type":"article","og_title":"Fiscalitat en la Venda d'Habitatges per a Majors de 65 anys","og_description":"Fiscalitat en la Venda d'Habitatges per a Majors de 65 anys: descobreix les exempcions a l'IRPF i plusv\u00e0lua per a redu\u00efr impostos","og_url":"https:\/\/puntohabitat.es\/ca\/fiscalitat-en-la-venda-dhabitatges-per-a-majors-de-65-anys\/","og_site_name":"PUNTO HABITAT","article_publisher":"https:\/\/www.facebook.com\/puntohabitat","article_author":"https:\/\/www.facebook.com\/puntohabitat\/","article_published_time":"2025-03-17T07:33:03+00:00","article_modified_time":"2025-08-07T16:15:34+00:00","og_image":[{"width":1200,"height":258,"url":"https:\/\/puntohabitat.es\/wp-content\/uploads\/2025\/03\/Fiscalidad-en-la-Venta-de-Vivienda-para-Mayores-de-65-Anos-.webp","type":"image\/webp"}],"author":"PUNTO HABITAT","twitter_card":"summary_large_image","twitter_creator":"@https:\/\/twitter.com\/puntohabitat","twitter_site":"@puntohabitat","twitter_misc":{"Escrit per":"PUNTO HABITAT","Temps estimat de lectura":"6 minuts"},"schema":{"@context":"https:\/\/schema.org","@graph":[{"@type":"Article","@id":"https:\/\/puntohabitat.es\/ca\/fiscalitat-en-la-venda-dhabitatges-per-a-majors-de-65-anys\/#article","isPartOf":{"@id":"https:\/\/puntohabitat.es\/ca\/fiscalitat-en-la-venda-dhabitatges-per-a-majors-de-65-anys\/"},"author":{"name":"PUNTO HABITAT","@id":"https:\/\/puntohabitat.es\/ca\/#\/schema\/person\/940c5335a3c27822cf280cc5edbe208f"},"headline":"Fiscalitat en la Venda d&#8217;Habitatges per a Majors de 65 anys","datePublished":"2025-03-17T07:33:03+00:00","dateModified":"2025-08-07T16:15:34+00:00","mainEntityOfPage":{"@id":"https:\/\/puntohabitat.es\/ca\/fiscalitat-en-la-venda-dhabitatges-per-a-majors-de-65-anys\/"},"wordCount":1263,"publisher":{"@id":"https:\/\/puntohabitat.es\/ca\/#organization"},"image":{"@id":"https:\/\/puntohabitat.es\/ca\/fiscalitat-en-la-venda-dhabitatges-per-a-majors-de-65-anys\/#primaryimage"},"thumbnailUrl":"https:\/\/puntohabitat.es\/wp-content\/uploads\/2025\/03\/Fiscalidad-en-la-Venta-de-Vivienda-para-Mayores-de-65-Anos-.webp","keywords":["exempci\u00f3 IRPF","fiscalitat venda pis","Vendre Pis"],"articleSection":["Fiscalitat","Venda"],"inLanguage":"ca"},{"@type":"WebPage","@id":"https:\/\/puntohabitat.es\/ca\/fiscalitat-en-la-venda-dhabitatges-per-a-majors-de-65-anys\/","url":"https:\/\/puntohabitat.es\/ca\/fiscalitat-en-la-venda-dhabitatges-per-a-majors-de-65-anys\/","name":"Fiscalitat en la Venda d'Habitatges per a Majors de 65 anys","isPartOf":{"@id":"https:\/\/puntohabitat.es\/ca\/#website"},"primaryImageOfPage":{"@id":"https:\/\/puntohabitat.es\/ca\/fiscalitat-en-la-venda-dhabitatges-per-a-majors-de-65-anys\/#primaryimage"},"image":{"@id":"https:\/\/puntohabitat.es\/ca\/fiscalitat-en-la-venda-dhabitatges-per-a-majors-de-65-anys\/#primaryimage"},"thumbnailUrl":"https:\/\/puntohabitat.es\/wp-content\/uploads\/2025\/03\/Fiscalidad-en-la-Venta-de-Vivienda-para-Mayores-de-65-Anos-.webp","datePublished":"2025-03-17T07:33:03+00:00","dateModified":"2025-08-07T16:15:34+00:00","description":"Fiscalitat en la Venda d'Habitatges per a Majors de 65 anys: descobreix les exempcions a l'IRPF i plusv\u00e0lua per a redu\u00efr impostos","breadcrumb":{"@id":"https:\/\/puntohabitat.es\/ca\/fiscalitat-en-la-venda-dhabitatges-per-a-majors-de-65-anys\/#breadcrumb"},"inLanguage":"ca","potentialAction":[{"@type":"ReadAction","target":["https:\/\/puntohabitat.es\/ca\/fiscalitat-en-la-venda-dhabitatges-per-a-majors-de-65-anys\/"]}]},{"@type":"ImageObject","inLanguage":"ca","@id":"https:\/\/puntohabitat.es\/ca\/fiscalitat-en-la-venda-dhabitatges-per-a-majors-de-65-anys\/#primaryimage","url":"https:\/\/puntohabitat.es\/wp-content\/uploads\/2025\/03\/Fiscalidad-en-la-Venta-de-Vivienda-para-Mayores-de-65-Anos-.webp","contentUrl":"https:\/\/puntohabitat.es\/wp-content\/uploads\/2025\/03\/Fiscalidad-en-la-Venta-de-Vivienda-para-Mayores-de-65-Anos-.webp","width":1200,"height":258,"caption":"Fiscalidad en la Venta de Vivienda para Mayores de 65 An\u0303os"},{"@type":"BreadcrumbList","@id":"https:\/\/puntohabitat.es\/ca\/fiscalitat-en-la-venda-dhabitatges-per-a-majors-de-65-anys\/#breadcrumb","itemListElement":[{"@type":"ListItem","position":1,"name":"Inicio","item":"https:\/\/puntohabitat.es\/ca\/"},{"@type":"ListItem","position":2,"name":"Fiscalitat en la Venda d&#8217;Habitatges per a Majors de 65 anys"}]},{"@type":"WebSite","@id":"https:\/\/puntohabitat.es\/ca\/#website","url":"https:\/\/puntohabitat.es\/ca\/","name":"PUNTO HABITAT","description":"Inmobiliaria Barcelona | Venta y alquiler de pisos Barcelona | Gesti\u00f3n de alquiler","publisher":{"@id":"https:\/\/puntohabitat.es\/ca\/#organization"},"potentialAction":[{"@type":"SearchAction","target":{"@type":"EntryPoint","urlTemplate":"https:\/\/puntohabitat.es\/ca\/?s={search_term_string}"},"query-input":{"@type":"PropertyValueSpecification","valueRequired":true,"valueName":"search_term_string"}}],"inLanguage":"ca"},{"@type":"Organization","@id":"https:\/\/puntohabitat.es\/ca\/#organization","name":"PUNTO HABITAT","url":"https:\/\/puntohabitat.es\/ca\/","logo":{"@type":"ImageObject","inLanguage":"ca","@id":"https:\/\/puntohabitat.es\/ca\/#\/schema\/logo\/image\/","url":"https:\/\/puntohabitat.es\/wp-content\/uploads\/2022\/06\/icono-apple-ipad-retina.jpg","contentUrl":"https:\/\/puntohabitat.es\/wp-content\/uploads\/2022\/06\/icono-apple-ipad-retina.jpg","width":145,"height":145,"caption":"PUNTO HABITAT"},"image":{"@id":"https:\/\/puntohabitat.es\/ca\/#\/schema\/logo\/image\/"},"sameAs":["https:\/\/www.facebook.com\/puntohabitat","https:\/\/x.com\/puntohabitat","https:\/\/www.instagram.com\/puntohabitat\/","https:\/\/www.linkedin.com\/in\/puntohabitat\/","https:\/\/www.youtube.com\/c\/puntohabitatinmobiliariaBarcelona","https:\/\/www.tiktok.com\/@puntohabitat"]},{"@type":"Person","@id":"https:\/\/puntohabitat.es\/ca\/#\/schema\/person\/940c5335a3c27822cf280cc5edbe208f","name":"PUNTO HABITAT","description":"PUNTO HABITAT | Inmobiliaria Barcelona | 1995 Servicio personalizado en la gesti\u00f3n de venta y alquiler de inmuebles.","sameAs":["https:\/\/puntohabitat.es","https:\/\/www.facebook.com\/puntohabitat\/","https:\/\/www.instagram.com\/puntohabitat\/","https:\/\/es.linkedin.com\/in\/puntohabitat","https:\/\/www.pinterest.es\/puntohabitat\/","https:\/\/x.com\/https:\/\/twitter.com\/puntohabitat","https:\/\/www.youtube.com\/c\/puntohabitatinmobiliariaBarcelona"]}]}},"_links":{"self":[{"href":"https:\/\/puntohabitat.es\/ca\/wp-json\/wp\/v2\/posts\/85667","targetHints":{"allow":["GET"]}}],"collection":[{"href":"https:\/\/puntohabitat.es\/ca\/wp-json\/wp\/v2\/posts"}],"about":[{"href":"https:\/\/puntohabitat.es\/ca\/wp-json\/wp\/v2\/types\/post"}],"author":[{"embeddable":true,"href":"https:\/\/puntohabitat.es\/ca\/wp-json\/wp\/v2\/users\/2"}],"replies":[{"embeddable":true,"href":"https:\/\/puntohabitat.es\/ca\/wp-json\/wp\/v2\/comments?post=85667"}],"version-history":[{"count":0,"href":"https:\/\/puntohabitat.es\/ca\/wp-json\/wp\/v2\/posts\/85667\/revisions"}],"wp:featuredmedia":[{"embeddable":true,"href":"https:\/\/puntohabitat.es\/ca\/wp-json\/wp\/v2\/media\/85646"}],"wp:attachment":[{"href":"https:\/\/puntohabitat.es\/ca\/wp-json\/wp\/v2\/media?parent=85667"}],"wp:term":[{"taxonomy":"category","embeddable":true,"href":"https:\/\/puntohabitat.es\/ca\/wp-json\/wp\/v2\/categories?post=85667"},{"taxonomy":"post_tag","embeddable":true,"href":"https:\/\/puntohabitat.es\/ca\/wp-json\/wp\/v2\/tags?post=85667"}],"curies":[{"name":"wp","href":"https:\/\/api.w.org\/{rel}","templated":true}]}}