{"id":89553,"date":"2025-08-01T20:35:54","date_gmt":"2025-08-01T18:35:54","guid":{"rendered":"https:\/\/puntohabitat.es\/blog\/com-actualitzar-la-renda-del-lloguer-el-2025\/"},"modified":"2025-08-07T18:15:37","modified_gmt":"2025-08-07T16:15:37","slug":"com-actualitzar-la-renda-del-lloguer-el-2025","status":"publish","type":"post","link":"https:\/\/puntohabitat.es\/ca\/com-actualitzar-la-renda-del-lloguer-el-2025\/","title":{"rendered":"Com actualitzar la renda del lloguer el 2025"},"content":{"rendered":"\t\t<div data-elementor-type=\"wp-post\" data-elementor-id=\"89553\" class=\"elementor elementor-89553 elementor-89523\" data-elementor-post-type=\"post\">\n\t\t\t\t\t\t<section data-particle_enable=\"false\" data-particle-mobile-disabled=\"false\" class=\"elementor-section elementor-top-section elementor-element elementor-element-75c5b550 elementor-section-full_width elementor-section-height-min-height elementor-section-height-default elementor-section-items-middle\" data-id=\"75c5b550\" data-element_type=\"section\" data-e-type=\"section\" data-settings=\"{&quot;background_background&quot;:&quot;classic&quot;}\">\n\t\t\t\t\t\t\t<div class=\"elementor-background-overlay\"><\/div>\n\t\t\t\t\t\t\t<div class=\"elementor-container elementor-column-gap-default\">\n\t\t\t\t\t<div class=\"elementor-column elementor-col-100 elementor-top-column elementor-element elementor-element-2cbe9b29\" data-id=\"2cbe9b29\" data-element_type=\"column\" data-e-type=\"column\">\n\t\t\t<div class=\"elementor-widget-wrap elementor-element-populated\">\n\t\t\t\t\t\t<section data-particle_enable=\"false\" data-particle-mobile-disabled=\"false\" class=\"elementor-section elementor-inner-section elementor-element elementor-element-6bb992b elementor-section-boxed elementor-section-height-default elementor-section-height-default\" data-id=\"6bb992b\" data-element_type=\"section\" data-e-type=\"section\">\n\t\t\t\t\t\t<div class=\"elementor-container elementor-column-gap-default\">\n\t\t\t\t\t<div class=\"elementor-column elementor-col-50 elementor-inner-column elementor-element elementor-element-5f934bf\" data-id=\"5f934bf\" data-element_type=\"column\" data-e-type=\"column\">\n\t\t\t<div class=\"elementor-widget-wrap elementor-element-populated\">\n\t\t\t\t\t\t<div class=\"elementor-element elementor-element-3ed1b778 elementor-widget elementor-widget-heading\" data-id=\"3ed1b778\" data-element_type=\"widget\" data-e-type=\"widget\" data-widget_type=\"heading.default\">\n\t\t\t\t<div class=\"elementor-widget-container\">\n\t\t\t\t\t<h1 class=\"elementor-heading-title elementor-size-default\">Com actualitzar la renda del lloguer el 2025<\/h1>\t\t\t\t<\/div>\n\t\t\t\t<\/div>\n\t\t\t\t\t<\/div>\n\t\t<\/div>\n\t\t\t\t<div class=\"elementor-column elementor-col-50 elementor-inner-column elementor-element elementor-element-bbaa7c3\" data-id=\"bbaa7c3\" data-element_type=\"column\" data-e-type=\"column\">\n\t\t\t<div class=\"elementor-widget-wrap\">\n\t\t\t\t\t\t\t<\/div>\n\t\t<\/div>\n\t\t\t\t\t<\/div>\n\t\t<\/section>\n\t\t\t\t\t<\/div>\n\t\t<\/div>\n\t\t\t\t\t<\/div>\n\t\t<\/section>\n\t\t\t\t<section data-particle_enable=\"false\" data-particle-mobile-disabled=\"false\" class=\"elementor-section elementor-top-section elementor-element elementor-element-3da9b4b elementor-section-full_width elementor-section-height-default elementor-section-height-default\" data-id=\"3da9b4b\" data-element_type=\"section\" data-e-type=\"section\">\n\t\t\t\t\t\t<div class=\"elementor-container elementor-column-gap-no\">\n\t\t\t\t\t<div class=\"elementor-column elementor-col-100 elementor-top-column elementor-element elementor-element-4929789c\" data-id=\"4929789c\" data-element_type=\"column\" data-e-type=\"column\">\n\t\t\t<div class=\"elementor-widget-wrap elementor-element-populated\">\n\t\t\t\t\t\t<div class=\"elementor-element elementor-element-2a43a9b elementor-widget elementor-widget-text-editor\" data-id=\"2a43a9b\" data-element_type=\"widget\" data-e-type=\"widget\" data-widget_type=\"text-editor.default\">\n\t\t\t\t<div class=\"elementor-widget-container\">\n\t\t\t\t\t\t\t\t\t1 d&#8217;agost de 2025\t\t\t\t\t\t\t\t<\/div>\n\t\t\t\t<\/div>\n\t\t\t\t<div class=\"elementor-element elementor-element-85cce1c elementor-author-box--image-valign-middle elementor-author-box--avatar-yes elementor-author-box--name-yes elementor-author-box--biography-yes elementor-author-box--link-no elementor-widget elementor-widget-author-box\" data-id=\"85cce1c\" data-element_type=\"widget\" data-e-type=\"widget\" data-widget_type=\"author-box.default\">\n\t\t\t\t<div class=\"elementor-widget-container\">\n\t\t\t\t\t\t\t<div class=\"elementor-author-box\">\n\t\t\t\t\t\t\t<div  class=\"elementor-author-box__avatar\">\n\t\t\t\t\t<img decoding=\"async\" src=\"https:\/\/secure.gravatar.com\/avatar\/2773bca6c07e7af4bf869eb5d10584666289bf322520dcdbd0c35dfa92289cd2?s=300&#038;d=mm&#038;r=g\" alt=\"Picture of PUNTO HABITAT\" loading=\"lazy\">\n\t\t\t\t<\/div>\n\t\t\t\n\t\t\t<div class=\"elementor-author-box__text\">\n\t\t\t\t\t\t\t\t\t<div >\n\t\t\t\t\t\t<h6 class=\"elementor-author-box__name\">\n\t\t\t\t\t\t\tPUNTO HABITAT\t\t\t\t\t\t<\/h6>\n\t\t\t\t\t<\/div>\n\t\t\t\t\n\t\t\t\t\t\t\t\t\t<div class=\"elementor-author-box__bio\">\n\t\t\t\t\t\tPUNTO HABITAT | Inmobiliaria Barcelona | 1995 \r\nServicio personalizado en la gesti\u00f3n de venta y alquiler de inmuebles.\t\t\t\t\t<\/div>\n\t\t\t\t\n\t\t\t\t\t\t\t<\/div>\n\t\t<\/div>\n\t\t\t\t\t\t<\/div>\n\t\t\t\t<\/div>\n\t\t\t\t\t<\/div>\n\t\t<\/div>\n\t\t\t\t\t<\/div>\n\t\t<\/section>\n\t\t\t\t<section data-particle_enable=\"false\" data-particle-mobile-disabled=\"false\" class=\"elementor-section elementor-top-section elementor-element elementor-element-a427ebe elementor-section-boxed elementor-section-height-default elementor-section-height-default\" data-id=\"a427ebe\" data-element_type=\"section\" data-e-type=\"section\">\n\t\t\t\t\t\t<div class=\"elementor-container elementor-column-gap-default\">\n\t\t\t\t\t<div class=\"elementor-column elementor-col-100 elementor-top-column elementor-element elementor-element-d8315bd\" data-id=\"d8315bd\" data-element_type=\"column\" data-e-type=\"column\">\n\t\t\t<div class=\"elementor-widget-wrap elementor-element-populated\">\n\t\t\t\t\t\t<div class=\"elementor-element elementor-element-2135e5a elementor-widget elementor-widget-heading\" data-id=\"2135e5a\" data-element_type=\"widget\" data-e-type=\"widget\" data-widget_type=\"heading.default\">\n\t\t\t\t<div class=\"elementor-widget-container\">\n\t\t\t\t\t<h2 class=\"elementor-heading-title elementor-size-default\">Com saber quant pujar\u00e0 el teu lloguer aquest any?<\/h2>\t\t\t\t<\/div>\n\t\t\t\t<\/div>\n\t\t\t\t<div class=\"elementor-element elementor-element-72ff24c elementor-widget elementor-widget-text-editor\" data-id=\"72ff24c\" data-element_type=\"widget\" data-e-type=\"widget\" data-widget_type=\"text-editor.default\">\n\t\t\t\t<div class=\"elementor-widget-container\">\n\t\t\t\t\t\t\t\t\tSabies que la pujada m\u00e0xima del teu lloguer dep\u00e8n de quan vas signar el contracte? Des del 2023 s\u2019aplica un nou \u00edndex: l\u2019IRAV, que en molts casos substitueix l\u2019IPC. En aquesta guia t\u2019expliquem com funciona, com calcular la teva nova renda i quines eines pots utilitzar.\t\t\t\t\t\t\t\t<\/div>\n\t\t\t\t<\/div>\n\t\t\t\t<div class=\"elementor-element elementor-element-ae30c8a elementor-widget elementor-widget-image\" data-id=\"ae30c8a\" data-element_type=\"widget\" data-e-type=\"widget\" data-widget_type=\"image.default\">\n\t\t\t\t<div class=\"elementor-widget-container\">\n\t\t\t\t\t\t\t\t\t\t\t\t\t\t\t<img decoding=\"async\" src=\"https:\/\/puntohabitat.es\/wp-content\/uploads\/2025\/08\/AdobeStock_632102672.webp\" title=\"\" alt=\"C\u00f3mo actualizar la renta del alquiler en 2025\" loading=\"lazy\" \/>\t\t\t\t\t\t\t\t\t\t\t\t\t\t\t<\/div>\n\t\t\t\t<\/div>\n\t\t\t\t\t<\/div>\n\t\t<\/div>\n\t\t\t\t\t<\/div>\n\t\t<\/section>\n\t\t\t\t<section data-particle_enable=\"false\" data-particle-mobile-disabled=\"false\" class=\"elementor-section elementor-top-section elementor-element elementor-element-6a04a40 elementor-section-boxed elementor-section-height-default elementor-section-height-default\" data-id=\"6a04a40\" data-element_type=\"section\" data-e-type=\"section\">\n\t\t\t\t\t\t<div class=\"elementor-container elementor-column-gap-default\">\n\t\t\t\t\t<div class=\"elementor-column elementor-col-100 elementor-top-column elementor-element elementor-element-1120a9c\" data-id=\"1120a9c\" data-element_type=\"column\" data-e-type=\"column\">\n\t\t\t<div class=\"elementor-widget-wrap elementor-element-populated\">\n\t\t\t\t\t\t<div class=\"elementor-element elementor-element-d50d207 elementor-widget elementor-widget-heading\" data-id=\"d50d207\" data-element_type=\"widget\" data-e-type=\"widget\" data-widget_type=\"heading.default\">\n\t\t\t\t<div class=\"elementor-widget-container\">\n\t\t\t\t\t<h2 class=\"elementor-heading-title elementor-size-default\">Quin \u00edndex s\u2019aplica al teu contracte?<\/h2>\t\t\t\t<\/div>\n\t\t\t\t<\/div>\n\t\t\t\t<div class=\"elementor-element elementor-element-6d59ebe elementor-widget elementor-widget-text-editor\" data-id=\"6d59ebe\" data-element_type=\"widget\" data-e-type=\"widget\" data-widget_type=\"text-editor.default\">\n\t\t\t\t<div class=\"elementor-widget-container\">\n\t\t\t\t\t\t\t\t\t<p data-start=\"0\" data-end=\"97\">\ud83d\uddd3 Contractes signats abans del 26 de maig de 2023<br data-start=\"50\" data-end=\"53\" \/>\u2192 S\u2019hi aplica l\u2019IPC o l\u2019IGC, si est\u00e0 pactat.<\/p><br><p data-start=\"99\" data-end=\"221\">\ud83d\uddd3 Contractes signats a partir del 26 de maig de 2023<br data-start=\"152\" data-end=\"155\" \/>\u2192 S\u2019hi aplica el nou IRAV, sempre que estigui pactat al contracte.<\/p><br><p data-start=\"223\" data-end=\"318\" data-is-last-node=\"\" data-is-only-node=\"\">\ud83d\udca1 Nota: si el teu contracte no inclou una cl\u00e0usula d\u2019actualitzaci\u00f3, no es pot apujar la renda.<\/p>\t\t\t\t\t\t\t\t<\/div>\n\t\t\t\t<\/div>\n\t\t\t\t\t<\/div>\n\t\t<\/div>\n\t\t\t\t\t<\/div>\n\t\t<\/section>\n\t\t\t\t<section data-particle_enable=\"false\" data-particle-mobile-disabled=\"false\" class=\"elementor-section elementor-top-section elementor-element elementor-element-9871845 elementor-section-boxed elementor-section-height-default elementor-section-height-default\" data-id=\"9871845\" data-element_type=\"section\" data-e-type=\"section\">\n\t\t\t\t\t\t<div class=\"elementor-container elementor-column-gap-default\">\n\t\t\t\t\t<div class=\"elementor-column elementor-col-100 elementor-top-column elementor-element elementor-element-137157c\" data-id=\"137157c\" data-element_type=\"column\" data-e-type=\"column\">\n\t\t\t<div class=\"elementor-widget-wrap elementor-element-populated\">\n\t\t\t\t\t\t<div class=\"elementor-element elementor-element-678697d elementor-widget elementor-widget-heading\" data-id=\"678697d\" data-element_type=\"widget\" data-e-type=\"widget\" data-widget_type=\"heading.default\">\n\t\t\t\t<div class=\"elementor-widget-container\">\n\t\t\t\t\t<h2 class=\"elementor-heading-title elementor-size-default\">Com calcular la pujada m\u00e0xima del teu lloguer?<\/h2>\t\t\t\t<\/div>\n\t\t\t\t<\/div>\n\t\t\t\t<div class=\"elementor-element elementor-element-c39d076 elementor-widget elementor-widget-text-editor\" data-id=\"c39d076\" data-element_type=\"widget\" data-e-type=\"widget\" data-widget_type=\"text-editor.default\">\n\t\t\t\t<div class=\"elementor-widget-container\">\n\t\t\t\t\t\t\t\t\t<p data-start=\"0\" data-end=\"23\">Instruccions pas a pas:<\/p><br><p data-start=\"25\" data-end=\"118\">Accedeix a la web del Ministeri:<br data-start=\"57\" data-end=\"60\" \/>\ud83d\udc49 <a href=\"https:\/\/www.mivau.gob.es\/vivienda\/calculadora-precio-alquiler\" target=\"_blank\" rel=\"noopener\">Calculadora oficial d\u2019actualitzaci\u00f3 del lloguer (MIVAU)<\/a><\/p><br><p data-start=\"120\" data-end=\"193\">Selecciona si el contracte \u00e9s anterior o posterior al 26 de maig de 2023.<\/p><br><p data-start=\"195\" data-end=\"247\">Introdueix l\u2019import mensual de la teva renda actual.<\/p><br><p data-start=\"249\" data-end=\"279\">Prem \u201cCalcular pujada m\u00e0xima\u201d.<\/p><br><p data-start=\"281\" data-end=\"334\" data-is-last-node=\"\" data-is-only-node=\"\">Veureu la nova renda m\u00e0xima i el percentatge aplicat.<\/p>\t\t\t\t\t\t\t\t<\/div>\n\t\t\t\t<\/div>\n\t\t\t\t\t<\/div>\n\t\t<\/div>\n\t\t\t\t\t<\/div>\n\t\t<\/section>\n\t\t\t\t<section data-particle_enable=\"false\" data-particle-mobile-disabled=\"false\" class=\"elementor-section elementor-top-section elementor-element elementor-element-e6f17d6 elementor-section-boxed elementor-section-height-default elementor-section-height-default\" data-id=\"e6f17d6\" data-element_type=\"section\" data-e-type=\"section\">\n\t\t\t\t\t\t<div class=\"elementor-container elementor-column-gap-default\">\n\t\t\t\t\t<div class=\"elementor-column elementor-col-100 elementor-top-column elementor-element elementor-element-c24d7f4\" data-id=\"c24d7f4\" data-element_type=\"column\" data-e-type=\"column\">\n\t\t\t<div class=\"elementor-widget-wrap elementor-element-populated\">\n\t\t\t\t\t\t<div class=\"elementor-element elementor-element-a725b80 elementor-widget elementor-widget-image\" data-id=\"a725b80\" data-element_type=\"widget\" data-e-type=\"widget\" data-widget_type=\"image.default\">\n\t\t\t\t<div class=\"elementor-widget-container\">\n\t\t\t\t\t\t\t\t\t\t\t\t\t\t\t<img fetchpriority=\"high\" decoding=\"async\" width=\"1024\" height=\"678\" src=\"https:\/\/puntohabitat.es\/wp-content\/uploads\/2025\/08\/AdobeStock_217053729-1024x678.webp\" class=\"attachment-large size-large wp-image-89544\" alt=\"C\u00f3mo actualizar la renta del alquiler en 2025\" srcset=\"https:\/\/puntohabitat.es\/wp-content\/uploads\/2025\/08\/AdobeStock_217053729-1024x678.webp 1024w, https:\/\/puntohabitat.es\/wp-content\/uploads\/2025\/08\/AdobeStock_217053729-300x199.webp 300w, https:\/\/puntohabitat.es\/wp-content\/uploads\/2025\/08\/AdobeStock_217053729-768x509.webp 768w, https:\/\/puntohabitat.es\/wp-content\/uploads\/2025\/08\/AdobeStock_217053729-906x600.webp 906w, https:\/\/puntohabitat.es\/wp-content\/uploads\/2025\/08\/AdobeStock_217053729-496x329.webp 496w, https:\/\/puntohabitat.es\/wp-content\/uploads\/2025\/08\/AdobeStock_217053729.webp 1200w\" sizes=\"(max-width: 1024px) 100vw, 1024px\" \/>\t\t\t\t\t\t\t\t\t\t\t\t\t\t\t<\/div>\n\t\t\t\t<\/div>\n\t\t\t\t<div class=\"elementor-element elementor-element-7e4054b elementor-widget elementor-widget-heading\" data-id=\"7e4054b\" data-element_type=\"widget\" data-e-type=\"widget\" data-widget_type=\"heading.default\">\n\t\t\t\t<div class=\"elementor-widget-container\">\n\t\t\t\t\t<h2 class=\"elementor-heading-title elementor-size-default\">Preguntes freq\u00fcents<\/h2>\t\t\t\t<\/div>\n\t\t\t\t<\/div>\n\t\t\t\t<div class=\"elementor-element elementor-element-bec0da0 elementor-widget elementor-widget-toggle\" data-id=\"bec0da0\" data-element_type=\"widget\" data-e-type=\"widget\" data-widget_type=\"toggle.default\">\n\t\t\t\t<div class=\"elementor-widget-container\">\n\t\t\t\t\t\t\t<div class=\"elementor-toggle\">\n\t\t\t\t\t\t\t<div class=\"elementor-toggle-item\">\n\t\t\t\t\t<div id=\"elementor-tab-title-2001\" class=\"elementor-tab-title\" data-tab=\"1\" role=\"button\" aria-controls=\"elementor-tab-content-2001\" aria-expanded=\"false\">\n\t\t\t\t\t\t\t\t\t\t\t\t<span class=\"elementor-toggle-icon elementor-toggle-icon-left\" aria-hidden=\"true\">\n\t\t\t\t\t\t\t\t\t\t\t\t\t\t\t<span class=\"elementor-toggle-icon-closed\"><i class=\"fas fa-caret-right\"><\/i><\/span>\n\t\t\t\t\t\t\t\t<span class=\"elementor-toggle-icon-opened\"><i class=\"elementor-toggle-icon-opened fas fa-caret-up\"><\/i><\/span>\n\t\t\t\t\t\t\t\t\t\t\t\t\t<\/span>\n\t\t\t\t\t\t\t\t\t\t\t\t<a class=\"elementor-toggle-title\" tabindex=\"0\">Puc aplicar la pujada del lloguer sense acord?<\/a>\n\t\t\t\t\t<\/div>\n\n\t\t\t\t\t<div id=\"elementor-tab-content-2001\" class=\"elementor-tab-content elementor-clearfix\" data-tab=\"1\" role=\"region\" aria-labelledby=\"elementor-tab-title-2001\"><p>No. Nom\u00e9s si el contracte inclou una cl\u00e0usula d\u2019actualitzaci\u00f3.<\/p>\n<\/div>\n\t\t\t\t<\/div>\n\t\t\t\t\t\t\t<div class=\"elementor-toggle-item\">\n\t\t\t\t\t<div id=\"elementor-tab-title-2002\" class=\"elementor-tab-title\" data-tab=\"2\" role=\"button\" aria-controls=\"elementor-tab-content-2002\" aria-expanded=\"false\">\n\t\t\t\t\t\t\t\t\t\t\t\t<span class=\"elementor-toggle-icon elementor-toggle-icon-left\" aria-hidden=\"true\">\n\t\t\t\t\t\t\t\t\t\t\t\t\t\t\t<span class=\"elementor-toggle-icon-closed\"><i class=\"fas fa-caret-right\"><\/i><\/span>\n\t\t\t\t\t\t\t\t<span class=\"elementor-toggle-icon-opened\"><i class=\"elementor-toggle-icon-opened fas fa-caret-up\"><\/i><\/span>\n\t\t\t\t\t\t\t\t\t\t\t\t\t<\/span>\n\t\t\t\t\t\t\t\t\t\t\t\t<a class=\"elementor-toggle-title\" tabindex=\"0\">L\u2019IRAV \u00e9s obligatori?<\/a>\n\t\t\t\t\t<\/div>\n\n\t\t\t\t\t<div id=\"elementor-tab-content-2002\" class=\"elementor-tab-content elementor-clearfix\" data-tab=\"2\" role=\"region\" aria-labelledby=\"elementor-tab-title-2002\"><p>No. Nom\u00e9s s\u2019aplica si es va pactar expressament al contracte a partir de maig de 2023.<\/p>\n<\/div>\n\t\t\t\t<\/div>\n\t\t\t\t\t\t\t<div class=\"elementor-toggle-item\">\n\t\t\t\t\t<div id=\"elementor-tab-title-2003\" class=\"elementor-tab-title\" data-tab=\"3\" role=\"button\" aria-controls=\"elementor-tab-content-2003\" aria-expanded=\"false\">\n\t\t\t\t\t\t\t\t\t\t\t\t<span class=\"elementor-toggle-icon elementor-toggle-icon-left\" aria-hidden=\"true\">\n\t\t\t\t\t\t\t\t\t\t\t\t\t\t\t<span class=\"elementor-toggle-icon-closed\"><i class=\"fas fa-caret-right\"><\/i><\/span>\n\t\t\t\t\t\t\t\t<span class=\"elementor-toggle-icon-opened\"><i class=\"elementor-toggle-icon-opened fas fa-caret-up\"><\/i><\/span>\n\t\t\t\t\t\t\t\t\t\t\t\t\t<\/span>\n\t\t\t\t\t\t\t\t\t\t\t\t<a class=\"elementor-toggle-title\" tabindex=\"0\">Es pot apujar el lloguer si el propietari no va avisar en la data de renovaci\u00f3 anual?<\/a>\n\t\t\t\t\t<\/div>\n\n\t\t\t\t\t<div id=\"elementor-tab-content-2003\" class=\"elementor-tab-content elementor-clearfix\" data-tab=\"3\" role=\"region\" aria-labelledby=\"elementor-tab-title-2003\"><p>S\u00ed, <strong>per\u00f2 la pujada nom\u00e9s es pot aplicar a partir del mes seg\u00fcent a la notificaci\u00f3 per escrit<\/strong>. Encara que hagi passat la data de renovaci\u00f3 anual,<strong> no es pot aplicar amb car\u00e0cter retroactiu als mesos anteriors.<\/strong><br data-start=\"207\" data-end=\"210\" \/>Per exemple, si el contracte es va renovar a l\u2019abril per\u00f2 el propietari avisa a l\u2019agost, la nova renda nom\u00e9s es pot aplicar a partir del setembre.<\/p>\n<\/div>\n\t\t\t\t<\/div>\n\t\t\t\t\t\t\t<div class=\"elementor-toggle-item\">\n\t\t\t\t\t<div id=\"elementor-tab-title-2004\" class=\"elementor-tab-title\" data-tab=\"4\" role=\"button\" aria-controls=\"elementor-tab-content-2004\" aria-expanded=\"false\">\n\t\t\t\t\t\t\t\t\t\t\t\t<span class=\"elementor-toggle-icon elementor-toggle-icon-left\" aria-hidden=\"true\">\n\t\t\t\t\t\t\t\t\t\t\t\t\t\t\t<span class=\"elementor-toggle-icon-closed\"><i class=\"fas fa-caret-right\"><\/i><\/span>\n\t\t\t\t\t\t\t\t<span class=\"elementor-toggle-icon-opened\"><i class=\"elementor-toggle-icon-opened fas fa-caret-up\"><\/i><\/span>\n\t\t\t\t\t\t\t\t\t\t\t\t\t<\/span>\n\t\t\t\t\t\t\t\t\t\t\t\t<a class=\"elementor-toggle-title\" tabindex=\"0\">\u00c9s sempre necessari pactar una cl\u00e0usula d\u2019actualitzaci\u00f3 al contracte?<\/a>\n\t\t\t\t\t<\/div>\n\n\t\t\t\t\t<div id=\"elementor-tab-content-2004\" class=\"elementor-tab-content elementor-clearfix\" data-tab=\"4\" role=\"region\" aria-labelledby=\"elementor-tab-title-2004\"><p>S\u00ed. L\u2019actualitzaci\u00f3 de la renda nom\u00e9s es pot aplicar si el contracte inclou una cl\u00e0usula expressa. Sense aquesta cl\u00e0usula, encara que hi hagi hagut una pujada de l\u2019IPC o de l\u2019IRAV, <strong>no es pot exigir.<\/strong><\/p>\n<\/div>\n\t\t\t\t<\/div>\n\t\t\t\t\t\t\t<div class=\"elementor-toggle-item\">\n\t\t\t\t\t<div id=\"elementor-tab-title-2005\" class=\"elementor-tab-title\" data-tab=\"5\" role=\"button\" aria-controls=\"elementor-tab-content-2005\" aria-expanded=\"false\">\n\t\t\t\t\t\t\t\t\t\t\t\t<span class=\"elementor-toggle-icon elementor-toggle-icon-left\" aria-hidden=\"true\">\n\t\t\t\t\t\t\t\t\t\t\t\t\t\t\t<span class=\"elementor-toggle-icon-closed\"><i class=\"fas fa-caret-right\"><\/i><\/span>\n\t\t\t\t\t\t\t\t<span class=\"elementor-toggle-icon-opened\"><i class=\"elementor-toggle-icon-opened fas fa-caret-up\"><\/i><\/span>\n\t\t\t\t\t\t\t\t\t\t\t\t\t<\/span>\n\t\t\t\t\t\t\t\t\t\t\t\t<a class=\"elementor-toggle-title\" tabindex=\"0\">Quin \u00edndex s\u2019aplica: IPC, IGC o IRAV?<\/a>\n\t\t\t\t\t<\/div>\n\n\t\t\t\t\t<div id=\"elementor-tab-content-2005\" class=\"elementor-tab-content elementor-clearfix\" data-tab=\"5\" role=\"region\" aria-labelledby=\"elementor-tab-title-2005\"><ul>\n<li data-start=\"0\" data-end=\"62\">Contractes amb data <strong>anterior al 26 de maig de 2023:<\/strong> IPC o IGC.<\/li>\n<li data-start=\"64\" data-end=\"130\">Contractes<strong> a partir d\u2019aquella data<\/strong>, amb cl\u00e0usula: s\u2019aplica<strong> l\u2019IRAV.<\/strong><\/li>\n<\/ul>\n<\/div>\n\t\t\t\t<\/div>\n\t\t\t\t\t\t\t<div class=\"elementor-toggle-item\">\n\t\t\t\t\t<div id=\"elementor-tab-title-2006\" class=\"elementor-tab-title\" data-tab=\"6\" role=\"button\" aria-controls=\"elementor-tab-content-2006\" aria-expanded=\"false\">\n\t\t\t\t\t\t\t\t\t\t\t\t<span class=\"elementor-toggle-icon elementor-toggle-icon-left\" aria-hidden=\"true\">\n\t\t\t\t\t\t\t\t\t\t\t\t\t\t\t<span class=\"elementor-toggle-icon-closed\"><i class=\"fas fa-caret-right\"><\/i><\/span>\n\t\t\t\t\t\t\t\t<span class=\"elementor-toggle-icon-opened\"><i class=\"elementor-toggle-icon-opened fas fa-caret-up\"><\/i><\/span>\n\t\t\t\t\t\t\t\t\t\t\t\t\t<\/span>\n\t\t\t\t\t\t\t\t\t\t\t\t<a class=\"elementor-toggle-title\" tabindex=\"0\">Quin \u00e9s el termini legal per notificar la pujada del lloguer?<\/a>\n\t\t\t\t\t<\/div>\n\n\t\t\t\t\t<div id=\"elementor-tab-content-2006\" class=\"elementor-tab-content elementor-clearfix\" data-tab=\"6\" role=\"region\" aria-labelledby=\"elementor-tab-title-2006\"><p>S\u2019ha de comunicar abans de finalitzar l\u2019anualitat del contracte, idealment amb 15 dies d\u2019antelaci\u00f3, i l\u2019actualitzaci\u00f3 entrar\u00e0 en vigor el mes seg\u00fcent a la notificaci\u00f3.<\/p>\n<\/div>\n\t\t\t\t<\/div>\n\t\t\t\t\t\t\t<div class=\"elementor-toggle-item\">\n\t\t\t\t\t<div id=\"elementor-tab-title-2007\" class=\"elementor-tab-title\" data-tab=\"7\" role=\"button\" aria-controls=\"elementor-tab-content-2007\" aria-expanded=\"false\">\n\t\t\t\t\t\t\t\t\t\t\t\t<span class=\"elementor-toggle-icon elementor-toggle-icon-left\" aria-hidden=\"true\">\n\t\t\t\t\t\t\t\t\t\t\t\t\t\t\t<span class=\"elementor-toggle-icon-closed\"><i class=\"fas fa-caret-right\"><\/i><\/span>\n\t\t\t\t\t\t\t\t<span class=\"elementor-toggle-icon-opened\"><i class=\"elementor-toggle-icon-opened fas fa-caret-up\"><\/i><\/span>\n\t\t\t\t\t\t\t\t\t\t\t\t\t<\/span>\n\t\t\t\t\t\t\t\t\t\t\t\t<a class=\"elementor-toggle-title\" tabindex=\"0\">Quantes vegades es pot apujar la renda durant el mateix contracte?<\/a>\n\t\t\t\t\t<\/div>\n\n\t\t\t\t\t<div id=\"elementor-tab-content-2007\" class=\"elementor-tab-content elementor-clearfix\" data-tab=\"7\" role=\"region\" aria-labelledby=\"elementor-tab-title-2007\"><p>La llei permet una \u00fanica actualitzaci\u00f3 per anualitat. El propietari no pot aplicar m\u00e9s d\u2019una pujada durant el mateix any contractual.<\/p>\n<\/div>\n\t\t\t\t<\/div>\n\t\t\t\t\t\t\t<div class=\"elementor-toggle-item\">\n\t\t\t\t\t<div id=\"elementor-tab-title-2008\" class=\"elementor-tab-title\" data-tab=\"8\" role=\"button\" aria-controls=\"elementor-tab-content-2008\" aria-expanded=\"false\">\n\t\t\t\t\t\t\t\t\t\t\t\t<span class=\"elementor-toggle-icon elementor-toggle-icon-left\" aria-hidden=\"true\">\n\t\t\t\t\t\t\t\t\t\t\t\t\t\t\t<span class=\"elementor-toggle-icon-closed\"><i class=\"fas fa-caret-right\"><\/i><\/span>\n\t\t\t\t\t\t\t\t<span class=\"elementor-toggle-icon-opened\"><i class=\"elementor-toggle-icon-opened fas fa-caret-up\"><\/i><\/span>\n\t\t\t\t\t\t\t\t\t\t\t\t\t<\/span>\n\t\t\t\t\t\t\t\t\t\t\t\t<a class=\"elementor-toggle-title\" tabindex=\"0\">On es consulten els \u00edndexs oficials com l\u2019IRAV?<\/a>\n\t\t\t\t\t<\/div>\n\n\t\t\t\t\t<div id=\"elementor-tab-content-2008\" class=\"elementor-tab-content elementor-clearfix\" data-tab=\"8\" role=\"region\" aria-labelledby=\"elementor-tab-title-2008\"><p>Es publiquen cada mes per l\u2019INE i tamb\u00e9 es poden calcular des de l\u2019eina oficial del Ministeri MIVAU.<\/p>\n<\/div>\n\t\t\t\t<\/div>\n\t\t\t\t\t\t\t<div class=\"elementor-toggle-item\">\n\t\t\t\t\t<div id=\"elementor-tab-title-2009\" class=\"elementor-tab-title\" data-tab=\"9\" role=\"button\" aria-controls=\"elementor-tab-content-2009\" aria-expanded=\"false\">\n\t\t\t\t\t\t\t\t\t\t\t\t<span class=\"elementor-toggle-icon elementor-toggle-icon-left\" aria-hidden=\"true\">\n\t\t\t\t\t\t\t\t\t\t\t\t\t\t\t<span class=\"elementor-toggle-icon-closed\"><i class=\"fas fa-caret-right\"><\/i><\/span>\n\t\t\t\t\t\t\t\t<span class=\"elementor-toggle-icon-opened\"><i class=\"elementor-toggle-icon-opened fas fa-caret-up\"><\/i><\/span>\n\t\t\t\t\t\t\t\t\t\t\t\t\t<\/span>\n\t\t\t\t\t\t\t\t\t\t\t\t<a class=\"elementor-toggle-title\" tabindex=\"0\">L\u2019IRAV inclou pujades per zones tensionades o restriccions addicionals?<\/a>\n\t\t\t\t\t<\/div>\n\n\t\t\t\t\t<div id=\"elementor-tab-content-2009\" class=\"elementor-tab-content elementor-clearfix\" data-tab=\"9\" role=\"region\" aria-labelledby=\"elementor-tab-title-2009\"><p>L\u2019IRAV \u00e9s l\u2019\u00edndex general. Nom\u00e9s a les zones tensionades (com Catalunya) poden existir l\u00edmits addicionals, per\u00f2 l\u2019IRAV serveix sempre com a base.<\/p>\n<\/div>\n\t\t\t\t<\/div>\n\t\t\t\t\t\t\t\t<\/div>\n\t\t\t\t\t\t<\/div>\n\t\t\t\t<\/div>\n\t\t\t\t\t<\/div>\n\t\t<\/div>\n\t\t\t\t\t<\/div>\n\t\t<\/section>\n\t\t\t\t<section data-particle_enable=\"false\" data-particle-mobile-disabled=\"false\" class=\"elementor-section elementor-top-section elementor-element elementor-element-823ba22 elementor-section-boxed elementor-section-height-default elementor-section-height-default\" data-id=\"823ba22\" data-element_type=\"section\" data-e-type=\"section\">\n\t\t\t\t\t\t<div class=\"elementor-container elementor-column-gap-default\">\n\t\t\t\t\t<div class=\"elementor-column elementor-col-100 elementor-top-column elementor-element elementor-element-e2d0dd3\" data-id=\"e2d0dd3\" data-element_type=\"column\" data-e-type=\"column\">\n\t\t\t<div class=\"elementor-widget-wrap elementor-element-populated\">\n\t\t\t\t\t\t<div class=\"elementor-element elementor-element-ccb3215 elementor-widget elementor-widget-heading\" data-id=\"ccb3215\" data-element_type=\"widget\" data-e-type=\"widget\" data-widget_type=\"heading.default\">\n\t\t\t\t<div class=\"elementor-widget-container\">\n\t\t\t\t\t<h2 class=\"elementor-heading-title elementor-size-default\">Recomanacions de PUNTO HABITAT<\/h2>\t\t\t\t<\/div>\n\t\t\t\t<\/div>\n\t\t\t\t<div class=\"elementor-element elementor-element-3166a03 elementor-widget elementor-widget-text-editor\" data-id=\"3166a03\" data-element_type=\"widget\" data-e-type=\"widget\" data-widget_type=\"text-editor.default\">\n\t\t\t\t<div class=\"elementor-widget-container\">\n\t\t\t\t\t\t\t\t\t<ul>\r\n \t<li data-start=\"0\" data-end=\"57\">Verifica si el teu contracte permet actualitzar la renda.<\/li>\r\n \t<li data-start=\"59\" data-end=\"116\">Consulta quin \u00edndex s\u2019aplica segons la data de signatura.<\/li>\r\n \t<li data-start=\"118\" data-end=\"169\">Fes servir fonts oficials com la web del Ministeri.<\/li>\r\n \t<li data-start=\"171\" data-end=\"221\">Si ets propietari, aplica sempre l\u2019\u00edndex correcte.<\/li>\r\n \t<li data-start=\"223\" data-end=\"294\">Si ets llogater, demana el desglossament del c\u00e0lcul si no ho tens clar.<\/li>\r\n<\/ul>\t\t\t\t\t\t\t\t<\/div>\n\t\t\t\t<\/div>\n\t\t\t\t\t<\/div>\n\t\t<\/div>\n\t\t\t\t\t<\/div>\n\t\t<\/section>\n\t\t\t\t<section data-particle_enable=\"false\" data-particle-mobile-disabled=\"false\" class=\"elementor-section elementor-top-section elementor-element elementor-element-77a31e4a elementor-section-boxed elementor-section-height-default elementor-section-height-default\" data-id=\"77a31e4a\" data-element_type=\"section\" data-e-type=\"section\">\n\t\t\t\t\t\t<div class=\"elementor-container elementor-column-gap-default\">\n\t\t\t\t\t<div class=\"elementor-column elementor-col-100 elementor-top-column elementor-element elementor-element-36c0ada2\" data-id=\"36c0ada2\" data-element_type=\"column\" data-e-type=\"column\">\n\t\t\t<div class=\"elementor-widget-wrap elementor-element-populated\">\n\t\t\t\t\t\t<div class=\"elementor-element elementor-element-16592d0d elementor-widget elementor-widget-heading\" data-id=\"16592d0d\" data-element_type=\"widget\" data-e-type=\"widget\" data-widget_type=\"heading.default\">\n\t\t\t\t<div class=\"elementor-widget-container\">\n\t\t\t\t\t<h2 class=\"elementor-heading-title elementor-size-default\">Tamb\u00e9 et pot interessar<\/h2>\t\t\t\t<\/div>\n\t\t\t\t<\/div>\n\t\t\t\t<div class=\"elementor-element elementor-element-35f29f01 elementor-grid-1 elementor-posts--thumbnail-left elementor-grid-tablet-1 elementor-grid-mobile-1 elementor-widget elementor-widget-posts\" data-id=\"35f29f01\" data-element_type=\"widget\" data-e-type=\"widget\" data-settings=\"{&quot;classic_row_gap&quot;:{&quot;unit&quot;:&quot;px&quot;,&quot;size&quot;:&quot;20&quot;,&quot;sizes&quot;:[]},&quot;classic_columns&quot;:&quot;1&quot;,&quot;classic_columns_tablet&quot;:&quot;1&quot;,&quot;classic_columns_mobile&quot;:&quot;1&quot;,&quot;classic_row_gap_tablet&quot;:{&quot;unit&quot;:&quot;px&quot;,&quot;size&quot;:&quot;&quot;,&quot;sizes&quot;:[]},&quot;classic_row_gap_mobile&quot;:{&quot;unit&quot;:&quot;px&quot;,&quot;size&quot;:&quot;&quot;,&quot;sizes&quot;:[]}}\" data-widget_type=\"posts.classic\">\n\t\t\t\t<div class=\"elementor-widget-container\">\n\t\t\t\t\t\t\t<div class=\"elementor-posts-container elementor-posts elementor-posts--skin-classic elementor-grid\" role=\"list\">\n\t\t\t\t<article class=\"elementor-post elementor-grid-item post-91653 post type-post status-publish format-standard has-post-thumbnail hentry category-alquiler category-legal tag-immobiliaria-lloguer-barcelona tag-lloguer-barcelona\" role=\"listitem\">\n\t\t\t\t<a class=\"elementor-post__thumbnail__link\" href=\"https:\/\/puntohabitat.es\/ca\/llei-lloguer-temporal\/\" tabindex=\"-1\" target=&quot;_blank&quot;>\n\t\t\t<div class=\"elementor-post__thumbnail\"><img decoding=\"async\" width=\"300\" height=\"200\" src=\"https:\/\/puntohabitat.es\/wp-content\/uploads\/2025\/12\/Nueva-Ley-Alquiler-Temporal-Catalunya--300x200.webp\" class=\"attachment-medium size-medium wp-image-91483\" alt=\"Nueva Ley Alquiler Temporal Catalunya\" srcset=\"https:\/\/puntohabitat.es\/wp-content\/uploads\/2025\/12\/Nueva-Ley-Alquiler-Temporal-Catalunya--300x200.webp 300w, https:\/\/puntohabitat.es\/wp-content\/uploads\/2025\/12\/Nueva-Ley-Alquiler-Temporal-Catalunya--1024x683.webp 1024w, https:\/\/puntohabitat.es\/wp-content\/uploads\/2025\/12\/Nueva-Ley-Alquiler-Temporal-Catalunya--768x512.webp 768w, https:\/\/puntohabitat.es\/wp-content\/uploads\/2025\/12\/Nueva-Ley-Alquiler-Temporal-Catalunya--1170x785.webp 1170w, https:\/\/puntohabitat.es\/wp-content\/uploads\/2025\/12\/Nueva-Ley-Alquiler-Temporal-Catalunya--900x600.webp 900w, https:\/\/puntohabitat.es\/wp-content\/uploads\/2025\/12\/Nueva-Ley-Alquiler-Temporal-Catalunya--496x331.webp 496w, https:\/\/puntohabitat.es\/wp-content\/uploads\/2025\/12\/Nueva-Ley-Alquiler-Temporal-Catalunya-.webp 1200w\" sizes=\"(max-width: 300px) 100vw, 300px\" \/><\/div>\n\t\t<\/a>\n\t\t\t\t<div class=\"elementor-post__text\">\n\t\t\t\t<h5 class=\"elementor-post__title\">\n\t\t\t<a href=\"https:\/\/puntohabitat.es\/ca\/llei-lloguer-temporal\/\" target=&quot;_blank&quot;>\n\t\t\t\tLLei del lloguer temporal a Barcelona y Catalunya\t\t\t<\/a>\n\t\t<\/h5>\n\t\t\t\t<\/div>\n\t\t\t\t<\/article>\n\t\t\t\t<article class=\"elementor-post elementor-grid-item post-90481 post type-post status-publish format-standard has-post-thumbnail hentry category-venda category-viure-a-barcelona tag-barcelona-ca tag-valoracio-pis tag-vendre-pis tag-viure-a-barcelona\" role=\"listitem\">\n\t\t\t\t<a class=\"elementor-post__thumbnail__link\" href=\"https:\/\/puntohabitat.es\/ca\/bombolla-immobiliaria-barcelona-2025\/\" tabindex=\"-1\" target=&quot;_blank&quot;>\n\t\t\t<div class=\"elementor-post__thumbnail\"><img decoding=\"async\" width=\"300\" height=\"200\" src=\"https:\/\/puntohabitat.es\/wp-content\/uploads\/2025\/08\/20250822_1633_Barcelona-y-Burbuja-Inmobiliaria_simple_compose_01k3932jjyf0xvg8rnd9ck452r-300x200.webp\" class=\"attachment-medium size-medium wp-image-90357\" alt=\"Tr\u00e1mites vender piso Barcelona\" srcset=\"https:\/\/puntohabitat.es\/wp-content\/uploads\/2025\/08\/20250822_1633_Barcelona-y-Burbuja-Inmobiliaria_simple_compose_01k3932jjyf0xvg8rnd9ck452r-300x200.webp 300w, https:\/\/puntohabitat.es\/wp-content\/uploads\/2025\/08\/20250822_1633_Barcelona-y-Burbuja-Inmobiliaria_simple_compose_01k3932jjyf0xvg8rnd9ck452r-768x512.webp 768w, https:\/\/puntohabitat.es\/wp-content\/uploads\/2025\/08\/20250822_1633_Barcelona-y-Burbuja-Inmobiliaria_simple_compose_01k3932jjyf0xvg8rnd9ck452r-1024x683.webp 1024w, https:\/\/puntohabitat.es\/wp-content\/uploads\/2025\/08\/20250822_1633_Barcelona-y-Burbuja-Inmobiliaria_simple_compose_01k3932jjyf0xvg8rnd9ck452r-1170x785.webp 1170w, https:\/\/puntohabitat.es\/wp-content\/uploads\/2025\/08\/20250822_1633_Barcelona-y-Burbuja-Inmobiliaria_simple_compose_01k3932jjyf0xvg8rnd9ck452r-900x600.webp 900w, https:\/\/puntohabitat.es\/wp-content\/uploads\/2025\/08\/20250822_1633_Barcelona-y-Burbuja-Inmobiliaria_simple_compose_01k3932jjyf0xvg8rnd9ck452r-496x331.webp 496w, https:\/\/puntohabitat.es\/wp-content\/uploads\/2025\/08\/20250822_1633_Barcelona-y-Burbuja-Inmobiliaria_simple_compose_01k3932jjyf0xvg8rnd9ck452r.webp 1200w\" sizes=\"(max-width: 300px) 100vw, 300px\" \/><\/div>\n\t\t<\/a>\n\t\t\t\t<div class=\"elementor-post__text\">\n\t\t\t\t<h5 class=\"elementor-post__title\">\n\t\t\t<a href=\"https:\/\/puntohabitat.es\/ca\/bombolla-immobiliaria-barcelona-2025\/\" target=&quot;_blank&quot;>\n\t\t\t\tBarcelona viu una nova bombolla immobili\u00e0ria?\t\t\t<\/a>\n\t\t<\/h5>\n\t\t\t\t<\/div>\n\t\t\t\t<\/article>\n\t\t\t\t<article class=\"elementor-post elementor-grid-item post-89553 post type-post status-publish format-standard has-post-thumbnail hentry category-lloguer tag-immobiliaria-lloguer-barcelona tag-lloguer-barcelona\" role=\"listitem\">\n\t\t\t\t<a class=\"elementor-post__thumbnail__link\" href=\"https:\/\/puntohabitat.es\/ca\/com-actualitzar-la-renda-del-lloguer-el-2025\/\" tabindex=\"-1\" target=&quot;_blank&quot;>\n\t\t\t<div class=\"elementor-post__thumbnail\"><img loading=\"lazy\" decoding=\"async\" width=\"300\" height=\"200\" src=\"https:\/\/puntohabitat.es\/wp-content\/uploads\/2025\/08\/AdobeStock_325588734-300x200.webp\" class=\"attachment-medium size-medium wp-image-89525\" alt=\"\" srcset=\"https:\/\/puntohabitat.es\/wp-content\/uploads\/2025\/08\/AdobeStock_325588734-300x200.webp 300w, https:\/\/puntohabitat.es\/wp-content\/uploads\/2025\/08\/AdobeStock_325588734-768x512.webp 768w, https:\/\/puntohabitat.es\/wp-content\/uploads\/2025\/08\/AdobeStock_325588734-1024x683.webp 1024w, https:\/\/puntohabitat.es\/wp-content\/uploads\/2025\/08\/AdobeStock_325588734-1170x785.webp 1170w, https:\/\/puntohabitat.es\/wp-content\/uploads\/2025\/08\/AdobeStock_325588734-900x600.webp 900w, https:\/\/puntohabitat.es\/wp-content\/uploads\/2025\/08\/AdobeStock_325588734-496x331.webp 496w, https:\/\/puntohabitat.es\/wp-content\/uploads\/2025\/08\/AdobeStock_325588734.webp 1200w\" sizes=\"(max-width: 300px) 100vw, 300px\" \/><\/div>\n\t\t<\/a>\n\t\t\t\t<div class=\"elementor-post__text\">\n\t\t\t\t<h5 class=\"elementor-post__title\">\n\t\t\t<a href=\"https:\/\/puntohabitat.es\/ca\/com-actualitzar-la-renda-del-lloguer-el-2025\/\" target=&quot;_blank&quot;>\n\t\t\t\tCom actualitzar la renda del lloguer el 2025\t\t\t<\/a>\n\t\t<\/h5>\n\t\t\t\t<\/div>\n\t\t\t\t<\/article>\n\t\t\t\t<\/div>\n\t\t\n\t\t\t\t\t\t<\/div>\n\t\t\t\t<\/div>\n\t\t\t\t<div class=\"elementor-element elementor-element-48898877 elementor-widget elementor-widget-html\" data-id=\"48898877\" data-element_type=\"widget\" data-e-type=\"widget\" data-widget_type=\"html.default\">\n\t\t\t\t<div class=\"elementor-widget-container\">\n\t\t\t\t\t<div class=\"cta-valoracion\">\r\n  <div class=\"cta-contenido\">\r\n    <h2>\u00bfQuieres saber cu\u00e1nto vale tu piso?<\/h2>\r\n    <p>Calcula el valor de tu vivienda en menos de 2 minutos con nuestra&nbsp;herramienta&nbsp;online&nbsp;gratuita.<\/p>\r\n    <a href=\"https:\/\/puntohabitat.es\/ca\/valoracio-online\/\" target=\"_blank\" class=\"cta-boton\">Valorar mi vivienda<\/a>\r\n  <\/div><br><\/div><br><br><style>\r\n  @import url('https:\/\/fonts.googleapis.com\/css2?family=Inter:wght@400;500&family=Playfair+Display:wght@500;700&display=swap');\r\n\r\n  .cta-valoracion {\r\n    background-color: #f9f7f4;\r\n    border-radius: 24px;\r\n    padding: 60px 40px;\r\n    text-align: center;\r\n    max-width: 900px;\r\n    margin: 80px auto;\r\n    font-family: 'Inter', sans-serif;\r\n  }\r\n\r\n  .cta-valoracion h2 {\r\n    font-family: 'Playfair Display', serif;\r\n    font-size: 34px;\r\n    font-weight: 700;\r\n    color: #2e2b28;\r\n    margin-bottom: 20px;\r\n  }\r\n\r\n  .cta-valoracion p {\r\n    font-size: 18px;\r\n    color: #4e453e;\r\n    margin-bottom: 32px;\r\n    line-height: 1.5;\r\n  }\r\n\r\n  .cta-boton {\r\n    display: inline-block;\r\n    color: #6e5c50;\r\n    border: 2px solid #6e5c50;\r\n    padding: 12px 24px;\r\n    border-radius: 8px;\r\n    font-weight: 500;\r\n    text-decoration: none;\r\n    font-size: 16px;\r\n    transition: all 0.3s ease;\r\n  }\r\n\r\n  .cta-boton:hover {\r\n    background-color: #6e5c50;\r\n    color: #fff;\r\n  }\r\n\r\n  @media (max-width: 768px) {\r\n    .cta-valoracion {\r\n      padding: 40px 20px;\r\n    }\r\n\r\n    .cta-valoracion h2 {\r\n      font-size: 26px;\r\n    }\r\n\r\n    .cta-valoracion p {\r\n      font-size: 16px;\r\n    }\r\n  }\r\n<\/style>\t\t\t\t<\/div>\n\t\t\t\t<\/div>\n\t\t\t\t\t<\/div>\n\t\t<\/div>\n\t\t\t\t\t<\/div>\n\t\t<\/section>\n\t\t\t\t<section data-particle_enable=\"false\" data-particle-mobile-disabled=\"false\" class=\"elementor-section elementor-top-section elementor-element elementor-element-176b6957 elementor-section-boxed elementor-section-height-default elementor-section-height-default\" data-id=\"176b6957\" data-element_type=\"section\" data-e-type=\"section\">\n\t\t\t\t\t\t<div class=\"elementor-container elementor-column-gap-default\">\n\t\t\t\t\t<div class=\"elementor-column elementor-col-50 elementor-top-column elementor-element elementor-element-57c5e68b\" data-id=\"57c5e68b\" data-element_type=\"column\" data-e-type=\"column\">\n\t\t\t<div class=\"elementor-widget-wrap elementor-element-populated\">\n\t\t\t\t\t\t<div class=\"elementor-element elementor-element-56d40c8f elementor-widget elementor-widget-image\" data-id=\"56d40c8f\" data-element_type=\"widget\" data-e-type=\"widget\" data-widget_type=\"image.default\">\n\t\t\t\t<div class=\"elementor-widget-container\">\n\t\t\t\t\t\t\t\t\t\t\t\t\t\t\t<img loading=\"lazy\" decoding=\"async\" width=\"1024\" height=\"768\" src=\"https:\/\/puntohabitat.es\/wp-content\/uploads\/2025\/03\/Inmobiliaria-Barcelona-PUNTO-HABITAT-1024x768.jpg\" class=\"attachment-large size-large wp-image-85868\" alt=\"Inmobiliaria-Barcelona-PUNTO-HABITAT\" srcset=\"https:\/\/puntohabitat.es\/wp-content\/uploads\/2025\/03\/Inmobiliaria-Barcelona-PUNTO-HABITAT-1024x768.jpg 1024w, https:\/\/puntohabitat.es\/wp-content\/uploads\/2025\/03\/Inmobiliaria-Barcelona-PUNTO-HABITAT-300x225.jpg 300w, https:\/\/puntohabitat.es\/wp-content\/uploads\/2025\/03\/Inmobiliaria-Barcelona-PUNTO-HABITAT-768x576.jpg 768w, https:\/\/puntohabitat.es\/wp-content\/uploads\/2025\/03\/Inmobiliaria-Barcelona-PUNTO-HABITAT-592x444.jpg 592w, https:\/\/puntohabitat.es\/wp-content\/uploads\/2025\/03\/Inmobiliaria-Barcelona-PUNTO-HABITAT-584x438.jpg 584w, https:\/\/puntohabitat.es\/wp-content\/uploads\/2025\/03\/Inmobiliaria-Barcelona-PUNTO-HABITAT-800x600.jpg 800w, https:\/\/puntohabitat.es\/wp-content\/uploads\/2025\/03\/Inmobiliaria-Barcelona-PUNTO-HABITAT-120x90.jpg 120w, https:\/\/puntohabitat.es\/wp-content\/uploads\/2025\/03\/Inmobiliaria-Barcelona-PUNTO-HABITAT-496x372.jpg 496w, https:\/\/puntohabitat.es\/wp-content\/uploads\/2025\/03\/Inmobiliaria-Barcelona-PUNTO-HABITAT.jpg 1200w\" sizes=\"(max-width: 1024px) 100vw, 1024px\" \/>\t\t\t\t\t\t\t\t\t\t\t\t\t\t\t<\/div>\n\t\t\t\t<\/div>\n\t\t\t\t\t<\/div>\n\t\t<\/div>\n\t\t\t\t<div class=\"elementor-column elementor-col-50 elementor-top-column elementor-element elementor-element-4c65d845\" data-id=\"4c65d845\" data-element_type=\"column\" data-e-type=\"column\">\n\t\t\t<div class=\"elementor-widget-wrap elementor-element-populated\">\n\t\t\t\t\t\t<div class=\"elementor-element elementor-element-4a52b8dd elementor-widget elementor-widget-text-editor\" data-id=\"4a52b8dd\" data-element_type=\"widget\" data-e-type=\"widget\" data-widget_type=\"text-editor.default\">\n\t\t\t\t<div class=\"elementor-widget-container\">\n\t\t\t\t\t\t\t\t\t<strong>Confian\u00e7a, experi\u00e8ncia i proximitat en el mercat immobiliari de Barcelona.<\/strong><br data-start=\"74\" data-end=\"77\" \/>A PUNTO HABITAT fa m\u00e9s de 30 anys que ajudem propietaris com tu a vendre o llogar el seu habitatge amb seguretat i resultats. T\u2019acompanyem durant tot el proc\u00e9s amb un servei transparent i adaptat a les teves necessitats.\t\t\t\t\t\t\t\t<\/div>\n\t\t\t\t<\/div>\n\t\t\t\t\t<\/div>\n\t\t<\/div>\n\t\t\t\t\t<\/div>\n\t\t<\/section>\n\t\t\t\t<section data-particle_enable=\"false\" data-particle-mobile-disabled=\"false\" class=\"elementor-section elementor-top-section elementor-element elementor-element-7e578db3 elementor-reverse-tablet elementor-reverse-mobile elementor-section-boxed elementor-section-height-default elementor-section-height-default\" data-id=\"7e578db3\" data-element_type=\"section\" data-e-type=\"section\">\n\t\t\t\t\t\t<div class=\"elementor-container elementor-column-gap-default\">\n\t\t\t\t\t<div class=\"elementor-column elementor-col-33 elementor-top-column elementor-element elementor-element-322e2373\" data-id=\"322e2373\" data-element_type=\"column\" data-e-type=\"column\">\n\t\t\t<div class=\"elementor-widget-wrap elementor-element-populated\">\n\t\t\t\t\t\t<div class=\"elementor-element elementor-element-54a2d582 elementor-align-center elementor-widget elementor-widget-button\" data-id=\"54a2d582\" data-element_type=\"widget\" data-e-type=\"widget\" data-widget_type=\"button.default\">\n\t\t\t\t<div class=\"elementor-widget-container\">\n\t\t\t\t\t\t\t\t\t<div class=\"elementor-button-wrapper\">\n\t\t\t\t\t<a class=\"elementor-button elementor-button-link elementor-size-sm elementor-animation-grow\" href=\"https:\/\/puntohabitat.es\/ca\/ca-vendre-pis-barcelona\/\">\n\t\t\t\t\t\t<span class=\"elementor-button-content-wrapper\">\n\t\t\t\t\t\t\t\t\t<span class=\"elementor-button-text\">Vendre pis<\/span>\n\t\t\t\t\t<\/span>\n\t\t\t\t\t<\/a>\n\t\t\t\t<\/div>\n\t\t\t\t\t\t\t\t<\/div>\n\t\t\t\t<\/div>\n\t\t\t\t\t<\/div>\n\t\t<\/div>\n\t\t\t\t<div class=\"elementor-column elementor-col-33 elementor-top-column elementor-element elementor-element-18c91ef0\" data-id=\"18c91ef0\" data-element_type=\"column\" data-e-type=\"column\">\n\t\t\t<div class=\"elementor-widget-wrap elementor-element-populated\">\n\t\t\t\t\t\t<div class=\"elementor-element elementor-element-2749bb49 elementor-align-center elementor-widget elementor-widget-button\" data-id=\"2749bb49\" data-element_type=\"widget\" data-e-type=\"widget\" data-widget_type=\"button.default\">\n\t\t\t\t<div class=\"elementor-widget-container\">\n\t\t\t\t\t\t\t\t\t<div class=\"elementor-button-wrapper\">\n\t\t\t\t\t<a class=\"elementor-button elementor-button-link elementor-size-sm elementor-animation-grow\" href=\"https:\/\/puntohabitat.es\/ca\/llogar-el-teu-pis-a-barcelona\/\">\n\t\t\t\t\t\t<span class=\"elementor-button-content-wrapper\">\n\t\t\t\t\t\t\t\t\t<span class=\"elementor-button-text\">Llogar el meu pis<\/span>\n\t\t\t\t\t<\/span>\n\t\t\t\t\t<\/a>\n\t\t\t\t<\/div>\n\t\t\t\t\t\t\t\t<\/div>\n\t\t\t\t<\/div>\n\t\t\t\t\t<\/div>\n\t\t<\/div>\n\t\t\t\t<div class=\"elementor-column elementor-col-33 elementor-top-column elementor-element elementor-element-9b82590\" data-id=\"9b82590\" data-element_type=\"column\" data-e-type=\"column\">\n\t\t\t<div class=\"elementor-widget-wrap elementor-element-populated\">\n\t\t\t\t\t\t<div class=\"elementor-element elementor-element-5fa0f615 elementor-align-center elementor-widget elementor-widget-button\" data-id=\"5fa0f615\" data-element_type=\"widget\" data-e-type=\"widget\" data-widget_type=\"button.default\">\n\t\t\t\t<div class=\"elementor-widget-container\">\n\t\t\t\t\t\t\t\t\t<div class=\"elementor-button-wrapper\">\n\t\t\t\t\t<a class=\"elementor-button elementor-button-link elementor-size-sm elementor-animation-grow\" href=\"https:\/\/puntohabitat.es\/ca\/gestio-de-lloguer\/\">\n\t\t\t\t\t\t<span class=\"elementor-button-content-wrapper\">\n\t\t\t\t\t\t\t\t\t<span class=\"elementor-button-text\">Gesti\u00f3 de Lloguer<\/span>\n\t\t\t\t\t<\/span>\n\t\t\t\t\t<\/a>\n\t\t\t\t<\/div>\n\t\t\t\t\t\t\t\t<\/div>\n\t\t\t\t<\/div>\n\t\t\t\t\t<\/div>\n\t\t<\/div>\n\t\t\t\t\t<\/div>\n\t\t<\/section>\n\t\t\t\t<section data-particle_enable=\"false\" data-particle-mobile-disabled=\"false\" class=\"elementor-section elementor-top-section elementor-element elementor-element-2f50a46a elementor-section-boxed elementor-section-height-default elementor-section-height-default\" data-id=\"2f50a46a\" data-element_type=\"section\" data-e-type=\"section\">\n\t\t\t\t\t\t<div class=\"elementor-container elementor-column-gap-default\">\n\t\t\t\t\t<div class=\"elementor-column elementor-col-33 elementor-top-column elementor-element elementor-element-2cd62db7\" data-id=\"2cd62db7\" data-element_type=\"column\" data-e-type=\"column\">\n\t\t\t<div class=\"elementor-widget-wrap elementor-element-populated\">\n\t\t\t\t\t\t<div class=\"elementor-element elementor-element-7d36bdac elementor-align-center elementor-widget elementor-widget-button\" data-id=\"7d36bdac\" data-element_type=\"widget\" data-e-type=\"widget\" data-widget_type=\"button.default\">\n\t\t\t\t<div class=\"elementor-widget-container\">\n\t\t\t\t\t\t\t\t\t<div class=\"elementor-button-wrapper\">\n\t\t\t\t\t<a class=\"elementor-button elementor-button-link elementor-size-sm elementor-animation-grow\" href=\"https:\/\/puntohabitat.es\/ca\/pisos-venda-barcelona\/\">\n\t\t\t\t\t\t<span class=\"elementor-button-content-wrapper\">\n\t\t\t\t\t\t\t\t\t<span class=\"elementor-button-text\">Pisos Venda<\/span>\n\t\t\t\t\t<\/span>\n\t\t\t\t\t<\/a>\n\t\t\t\t<\/div>\n\t\t\t\t\t\t\t\t<\/div>\n\t\t\t\t<\/div>\n\t\t\t\t\t<\/div>\n\t\t<\/div>\n\t\t\t\t<div class=\"elementor-column elementor-col-33 elementor-top-column elementor-element elementor-element-364b9c29\" data-id=\"364b9c29\" data-element_type=\"column\" data-e-type=\"column\">\n\t\t\t<div class=\"elementor-widget-wrap elementor-element-populated\">\n\t\t\t\t\t\t<div class=\"elementor-element elementor-element-706a3113 elementor-align-center elementor-widget elementor-widget-button\" data-id=\"706a3113\" data-element_type=\"widget\" data-e-type=\"widget\" data-widget_type=\"button.default\">\n\t\t\t\t<div class=\"elementor-widget-container\">\n\t\t\t\t\t\t\t\t\t<div class=\"elementor-button-wrapper\">\n\t\t\t\t\t<a class=\"elementor-button elementor-button-link elementor-size-sm elementor-animation-grow\" href=\"https:\/\/puntohabitat.es\/ca\/propietats-en-lloguer\/\">\n\t\t\t\t\t\t<span class=\"elementor-button-content-wrapper\">\n\t\t\t\t\t\t\t\t\t<span class=\"elementor-button-text\">Pisos Lloguer<\/span>\n\t\t\t\t\t<\/span>\n\t\t\t\t\t<\/a>\n\t\t\t\t<\/div>\n\t\t\t\t\t\t\t\t<\/div>\n\t\t\t\t<\/div>\n\t\t\t\t\t<\/div>\n\t\t<\/div>\n\t\t\t\t<div class=\"elementor-column elementor-col-33 elementor-top-column elementor-element elementor-element-71a97fc9\" data-id=\"71a97fc9\" data-element_type=\"column\" data-e-type=\"column\">\n\t\t\t<div class=\"elementor-widget-wrap elementor-element-populated\">\n\t\t\t\t\t\t<div class=\"elementor-element elementor-element-57190f85 elementor-align-center elementor-widget elementor-widget-button\" data-id=\"57190f85\" data-element_type=\"widget\" data-e-type=\"widget\" data-widget_type=\"button.default\">\n\t\t\t\t<div class=\"elementor-widget-container\">\n\t\t\t\t\t\t\t\t\t<div class=\"elementor-button-wrapper\">\n\t\t\t\t\t<a class=\"elementor-button elementor-button-link elementor-size-sm elementor-animation-grow\" href=\"https:\/\/puntohabitat.es\/ca\/contacte\/\">\n\t\t\t\t\t\t<span class=\"elementor-button-content-wrapper\">\n\t\t\t\t\t\t\t\t\t<span class=\"elementor-button-text\">Contacte<\/span>\n\t\t\t\t\t<\/span>\n\t\t\t\t\t<\/a>\n\t\t\t\t<\/div>\n\t\t\t\t\t\t\t\t<\/div>\n\t\t\t\t<\/div>\n\t\t\t\t\t<\/div>\n\t\t<\/div>\n\t\t\t\t\t<\/div>\n\t\t<\/section>\n\t\t\t\t<section data-particle_enable=\"false\" data-particle-mobile-disabled=\"false\" class=\"elementor-section elementor-top-section elementor-element elementor-element-57e8977 elementor-section-boxed elementor-section-height-default elementor-section-height-default\" data-id=\"57e8977\" data-element_type=\"section\" data-e-type=\"section\">\n\t\t\t\t\t\t<div class=\"elementor-container elementor-column-gap-default\">\n\t\t\t\t\t<div class=\"elementor-column elementor-col-100 elementor-top-column elementor-element elementor-element-0a0f022\" data-id=\"0a0f022\" data-element_type=\"column\" data-e-type=\"column\">\n\t\t\t<div class=\"elementor-widget-wrap elementor-element-populated\">\n\t\t\t\t\t\t<div class=\"elementor-element elementor-element-a05a192 elementor-widget elementor-widget-html\" data-id=\"a05a192\" data-element_type=\"widget\" data-e-type=\"widget\" data-widget_type=\"html.default\">\n\t\t\t\t<div class=\"elementor-widget-container\">\n\t\t\t\t\t<script type=\"application\/ld+json\">{\"@context\":\"https:\/\/schema.org\",\"@graph\":[{\"@type\":\"RealEstateAgent\",\"@id\":\"https:\/\/puntohabitat.es\/#puntohabitat\",\"name\":\"PUNTO HABITAT\",\"url\":\"https:\/\/puntohabitat.es\/\",\"logo\":{\"@type\":\"ImageObject\",\"url\":\"https:\/\/puntohabitat.es\/wp-content\/uploads\/2023\/12\/logo-ph-oscuro.svg\"},\"inLanguage\":\"ca\"},{\"@type\":\"BlogPosting\",\"headline\":\"Com actualitzar la renda del lloguer el 2025 segons el teu contracte\",\"description\":\"Guia clara i actualitzada per saber si et correspon augmentar el lloguer el 2025, quin \u00edndex aplicar (IRAV o IPC\/IGC) i com fer-ho correctament.\",\"author\":{\"@type\":\"RealEstateAgent\",\"name\":\"PUNTO HABITAT\",\"url\":\"https:\/\/puntohabitat.es\/#puntohabitat\"},\"publisher\":{\"@id\":\"https:\/\/puntohabitat.es\/#puntohabitat\"},\"datePublished\":\"2025-08-01\",\"dateModified\":\"2025-08-01\",\"inLanguage\":\"ca\",\"mainEntityOfPage\":{\"@type\":\"WebPage\",\"@id\":\"https:\/\/puntohabitat.es\/ca\/blog\/actualitzacio-renda-lloguer-2025\/\",\"alternateLanguage\":{\"@type\":\"WebPage\",\"@id\":\"https:\/\/puntohabitat.es\/blog\/actualizacion-renta-alquiler-2025\/\"}}},{\"@type\":\"HowTo\",\"name\":\"Com utilitzar la calculadora oficial per actualitzar la renda\",\"description\":\"Segueix aquests passos per calcular correctament la pujada m\u00e0xima segons el teu contracte (IPC\/IGC o IRAV) el 2025.\",\"step\":[{\"@type\":\"HowToStep\",\"name\":\"Determina la data del teu contracte\",\"text\":\"Comprova si vas signar abans o despr\u00e9s del 26 de maig de 2023.\"},{\"@type\":\"HowToStep\",\"name\":\"Accedeix a la calculadora oficial\",\"text\":\"Visita l\u2019eina del Ministeri de Vivienda a mivau.gob.es\/calculadora\u2011precio\u2011alquiler.\"},{\"@type\":\"HowToStep\",\"name\":\"Indica el tipus de contracte\",\"text\":\"Selecciona si el teu contracte \u00e9s anterior o posterior a aquesta data.\"},{\"@type\":\"HowToStep\",\"name\":\"Introdueix la teva renda mensual\",\"text\":\"Escriu l\u2019import actual que pagues de lloguer.\"},{\"@type\":\"HowToStep\",\"name\":\"Calcula el percentatge\",\"text\":\"Obtindr\u00e0s el percentatge aplicable (IPC\/IGC o IRAV) i la nova renda mensual.\"}]},{\"@type\":\"FAQPage\",\"inLanguage\":\"ca\",\"mainEntity\":[{\"@type\":\"Question\",\"name\":\"Es pot apujar el lloguer si el propietari avisa tard de la revisi\u00f3 anual?\",\"acceptedAnswer\":{\"@type\":\"Answer\",\"text\":\"S\u00ed: si l\u2019av\u00eds es realitza amb retard, la renda es pot actualitzar des del mes seg\u00fcent a la notificaci\u00f3 escrita, sense retroactivitat als mesos ja ven\u00e7uts.\"}},{\"@type\":\"Question\",\"name\":\"Es pot reclamar una pujada acumulada si no s\u2019ha actualitzat durant anys?\",\"acceptedAnswer\":{\"@type\":\"Answer\",\"text\":\"S\u00ed: el propietari pot aplicar la pujada acumulada corresponent (fins a cinc anys), per\u00f2 nom\u00e9s des del moment de la notificaci\u00f3, sense reclamar mesos anteriors.\"}},{\"@type\":\"Question\",\"name\":\"\u00c9s obligatori incloure una cl\u00e0usula d\u2019actualitzaci\u00f3 al contracte?\",\"acceptedAnswer\":{\"@type\":\"Answer\",\"text\":\"S\u00ed: sense una cl\u00e0usula v\u00e0lida, no es pot aplicar cap \u00edndex de pujada.\"}},{\"@type\":\"Question\",\"name\":\"Quin \u00edndex s\u2019aplica: IPC, IGC o IRAV?\",\"acceptedAnswer\":{\"@type\":\"Answer\",\"text\":\"Dep\u00e8n de la data de firma: si el contracte \u00e9s anterior al 26\/05\/2023 s\u2019aplica IPC o IGC; si \u00e9s posterior, IRAV (si est\u00e0 pactat).\"}},{\"@type\":\"Question\",\"name\":\"Quin termini legal hi ha per notificar la pujada del lloguer?\",\"acceptedAnswer\":{\"@type\":\"Answer\",\"text\":\"El m\u00e9s habitual \u00e9s notificar amb almenys 30 dies d\u2019antelaci\u00f3 a l\u2019entrada en vigor de la nova renda.\"}},{\"@type\":\"Question\",\"name\":\"Quantes vegades es pot pujar la renda durant el mateix contracte?\",\"acceptedAnswer\":{\"@type\":\"Answer\",\"text\":\"Nom\u00e9s una vegada a l\u2019any, coincidint amb la data de renovaci\u00f3 anual del contracte.\"}},{\"@type\":\"Question\",\"name\":\"On es consulten els \u00edndexs oficials com l\u2019IRAV?\",\"acceptedAnswer\":{\"@type\":\"Answer\",\"text\":\"A la web del Ministeri de Vivienda: www.mivau.gob.es\"}},{\"@type\":\"Question\",\"name\":\"L\u2019IRAV inclou pujades per zones tensionades o restriccions addicionals?\",\"acceptedAnswer\":{\"@type\":\"Answer\",\"text\":\"No: l\u2019IRAV \u00e9s un \u00edndex general. Les zones tensionades poden tenir altres limitacions legals addicionals.\"}}]}]}<\/script><br>\t\t\t\t<\/div>\n\t\t\t\t<\/div>\n\t\t\t\t\t<\/div>\n\t\t<\/div>\n\t\t\t\t\t<\/div>\n\t\t<\/section>\n\t\t\t\t<\/div>\n\t\t","protected":false},"excerpt":{"rendered":"<p>Com saber quant pujar\u00e0 el teu lloguer aquest any? Sabies<\/p>\n","protected":false},"author":2,"featured_media":89525,"comment_status":"closed","ping_status":"closed","sticky":false,"template":"","format":"standard","meta":{"footnotes":""},"categories":[176],"tags":[178,177],"class_list":["post-89553","post","type-post","status-publish","format-standard","has-post-thumbnail","hentry","category-lloguer","tag-immobiliaria-lloguer-barcelona","tag-lloguer-barcelona"],"yoast_head":"<!-- This site is optimized with the Yoast SEO plugin v27.5 - https:\/\/yoast.com\/product\/yoast-seo-wordpress\/ -->\n<title>Com actualitzar la renda del lloguer el 2025 | PUNTO HABITAT<\/title>\n<meta name=\"description\" content=\"Com s\u2019ha d\u2019actualitzar la renda del lloguer el 2025? Tant si ets propietari com si ets llogater, aqu\u00ed t\u2019expliquem com fer-ho pas a pas.\" \/>\n<meta name=\"robots\" content=\"index, follow, max-snippet:-1, max-image-preview:large, max-video-preview:-1\" \/>\n<link rel=\"canonical\" href=\"https:\/\/puntohabitat.es\/ca\/com-actualitzar-la-renda-del-lloguer-el-2025\/\" \/>\n<meta property=\"og:locale\" content=\"ca_ES\" \/>\n<meta property=\"og:type\" content=\"article\" \/>\n<meta property=\"og:title\" content=\"Com actualitzar la renda del lloguer el 2025 | PUNTO HABITAT\" \/>\n<meta property=\"og:description\" content=\"Com s\u2019ha d\u2019actualitzar la renda del lloguer el 2025? Tant si ets propietari com si ets llogater, aqu\u00ed t\u2019expliquem com fer-ho pas a pas.\" \/>\n<meta property=\"og:url\" content=\"https:\/\/puntohabitat.es\/ca\/com-actualitzar-la-renda-del-lloguer-el-2025\/\" \/>\n<meta property=\"og:site_name\" content=\"PUNTO HABITAT\" \/>\n<meta property=\"article:publisher\" content=\"https:\/\/www.facebook.com\/puntohabitat\" \/>\n<meta property=\"article:author\" content=\"https:\/\/www.facebook.com\/puntohabitat\/\" \/>\n<meta property=\"article:published_time\" content=\"2025-08-01T18:35:54+00:00\" \/>\n<meta property=\"article:modified_time\" content=\"2025-08-07T16:15:37+00:00\" \/>\n<meta property=\"og:image\" content=\"https:\/\/puntohabitat.es\/wp-content\/uploads\/2025\/08\/AdobeStock_325588734.webp\" \/>\n\t<meta property=\"og:image:width\" content=\"1200\" \/>\n\t<meta property=\"og:image:height\" content=\"800\" \/>\n\t<meta property=\"og:image:type\" content=\"image\/webp\" \/>\n<meta name=\"author\" content=\"PUNTO HABITAT\" \/>\n<meta name=\"twitter:card\" content=\"summary_large_image\" \/>\n<meta name=\"twitter:creator\" content=\"@https:\/\/twitter.com\/puntohabitat\" \/>\n<meta name=\"twitter:site\" content=\"@puntohabitat\" \/>\n<meta name=\"twitter:label1\" content=\"Escrit per\" \/>\n\t<meta name=\"twitter:data1\" content=\"PUNTO HABITAT\" \/>\n\t<meta name=\"twitter:label2\" content=\"Temps estimat de lectura\" \/>\n\t<meta name=\"twitter:data2\" content=\"3 minuts\" \/>\n<script type=\"application\/ld+json\" class=\"yoast-schema-graph\">{\"@context\":\"https:\\\/\\\/schema.org\",\"@graph\":[{\"@type\":\"Article\",\"@id\":\"https:\\\/\\\/puntohabitat.es\\\/ca\\\/com-actualitzar-la-renda-del-lloguer-el-2025\\\/#article\",\"isPartOf\":{\"@id\":\"https:\\\/\\\/puntohabitat.es\\\/ca\\\/com-actualitzar-la-renda-del-lloguer-el-2025\\\/\"},\"author\":{\"name\":\"PUNTO HABITAT\",\"@id\":\"https:\\\/\\\/puntohabitat.es\\\/ca\\\/#\\\/schema\\\/person\\\/940c5335a3c27822cf280cc5edbe208f\"},\"headline\":\"Com actualitzar la renda del lloguer el 2025\",\"datePublished\":\"2025-08-01T18:35:54+00:00\",\"dateModified\":\"2025-08-07T16:15:37+00:00\",\"mainEntityOfPage\":{\"@id\":\"https:\\\/\\\/puntohabitat.es\\\/ca\\\/com-actualitzar-la-renda-del-lloguer-el-2025\\\/\"},\"wordCount\":700,\"publisher\":{\"@id\":\"https:\\\/\\\/puntohabitat.es\\\/ca\\\/#organization\"},\"image\":{\"@id\":\"https:\\\/\\\/puntohabitat.es\\\/ca\\\/com-actualitzar-la-renda-del-lloguer-el-2025\\\/#primaryimage\"},\"thumbnailUrl\":\"https:\\\/\\\/puntohabitat.es\\\/wp-content\\\/uploads\\\/2025\\\/08\\\/AdobeStock_325588734.webp\",\"keywords\":[\"immobili\u00e0ria lloguer Barcelona\",\"lloguer Barcelona\"],\"articleSection\":[\"Lloguer\"],\"inLanguage\":\"ca\"},{\"@type\":\"WebPage\",\"@id\":\"https:\\\/\\\/puntohabitat.es\\\/ca\\\/com-actualitzar-la-renda-del-lloguer-el-2025\\\/\",\"url\":\"https:\\\/\\\/puntohabitat.es\\\/ca\\\/com-actualitzar-la-renda-del-lloguer-el-2025\\\/\",\"name\":\"Com actualitzar la renda del lloguer el 2025 | PUNTO HABITAT\",\"isPartOf\":{\"@id\":\"https:\\\/\\\/puntohabitat.es\\\/ca\\\/#website\"},\"primaryImageOfPage\":{\"@id\":\"https:\\\/\\\/puntohabitat.es\\\/ca\\\/com-actualitzar-la-renda-del-lloguer-el-2025\\\/#primaryimage\"},\"image\":{\"@id\":\"https:\\\/\\\/puntohabitat.es\\\/ca\\\/com-actualitzar-la-renda-del-lloguer-el-2025\\\/#primaryimage\"},\"thumbnailUrl\":\"https:\\\/\\\/puntohabitat.es\\\/wp-content\\\/uploads\\\/2025\\\/08\\\/AdobeStock_325588734.webp\",\"datePublished\":\"2025-08-01T18:35:54+00:00\",\"dateModified\":\"2025-08-07T16:15:37+00:00\",\"description\":\"Com s\u2019ha d\u2019actualitzar la renda del lloguer el 2025? Tant si ets propietari com si ets llogater, aqu\u00ed t\u2019expliquem com fer-ho pas a pas.\",\"breadcrumb\":{\"@id\":\"https:\\\/\\\/puntohabitat.es\\\/ca\\\/com-actualitzar-la-renda-del-lloguer-el-2025\\\/#breadcrumb\"},\"inLanguage\":\"ca\",\"potentialAction\":[{\"@type\":\"ReadAction\",\"target\":[\"https:\\\/\\\/puntohabitat.es\\\/ca\\\/com-actualitzar-la-renda-del-lloguer-el-2025\\\/\"]}]},{\"@type\":\"ImageObject\",\"inLanguage\":\"ca\",\"@id\":\"https:\\\/\\\/puntohabitat.es\\\/ca\\\/com-actualitzar-la-renda-del-lloguer-el-2025\\\/#primaryimage\",\"url\":\"https:\\\/\\\/puntohabitat.es\\\/wp-content\\\/uploads\\\/2025\\\/08\\\/AdobeStock_325588734.webp\",\"contentUrl\":\"https:\\\/\\\/puntohabitat.es\\\/wp-content\\\/uploads\\\/2025\\\/08\\\/AdobeStock_325588734.webp\",\"width\":1200,\"height\":800},{\"@type\":\"BreadcrumbList\",\"@id\":\"https:\\\/\\\/puntohabitat.es\\\/ca\\\/com-actualitzar-la-renda-del-lloguer-el-2025\\\/#breadcrumb\",\"itemListElement\":[{\"@type\":\"ListItem\",\"position\":1,\"name\":\"Inicio\",\"item\":\"https:\\\/\\\/puntohabitat.es\\\/ca\\\/\"},{\"@type\":\"ListItem\",\"position\":2,\"name\":\"Com actualitzar la renda del lloguer el 2025\"}]},{\"@type\":\"WebSite\",\"@id\":\"https:\\\/\\\/puntohabitat.es\\\/ca\\\/#website\",\"url\":\"https:\\\/\\\/puntohabitat.es\\\/ca\\\/\",\"name\":\"PUNTO HABITAT\",\"description\":\"Inmobiliaria Barcelona | Venta y alquiler de pisos Barcelona | Gesti\u00f3n de alquiler\",\"publisher\":{\"@id\":\"https:\\\/\\\/puntohabitat.es\\\/ca\\\/#organization\"},\"potentialAction\":[{\"@type\":\"SearchAction\",\"target\":{\"@type\":\"EntryPoint\",\"urlTemplate\":\"https:\\\/\\\/puntohabitat.es\\\/ca\\\/?s={search_term_string}\"},\"query-input\":{\"@type\":\"PropertyValueSpecification\",\"valueRequired\":true,\"valueName\":\"search_term_string\"}}],\"inLanguage\":\"ca\"},{\"@type\":\"Organization\",\"@id\":\"https:\\\/\\\/puntohabitat.es\\\/ca\\\/#organization\",\"name\":\"PUNTO HABITAT\",\"url\":\"https:\\\/\\\/puntohabitat.es\\\/ca\\\/\",\"logo\":{\"@type\":\"ImageObject\",\"inLanguage\":\"ca\",\"@id\":\"https:\\\/\\\/puntohabitat.es\\\/ca\\\/#\\\/schema\\\/logo\\\/image\\\/\",\"url\":\"https:\\\/\\\/puntohabitat.es\\\/wp-content\\\/uploads\\\/2022\\\/06\\\/icono-apple-ipad-retina.jpg\",\"contentUrl\":\"https:\\\/\\\/puntohabitat.es\\\/wp-content\\\/uploads\\\/2022\\\/06\\\/icono-apple-ipad-retina.jpg\",\"width\":145,\"height\":145,\"caption\":\"PUNTO HABITAT\"},\"image\":{\"@id\":\"https:\\\/\\\/puntohabitat.es\\\/ca\\\/#\\\/schema\\\/logo\\\/image\\\/\"},\"sameAs\":[\"https:\\\/\\\/www.facebook.com\\\/puntohabitat\",\"https:\\\/\\\/x.com\\\/puntohabitat\",\"https:\\\/\\\/www.instagram.com\\\/puntohabitat\\\/\",\"https:\\\/\\\/www.linkedin.com\\\/in\\\/puntohabitat\\\/\",\"https:\\\/\\\/www.youtube.com\\\/c\\\/puntohabitatinmobiliariaBarcelona\",\"https:\\\/\\\/www.tiktok.com\\\/@puntohabitat\"]},{\"@type\":\"Person\",\"@id\":\"https:\\\/\\\/puntohabitat.es\\\/ca\\\/#\\\/schema\\\/person\\\/940c5335a3c27822cf280cc5edbe208f\",\"name\":\"PUNTO HABITAT\",\"description\":\"PUNTO HABITAT | Inmobiliaria Barcelona | 1995 Servicio personalizado en la gesti\u00f3n de venta y alquiler de inmuebles.\",\"sameAs\":[\"https:\\\/\\\/puntohabitat.es\",\"https:\\\/\\\/www.facebook.com\\\/puntohabitat\\\/\",\"https:\\\/\\\/www.instagram.com\\\/puntohabitat\\\/\",\"https:\\\/\\\/es.linkedin.com\\\/in\\\/puntohabitat\",\"https:\\\/\\\/www.pinterest.es\\\/puntohabitat\\\/\",\"https:\\\/\\\/x.com\\\/https:\\\/\\\/twitter.com\\\/puntohabitat\",\"https:\\\/\\\/www.youtube.com\\\/c\\\/puntohabitatinmobiliariaBarcelona\"]}]}<\/script>\n<!-- \/ Yoast SEO plugin. -->","yoast_head_json":{"title":"Com actualitzar la renda del lloguer el 2025 | PUNTO HABITAT","description":"Com s\u2019ha d\u2019actualitzar la renda del lloguer el 2025? Tant si ets propietari com si ets llogater, aqu\u00ed t\u2019expliquem com fer-ho pas a pas.","robots":{"index":"index","follow":"follow","max-snippet":"max-snippet:-1","max-image-preview":"max-image-preview:large","max-video-preview":"max-video-preview:-1"},"canonical":"https:\/\/puntohabitat.es\/ca\/com-actualitzar-la-renda-del-lloguer-el-2025\/","og_locale":"ca_ES","og_type":"article","og_title":"Com actualitzar la renda del lloguer el 2025 | PUNTO HABITAT","og_description":"Com s\u2019ha d\u2019actualitzar la renda del lloguer el 2025? Tant si ets propietari com si ets llogater, aqu\u00ed t\u2019expliquem com fer-ho pas a pas.","og_url":"https:\/\/puntohabitat.es\/ca\/com-actualitzar-la-renda-del-lloguer-el-2025\/","og_site_name":"PUNTO HABITAT","article_publisher":"https:\/\/www.facebook.com\/puntohabitat","article_author":"https:\/\/www.facebook.com\/puntohabitat\/","article_published_time":"2025-08-01T18:35:54+00:00","article_modified_time":"2025-08-07T16:15:37+00:00","og_image":[{"width":1200,"height":800,"url":"https:\/\/puntohabitat.es\/wp-content\/uploads\/2025\/08\/AdobeStock_325588734.webp","type":"image\/webp"}],"author":"PUNTO HABITAT","twitter_card":"summary_large_image","twitter_creator":"@https:\/\/twitter.com\/puntohabitat","twitter_site":"@puntohabitat","twitter_misc":{"Escrit per":"PUNTO HABITAT","Temps estimat de lectura":"3 minuts"},"schema":{"@context":"https:\/\/schema.org","@graph":[{"@type":"Article","@id":"https:\/\/puntohabitat.es\/ca\/com-actualitzar-la-renda-del-lloguer-el-2025\/#article","isPartOf":{"@id":"https:\/\/puntohabitat.es\/ca\/com-actualitzar-la-renda-del-lloguer-el-2025\/"},"author":{"name":"PUNTO HABITAT","@id":"https:\/\/puntohabitat.es\/ca\/#\/schema\/person\/940c5335a3c27822cf280cc5edbe208f"},"headline":"Com actualitzar la renda del lloguer el 2025","datePublished":"2025-08-01T18:35:54+00:00","dateModified":"2025-08-07T16:15:37+00:00","mainEntityOfPage":{"@id":"https:\/\/puntohabitat.es\/ca\/com-actualitzar-la-renda-del-lloguer-el-2025\/"},"wordCount":700,"publisher":{"@id":"https:\/\/puntohabitat.es\/ca\/#organization"},"image":{"@id":"https:\/\/puntohabitat.es\/ca\/com-actualitzar-la-renda-del-lloguer-el-2025\/#primaryimage"},"thumbnailUrl":"https:\/\/puntohabitat.es\/wp-content\/uploads\/2025\/08\/AdobeStock_325588734.webp","keywords":["immobili\u00e0ria lloguer Barcelona","lloguer Barcelona"],"articleSection":["Lloguer"],"inLanguage":"ca"},{"@type":"WebPage","@id":"https:\/\/puntohabitat.es\/ca\/com-actualitzar-la-renda-del-lloguer-el-2025\/","url":"https:\/\/puntohabitat.es\/ca\/com-actualitzar-la-renda-del-lloguer-el-2025\/","name":"Com actualitzar la renda del lloguer el 2025 | PUNTO HABITAT","isPartOf":{"@id":"https:\/\/puntohabitat.es\/ca\/#website"},"primaryImageOfPage":{"@id":"https:\/\/puntohabitat.es\/ca\/com-actualitzar-la-renda-del-lloguer-el-2025\/#primaryimage"},"image":{"@id":"https:\/\/puntohabitat.es\/ca\/com-actualitzar-la-renda-del-lloguer-el-2025\/#primaryimage"},"thumbnailUrl":"https:\/\/puntohabitat.es\/wp-content\/uploads\/2025\/08\/AdobeStock_325588734.webp","datePublished":"2025-08-01T18:35:54+00:00","dateModified":"2025-08-07T16:15:37+00:00","description":"Com s\u2019ha d\u2019actualitzar la renda del lloguer el 2025? Tant si ets propietari com si ets llogater, aqu\u00ed t\u2019expliquem com fer-ho pas a pas.","breadcrumb":{"@id":"https:\/\/puntohabitat.es\/ca\/com-actualitzar-la-renda-del-lloguer-el-2025\/#breadcrumb"},"inLanguage":"ca","potentialAction":[{"@type":"ReadAction","target":["https:\/\/puntohabitat.es\/ca\/com-actualitzar-la-renda-del-lloguer-el-2025\/"]}]},{"@type":"ImageObject","inLanguage":"ca","@id":"https:\/\/puntohabitat.es\/ca\/com-actualitzar-la-renda-del-lloguer-el-2025\/#primaryimage","url":"https:\/\/puntohabitat.es\/wp-content\/uploads\/2025\/08\/AdobeStock_325588734.webp","contentUrl":"https:\/\/puntohabitat.es\/wp-content\/uploads\/2025\/08\/AdobeStock_325588734.webp","width":1200,"height":800},{"@type":"BreadcrumbList","@id":"https:\/\/puntohabitat.es\/ca\/com-actualitzar-la-renda-del-lloguer-el-2025\/#breadcrumb","itemListElement":[{"@type":"ListItem","position":1,"name":"Inicio","item":"https:\/\/puntohabitat.es\/ca\/"},{"@type":"ListItem","position":2,"name":"Com actualitzar la renda del lloguer el 2025"}]},{"@type":"WebSite","@id":"https:\/\/puntohabitat.es\/ca\/#website","url":"https:\/\/puntohabitat.es\/ca\/","name":"PUNTO HABITAT","description":"Inmobiliaria Barcelona | Venta y alquiler de pisos Barcelona | Gesti\u00f3n de alquiler","publisher":{"@id":"https:\/\/puntohabitat.es\/ca\/#organization"},"potentialAction":[{"@type":"SearchAction","target":{"@type":"EntryPoint","urlTemplate":"https:\/\/puntohabitat.es\/ca\/?s={search_term_string}"},"query-input":{"@type":"PropertyValueSpecification","valueRequired":true,"valueName":"search_term_string"}}],"inLanguage":"ca"},{"@type":"Organization","@id":"https:\/\/puntohabitat.es\/ca\/#organization","name":"PUNTO HABITAT","url":"https:\/\/puntohabitat.es\/ca\/","logo":{"@type":"ImageObject","inLanguage":"ca","@id":"https:\/\/puntohabitat.es\/ca\/#\/schema\/logo\/image\/","url":"https:\/\/puntohabitat.es\/wp-content\/uploads\/2022\/06\/icono-apple-ipad-retina.jpg","contentUrl":"https:\/\/puntohabitat.es\/wp-content\/uploads\/2022\/06\/icono-apple-ipad-retina.jpg","width":145,"height":145,"caption":"PUNTO HABITAT"},"image":{"@id":"https:\/\/puntohabitat.es\/ca\/#\/schema\/logo\/image\/"},"sameAs":["https:\/\/www.facebook.com\/puntohabitat","https:\/\/x.com\/puntohabitat","https:\/\/www.instagram.com\/puntohabitat\/","https:\/\/www.linkedin.com\/in\/puntohabitat\/","https:\/\/www.youtube.com\/c\/puntohabitatinmobiliariaBarcelona","https:\/\/www.tiktok.com\/@puntohabitat"]},{"@type":"Person","@id":"https:\/\/puntohabitat.es\/ca\/#\/schema\/person\/940c5335a3c27822cf280cc5edbe208f","name":"PUNTO HABITAT","description":"PUNTO HABITAT | Inmobiliaria Barcelona | 1995 Servicio personalizado en la gesti\u00f3n de venta y alquiler de inmuebles.","sameAs":["https:\/\/puntohabitat.es","https:\/\/www.facebook.com\/puntohabitat\/","https:\/\/www.instagram.com\/puntohabitat\/","https:\/\/es.linkedin.com\/in\/puntohabitat","https:\/\/www.pinterest.es\/puntohabitat\/","https:\/\/x.com\/https:\/\/twitter.com\/puntohabitat","https:\/\/www.youtube.com\/c\/puntohabitatinmobiliariaBarcelona"]}]}},"_links":{"self":[{"href":"https:\/\/puntohabitat.es\/ca\/wp-json\/wp\/v2\/posts\/89553","targetHints":{"allow":["GET"]}}],"collection":[{"href":"https:\/\/puntohabitat.es\/ca\/wp-json\/wp\/v2\/posts"}],"about":[{"href":"https:\/\/puntohabitat.es\/ca\/wp-json\/wp\/v2\/types\/post"}],"author":[{"embeddable":true,"href":"https:\/\/puntohabitat.es\/ca\/wp-json\/wp\/v2\/users\/2"}],"replies":[{"embeddable":true,"href":"https:\/\/puntohabitat.es\/ca\/wp-json\/wp\/v2\/comments?post=89553"}],"version-history":[{"count":0,"href":"https:\/\/puntohabitat.es\/ca\/wp-json\/wp\/v2\/posts\/89553\/revisions"}],"wp:featuredmedia":[{"embeddable":true,"href":"https:\/\/puntohabitat.es\/ca\/wp-json\/wp\/v2\/media\/89525"}],"wp:attachment":[{"href":"https:\/\/puntohabitat.es\/ca\/wp-json\/wp\/v2\/media?parent=89553"}],"wp:term":[{"taxonomy":"category","embeddable":true,"href":"https:\/\/puntohabitat.es\/ca\/wp-json\/wp\/v2\/categories?post=89553"},{"taxonomy":"post_tag","embeddable":true,"href":"https:\/\/puntohabitat.es\/ca\/wp-json\/wp\/v2\/tags?post=89553"}],"curies":[{"name":"wp","href":"https:\/\/api.w.org\/{rel}","templated":true}]}}